{"id":18011,"date":"2014-12-15T12:42:20","date_gmt":"2014-12-15T11:42:20","guid":{"rendered":"http:\/\/blog.zeit.de\/stoerungsmelder\/?p=18011"},"modified":"2015-10-29T13:40:11","modified_gmt":"2015-10-29T12:40:11","slug":"nach-brandanschlag-in-vorra-grosse-demonstration-gegen-rassismus","status":"publish","type":"post","link":"https:\/\/blog.zeit.de\/stoerungsmelder\/2014\/12\/15\/nach-brandanschlag-in-vorra-grosse-demonstration-gegen-rassismus_18011","title":{"rendered":"Nach Brandanschlag in Vorra: Gro\u00dfe Demonstration gegen Rassismus"},"content":{"rendered":"<p><figure id=\"attachment_18012\" aria-describedby=\"caption-attachment-18012\" style=\"width: 540px\" class=\"wp-caption aligncenter\"><a href=\"https:\/\/blog.zeit.de\/stoerungsmelder\/files\/2014\/12\/header_vorra.jpg\"><img loading=\"lazy\" decoding=\"async\" class=\"wp-image-18012 size-full\" src=\"https:\/\/blog.zeit.de\/stoerungsmelder\/files\/2014\/12\/header_vorra.jpg\" alt=\"Nach dem Brandanschlag demonstrierten rund tausend Menschen gegen Rassismus | Foto: M\u00fcller\" width=\"540\" height=\"320\" srcset=\"https:\/\/blog.zeit.de\/stoerungsmelder\/files\/2014\/12\/header_vorra.jpg 540w, https:\/\/blog.zeit.de\/stoerungsmelder\/files\/2014\/12\/header_vorra-300x177.jpg 300w\" sizes=\"auto, (max-width: 540px) 100vw, 540px\" \/><\/a><figcaption id=\"caption-attachment-18012\" class=\"wp-caption-text\">Nach dem Brandanschlag demonstrierten rund tausend Menschen gegen Rassismus\u00a0\u00a9 Jonas Miller<\/figcaption><\/figure><\/p>\n<p>Nach den Brandanschl\u00e4gen auf geplante Fl\u00fcchtlingsunterk\u00fcnfte in Vorra gingen am Samstagabend \u00fcber tausend Menschen gegen Rassismus auf die Stra\u00dfe. Am Sonntag bildeten hunderte Einwohner eine Menschenkette um eines der angegriffenen Geb\u00e4ude. Die Polizei hat derweil eine Sonderkommission gebildet und bittet um Mithilfe.<!--more--><\/p>\n<p>Nach den Brandanschl\u00e4gen auf geplante Fl\u00fcchtlingsunterk\u00fcnfte in Vorra (N\u00fcrnberger Land) haben \u00fcber tausend Menschen am Samstagabend gegen Rassismus und f\u00fcr Solidarit\u00e4t mit Fl\u00fcchtlingen demonstriert. Mit Parolen wie \u201eFl\u00fcchtlinge bleiben \u2013 Nazis vertreiben\u201c, Transparenten und selbstgebastelten Schildern zogen die Demonstranten vom Bahnhof zu einem der drei angez\u00fcndeten H\u00e4user und hielten dort eine Schweigeminute f\u00fcr die Opfer rechter Gewalt ab.<\/p>\n<p>Die Aktion wurde vom \u201eAntifaschistischen Aktionsb\u00fcndnis N\u00fcrnberg\u201c (AAB) und der Initiative \u201eSchweigen durchbrechen\u201c organisiert. In Ihren Reden verurteilten die Organisatoren die Brandanschl\u00e4ge und kritisierten auch die Rolle der Politik: \u201e\u00c4hnlich wie bereits Anfang der 90er Jahre findet eine Hetze der etablierten Parteien statt, in denen Worte wie \u201aSozialtourismus\u2018 oder \u201aAsylflut\u2018 die Schlagzeilen dominieren\u201c.<\/p>\n<p>\u201eEs ist entsetzlich, was hier passiert ist\u201c, kommentierte eine Anwohnerin die rassistischen Anschl\u00e4ge und w\u00fcnscht sich einen schnellen Ermittlungserfolg der Polizei. Die Stimmung in der 1700 Einwohner Gemeinde ist bedr\u00fcckend. Alle sind sich einig, dass das Geschehene in keinster Weise die Gemeinde von Vorra widerspiegelt. Einwohner haben deswegen ein Plakatst\u00e4nder aufgestellt, auf dem \u201eDas was hier passiert ist, das sind nicht wir\u201c steht.<\/p>\n<p>Am Sonntagvormittag folgten zahlreiche Menschen dem Aufruf der Kirchen und nahmen an einem Solidarit\u00e4tsgottesdienst teil. Im Anschluss wurde in einem symbolischen Akt eine Menschenkette um eines der angez\u00fcndeten H\u00e4user gebildet. Die Polizei hat w\u00e4hrenddessen die Sonderkommission \u201eVorra\u201c von 20 auf 30 Beamte aufgestockt. F\u00fcr Hinweise ist eine Belohnung von 5000 Euro ausgesetzt. Zeugen werden gebeten, sich unter der Telefonnummer<a href=\"https:\/\/www.polizei.bayern.de\/news\/presse\/aktuell\/index.html\/212417\" target=\"_blank\"> 0800 7766320<\/a> zu melden.<\/p>\n<p>Die Neonazipartei &#8222;<a href=\"http:\/\/www.br.de\/nachrichten\/mittelfranken\/dritter-weg-neonazis-100.html\" target=\"_blank\">Der dritte Weg<\/a>&#8222;, deren <a href=\"http:\/\/aida-archiv.de\/index.php?option=com_content&amp;view=article&amp;id=4382:der-qdritte-wegq-als-ausweg&amp;catid=46:parteien&amp;Itemid=152\" target=\"_blank\">Hauptakteure aus dem verbotenen Freien Netz S\u00fc<\/a>d stammen, ver\u00f6ffentlichte unterdessen einen Bericht, indem es hei\u00dft: &#8222;Nicht wenige in der fr\u00e4nkischen Schweiz sehen (..) in dem Feuerspektakel so auch ein vorzeitiges Weihnachtsgeschenk&#8220;. Die Polizei geht von einem rechtsextremen Hintergrund aus und &#8222;ermittelt in alle Richtungen&#8220;, wie Polizeisprecher Rainer Seebauer im Gespr\u00e4ch mit ZEIT ONLINE angibt.<\/p>\n<p>&nbsp;<\/p>\n<p><em>Alle Fotos: <span class=\"st\">\u00a9<\/span> Jonas Miller<br \/>\n<\/em><\/p>\n<p>&nbsp;<\/p>\n<p><div id='gallery-1' class='gallery galleryid-18011 gallery-columns-3 gallery-size-thumbnail'><figure class='gallery-item'>\n\t\t\t<div class='gallery-icon landscape'>\n\t\t\t\t<a href='https:\/\/blog.zeit.de\/stoerungsmelder\/2014\/12\/15\/nach-brandanschlag-in-vorra-grosse-demonstration-gegen-rassismus_18011\/klein_1'><img loading=\"lazy\" decoding=\"async\" width=\"150\" height=\"150\" src=\"https:\/\/blog.zeit.de\/stoerungsmelder\/files\/2014\/12\/klein_1-150x150.jpg\" class=\"attachment-thumbnail size-thumbnail\" alt=\"\" aria-describedby=\"gallery-1-18013\" \/><\/a>\n\t\t\t<\/div>\n\t\t\t\t<figcaption class='wp-caption-text gallery-caption' id='gallery-1-18013'>\n\t\t\t\tDemonstration durch Vorra\n\t\t\t\t<\/figcaption><\/figure><figure class='gallery-item'>\n\t\t\t<div class='gallery-icon landscape'>\n\t\t\t\t<a href='https:\/\/blog.zeit.de\/stoerungsmelder\/2014\/12\/15\/nach-brandanschlag-in-vorra-grosse-demonstration-gegen-rassismus_18011\/klein_2'><img loading=\"lazy\" decoding=\"async\" width=\"150\" height=\"150\" src=\"https:\/\/blog.zeit.de\/stoerungsmelder\/files\/2014\/12\/klein_2-150x150.jpg\" class=\"attachment-thumbnail size-thumbnail\" alt=\"\" aria-describedby=\"gallery-1-18014\" \/><\/a>\n\t\t\t<\/div>\n\t\t\t\t<figcaption class='wp-caption-text gallery-caption' id='gallery-1-18014'>\n\t\t\t\tDemonstration durch Vorra\n\t\t\t\t<\/figcaption><\/figure><figure class='gallery-item'>\n\t\t\t<div class='gallery-icon landscape'>\n\t\t\t\t<a href='https:\/\/blog.zeit.de\/stoerungsmelder\/2014\/12\/15\/nach-brandanschlag-in-vorra-grosse-demonstration-gegen-rassismus_18011\/klein_3'><img loading=\"lazy\" decoding=\"async\" width=\"150\" height=\"150\" src=\"https:\/\/blog.zeit.de\/stoerungsmelder\/files\/2014\/12\/klein_3-150x150.jpg\" class=\"attachment-thumbnail size-thumbnail\" alt=\"\" aria-describedby=\"gallery-1-18015\" \/><\/a>\n\t\t\t<\/div>\n\t\t\t\t<figcaption class='wp-caption-text gallery-caption' id='gallery-1-18015'>\n\t\t\t\tDemonstration durch Vorra\n\t\t\t\t<\/figcaption><\/figure><figure class='gallery-item'>\n\t\t\t<div class='gallery-icon landscape'>\n\t\t\t\t<a href='https:\/\/blog.zeit.de\/stoerungsmelder\/2014\/12\/15\/nach-brandanschlag-in-vorra-grosse-demonstration-gegen-rassismus_18011\/klein_4'><img loading=\"lazy\" decoding=\"async\" width=\"150\" height=\"150\" src=\"https:\/\/blog.zeit.de\/stoerungsmelder\/files\/2014\/12\/klein_4-150x150.jpg\" class=\"attachment-thumbnail size-thumbnail\" alt=\"\" aria-describedby=\"gallery-1-18016\" \/><\/a>\n\t\t\t<\/div>\n\t\t\t\t<figcaption class='wp-caption-text gallery-caption' id='gallery-1-18016'>\n\t\t\t\tDemonstration durch Vorra\n\t\t\t\t<\/figcaption><\/figure><figure class='gallery-item'>\n\t\t\t<div class='gallery-icon landscape'>\n\t\t\t\t<a href='https:\/\/blog.zeit.de\/stoerungsmelder\/2014\/12\/15\/nach-brandanschlag-in-vorra-grosse-demonstration-gegen-rassismus_18011\/klein_5'><img loading=\"lazy\" decoding=\"async\" width=\"150\" height=\"150\" src=\"https:\/\/blog.zeit.de\/stoerungsmelder\/files\/2014\/12\/klein_5-150x150.jpg\" class=\"attachment-thumbnail size-thumbnail\" alt=\"\" aria-describedby=\"gallery-1-18017\" \/><\/a>\n\t\t\t<\/div>\n\t\t\t\t<figcaption class='wp-caption-text gallery-caption' id='gallery-1-18017'>\n\t\t\t\tVor einem der angez\u00fcndeten H\u00e4user\n\t\t\t\t<\/figcaption><\/figure><figure class='gallery-item'>\n\t\t\t<div class='gallery-icon landscape'>\n\t\t\t\t<a href='https:\/\/blog.zeit.de\/stoerungsmelder\/2014\/12\/15\/nach-brandanschlag-in-vorra-grosse-demonstration-gegen-rassismus_18011\/klein_6'><img loading=\"lazy\" decoding=\"async\" width=\"150\" height=\"150\" src=\"https:\/\/blog.zeit.de\/stoerungsmelder\/files\/2014\/12\/klein_6-150x150.jpg\" class=\"attachment-thumbnail size-thumbnail\" alt=\"\" aria-describedby=\"gallery-1-18018\" \/><\/a>\n\t\t\t<\/div>\n\t\t\t\t<figcaption class='wp-caption-text gallery-caption' id='gallery-1-18018'>\n\t\t\t\tSchweigeminute vor einem der angez\u00fcndeten H\u00e4user.\n\t\t\t\t<\/figcaption><\/figure><figure class='gallery-item'>\n\t\t\t<div class='gallery-icon landscape'>\n\t\t\t\t<a href='https:\/\/blog.zeit.de\/stoerungsmelder\/2014\/12\/15\/nach-brandanschlag-in-vorra-grosse-demonstration-gegen-rassismus_18011\/klein_7'><img loading=\"lazy\" decoding=\"async\" width=\"150\" height=\"150\" src=\"https:\/\/blog.zeit.de\/stoerungsmelder\/files\/2014\/12\/klein_7-150x150.jpg\" class=\"attachment-thumbnail size-thumbnail\" alt=\"\" aria-describedby=\"gallery-1-18019\" \/><\/a>\n\t\t\t<\/div>\n\t\t\t\t<figcaption class='wp-caption-text gallery-caption' id='gallery-1-18019'>\n\t\t\t\tDer Tatort bleibt versiegelt\n\t\t\t\t<\/figcaption><\/figure><figure class='gallery-item'>\n\t\t\t<div class='gallery-icon landscape'>\n\t\t\t\t<a href='https:\/\/blog.zeit.de\/stoerungsmelder\/2014\/12\/15\/nach-brandanschlag-in-vorra-grosse-demonstration-gegen-rassismus_18011\/klein_8'><img loading=\"lazy\" decoding=\"async\" width=\"150\" height=\"150\" src=\"https:\/\/blog.zeit.de\/stoerungsmelder\/files\/2014\/12\/klein_8-150x150.jpg\" class=\"attachment-thumbnail size-thumbnail\" alt=\"\" aria-describedby=\"gallery-1-18020\" \/><\/a>\n\t\t\t<\/div>\n\t\t\t\t<figcaption class='wp-caption-text gallery-caption' id='gallery-1-18020'>\n\t\t\t\tHier hat es gebrannt\n\t\t\t\t<\/figcaption><\/figure><figure class='gallery-item'>\n\t\t\t<div class='gallery-icon landscape'>\n\t\t\t\t<a href='https:\/\/blog.zeit.de\/stoerungsmelder\/2014\/12\/15\/nach-brandanschlag-in-vorra-grosse-demonstration-gegen-rassismus_18011\/klein_9'><img loading=\"lazy\" decoding=\"async\" width=\"150\" height=\"150\" src=\"https:\/\/blog.zeit.de\/stoerungsmelder\/files\/2014\/12\/klein_9-150x150.jpg\" class=\"attachment-thumbnail size-thumbnail\" alt=\"\" aria-describedby=\"gallery-1-18021\" \/><\/a>\n\t\t\t<\/div>\n\t\t\t\t<figcaption class='wp-caption-text gallery-caption' id='gallery-1-18021'>\n\t\t\t\t&#8222;Das was hier passiert ist, das sind nicht wir!&#8220;\n\t\t\t\t<\/figcaption><\/figure><figure class='gallery-item'>\n\t\t\t<div class='gallery-icon landscape'>\n\t\t\t\t<a href='https:\/\/blog.zeit.de\/stoerungsmelder\/2014\/12\/15\/nach-brandanschlag-in-vorra-grosse-demonstration-gegen-rassismus_18011\/klein_10'><img loading=\"lazy\" decoding=\"async\" width=\"150\" height=\"150\" src=\"https:\/\/blog.zeit.de\/stoerungsmelder\/files\/2014\/12\/klein_10-150x150.jpg\" class=\"attachment-thumbnail size-thumbnail\" alt=\"\" aria-describedby=\"gallery-1-18022\" \/><\/a>\n\t\t\t<\/div>\n\t\t\t\t<figcaption class='wp-caption-text gallery-caption' id='gallery-1-18022'>\n\t\t\t\tDemonstration durch Vorra\n\t\t\t\t<\/figcaption><\/figure><figure class='gallery-item'>\n\t\t\t<div class='gallery-icon landscape'>\n\t\t\t\t<a href='https:\/\/blog.zeit.de\/stoerungsmelder\/2014\/12\/15\/nach-brandanschlag-in-vorra-grosse-demonstration-gegen-rassismus_18011\/klein_11'><img loading=\"lazy\" decoding=\"async\" width=\"150\" height=\"150\" src=\"https:\/\/blog.zeit.de\/stoerungsmelder\/files\/2014\/12\/klein_11-150x150.jpg\" class=\"attachment-thumbnail size-thumbnail\" alt=\"\" aria-describedby=\"gallery-1-18023\" \/><\/a>\n\t\t\t<\/div>\n\t\t\t\t<figcaption class='wp-caption-text gallery-caption' id='gallery-1-18023'>\n\t\t\t\tDemonstration durch Vorra\n\t\t\t\t<\/figcaption><\/figure>\n\t\t<\/div>\n<\/p>\n","protected":false},"excerpt":{"rendered":"<p>Nach den Brandanschl\u00e4gen auf geplante Fl\u00fcchtlingsunterk\u00fcnfte in Vorra gingen am Samstagabend \u00fcber tausend Menschen gegen Rassismus auf die Stra\u00dfe. Am Sonntag bildeten hunderte Einwohner eine Menschenkette um eines der angegriffenen Geb\u00e4ude. Die Polizei hat derweil eine Sonderkommission gebildet und bittet um Mithilfe.<\/p>\n","protected":false},"author":363,"featured_media":0,"comment_status":"open","ping_status":"open","sticky":false,"template":"","format":"standard","meta":{"_jetpack_memberships_contains_paid_content":false,"footnotes":""},"categories":[59],"tags":[1511,31080,2158,26414,698,97,32230],"class_list":["post-18011","post","type-post","status-publish","format-standard","hentry","category-bayern","tag-brandanschlag","tag-der-dritte-weg","tag-fluchtlinge","tag-fluchtlingsheim","tag-nurnberg","tag-rassismus","tag-vorra"],"yoast_head":"<!-- This site is optimized with the Yoast SEO plugin v21.0 - https:\/\/yoast.com\/wordpress\/plugins\/seo\/ -->\n<title>Nach Brandanschlag in Vorra: Gro\u00dfe Demonstration gegen Rassismus - St\u00f6rungsmelder<\/title>\n<meta name=\"robots\" content=\"index, follow, max-snippet:-1, max-image-preview:large, max-video-preview:-1\" \/>\n<link rel=\"canonical\" href=\"https:\/\/blog.zeit.de\/stoerungsmelder\/2014\/12\/15\/nach-brandanschlag-in-vorra-grosse-demonstration-gegen-rassismus_18011\" \/>\n<meta property=\"og:locale\" content=\"de_DE\" \/>\n<meta property=\"og:type\" content=\"article\" \/>\n<meta property=\"og:title\" content=\"Nach Brandanschlag in Vorra: Gro\u00dfe Demonstration gegen Rassismus - St\u00f6rungsmelder\" \/>\n<meta property=\"og:description\" content=\"Nach den Brandanschl\u00e4gen auf geplante Fl\u00fcchtlingsunterk\u00fcnfte in Vorra gingen am Samstagabend \u00fcber tausend Menschen gegen Rassismus auf die Stra\u00dfe. Am Sonntag bildeten hunderte Einwohner eine Menschenkette um eines der angegriffenen Geb\u00e4ude. Die Polizei hat derweil eine Sonderkommission gebildet und bittet um Mithilfe.\" \/>\n<meta property=\"og:url\" content=\"https:\/\/blog.zeit.de\/stoerungsmelder\/2014\/12\/15\/nach-brandanschlag-in-vorra-grosse-demonstration-gegen-rassismus_18011\" \/>\n<meta property=\"og:site_name\" content=\"St\u00f6rungsmelder\" \/>\n<meta property=\"article:published_time\" content=\"2014-12-15T11:42:20+00:00\" \/>\n<meta property=\"article:modified_time\" content=\"2015-10-29T12:40:11+00:00\" \/>\n<meta property=\"og:image\" content=\"https:\/\/blog.zeit.de\/stoerungsmelder\/files\/2014\/12\/klein_1-150x150.jpg\" \/>\n<meta name=\"author\" content=\"Jonas Miller\" \/>\n<meta name=\"twitter:card\" content=\"summary_large_image\" \/>\n<meta name=\"twitter:label1\" content=\"Geschrieben von\" \/>\n\t<meta name=\"twitter:data1\" content=\"Jonas Miller\" \/>\n\t<meta name=\"twitter:label2\" content=\"Gesch\u00e4tzte Lesezeit\" \/>\n\t<meta name=\"twitter:data2\" content=\"2\u00a0Minuten\" \/>\n<script type=\"application\/ld+json\" class=\"yoast-schema-graph\">{\"@context\":\"https:\/\/schema.org\",\"@graph\":[{\"@type\":\"WebPage\",\"@id\":\"https:\/\/blog.zeit.de\/stoerungsmelder\/2014\/12\/15\/nach-brandanschlag-in-vorra-grosse-demonstration-gegen-rassismus_18011\",\"url\":\"https:\/\/blog.zeit.de\/stoerungsmelder\/2014\/12\/15\/nach-brandanschlag-in-vorra-grosse-demonstration-gegen-rassismus_18011\",\"name\":\"Nach Brandanschlag in Vorra: Gro\u00dfe Demonstration gegen Rassismus - St\u00f6rungsmelder\",\"isPartOf\":{\"@id\":\"https:\/\/blog.zeit.de\/stoerungsmelder\/#website\"},\"datePublished\":\"2014-12-15T11:42:20+00:00\",\"dateModified\":\"2015-10-29T12:40:11+00:00\",\"author\":{\"@id\":\"https:\/\/blog.zeit.de\/stoerungsmelder\/#\/schema\/person\/abb0b5e2ae04ea00291f461511cf0e6b\"},\"breadcrumb\":{\"@id\":\"https:\/\/blog.zeit.de\/stoerungsmelder\/2014\/12\/15\/nach-brandanschlag-in-vorra-grosse-demonstration-gegen-rassismus_18011#breadcrumb\"},\"inLanguage\":\"de\",\"potentialAction\":[{\"@type\":\"ReadAction\",\"target\":[\"https:\/\/blog.zeit.de\/stoerungsmelder\/2014\/12\/15\/nach-brandanschlag-in-vorra-grosse-demonstration-gegen-rassismus_18011\"]}]},{\"@type\":\"BreadcrumbList\",\"@id\":\"https:\/\/blog.zeit.de\/stoerungsmelder\/2014\/12\/15\/nach-brandanschlag-in-vorra-grosse-demonstration-gegen-rassismus_18011#breadcrumb\",\"itemListElement\":[{\"@type\":\"ListItem\",\"position\":1,\"name\":\"Startseite\",\"item\":\"https:\/\/blog.zeit.de\/stoerungsmelder\"},{\"@type\":\"ListItem\",\"position\":2,\"name\":\"Nach Brandanschlag in Vorra: Gro\u00dfe Demonstration gegen Rassismus\"}]},{\"@type\":\"WebSite\",\"@id\":\"https:\/\/blog.zeit.de\/stoerungsmelder\/#website\",\"url\":\"https:\/\/blog.zeit.de\/stoerungsmelder\/\",\"name\":\"St\u00f6rungsmelder\",\"description\":\"Recherchen und Analysen \u00fcber die extreme Rechte\",\"potentialAction\":[{\"@type\":\"SearchAction\",\"target\":{\"@type\":\"EntryPoint\",\"urlTemplate\":\"https:\/\/blog.zeit.de\/stoerungsmelder\/?s={search_term_string}\"},\"query-input\":\"required name=search_term_string\"}],\"inLanguage\":\"de\"},{\"@type\":\"Person\",\"@id\":\"https:\/\/blog.zeit.de\/stoerungsmelder\/#\/schema\/person\/abb0b5e2ae04ea00291f461511cf0e6b\",\"name\":\"Jonas Miller\",\"image\":{\"@type\":\"ImageObject\",\"inLanguage\":\"de\",\"@id\":\"https:\/\/blog.zeit.de\/stoerungsmelder\/#\/schema\/person\/image\/\",\"url\":\"https:\/\/secure.gravatar.com\/avatar\/c86a48d8af5f6cb474e5792b625c0051659345670c87ad1d34ce5dc50fecf79f?s=96&d=mm&r=pg\",\"contentUrl\":\"https:\/\/secure.gravatar.com\/avatar\/c86a48d8af5f6cb474e5792b625c0051659345670c87ad1d34ce5dc50fecf79f?s=96&d=mm&r=pg\",\"caption\":\"Jonas Miller\"},\"url\":\"https:\/\/blog.zeit.de\/stoerungsmelder\/author\/timomueller\"}]}<\/script>\n<!-- \/ Yoast SEO plugin. -->","yoast_head_json":{"title":"Nach Brandanschlag in Vorra: Gro\u00dfe Demonstration gegen Rassismus - St\u00f6rungsmelder","robots":{"index":"index","follow":"follow","max-snippet":"max-snippet:-1","max-image-preview":"max-image-preview:large","max-video-preview":"max-video-preview:-1"},"canonical":"https:\/\/blog.zeit.de\/stoerungsmelder\/2014\/12\/15\/nach-brandanschlag-in-vorra-grosse-demonstration-gegen-rassismus_18011","og_locale":"de_DE","og_type":"article","og_title":"Nach Brandanschlag in Vorra: Gro\u00dfe Demonstration gegen Rassismus - St\u00f6rungsmelder","og_description":"Nach den Brandanschl\u00e4gen auf geplante Fl\u00fcchtlingsunterk\u00fcnfte in Vorra gingen am Samstagabend \u00fcber tausend Menschen gegen Rassismus auf die Stra\u00dfe. Am Sonntag bildeten hunderte Einwohner eine Menschenkette um eines der angegriffenen Geb\u00e4ude. Die Polizei hat derweil eine Sonderkommission gebildet und bittet um Mithilfe.","og_url":"https:\/\/blog.zeit.de\/stoerungsmelder\/2014\/12\/15\/nach-brandanschlag-in-vorra-grosse-demonstration-gegen-rassismus_18011","og_site_name":"St\u00f6rungsmelder","article_published_time":"2014-12-15T11:42:20+00:00","article_modified_time":"2015-10-29T12:40:11+00:00","og_image":[{"url":"https:\/\/blog.zeit.de\/stoerungsmelder\/files\/2014\/12\/klein_1-150x150.jpg"}],"author":"Jonas Miller","twitter_card":"summary_large_image","twitter_misc":{"Geschrieben von":"Jonas Miller","Gesch\u00e4tzte Lesezeit":"2\u00a0Minuten"},"schema":{"@context":"https:\/\/schema.org","@graph":[{"@type":"WebPage","@id":"https:\/\/blog.zeit.de\/stoerungsmelder\/2014\/12\/15\/nach-brandanschlag-in-vorra-grosse-demonstration-gegen-rassismus_18011","url":"https:\/\/blog.zeit.de\/stoerungsmelder\/2014\/12\/15\/nach-brandanschlag-in-vorra-grosse-demonstration-gegen-rassismus_18011","name":"Nach Brandanschlag in Vorra: Gro\u00dfe Demonstration gegen Rassismus - St\u00f6rungsmelder","isPartOf":{"@id":"https:\/\/blog.zeit.de\/stoerungsmelder\/#website"},"datePublished":"2014-12-15T11:42:20+00:00","dateModified":"2015-10-29T12:40:11+00:00","author":{"@id":"https:\/\/blog.zeit.de\/stoerungsmelder\/#\/schema\/person\/abb0b5e2ae04ea00291f461511cf0e6b"},"breadcrumb":{"@id":"https:\/\/blog.zeit.de\/stoerungsmelder\/2014\/12\/15\/nach-brandanschlag-in-vorra-grosse-demonstration-gegen-rassismus_18011#breadcrumb"},"inLanguage":"de","potentialAction":[{"@type":"ReadAction","target":["https:\/\/blog.zeit.de\/stoerungsmelder\/2014\/12\/15\/nach-brandanschlag-in-vorra-grosse-demonstration-gegen-rassismus_18011"]}]},{"@type":"BreadcrumbList","@id":"https:\/\/blog.zeit.de\/stoerungsmelder\/2014\/12\/15\/nach-brandanschlag-in-vorra-grosse-demonstration-gegen-rassismus_18011#breadcrumb","itemListElement":[{"@type":"ListItem","position":1,"name":"Startseite","item":"https:\/\/blog.zeit.de\/stoerungsmelder"},{"@type":"ListItem","position":2,"name":"Nach Brandanschlag in Vorra: Gro\u00dfe Demonstration gegen Rassismus"}]},{"@type":"WebSite","@id":"https:\/\/blog.zeit.de\/stoerungsmelder\/#website","url":"https:\/\/blog.zeit.de\/stoerungsmelder\/","name":"St\u00f6rungsmelder","description":"Recherchen und Analysen \u00fcber die extreme Rechte","potentialAction":[{"@type":"SearchAction","target":{"@type":"EntryPoint","urlTemplate":"https:\/\/blog.zeit.de\/stoerungsmelder\/?s={search_term_string}"},"query-input":"required name=search_term_string"}],"inLanguage":"de"},{"@type":"Person","@id":"https:\/\/blog.zeit.de\/stoerungsmelder\/#\/schema\/person\/abb0b5e2ae04ea00291f461511cf0e6b","name":"Jonas Miller","image":{"@type":"ImageObject","inLanguage":"de","@id":"https:\/\/blog.zeit.de\/stoerungsmelder\/#\/schema\/person\/image\/","url":"https:\/\/secure.gravatar.com\/avatar\/c86a48d8af5f6cb474e5792b625c0051659345670c87ad1d34ce5dc50fecf79f?s=96&d=mm&r=pg","contentUrl":"https:\/\/secure.gravatar.com\/avatar\/c86a48d8af5f6cb474e5792b625c0051659345670c87ad1d34ce5dc50fecf79f?s=96&d=mm&r=pg","caption":"Jonas Miller"},"url":"https:\/\/blog.zeit.de\/stoerungsmelder\/author\/timomueller"}]}},"jetpack_featured_media_url":"","jetpack_sharing_enabled":true,"_links":{"self":[{"href":"https:\/\/blog.zeit.de\/stoerungsmelder\/wp-json\/wp\/v2\/posts\/18011","targetHints":{"allow":["GET"]}}],"collection":[{"href":"https:\/\/blog.zeit.de\/stoerungsmelder\/wp-json\/wp\/v2\/posts"}],"about":[{"href":"https:\/\/blog.zeit.de\/stoerungsmelder\/wp-json\/wp\/v2\/types\/post"}],"author":[{"embeddable":true,"href":"https:\/\/blog.zeit.de\/stoerungsmelder\/wp-json\/wp\/v2\/users\/363"}],"replies":[{"embeddable":true,"href":"https:\/\/blog.zeit.de\/stoerungsmelder\/wp-json\/wp\/v2\/comments?post=18011"}],"version-history":[{"count":6,"href":"https:\/\/blog.zeit.de\/stoerungsmelder\/wp-json\/wp\/v2\/posts\/18011\/revisions"}],"predecessor-version":[{"id":20380,"href":"https:\/\/blog.zeit.de\/stoerungsmelder\/wp-json\/wp\/v2\/posts\/18011\/revisions\/20380"}],"wp:attachment":[{"href":"https:\/\/blog.zeit.de\/stoerungsmelder\/wp-json\/wp\/v2\/media?parent=18011"}],"wp:term":[{"taxonomy":"category","embeddable":true,"href":"https:\/\/blog.zeit.de\/stoerungsmelder\/wp-json\/wp\/v2\/categories?post=18011"},{"taxonomy":"post_tag","embeddable":true,"href":"https:\/\/blog.zeit.de\/stoerungsmelder\/wp-json\/wp\/v2\/tags?post=18011"}],"curies":[{"name":"wp","href":"https:\/\/api.w.org\/{rel}","templated":true}]}}