{"id":18093,"date":"2014-12-19T18:01:21","date_gmt":"2014-12-19T17:01:21","guid":{"rendered":"http:\/\/blog.zeit.de\/stoerungsmelder\/?p=18093"},"modified":"2015-01-19T19:02:02","modified_gmt":"2015-01-19T18:02:02","slug":"wenn-die-pegida-demonstranten-ausfuehrlich-zu-wort-kommen","status":"publish","type":"post","link":"https:\/\/blog.zeit.de\/stoerungsmelder\/2014\/12\/19\/wenn-die-pegida-demonstranten-ausfuehrlich-zu-wort-kommen_18093","title":{"rendered":"Wenn die &#8222;Pegida&#8220;-Demonstranten ausf\u00fchrlich zu Wort kommen&#8230;"},"content":{"rendered":"<p><figure id=\"attachment_17822\" aria-describedby=\"caption-attachment-17822\" style=\"width: 540px\" class=\"wp-caption aligncenter\"><a href=\"https:\/\/blog.zeit.de\/stoerungsmelder\/files\/2014\/11\/pegida-header.jpg\"><img loading=\"lazy\" decoding=\"async\" class=\"wp-image-17822 size-full\" src=\"https:\/\/blog.zeit.de\/stoerungsmelder\/files\/2014\/11\/pegida-header.jpg\" alt=\"5.500 nahmen an einem Marsch gegen die &quot;Islamisierung des Abendlandes&quot; teil.\" width=\"540\" height=\"322\" srcset=\"https:\/\/blog.zeit.de\/stoerungsmelder\/files\/2014\/11\/pegida-header.jpg 540w, https:\/\/blog.zeit.de\/stoerungsmelder\/files\/2014\/11\/pegida-header-300x178.jpg 300w\" sizes=\"auto, (max-width: 540px) 100vw, 540px\" \/><\/a><figcaption id=\"caption-attachment-17822\" class=\"wp-caption-text\">Mittlerweile sind es rund 15.000 Menschen, die in Dresden auf die Stra\u00dfe gehen \u00a9 Johannes Grunert<\/figcaption><\/figure><\/p>\n<p>Ein Filmteam von Panorama war bei der &#8222;Pegida&#8220;-Demonstration vor Ort und ver\u00f6ffentlichte nun die Interviews ungeschnitten. Ein interessanter Einblick in Beweggr\u00fcnde der Demonstranten in Dresden: Wenig &#8222;Abendland&#8220; und viel &#8222;Ausl\u00e4nder&#8220;.<!--more--><\/p>\n<p>[youtube http:\/\/www.youtube.com\/watch?v=Bl0KPaLPL7g&amp;w=560&amp;h=315]<\/p>\n<p>&nbsp;<\/p>\n<p>&nbsp;<\/p>\n<p>[youtube http:\/\/www.youtube.com\/watch?v=a7f2YOgLtco&amp;w=560&amp;h=315]<\/p>\n","protected":false},"excerpt":{"rendered":"<p>Ein Filmteam von Panorama war bei der &#8222;Pegida&#8220;-Demonstration vor Ort und ver\u00f6ffentlichte nun die Interviews ungeschnitten. Ein interessanter Einblick in Beweggr\u00fcnde der Demonstranten in Dresden: Wenig &#8222;Abendland&#8220; und viel &#8222;Ausl\u00e4nder&#8220;.<\/p>\n","protected":false},"author":229,"featured_media":0,"comment_status":"open","ping_status":"open","sticky":false,"template":"","format":"standard","meta":{"_jetpack_memberships_contains_paid_content":false,"footnotes":""},"categories":[1456],"tags":[1539,32209,97],"class_list":["post-18093","post","type-post","status-publish","format-standard","hentry","category-sachsen","tag-dresden","tag-pegida","tag-rassismus"],"yoast_head":"<!-- This site is optimized with the Yoast SEO plugin v21.0 - https:\/\/yoast.com\/wordpress\/plugins\/seo\/ -->\n<title>Wenn die &quot;Pegida&quot;-Demonstranten ausf\u00fchrlich zu Wort kommen... - St\u00f6rungsmelder<\/title>\n<meta name=\"robots\" content=\"index, follow, max-snippet:-1, max-image-preview:large, max-video-preview:-1\" \/>\n<link rel=\"canonical\" href=\"https:\/\/blog.zeit.de\/stoerungsmelder\/2014\/12\/19\/wenn-die-pegida-demonstranten-ausfuehrlich-zu-wort-kommen_18093\" \/>\n<meta property=\"og:locale\" content=\"de_DE\" \/>\n<meta property=\"og:type\" content=\"article\" \/>\n<meta property=\"og:title\" content=\"Wenn die &quot;Pegida&quot;-Demonstranten ausf\u00fchrlich zu Wort kommen... - St\u00f6rungsmelder\" \/>\n<meta property=\"og:description\" content=\"Ein Filmteam von Panorama war bei der &#8222;Pegida&#8220;-Demonstration vor Ort und ver\u00f6ffentlichte nun die Interviews ungeschnitten. Ein interessanter Einblick in Beweggr\u00fcnde der Demonstranten in Dresden: Wenig &#8222;Abendland&#8220; und viel &#8222;Ausl\u00e4nder&#8220;.\" \/>\n<meta property=\"og:url\" content=\"https:\/\/blog.zeit.de\/stoerungsmelder\/2014\/12\/19\/wenn-die-pegida-demonstranten-ausfuehrlich-zu-wort-kommen_18093\" \/>\n<meta property=\"og:site_name\" content=\"St\u00f6rungsmelder\" \/>\n<meta property=\"article:published_time\" content=\"2014-12-19T17:01:21+00:00\" \/>\n<meta property=\"article:modified_time\" content=\"2015-01-19T18:02:02+00:00\" \/>\n<meta property=\"og:image\" content=\"https:\/\/blog.zeit.de\/stoerungsmelder\/files\/2014\/11\/pegida-header.jpg\" \/>\n<meta name=\"author\" content=\"St\u00f6rungsmelder\" \/>\n<meta name=\"twitter:card\" content=\"summary_large_image\" \/>\n<meta name=\"twitter:label1\" content=\"Geschrieben von\" \/>\n\t<meta name=\"twitter:data1\" content=\"St\u00f6rungsmelder\" \/>\n<script type=\"application\/ld+json\" class=\"yoast-schema-graph\">{\"@context\":\"https:\/\/schema.org\",\"@graph\":[{\"@type\":\"WebPage\",\"@id\":\"https:\/\/blog.zeit.de\/stoerungsmelder\/2014\/12\/19\/wenn-die-pegida-demonstranten-ausfuehrlich-zu-wort-kommen_18093\",\"url\":\"https:\/\/blog.zeit.de\/stoerungsmelder\/2014\/12\/19\/wenn-die-pegida-demonstranten-ausfuehrlich-zu-wort-kommen_18093\",\"name\":\"Wenn die \\\"Pegida\\\"-Demonstranten ausf\u00fchrlich zu Wort kommen... - St\u00f6rungsmelder\",\"isPartOf\":{\"@id\":\"https:\/\/blog.zeit.de\/stoerungsmelder\/#website\"},\"datePublished\":\"2014-12-19T17:01:21+00:00\",\"dateModified\":\"2015-01-19T18:02:02+00:00\",\"author\":{\"@id\":\"https:\/\/blog.zeit.de\/stoerungsmelder\/#\/schema\/person\/fdd0b9818f65738672810b6d6f037f71\"},\"breadcrumb\":{\"@id\":\"https:\/\/blog.zeit.de\/stoerungsmelder\/2014\/12\/19\/wenn-die-pegida-demonstranten-ausfuehrlich-zu-wort-kommen_18093#breadcrumb\"},\"inLanguage\":\"de\",\"potentialAction\":[{\"@type\":\"ReadAction\",\"target\":[\"https:\/\/blog.zeit.de\/stoerungsmelder\/2014\/12\/19\/wenn-die-pegida-demonstranten-ausfuehrlich-zu-wort-kommen_18093\"]}]},{\"@type\":\"BreadcrumbList\",\"@id\":\"https:\/\/blog.zeit.de\/stoerungsmelder\/2014\/12\/19\/wenn-die-pegida-demonstranten-ausfuehrlich-zu-wort-kommen_18093#breadcrumb\",\"itemListElement\":[{\"@type\":\"ListItem\",\"position\":1,\"name\":\"Startseite\",\"item\":\"https:\/\/blog.zeit.de\/stoerungsmelder\"},{\"@type\":\"ListItem\",\"position\":2,\"name\":\"Wenn die &#8222;Pegida&#8220;-Demonstranten ausf\u00fchrlich zu Wort kommen&#8230;\"}]},{\"@type\":\"WebSite\",\"@id\":\"https:\/\/blog.zeit.de\/stoerungsmelder\/#website\",\"url\":\"https:\/\/blog.zeit.de\/stoerungsmelder\/\",\"name\":\"St\u00f6rungsmelder\",\"description\":\"Recherchen und Analysen \u00fcber die extreme Rechte\",\"potentialAction\":[{\"@type\":\"SearchAction\",\"target\":{\"@type\":\"EntryPoint\",\"urlTemplate\":\"https:\/\/blog.zeit.de\/stoerungsmelder\/?s={search_term_string}\"},\"query-input\":\"required name=search_term_string\"}],\"inLanguage\":\"de\"},{\"@type\":\"Person\",\"@id\":\"https:\/\/blog.zeit.de\/stoerungsmelder\/#\/schema\/person\/fdd0b9818f65738672810b6d6f037f71\",\"name\":\"St\u00f6rungsmelder\",\"image\":{\"@type\":\"ImageObject\",\"inLanguage\":\"de\",\"@id\":\"https:\/\/blog.zeit.de\/stoerungsmelder\/#\/schema\/person\/image\/\",\"url\":\"https:\/\/secure.gravatar.com\/avatar\/dfa4be514c3e82a71e4f9a0020035d38192d080ccaa5e4e6d7a1472c763535c5?s=96&d=mm&r=pg\",\"contentUrl\":\"https:\/\/secure.gravatar.com\/avatar\/dfa4be514c3e82a71e4f9a0020035d38192d080ccaa5e4e6d7a1472c763535c5?s=96&d=mm&r=pg\",\"caption\":\"St\u00f6rungsmelder\"},\"url\":\"https:\/\/blog.zeit.de\/stoerungsmelder\/author\/stoerungsmelder\"}]}<\/script>\n<!-- \/ Yoast SEO plugin. -->","yoast_head_json":{"title":"Wenn die \"Pegida\"-Demonstranten ausf\u00fchrlich zu Wort kommen... - St\u00f6rungsmelder","robots":{"index":"index","follow":"follow","max-snippet":"max-snippet:-1","max-image-preview":"max-image-preview:large","max-video-preview":"max-video-preview:-1"},"canonical":"https:\/\/blog.zeit.de\/stoerungsmelder\/2014\/12\/19\/wenn-die-pegida-demonstranten-ausfuehrlich-zu-wort-kommen_18093","og_locale":"de_DE","og_type":"article","og_title":"Wenn die \"Pegida\"-Demonstranten ausf\u00fchrlich zu Wort kommen... - St\u00f6rungsmelder","og_description":"Ein Filmteam von Panorama war bei der &#8222;Pegida&#8220;-Demonstration vor Ort und ver\u00f6ffentlichte nun die Interviews ungeschnitten. Ein interessanter Einblick in Beweggr\u00fcnde der Demonstranten in Dresden: Wenig &#8222;Abendland&#8220; und viel &#8222;Ausl\u00e4nder&#8220;.","og_url":"https:\/\/blog.zeit.de\/stoerungsmelder\/2014\/12\/19\/wenn-die-pegida-demonstranten-ausfuehrlich-zu-wort-kommen_18093","og_site_name":"St\u00f6rungsmelder","article_published_time":"2014-12-19T17:01:21+00:00","article_modified_time":"2015-01-19T18:02:02+00:00","og_image":[{"url":"https:\/\/blog.zeit.de\/stoerungsmelder\/files\/2014\/11\/pegida-header.jpg"}],"author":"St\u00f6rungsmelder","twitter_card":"summary_large_image","twitter_misc":{"Geschrieben von":"St\u00f6rungsmelder"},"schema":{"@context":"https:\/\/schema.org","@graph":[{"@type":"WebPage","@id":"https:\/\/blog.zeit.de\/stoerungsmelder\/2014\/12\/19\/wenn-die-pegida-demonstranten-ausfuehrlich-zu-wort-kommen_18093","url":"https:\/\/blog.zeit.de\/stoerungsmelder\/2014\/12\/19\/wenn-die-pegida-demonstranten-ausfuehrlich-zu-wort-kommen_18093","name":"Wenn die \"Pegida\"-Demonstranten ausf\u00fchrlich zu Wort kommen... - St\u00f6rungsmelder","isPartOf":{"@id":"https:\/\/blog.zeit.de\/stoerungsmelder\/#website"},"datePublished":"2014-12-19T17:01:21+00:00","dateModified":"2015-01-19T18:02:02+00:00","author":{"@id":"https:\/\/blog.zeit.de\/stoerungsmelder\/#\/schema\/person\/fdd0b9818f65738672810b6d6f037f71"},"breadcrumb":{"@id":"https:\/\/blog.zeit.de\/stoerungsmelder\/2014\/12\/19\/wenn-die-pegida-demonstranten-ausfuehrlich-zu-wort-kommen_18093#breadcrumb"},"inLanguage":"de","potentialAction":[{"@type":"ReadAction","target":["https:\/\/blog.zeit.de\/stoerungsmelder\/2014\/12\/19\/wenn-die-pegida-demonstranten-ausfuehrlich-zu-wort-kommen_18093"]}]},{"@type":"BreadcrumbList","@id":"https:\/\/blog.zeit.de\/stoerungsmelder\/2014\/12\/19\/wenn-die-pegida-demonstranten-ausfuehrlich-zu-wort-kommen_18093#breadcrumb","itemListElement":[{"@type":"ListItem","position":1,"name":"Startseite","item":"https:\/\/blog.zeit.de\/stoerungsmelder"},{"@type":"ListItem","position":2,"name":"Wenn die &#8222;Pegida&#8220;-Demonstranten ausf\u00fchrlich zu Wort kommen&#8230;"}]},{"@type":"WebSite","@id":"https:\/\/blog.zeit.de\/stoerungsmelder\/#website","url":"https:\/\/blog.zeit.de\/stoerungsmelder\/","name":"St\u00f6rungsmelder","description":"Recherchen und Analysen \u00fcber die extreme Rechte","potentialAction":[{"@type":"SearchAction","target":{"@type":"EntryPoint","urlTemplate":"https:\/\/blog.zeit.de\/stoerungsmelder\/?s={search_term_string}"},"query-input":"required name=search_term_string"}],"inLanguage":"de"},{"@type":"Person","@id":"https:\/\/blog.zeit.de\/stoerungsmelder\/#\/schema\/person\/fdd0b9818f65738672810b6d6f037f71","name":"St\u00f6rungsmelder","image":{"@type":"ImageObject","inLanguage":"de","@id":"https:\/\/blog.zeit.de\/stoerungsmelder\/#\/schema\/person\/image\/","url":"https:\/\/secure.gravatar.com\/avatar\/dfa4be514c3e82a71e4f9a0020035d38192d080ccaa5e4e6d7a1472c763535c5?s=96&d=mm&r=pg","contentUrl":"https:\/\/secure.gravatar.com\/avatar\/dfa4be514c3e82a71e4f9a0020035d38192d080ccaa5e4e6d7a1472c763535c5?s=96&d=mm&r=pg","caption":"St\u00f6rungsmelder"},"url":"https:\/\/blog.zeit.de\/stoerungsmelder\/author\/stoerungsmelder"}]}},"jetpack_featured_media_url":"","jetpack_sharing_enabled":true,"_links":{"self":[{"href":"https:\/\/blog.zeit.de\/stoerungsmelder\/wp-json\/wp\/v2\/posts\/18093","targetHints":{"allow":["GET"]}}],"collection":[{"href":"https:\/\/blog.zeit.de\/stoerungsmelder\/wp-json\/wp\/v2\/posts"}],"about":[{"href":"https:\/\/blog.zeit.de\/stoerungsmelder\/wp-json\/wp\/v2\/types\/post"}],"author":[{"embeddable":true,"href":"https:\/\/blog.zeit.de\/stoerungsmelder\/wp-json\/wp\/v2\/users\/229"}],"replies":[{"embeddable":true,"href":"https:\/\/blog.zeit.de\/stoerungsmelder\/wp-json\/wp\/v2\/comments?post=18093"}],"version-history":[{"count":6,"href":"https:\/\/blog.zeit.de\/stoerungsmelder\/wp-json\/wp\/v2\/posts\/18093\/revisions"}],"predecessor-version":[{"id":18291,"href":"https:\/\/blog.zeit.de\/stoerungsmelder\/wp-json\/wp\/v2\/posts\/18093\/revisions\/18291"}],"wp:attachment":[{"href":"https:\/\/blog.zeit.de\/stoerungsmelder\/wp-json\/wp\/v2\/media?parent=18093"}],"wp:term":[{"taxonomy":"category","embeddable":true,"href":"https:\/\/blog.zeit.de\/stoerungsmelder\/wp-json\/wp\/v2\/categories?post=18093"},{"taxonomy":"post_tag","embeddable":true,"href":"https:\/\/blog.zeit.de\/stoerungsmelder\/wp-json\/wp\/v2\/tags?post=18093"}],"curies":[{"name":"wp","href":"https:\/\/api.w.org\/{rel}","templated":true}]}}