{"id":18117,"date":"2015-01-06T10:45:45","date_gmt":"2015-01-06T09:45:45","guid":{"rendered":"http:\/\/blog.zeit.de\/stoerungsmelder\/?p=18117"},"modified":"2015-01-19T19:00:57","modified_gmt":"2015-01-19T18:00:57","slug":"migranten-werden-nur-positiv-bewertet-wenn-sie-etwas-bringen","status":"publish","type":"post","link":"https:\/\/blog.zeit.de\/stoerungsmelder\/2015\/01\/06\/migranten-werden-nur-positiv-bewertet-wenn-sie-etwas-bringen_18117","title":{"rendered":"\u00bbMigranten werden nur positiv bewertet, wenn sie etwas bringen\u00ab"},"content":{"rendered":"<p><figure id=\"attachment_18121\" aria-describedby=\"caption-attachment-18121\" style=\"width: 520px\" class=\"wp-caption aligncenter\"><a href=\"https:\/\/blog.zeit.de\/stoerungsmelder\/files\/2015\/01\/Pegida-header-2.jpg\"><img loading=\"lazy\" decoding=\"async\" class=\"wp-image-18121 size-full\" src=\"https:\/\/blog.zeit.de\/stoerungsmelder\/files\/2015\/01\/Pegida-header-2.jpg\" alt=\"Pegida-header-2\" width=\"520\" height=\"308\" srcset=\"https:\/\/blog.zeit.de\/stoerungsmelder\/files\/2015\/01\/Pegida-header-2.jpg 520w, https:\/\/blog.zeit.de\/stoerungsmelder\/files\/2015\/01\/Pegida-header-2-300x177.jpg 300w\" sizes=\"auto, (max-width: 520px) 100vw, 520px\" \/><\/a><figcaption id=\"caption-attachment-18121\" class=\"wp-caption-text\"><em>&#8222;Pegida&#8220; im Dezember in Dresden \u00a9 Johannes Grunert<\/em><\/figcaption><\/figure><\/p>\n<p>Der Sozialpsychologe und Rechtsextremismusforscher Oliver Decker, Gr\u00fcndungsmitglied des Leipziger \u00bbKompetenzzentrum f\u00fcr Rechtsextremismus und Demokratieforschung\u00ab, erkl\u00e4rt im Interview die steigende Abwertung von Migranten und Entwicklungen rechter Vorurteile in der Bev\u00f6lkerung.<!--more--><\/p>\n<p><em>Das Interview f\u00fchrte Sarah Ulrich f\u00fcr <a href=\"http:\/\/kreuzer-leipzig.de\/2014\/12\/12\/migranten-werden-nur-positiv-bewertet-wenn-sie-etwas-bringen\/\" target=\"_blank\">kreuzer online<\/a>, mit freundlicher Genehmigung<\/em><\/p>\n<p><figure id=\"attachment_18118\" aria-describedby=\"caption-attachment-18118\" style=\"width: 300px\" class=\"wp-caption alignleft\"><a href=\"https:\/\/blog.zeit.de\/stoerungsmelder\/files\/2015\/01\/oliverdecker.gif\"><img loading=\"lazy\" decoding=\"async\" class=\"wp-image-18118 size-medium\" src=\"https:\/\/blog.zeit.de\/stoerungsmelder\/files\/2015\/01\/oliverdecker-300x199.gif\" alt=\"oliverdecker\" width=\"300\" height=\"199\" \/><\/a><figcaption id=\"caption-attachment-18118\" class=\"wp-caption-text\"><em>Rechtsextremismusforscher Oliver Decker<\/em><\/figcaption><\/figure><\/p>\n<p><strong>Ulrich: Vergangenes Wochenende haben Sie die Tagung \u00bbDeutschland als Einwanderungsland zwischen Willkommenskultur und Diskriminierung\u00ab veranstaltet. Was waren die Ergebnisse? Ist Deutschland ein Land der Willkommenskultur oder der Diskriminierung?<\/strong><\/p>\n<p>OLIVER DECKER: Wir haben eine ganze Reihe von Referenten aus verschiedenen Bereichen geh\u00f6rt. Ein Bild hat sich \u00fcber die Vortr\u00e4ge trotz der unterschiedlichen theoretischen Hintergr\u00fcnde und Zugangsweisen herauskristallisiert. Wir haben es in den letzten 20 Jahren mit einer Verschiebung des Diskurses zu tun, ob bei Einstellungen in der Bev\u00f6lkerung oder bei administrativen Umsetzungen. Deutschland will ein Einwanderungsland sein. Dabei geht es aber weniger um Solidarit\u00e4t oder um Vielheit, sondern um wirtschaftliche N\u00fctzlichkeit von Migrantinnen und Migranten. Das merkt man auch in Einstellungen der Menschen. Jene Menschen, die nicht als Gewinn f\u00fcr die Bundesrepublik gesehen werden, werden abgewertet.<\/p>\n<p><strong>Ulrich: Was bedeutet das genau?<\/strong><\/p>\n<p>DECKER: Man kann das zum Beispiel an PEGIDA (Patriotische Europ\u00e4er gegen die Islamisierung des Abendlandes, Anm. d. Red.) sehen. Es gibt wieder eine Form von \u00bbwir hier\u00ab und \u00bbdie anderen, die kommen\u00ab. Wir haben es nicht mit einer Idee republikanischer Vielfalt zu tun, sondern damit dass \u00bbwir hier\u00ab als homogene Gruppe konstruiert werden. Das ist interessant, weil auf den ersten Blick ja nicht ins Auge springt, dass unter der Offenheit antidemokratische Motive liegen.<\/p>\n<p><strong>Ulrich: Kann man vom wachsenden rechtsextremen Lager sprechen oder ist die Abwertung von Migranten ein Ph\u00e4nomen, das mehr in die Mitte r\u00fcckt?<\/strong><\/p>\n<p>DECKER: Wenn man von rechtsextremen Lagern spricht, dann setzt das eine Form der Abgrenzung voraus, die oft nicht der Fall ist. Nat\u00fcrlich ist das so, wenn wir es mit organisiertem Rechtsextremismus zu tun haben. Aber das ist nicht mehr das gr\u00f6\u00dfte Problem, sondern dass es eine Form von angestammten rechten und nationalistischen Konzepten gibt, die in der Bev\u00f6lkerung weit verbreitet sind und meist nicht als rechtsextrem erkannt werden. Das ist \u00e4hnlich wie der Vorschlag der CSU (Migranten sollen in der Familie Deutsch sprechen, Anm. d. Red.), der faktisch eine Grundrechtseinschr\u00e4nkung f\u00fcr andere Menschen ist. Wenn das Einfluss auf die politische Kultur hat, f\u00f6rdert es eine antidemokratische Grundstimmung, weil die Rechte bestimmter Gruppen eingeschr\u00e4nkt werden. Was hier passiert, ist das Fischen nach genau solchen antidemokratischen Ressentiments, um die W\u00e4hler an sich zu binden. Das ist unglaublich und antidemokratisch, ohne dass es als rechtsextrem bezeichnet werden kann.<\/p>\n<p><strong>Ulrich: Wie hat sich das in den letzten Jahren entwickelt?<\/strong><\/p>\n<p>DECKER: Wir k\u00f6nnen einen R\u00fcckgang von generalisierten Vorurteilen gegen\u00fcber Migrantinnen und Migranten feststellen, daf\u00fcr aber einen sehr starken Anstieg der Abwertung spezifischer Gruppen wie Muslime, Asylsuchende und Sinti und Roma. Das sind genau die, gegen die sich auch PEGIDA richtet. Sie tun das mit dem sicheren Gef\u00fchl, dass sie hier eigentlich eine Form von Volkswille propagieren, weil es sich dabei um Interessen der einheimischen Bev\u00f6lkerung handele und sich gegen eine als fremd und homogen wahrgenommene Gruppe richtet. Migranten werden nur positiv bewertet, wenn sie etwas bringen, und abgewertet, wenn sie als Bedrohung des Wohlstands oder als fremd wahrgenommen werden.<\/p>\n<p><strong>Ulrich: Dabei wird sich ja aber meist nicht auf Fakten gest\u00fctzt.<\/strong><\/p>\n<p>DECKER: Genau das ist ein Kennzeichen des Ressentiments. Mit Rationalit\u00e4t hat das alles nichts zu tun. Da kann man auch nicht gut gegen argumentieren, denn es ist sehr stark emotional aufgeladen. Das liegt nicht an den Migranten und auch nicht direkt an der Angst der \u00dcberforderung. Vielmehr hat man es hier mit einem Ventil f\u00fcr einen allgemeinen gesellschaftlichen Druck zu tun. Das Ganze geschieht vor dem Hintergrund einer politischen Kultur, bei der gerade mal begonnen worden ist, etwas wie eine nicht ethnisch homogene Nation in Deutschland zu erwirken. Wir haben Transformationsprozesse, die insgesamt dazu f\u00fchren, dass die Gesellschaft nicht auf Solidarit\u00e4t baut. Die Menschen haben eine Vorstellung von Gemeinschaft, die ethnisch ist. Solidarit\u00e4t gilt prim\u00e4r nur f\u00fcr Angeh\u00f6rige der eigenen Gemeinschaft. Das ist eine sehr alte Vorstellung, die zu anderen Nationalstaatskonzepten wie in Frankreich oder den USA, die nicht von einer ethnisch homogenen Gesellschaft ausgehen, im Kontrast steht.<\/p>\n<p><strong>Ulrich: Und diese Entwicklungen wollen Sie k\u00fcnftig am Kompetenzzentrum f\u00fcr Rechtsextremismus und Demokratieforschung erforschen?<\/strong><\/p>\n<p>DECKER: Ja genau. Wir haben an der Universit\u00e4t Leipzig an unterschiedlichen Fakult\u00e4ten eine sehr ausgepr\u00e4gte Expertise in der Demokratie- und Rechtsextremismusforschung. Es geht darum, diese zu b\u00fcndeln und in den gesellschaftlichen Prozessen eine Stimme als Wissenschaft zu haben. Au\u00dferdem wollen wir der Gesellschaft unsere Forschung besser zur Verf\u00fcgung stellen. Es ist aber ein langer Prozess, so ein Kompetenzzentrum aufzubauen. Wir sind schon aus den Startl\u00f6chern raus, aber noch nicht im Zieleinlauf.<\/p>\n<p>&nbsp;<\/p>\n","protected":false},"excerpt":{"rendered":"<p>Der Sozialpsychologe und Rechtsextremismusforscher Oliver Decker, Gr\u00fcndungsmitglied des Leipziger \u00bbKompetenzzentrum f\u00fcr Rechtsextremismus und Demokratieforschung\u00ab, erkl\u00e4rt im Interview die steigende Abwertung von Migranten und Entwicklungen rechter Vorurteile in der Bev\u00f6lkerung.<\/p>\n","protected":false},"author":229,"featured_media":0,"comment_status":"open","ping_status":"open","sticky":false,"template":"","format":"standard","meta":{"_jetpack_memberships_contains_paid_content":false,"footnotes":""},"categories":[1456],"tags":[32246,846,974,1700,32209,32245],"class_list":["post-18117","post","type-post","status-publish","format-standard","hentry","category-sachsen","tag-extremismus-der-mitte","tag-leipzig","tag-migration","tag-nationalismus","tag-pegida","tag-verwertung"],"yoast_head":"<!-- This site is optimized with the Yoast SEO plugin v21.0 - https:\/\/yoast.com\/wordpress\/plugins\/seo\/ -->\n<title>\u00bbMigranten werden nur positiv bewertet, wenn sie etwas bringen\u00ab - St\u00f6rungsmelder<\/title>\n<meta name=\"robots\" content=\"index, follow, max-snippet:-1, max-image-preview:large, max-video-preview:-1\" \/>\n<link rel=\"canonical\" href=\"https:\/\/blog.zeit.de\/stoerungsmelder\/2015\/01\/06\/migranten-werden-nur-positiv-bewertet-wenn-sie-etwas-bringen_18117\" \/>\n<meta property=\"og:locale\" content=\"de_DE\" \/>\n<meta property=\"og:type\" content=\"article\" \/>\n<meta property=\"og:title\" content=\"\u00bbMigranten werden nur positiv bewertet, wenn sie etwas bringen\u00ab - St\u00f6rungsmelder\" \/>\n<meta property=\"og:description\" content=\"Der Sozialpsychologe und Rechtsextremismusforscher Oliver Decker, Gr\u00fcndungsmitglied des Leipziger \u00bbKompetenzzentrum f\u00fcr Rechtsextremismus und Demokratieforschung\u00ab, erkl\u00e4rt im Interview die steigende Abwertung von Migranten und Entwicklungen rechter Vorurteile in der Bev\u00f6lkerung.\" \/>\n<meta property=\"og:url\" content=\"https:\/\/blog.zeit.de\/stoerungsmelder\/2015\/01\/06\/migranten-werden-nur-positiv-bewertet-wenn-sie-etwas-bringen_18117\" \/>\n<meta property=\"og:site_name\" content=\"St\u00f6rungsmelder\" \/>\n<meta property=\"article:published_time\" content=\"2015-01-06T09:45:45+00:00\" \/>\n<meta property=\"article:modified_time\" content=\"2015-01-19T18:00:57+00:00\" \/>\n<meta property=\"og:image\" content=\"https:\/\/blog.zeit.de\/stoerungsmelder\/files\/2015\/01\/Pegida-header-2.jpg\" \/>\n<meta name=\"author\" content=\"St\u00f6rungsmelder\" \/>\n<meta name=\"twitter:card\" content=\"summary_large_image\" \/>\n<meta name=\"twitter:label1\" content=\"Geschrieben von\" \/>\n\t<meta name=\"twitter:data1\" content=\"St\u00f6rungsmelder\" \/>\n\t<meta name=\"twitter:label2\" content=\"Gesch\u00e4tzte Lesezeit\" \/>\n\t<meta name=\"twitter:data2\" content=\"4\u00a0Minuten\" \/>\n<script type=\"application\/ld+json\" class=\"yoast-schema-graph\">{\"@context\":\"https:\/\/schema.org\",\"@graph\":[{\"@type\":\"WebPage\",\"@id\":\"https:\/\/blog.zeit.de\/stoerungsmelder\/2015\/01\/06\/migranten-werden-nur-positiv-bewertet-wenn-sie-etwas-bringen_18117\",\"url\":\"https:\/\/blog.zeit.de\/stoerungsmelder\/2015\/01\/06\/migranten-werden-nur-positiv-bewertet-wenn-sie-etwas-bringen_18117\",\"name\":\"\u00bbMigranten werden nur positiv bewertet, wenn sie etwas bringen\u00ab - St\u00f6rungsmelder\",\"isPartOf\":{\"@id\":\"https:\/\/blog.zeit.de\/stoerungsmelder\/#website\"},\"datePublished\":\"2015-01-06T09:45:45+00:00\",\"dateModified\":\"2015-01-19T18:00:57+00:00\",\"author\":{\"@id\":\"https:\/\/blog.zeit.de\/stoerungsmelder\/#\/schema\/person\/fdd0b9818f65738672810b6d6f037f71\"},\"breadcrumb\":{\"@id\":\"https:\/\/blog.zeit.de\/stoerungsmelder\/2015\/01\/06\/migranten-werden-nur-positiv-bewertet-wenn-sie-etwas-bringen_18117#breadcrumb\"},\"inLanguage\":\"de\",\"potentialAction\":[{\"@type\":\"ReadAction\",\"target\":[\"https:\/\/blog.zeit.de\/stoerungsmelder\/2015\/01\/06\/migranten-werden-nur-positiv-bewertet-wenn-sie-etwas-bringen_18117\"]}]},{\"@type\":\"BreadcrumbList\",\"@id\":\"https:\/\/blog.zeit.de\/stoerungsmelder\/2015\/01\/06\/migranten-werden-nur-positiv-bewertet-wenn-sie-etwas-bringen_18117#breadcrumb\",\"itemListElement\":[{\"@type\":\"ListItem\",\"position\":1,\"name\":\"Startseite\",\"item\":\"https:\/\/blog.zeit.de\/stoerungsmelder\"},{\"@type\":\"ListItem\",\"position\":2,\"name\":\"\u00bbMigranten werden nur positiv bewertet, wenn sie etwas bringen\u00ab\"}]},{\"@type\":\"WebSite\",\"@id\":\"https:\/\/blog.zeit.de\/stoerungsmelder\/#website\",\"url\":\"https:\/\/blog.zeit.de\/stoerungsmelder\/\",\"name\":\"St\u00f6rungsmelder\",\"description\":\"Recherchen und Analysen \u00fcber die extreme Rechte\",\"potentialAction\":[{\"@type\":\"SearchAction\",\"target\":{\"@type\":\"EntryPoint\",\"urlTemplate\":\"https:\/\/blog.zeit.de\/stoerungsmelder\/?s={search_term_string}\"},\"query-input\":\"required name=search_term_string\"}],\"inLanguage\":\"de\"},{\"@type\":\"Person\",\"@id\":\"https:\/\/blog.zeit.de\/stoerungsmelder\/#\/schema\/person\/fdd0b9818f65738672810b6d6f037f71\",\"name\":\"St\u00f6rungsmelder\",\"image\":{\"@type\":\"ImageObject\",\"inLanguage\":\"de\",\"@id\":\"https:\/\/blog.zeit.de\/stoerungsmelder\/#\/schema\/person\/image\/\",\"url\":\"https:\/\/secure.gravatar.com\/avatar\/dfa4be514c3e82a71e4f9a0020035d38192d080ccaa5e4e6d7a1472c763535c5?s=96&d=mm&r=pg\",\"contentUrl\":\"https:\/\/secure.gravatar.com\/avatar\/dfa4be514c3e82a71e4f9a0020035d38192d080ccaa5e4e6d7a1472c763535c5?s=96&d=mm&r=pg\",\"caption\":\"St\u00f6rungsmelder\"},\"url\":\"https:\/\/blog.zeit.de\/stoerungsmelder\/author\/stoerungsmelder\"}]}<\/script>\n<!-- \/ Yoast SEO plugin. -->","yoast_head_json":{"title":"\u00bbMigranten werden nur positiv bewertet, wenn sie etwas bringen\u00ab - St\u00f6rungsmelder","robots":{"index":"index","follow":"follow","max-snippet":"max-snippet:-1","max-image-preview":"max-image-preview:large","max-video-preview":"max-video-preview:-1"},"canonical":"https:\/\/blog.zeit.de\/stoerungsmelder\/2015\/01\/06\/migranten-werden-nur-positiv-bewertet-wenn-sie-etwas-bringen_18117","og_locale":"de_DE","og_type":"article","og_title":"\u00bbMigranten werden nur positiv bewertet, wenn sie etwas bringen\u00ab - St\u00f6rungsmelder","og_description":"Der Sozialpsychologe und Rechtsextremismusforscher Oliver Decker, Gr\u00fcndungsmitglied des Leipziger \u00bbKompetenzzentrum f\u00fcr Rechtsextremismus und Demokratieforschung\u00ab, erkl\u00e4rt im Interview die steigende Abwertung von Migranten und Entwicklungen rechter Vorurteile in der Bev\u00f6lkerung.","og_url":"https:\/\/blog.zeit.de\/stoerungsmelder\/2015\/01\/06\/migranten-werden-nur-positiv-bewertet-wenn-sie-etwas-bringen_18117","og_site_name":"St\u00f6rungsmelder","article_published_time":"2015-01-06T09:45:45+00:00","article_modified_time":"2015-01-19T18:00:57+00:00","og_image":[{"url":"https:\/\/blog.zeit.de\/stoerungsmelder\/files\/2015\/01\/Pegida-header-2.jpg"}],"author":"St\u00f6rungsmelder","twitter_card":"summary_large_image","twitter_misc":{"Geschrieben von":"St\u00f6rungsmelder","Gesch\u00e4tzte Lesezeit":"4\u00a0Minuten"},"schema":{"@context":"https:\/\/schema.org","@graph":[{"@type":"WebPage","@id":"https:\/\/blog.zeit.de\/stoerungsmelder\/2015\/01\/06\/migranten-werden-nur-positiv-bewertet-wenn-sie-etwas-bringen_18117","url":"https:\/\/blog.zeit.de\/stoerungsmelder\/2015\/01\/06\/migranten-werden-nur-positiv-bewertet-wenn-sie-etwas-bringen_18117","name":"\u00bbMigranten werden nur positiv bewertet, wenn sie etwas bringen\u00ab - St\u00f6rungsmelder","isPartOf":{"@id":"https:\/\/blog.zeit.de\/stoerungsmelder\/#website"},"datePublished":"2015-01-06T09:45:45+00:00","dateModified":"2015-01-19T18:00:57+00:00","author":{"@id":"https:\/\/blog.zeit.de\/stoerungsmelder\/#\/schema\/person\/fdd0b9818f65738672810b6d6f037f71"},"breadcrumb":{"@id":"https:\/\/blog.zeit.de\/stoerungsmelder\/2015\/01\/06\/migranten-werden-nur-positiv-bewertet-wenn-sie-etwas-bringen_18117#breadcrumb"},"inLanguage":"de","potentialAction":[{"@type":"ReadAction","target":["https:\/\/blog.zeit.de\/stoerungsmelder\/2015\/01\/06\/migranten-werden-nur-positiv-bewertet-wenn-sie-etwas-bringen_18117"]}]},{"@type":"BreadcrumbList","@id":"https:\/\/blog.zeit.de\/stoerungsmelder\/2015\/01\/06\/migranten-werden-nur-positiv-bewertet-wenn-sie-etwas-bringen_18117#breadcrumb","itemListElement":[{"@type":"ListItem","position":1,"name":"Startseite","item":"https:\/\/blog.zeit.de\/stoerungsmelder"},{"@type":"ListItem","position":2,"name":"\u00bbMigranten werden nur positiv bewertet, wenn sie etwas bringen\u00ab"}]},{"@type":"WebSite","@id":"https:\/\/blog.zeit.de\/stoerungsmelder\/#website","url":"https:\/\/blog.zeit.de\/stoerungsmelder\/","name":"St\u00f6rungsmelder","description":"Recherchen und Analysen \u00fcber die extreme Rechte","potentialAction":[{"@type":"SearchAction","target":{"@type":"EntryPoint","urlTemplate":"https:\/\/blog.zeit.de\/stoerungsmelder\/?s={search_term_string}"},"query-input":"required name=search_term_string"}],"inLanguage":"de"},{"@type":"Person","@id":"https:\/\/blog.zeit.de\/stoerungsmelder\/#\/schema\/person\/fdd0b9818f65738672810b6d6f037f71","name":"St\u00f6rungsmelder","image":{"@type":"ImageObject","inLanguage":"de","@id":"https:\/\/blog.zeit.de\/stoerungsmelder\/#\/schema\/person\/image\/","url":"https:\/\/secure.gravatar.com\/avatar\/dfa4be514c3e82a71e4f9a0020035d38192d080ccaa5e4e6d7a1472c763535c5?s=96&d=mm&r=pg","contentUrl":"https:\/\/secure.gravatar.com\/avatar\/dfa4be514c3e82a71e4f9a0020035d38192d080ccaa5e4e6d7a1472c763535c5?s=96&d=mm&r=pg","caption":"St\u00f6rungsmelder"},"url":"https:\/\/blog.zeit.de\/stoerungsmelder\/author\/stoerungsmelder"}]}},"jetpack_featured_media_url":"","jetpack_sharing_enabled":true,"_links":{"self":[{"href":"https:\/\/blog.zeit.de\/stoerungsmelder\/wp-json\/wp\/v2\/posts\/18117","targetHints":{"allow":["GET"]}}],"collection":[{"href":"https:\/\/blog.zeit.de\/stoerungsmelder\/wp-json\/wp\/v2\/posts"}],"about":[{"href":"https:\/\/blog.zeit.de\/stoerungsmelder\/wp-json\/wp\/v2\/types\/post"}],"author":[{"embeddable":true,"href":"https:\/\/blog.zeit.de\/stoerungsmelder\/wp-json\/wp\/v2\/users\/229"}],"replies":[{"embeddable":true,"href":"https:\/\/blog.zeit.de\/stoerungsmelder\/wp-json\/wp\/v2\/comments?post=18117"}],"version-history":[{"count":5,"href":"https:\/\/blog.zeit.de\/stoerungsmelder\/wp-json\/wp\/v2\/posts\/18117\/revisions"}],"predecessor-version":[{"id":18287,"href":"https:\/\/blog.zeit.de\/stoerungsmelder\/wp-json\/wp\/v2\/posts\/18117\/revisions\/18287"}],"wp:attachment":[{"href":"https:\/\/blog.zeit.de\/stoerungsmelder\/wp-json\/wp\/v2\/media?parent=18117"}],"wp:term":[{"taxonomy":"category","embeddable":true,"href":"https:\/\/blog.zeit.de\/stoerungsmelder\/wp-json\/wp\/v2\/categories?post=18117"},{"taxonomy":"post_tag","embeddable":true,"href":"https:\/\/blog.zeit.de\/stoerungsmelder\/wp-json\/wp\/v2\/tags?post=18117"}],"curies":[{"name":"wp","href":"https:\/\/api.w.org\/{rel}","templated":true}]}}