{"id":183,"date":"2007-12-28T17:58:15","date_gmt":"2007-12-28T16:58:15","guid":{"rendered":"http:\/\/blog.zeit.de\/stoerungsmelder\/2007\/12\/28\/%e2%80%9edie-gehoren-in-den-rhein-gejagt%e2%80%9c_183"},"modified":"2007-12-28T17:58:15","modified_gmt":"2007-12-28T16:58:15","slug":"%e2%80%9edie-gehoren-in-den-rhein-gejagt%e2%80%9c","status":"publish","type":"post","link":"https:\/\/blog.zeit.de\/stoerungsmelder\/2007\/12\/28\/%e2%80%9edie-gehoren-in-den-rhein-gejagt%e2%80%9c_183","title":{"rendered":"\u201eDie geh\u00f6ren in den Rhein gejagt\u201c"},"content":{"rendered":"<p><a href=\"http:\/\/www.aktuell-sport.de\/html.php\/modul\/Article\/op\/read\/nid\/10153\/rub\/65\"><\/a><!--StartFragment--><\/p>\n<p class=\"MsoNormal\">Die Nachricht ist nicht ganz neu, dennoch geh\u00f6rt sie hierher. Denn nicht nur im ostdeutschen Fussball gibt es fremdenfeindliche Zwischenf\u00e4lle.<\/p>\n<p class=\"MsoNormal\"><!--more--><o:p><\/o:p><\/p>\n<p class=\"MsoNormal\">Vor und w\u00e4hrend des Bezirksliga-Spiels zwischen dem TSV Lingenfeld und dem FV Speyer lie\u00df sich der Spielleiter des TSV Lingenfeld, Manfred Schlick, <a href=\"http:\/\/www.aktuell-sport.de\/html.php\/modul\/Article\/op\/read\/nid\/10153\/rub\/65\" target=\"_blank\">offenbar zu mehreren rassistischen \u00c4u\u00dferungen \u00fcber die FV-Spieler hinrei\u00dfen<\/a>. <span style=\"color: black\">&#8222;Wenn ich solche Mannschaften sehe, bin ich nicht mehr stolz darauf, ein Deutscher zu sein&#8220;, sagte Schlick vor dem Spiel einem Reporter. <\/span>\u201cWenn ich beim Verband etwas zu sagen h\u00e4tte, w\u00fcrde ich solche Mannschaften zwangsabmelden. Die geh\u00f6ren in den Rhein gejagt.\u201c Beim FV Speyer sind lediglich drei Rum\u00e4nen unter Vertrag. Einige Spieler haben italienische Wurzeln.<\/p>\n<p class=\"MsoNormal\"><o:p><\/o:p><\/p>\n<p class=\"MsoNormal\">Gleich zu Beginn des Spiels entschied sich Spielleiter Manfred Schlick, das Spiel gegen Speyer auf Hartplatz austragen zu lassen, obgleich einige Meter weiter ein Rasenplatz zur Verf\u00fcgung stand. Seine Begr\u00fcndung: \u201cUnd wenn es drau\u00dfen 30 Grad h\u00e4tte, die (den FV Speyer) w\u00fcrden wir immer auf den Hartplatz schicken.\u201c W\u00e4hrend des Spiels musste Schlick mehrmals vom Schiedsrichter ermahnt werden, aggressive \u00c4u\u00dferungen in Richtung der FV-Spieler zu unterlassen.<\/p>\n<p class=\"MsoNormal\"><o:p><\/o:p><\/p>\n<p class=\"MsoNormal\">Schlick dementierte diese \u00c4u\u00dferungen. Dennoch hat der S\u00fcdwestdeutsche Fussballverband ein Verfahren wegen fremdenfeindlicher \u00c4u\u00dferungen aufgenommen. Ein neuer Paragraph in der Strafordnung des Verbandes macht es m\u00f6glich, dass solche Ma\u00dfnahmen nicht mehr nur nach entsprechenden Schiedsrichterberichten eingeleitet werden k\u00f6nnen. Helmut Spahn, Sicherheitsbeauftragter des DFB, sieht das Verfahren als Ermutigung: &#8222;Auch Zuschauer, Medien und Vereinsmitglieder sind nun aufgerufen, \u00fcber rassistische Bemerkungen zu berichten&#8220;, Speyers rum\u00e4nischer Trainer Radu forderte \u201eharte Konsequenzen\u201c. Bis heute war \u00fcber den weiteren Fortgang des Verfahrens nichts zu erfahren.<\/p>\n<p><!--EndFragment--><\/p>\n","protected":false},"excerpt":{"rendered":"<p>Die Nachricht ist nicht ganz neu, dennoch geh\u00f6rt sie hierher. Denn nicht nur im ostdeutschen Fussball gibt es fremdenfeindliche Zwischenf\u00e4lle.<\/p>\n","protected":false},"author":235,"featured_media":0,"comment_status":"open","ping_status":"open","sticky":false,"template":"","format":"standard","meta":{"_jetpack_memberships_contains_paid_content":false,"footnotes":""},"categories":[1455],"tags":[666,97],"class_list":["post-183","post","type-post","status-publish","format-standard","hentry","category-rheinland-pfalz","tag-fusball","tag-rassismus"],"yoast_head":"<!-- This site is optimized with the Yoast SEO plugin v21.0 - https:\/\/yoast.com\/wordpress\/plugins\/seo\/ -->\n<title>\u201eDie geh\u00f6ren in den Rhein gejagt\u201c - St\u00f6rungsmelder<\/title>\n<meta name=\"robots\" content=\"index, follow, max-snippet:-1, max-image-preview:large, max-video-preview:-1\" \/>\n<link rel=\"canonical\" href=\"https:\/\/blog.zeit.de\/stoerungsmelder\/2007\/12\/28\/\u201edie-gehoren-in-den-rhein-gejagt\u201c_183\" \/>\n<meta property=\"og:locale\" content=\"de_DE\" \/>\n<meta property=\"og:type\" content=\"article\" \/>\n<meta property=\"og:title\" content=\"\u201eDie geh\u00f6ren in den Rhein gejagt\u201c - St\u00f6rungsmelder\" \/>\n<meta property=\"og:description\" content=\"Die Nachricht ist nicht ganz neu, dennoch geh\u00f6rt sie hierher. Denn nicht nur im ostdeutschen Fussball gibt es fremdenfeindliche Zwischenf\u00e4lle.\" \/>\n<meta property=\"og:url\" content=\"https:\/\/blog.zeit.de\/stoerungsmelder\/2007\/12\/28\/\u201edie-gehoren-in-den-rhein-gejagt\u201c_183\" \/>\n<meta property=\"og:site_name\" content=\"St\u00f6rungsmelder\" \/>\n<meta property=\"article:published_time\" content=\"2007-12-28T16:58:15+00:00\" \/>\n<meta name=\"author\" content=\"Thomas Hitzlsperger\" \/>\n<meta name=\"twitter:card\" content=\"summary_large_image\" \/>\n<meta name=\"twitter:label1\" content=\"Geschrieben von\" \/>\n\t<meta name=\"twitter:data1\" content=\"Thomas Hitzlsperger\" \/>\n\t<meta name=\"twitter:label2\" content=\"Gesch\u00e4tzte Lesezeit\" \/>\n\t<meta name=\"twitter:data2\" content=\"1\u00a0Minute\" \/>\n<script type=\"application\/ld+json\" class=\"yoast-schema-graph\">{\"@context\":\"https:\/\/schema.org\",\"@graph\":[{\"@type\":\"WebPage\",\"@id\":\"https:\/\/blog.zeit.de\/stoerungsmelder\/2007\/12\/28\/%e2%80%9edie-gehoren-in-den-rhein-gejagt%e2%80%9c_183\",\"url\":\"https:\/\/blog.zeit.de\/stoerungsmelder\/2007\/12\/28\/%e2%80%9edie-gehoren-in-den-rhein-gejagt%e2%80%9c_183\",\"name\":\"\u201eDie geh\u00f6ren in den Rhein gejagt\u201c - St\u00f6rungsmelder\",\"isPartOf\":{\"@id\":\"https:\/\/blog.zeit.de\/stoerungsmelder\/#website\"},\"datePublished\":\"2007-12-28T16:58:15+00:00\",\"dateModified\":\"2007-12-28T16:58:15+00:00\",\"author\":{\"@id\":\"https:\/\/blog.zeit.de\/stoerungsmelder\/#\/schema\/person\/f00edd5a787a17b766716b34b3fb6d56\"},\"breadcrumb\":{\"@id\":\"https:\/\/blog.zeit.de\/stoerungsmelder\/2007\/12\/28\/%e2%80%9edie-gehoren-in-den-rhein-gejagt%e2%80%9c_183#breadcrumb\"},\"inLanguage\":\"de\",\"potentialAction\":[{\"@type\":\"ReadAction\",\"target\":[\"https:\/\/blog.zeit.de\/stoerungsmelder\/2007\/12\/28\/%e2%80%9edie-gehoren-in-den-rhein-gejagt%e2%80%9c_183\"]}]},{\"@type\":\"BreadcrumbList\",\"@id\":\"https:\/\/blog.zeit.de\/stoerungsmelder\/2007\/12\/28\/%e2%80%9edie-gehoren-in-den-rhein-gejagt%e2%80%9c_183#breadcrumb\",\"itemListElement\":[{\"@type\":\"ListItem\",\"position\":1,\"name\":\"Startseite\",\"item\":\"https:\/\/blog.zeit.de\/stoerungsmelder\"},{\"@type\":\"ListItem\",\"position\":2,\"name\":\"\u201eDie geh\u00f6ren in den Rhein gejagt\u201c\"}]},{\"@type\":\"WebSite\",\"@id\":\"https:\/\/blog.zeit.de\/stoerungsmelder\/#website\",\"url\":\"https:\/\/blog.zeit.de\/stoerungsmelder\/\",\"name\":\"St\u00f6rungsmelder\",\"description\":\"Recherchen und Analysen \u00fcber die extreme Rechte\",\"potentialAction\":[{\"@type\":\"SearchAction\",\"target\":{\"@type\":\"EntryPoint\",\"urlTemplate\":\"https:\/\/blog.zeit.de\/stoerungsmelder\/?s={search_term_string}\"},\"query-input\":\"required name=search_term_string\"}],\"inLanguage\":\"de\"},{\"@type\":\"Person\",\"@id\":\"https:\/\/blog.zeit.de\/stoerungsmelder\/#\/schema\/person\/f00edd5a787a17b766716b34b3fb6d56\",\"name\":\"Thomas Hitzlsperger\",\"image\":{\"@type\":\"ImageObject\",\"inLanguage\":\"de\",\"@id\":\"https:\/\/blog.zeit.de\/stoerungsmelder\/#\/schema\/person\/image\/\",\"url\":\"https:\/\/secure.gravatar.com\/avatar\/302e97e92e7af782a610726384aeae742b0e168e418426880e2c48145c25f113?s=96&d=mm&r=pg\",\"contentUrl\":\"https:\/\/secure.gravatar.com\/avatar\/302e97e92e7af782a610726384aeae742b0e168e418426880e2c48145c25f113?s=96&d=mm&r=pg\",\"caption\":\"Thomas Hitzlsperger\"},\"url\":\"https:\/\/blog.zeit.de\/stoerungsmelder\/author\/thomas-hitzlsperger\"}]}<\/script>\n<!-- \/ Yoast SEO plugin. -->","yoast_head_json":{"title":"\u201eDie geh\u00f6ren in den Rhein gejagt\u201c - St\u00f6rungsmelder","robots":{"index":"index","follow":"follow","max-snippet":"max-snippet:-1","max-image-preview":"max-image-preview:large","max-video-preview":"max-video-preview:-1"},"canonical":"https:\/\/blog.zeit.de\/stoerungsmelder\/2007\/12\/28\/\u201edie-gehoren-in-den-rhein-gejagt\u201c_183","og_locale":"de_DE","og_type":"article","og_title":"\u201eDie geh\u00f6ren in den Rhein gejagt\u201c - St\u00f6rungsmelder","og_description":"Die Nachricht ist nicht ganz neu, dennoch geh\u00f6rt sie hierher. Denn nicht nur im ostdeutschen Fussball gibt es fremdenfeindliche Zwischenf\u00e4lle.","og_url":"https:\/\/blog.zeit.de\/stoerungsmelder\/2007\/12\/28\/\u201edie-gehoren-in-den-rhein-gejagt\u201c_183","og_site_name":"St\u00f6rungsmelder","article_published_time":"2007-12-28T16:58:15+00:00","author":"Thomas Hitzlsperger","twitter_card":"summary_large_image","twitter_misc":{"Geschrieben von":"Thomas Hitzlsperger","Gesch\u00e4tzte Lesezeit":"1\u00a0Minute"},"schema":{"@context":"https:\/\/schema.org","@graph":[{"@type":"WebPage","@id":"https:\/\/blog.zeit.de\/stoerungsmelder\/2007\/12\/28\/%e2%80%9edie-gehoren-in-den-rhein-gejagt%e2%80%9c_183","url":"https:\/\/blog.zeit.de\/stoerungsmelder\/2007\/12\/28\/%e2%80%9edie-gehoren-in-den-rhein-gejagt%e2%80%9c_183","name":"\u201eDie geh\u00f6ren in den Rhein gejagt\u201c - St\u00f6rungsmelder","isPartOf":{"@id":"https:\/\/blog.zeit.de\/stoerungsmelder\/#website"},"datePublished":"2007-12-28T16:58:15+00:00","dateModified":"2007-12-28T16:58:15+00:00","author":{"@id":"https:\/\/blog.zeit.de\/stoerungsmelder\/#\/schema\/person\/f00edd5a787a17b766716b34b3fb6d56"},"breadcrumb":{"@id":"https:\/\/blog.zeit.de\/stoerungsmelder\/2007\/12\/28\/%e2%80%9edie-gehoren-in-den-rhein-gejagt%e2%80%9c_183#breadcrumb"},"inLanguage":"de","potentialAction":[{"@type":"ReadAction","target":["https:\/\/blog.zeit.de\/stoerungsmelder\/2007\/12\/28\/%e2%80%9edie-gehoren-in-den-rhein-gejagt%e2%80%9c_183"]}]},{"@type":"BreadcrumbList","@id":"https:\/\/blog.zeit.de\/stoerungsmelder\/2007\/12\/28\/%e2%80%9edie-gehoren-in-den-rhein-gejagt%e2%80%9c_183#breadcrumb","itemListElement":[{"@type":"ListItem","position":1,"name":"Startseite","item":"https:\/\/blog.zeit.de\/stoerungsmelder"},{"@type":"ListItem","position":2,"name":"\u201eDie geh\u00f6ren in den Rhein gejagt\u201c"}]},{"@type":"WebSite","@id":"https:\/\/blog.zeit.de\/stoerungsmelder\/#website","url":"https:\/\/blog.zeit.de\/stoerungsmelder\/","name":"St\u00f6rungsmelder","description":"Recherchen und Analysen \u00fcber die extreme Rechte","potentialAction":[{"@type":"SearchAction","target":{"@type":"EntryPoint","urlTemplate":"https:\/\/blog.zeit.de\/stoerungsmelder\/?s={search_term_string}"},"query-input":"required name=search_term_string"}],"inLanguage":"de"},{"@type":"Person","@id":"https:\/\/blog.zeit.de\/stoerungsmelder\/#\/schema\/person\/f00edd5a787a17b766716b34b3fb6d56","name":"Thomas Hitzlsperger","image":{"@type":"ImageObject","inLanguage":"de","@id":"https:\/\/blog.zeit.de\/stoerungsmelder\/#\/schema\/person\/image\/","url":"https:\/\/secure.gravatar.com\/avatar\/302e97e92e7af782a610726384aeae742b0e168e418426880e2c48145c25f113?s=96&d=mm&r=pg","contentUrl":"https:\/\/secure.gravatar.com\/avatar\/302e97e92e7af782a610726384aeae742b0e168e418426880e2c48145c25f113?s=96&d=mm&r=pg","caption":"Thomas Hitzlsperger"},"url":"https:\/\/blog.zeit.de\/stoerungsmelder\/author\/thomas-hitzlsperger"}]}},"jetpack_featured_media_url":"","jetpack_sharing_enabled":true,"_links":{"self":[{"href":"https:\/\/blog.zeit.de\/stoerungsmelder\/wp-json\/wp\/v2\/posts\/183","targetHints":{"allow":["GET"]}}],"collection":[{"href":"https:\/\/blog.zeit.de\/stoerungsmelder\/wp-json\/wp\/v2\/posts"}],"about":[{"href":"https:\/\/blog.zeit.de\/stoerungsmelder\/wp-json\/wp\/v2\/types\/post"}],"author":[{"embeddable":true,"href":"https:\/\/blog.zeit.de\/stoerungsmelder\/wp-json\/wp\/v2\/users\/235"}],"replies":[{"embeddable":true,"href":"https:\/\/blog.zeit.de\/stoerungsmelder\/wp-json\/wp\/v2\/comments?post=183"}],"version-history":[{"count":0,"href":"https:\/\/blog.zeit.de\/stoerungsmelder\/wp-json\/wp\/v2\/posts\/183\/revisions"}],"wp:attachment":[{"href":"https:\/\/blog.zeit.de\/stoerungsmelder\/wp-json\/wp\/v2\/media?parent=183"}],"wp:term":[{"taxonomy":"category","embeddable":true,"href":"https:\/\/blog.zeit.de\/stoerungsmelder\/wp-json\/wp\/v2\/categories?post=183"},{"taxonomy":"post_tag","embeddable":true,"href":"https:\/\/blog.zeit.de\/stoerungsmelder\/wp-json\/wp\/v2\/tags?post=183"}],"curies":[{"name":"wp","href":"https:\/\/api.w.org\/{rel}","templated":true}]}}