{"id":1838,"date":"2009-11-08T12:44:08","date_gmt":"2009-11-08T10:44:08","guid":{"rendered":"http:\/\/blog.zeit.de\/stoerungsmelder\/?p=1838"},"modified":"2009-11-08T12:44:08","modified_gmt":"2009-11-08T10:44:08","slug":"piraten-mit-rechter-schlagseite","status":"publish","type":"post","link":"https:\/\/blog.zeit.de\/stoerungsmelder\/2009\/11\/08\/piraten-mit-rechter-schlagseite_1838","title":{"rendered":"Piraten mit rechter Schlagseite"},"content":{"rendered":"<p><figure style=\"width: 410px\" class=\"wp-caption aligncenter\"><img loading=\"lazy\" decoding=\"async\" title=\"Zeit f\u00fcr die Piraten sich eindeutig zu positionieren\" src=\"https:\/\/blog.zeit.de\/stoerungsmelder\/files\/2009\/09\/piraten-410.jpg\" alt=\"Zeit f\u00fcr die Piraten sich eindeutig zu positionieren\" width=\"410\" height=\"200\" \/><figcaption class=\"wp-caption-text\">Zeit f\u00fcr die Piraten sich eindeutig zu positionieren.<\/figcaption><\/figure><\/p>\n<p>Kaum sind die Piraten zu einer richtigen Partei geworden haben sie auch schon den ersten handfesten Skandal am Hals &#8211; sie werden mit Neonazis in Verbindung gebracht. Ist das wirklich nur ein kleiner Skandal oder steckt mehr dahinter und bei der Piratenpartei handelt es sich in um eine Partei die kein Problem hat wenn Personen mit rechtsextremistischen Tendenzen Mitglied werden? Ein Kommentar. <!--more--><\/p>\n<p>Angefangen hat alles im Juli 2009 mit dem <a href=\"http:\/\/www.spreeblick.com\/2009\/07\/07\/meinungsfreibeuter\/\">Fall Bodo Thiesen<\/a>. Es folgte ein <a href=\"https:\/\/blog.zeit.de\/stoerungsmelder\/2009\/09\/18\/piraten-auf-abwegen_1461\">Interview des stellvertretenden Vorsitzenden Andreas Popp in der rechtskonservativen Zeitung \u201eJunge Freiheit\u201c (JF)<\/a>. Experten bezeichnen die JF als Sprachrohr der <a href=\"http:\/\/www.netz-gegen-nazis.de\/lexikontext\/wer-ist-die-neue-rechte\">Neuen Rechten<\/a>. In seinem <a href=\"http:\/\/andipopp.wordpress.com\/2009\/09\/14\/zum-interview-mit-der-jungen-freiheit\/\">Blog distanzierte sich Popp von dem Gespr\u00e4ch<\/a>, es ging allerdings weiter. Kurz darauf folgte ein Fragebogen des Parteivorsitzenden Jens Seipenbusch ebenfalls in der JF. Das ist aber noch nicht alles, noch heute findet mensch auf der Internetseite der Piraten die Begeisterungsst\u00fcrme auf die Wahlempfehlung zu ihren Gunsten der Freien W\u00e4hler (FW) D\u00fcsseldorf. Diese wurden gegr\u00fcndet von Torsten Lemmer, ehemals Manager der Naziband St\u00f6rkraft und zuletzt im <a href=\"http:\/\/www.rp-online.de\/duesseldorf\/duesseldorf-stadt\/nachrichten\/Torsten-Lemmer-verurteilt_aid_708031.html\">Mai 2009 wegen Volksverhetzung verurteilt.<\/a> In D\u00fcsseldorf sind die FW daher nicht \u00fcberall beliebt.<\/p>\n<p>Es gibt da auch noch den Fall eines ehemaligen Kameradschaftskaders, welcher nun aktiv in der Piratenpartei ist. Udo Hempel hei\u00dft der Mann und war tief verwurzelt in der s\u00e4chsischen Neonaziszene &#8211; heute ist er Pirat. Nach eigenem Bekunden hat sich Hempel \u201eresozialisiert\u201c und die Piraten geben ihm eine Chance.<\/p>\n<p>Ein weiterer \u00e4u\u00dferst brisanter Fall ist der schon er\u00e4hnte von Holocaustleugner Bodo Thiesen. Dieser wurde sogar in ein wichtiges Amt gew\u00e4hlt, n\u00e4mlich als stellvertretender Schiedsrichter der Partei, und er stand auf der Landesliste in Rheinland-Pfalz. Auf dem Bundesparteitag wurden entsprechende Fragen an Thiesen gestellt, er wurde f\u00fcr die Antwort beklatscht und gew\u00e4hlt, als der Fall allerdings durch die Presse ging hat sich die Partei wiederum distanziert. Doch in dem JF-Interview sagt Popp \u00fcber Thiesen, dieser sei kein Rechtsextremer, &#8222;sondern jemand der gerne provoziert, um sich wichtig zu machen.&#8220;<\/p>\n<p>Klar, das sind alles Einzelf\u00e4lle und es bleibt zu hoffen, dass nicht noch mehr dazukommen, aber es inzwischen schon eine bedenkliche H\u00e4ufung von Zuf\u00e4llen. Festzuhalten bleibt aber auch, dass die Piratenpartei eine junge Partei ist und junge Parteien Startschwierigkeiten haben. Wer die Satzung der Piratenpartei studiert wird feststellen, dass gleich in Artikel 1 der Satzung steht, dass die Piratenpartei totalit\u00e4re, diktatorische und faschistische Bestrebungen jeder Art ablehnt. Auch in Partei- und Wahlprogramm ist rein gar nichts zu finden, was auf rechtsextremistische Tendenzen schlie\u00dfen l\u00e4sst.<\/p>\n<p>Eine Partei besteht aber nicht nur aus Satzung und Wahlprogramm, sondern vor allem aus den Mitgliedern. Klar ist aber, dass die Piratenpartei gef\u00e4hrdet ist, nicht nur, weil hier viele politisch eher unerfahrene Leute aktiv sind, sondern auch, weil sie attraktiv f\u00fcr Nazis sein k\u00f6nnte. Dies liegt nicht nur an den Themen, sondern gerade an der viel beschworenen Offenheit gegen\u00fcber allen politischen Richtungen. &#8222;Post-ideologisch&#8220; nennen das die Piraten. Unverantwortlich nennen Kritiker hingegen die fehlende Abgrenzung nach Rechts. Hier muss von Seiten der Partei eine klare Ansage bez\u00fcglich der Grenzen dieser Offenheit get\u00e4tigt werden.<\/p>\n<p>Ich habe selbst viele Piraten auf Anti-Nazi-Demos getroffen, die sich sicherlich dem links-alternativen Spektrum zuordnen. Gerade auch deshalb ist eine deutliche Abgrenzung zum rechten Rand dringend notwendig. Offenheit in Richtung rechts und ihren menschenverachtenden Ideologien ist nicht liberal sondern fatal \u2013 auch f\u00fcr die Piraten, die einen anderen Umgang mit rechtslastigen Argumenten ben\u00f6tigt um die Segel eindeutig nach Backbord auszurichten.<\/p>\n","protected":false},"excerpt":{"rendered":"<p>Kaum sind die Piraten zu einer richtigen Partei geworden haben sie auch schon den ersten handfesten Skandal am Hals &#8211; sie werden mit Neonazis in Verbindung gebracht. Ist das wirklich nur ein kleiner Skandal oder steckt mehr dahinter und bei der Piratenpartei handelt es sich in um eine Partei die kein Problem hat wenn Personen [&hellip;]<\/p>\n","protected":false},"author":255,"featured_media":0,"comment_status":"open","ping_status":"open","sticky":false,"template":"","format":"standard","meta":{"_jetpack_memberships_contains_paid_content":false,"footnotes":""},"categories":[1515],"tags":[1635,1741],"class_list":["post-1838","post","type-post","status-publish","format-standard","hentry","category-bundesweit","tag-junge-freiheit","tag-piratenpartei"],"yoast_head":"<!-- This site is optimized with the Yoast SEO plugin v21.0 - https:\/\/yoast.com\/wordpress\/plugins\/seo\/ -->\n<title>Piraten mit rechter Schlagseite - St\u00f6rungsmelder<\/title>\n<meta name=\"robots\" content=\"index, follow, max-snippet:-1, max-image-preview:large, max-video-preview:-1\" \/>\n<link rel=\"canonical\" href=\"https:\/\/blog.zeit.de\/stoerungsmelder\/2009\/11\/08\/piraten-mit-rechter-schlagseite_1838\" \/>\n<meta property=\"og:locale\" content=\"de_DE\" \/>\n<meta property=\"og:type\" content=\"article\" \/>\n<meta property=\"og:title\" content=\"Piraten mit rechter Schlagseite - St\u00f6rungsmelder\" \/>\n<meta property=\"og:description\" content=\"Kaum sind die Piraten zu einer richtigen Partei geworden haben sie auch schon den ersten handfesten Skandal am Hals &#8211; sie werden mit Neonazis in Verbindung gebracht. Ist das wirklich nur ein kleiner Skandal oder steckt mehr dahinter und bei der Piratenpartei handelt es sich in um eine Partei die kein Problem hat wenn Personen [&hellip;]\" \/>\n<meta property=\"og:url\" content=\"https:\/\/blog.zeit.de\/stoerungsmelder\/2009\/11\/08\/piraten-mit-rechter-schlagseite_1838\" \/>\n<meta property=\"og:site_name\" content=\"St\u00f6rungsmelder\" \/>\n<meta property=\"article:published_time\" content=\"2009-11-08T10:44:08+00:00\" \/>\n<meta property=\"og:image\" content=\"https:\/\/blog.zeit.de\/stoerungsmelder\/files\/2009\/09\/piraten-410.jpg\" \/>\n<meta name=\"author\" content=\"Clara Herrmann\" \/>\n<meta name=\"twitter:card\" content=\"summary_large_image\" \/>\n<meta name=\"twitter:label1\" content=\"Geschrieben von\" \/>\n\t<meta name=\"twitter:data1\" content=\"Clara Herrmann\" \/>\n\t<meta name=\"twitter:label2\" content=\"Gesch\u00e4tzte Lesezeit\" \/>\n\t<meta name=\"twitter:data2\" content=\"3\u00a0Minuten\" \/>\n<script type=\"application\/ld+json\" class=\"yoast-schema-graph\">{\"@context\":\"https:\/\/schema.org\",\"@graph\":[{\"@type\":\"WebPage\",\"@id\":\"https:\/\/blog.zeit.de\/stoerungsmelder\/2009\/11\/08\/piraten-mit-rechter-schlagseite_1838\",\"url\":\"https:\/\/blog.zeit.de\/stoerungsmelder\/2009\/11\/08\/piraten-mit-rechter-schlagseite_1838\",\"name\":\"Piraten mit rechter Schlagseite - St\u00f6rungsmelder\",\"isPartOf\":{\"@id\":\"https:\/\/blog.zeit.de\/stoerungsmelder\/#website\"},\"datePublished\":\"2009-11-08T10:44:08+00:00\",\"dateModified\":\"2009-11-08T10:44:08+00:00\",\"author\":{\"@id\":\"https:\/\/blog.zeit.de\/stoerungsmelder\/#\/schema\/person\/edc999bf09f96e71c295c3551c323fa2\"},\"breadcrumb\":{\"@id\":\"https:\/\/blog.zeit.de\/stoerungsmelder\/2009\/11\/08\/piraten-mit-rechter-schlagseite_1838#breadcrumb\"},\"inLanguage\":\"de\",\"potentialAction\":[{\"@type\":\"ReadAction\",\"target\":[\"https:\/\/blog.zeit.de\/stoerungsmelder\/2009\/11\/08\/piraten-mit-rechter-schlagseite_1838\"]}]},{\"@type\":\"BreadcrumbList\",\"@id\":\"https:\/\/blog.zeit.de\/stoerungsmelder\/2009\/11\/08\/piraten-mit-rechter-schlagseite_1838#breadcrumb\",\"itemListElement\":[{\"@type\":\"ListItem\",\"position\":1,\"name\":\"Startseite\",\"item\":\"https:\/\/blog.zeit.de\/stoerungsmelder\"},{\"@type\":\"ListItem\",\"position\":2,\"name\":\"Piraten mit rechter Schlagseite\"}]},{\"@type\":\"WebSite\",\"@id\":\"https:\/\/blog.zeit.de\/stoerungsmelder\/#website\",\"url\":\"https:\/\/blog.zeit.de\/stoerungsmelder\/\",\"name\":\"St\u00f6rungsmelder\",\"description\":\"Recherchen und Analysen \u00fcber die extreme Rechte\",\"potentialAction\":[{\"@type\":\"SearchAction\",\"target\":{\"@type\":\"EntryPoint\",\"urlTemplate\":\"https:\/\/blog.zeit.de\/stoerungsmelder\/?s={search_term_string}\"},\"query-input\":\"required name=search_term_string\"}],\"inLanguage\":\"de\"},{\"@type\":\"Person\",\"@id\":\"https:\/\/blog.zeit.de\/stoerungsmelder\/#\/schema\/person\/edc999bf09f96e71c295c3551c323fa2\",\"name\":\"Clara Herrmann\",\"image\":{\"@type\":\"ImageObject\",\"inLanguage\":\"de\",\"@id\":\"https:\/\/blog.zeit.de\/stoerungsmelder\/#\/schema\/person\/image\/\",\"url\":\"https:\/\/secure.gravatar.com\/avatar\/04b40705f948898f2d062b2baf918db0e44716afe022753fee34274b82cee0d7?s=96&d=mm&r=pg\",\"contentUrl\":\"https:\/\/secure.gravatar.com\/avatar\/04b40705f948898f2d062b2baf918db0e44716afe022753fee34274b82cee0d7?s=96&d=mm&r=pg\",\"caption\":\"Clara Herrmann\"},\"url\":\"https:\/\/blog.zeit.de\/stoerungsmelder\/author\/clara-herrmann\"}]}<\/script>\n<!-- \/ Yoast SEO plugin. -->","yoast_head_json":{"title":"Piraten mit rechter Schlagseite - St\u00f6rungsmelder","robots":{"index":"index","follow":"follow","max-snippet":"max-snippet:-1","max-image-preview":"max-image-preview:large","max-video-preview":"max-video-preview:-1"},"canonical":"https:\/\/blog.zeit.de\/stoerungsmelder\/2009\/11\/08\/piraten-mit-rechter-schlagseite_1838","og_locale":"de_DE","og_type":"article","og_title":"Piraten mit rechter Schlagseite - St\u00f6rungsmelder","og_description":"Kaum sind die Piraten zu einer richtigen Partei geworden haben sie auch schon den ersten handfesten Skandal am Hals &#8211; sie werden mit Neonazis in Verbindung gebracht. Ist das wirklich nur ein kleiner Skandal oder steckt mehr dahinter und bei der Piratenpartei handelt es sich in um eine Partei die kein Problem hat wenn Personen [&hellip;]","og_url":"https:\/\/blog.zeit.de\/stoerungsmelder\/2009\/11\/08\/piraten-mit-rechter-schlagseite_1838","og_site_name":"St\u00f6rungsmelder","article_published_time":"2009-11-08T10:44:08+00:00","og_image":[{"url":"https:\/\/blog.zeit.de\/stoerungsmelder\/files\/2009\/09\/piraten-410.jpg"}],"author":"Clara Herrmann","twitter_card":"summary_large_image","twitter_misc":{"Geschrieben von":"Clara Herrmann","Gesch\u00e4tzte Lesezeit":"3\u00a0Minuten"},"schema":{"@context":"https:\/\/schema.org","@graph":[{"@type":"WebPage","@id":"https:\/\/blog.zeit.de\/stoerungsmelder\/2009\/11\/08\/piraten-mit-rechter-schlagseite_1838","url":"https:\/\/blog.zeit.de\/stoerungsmelder\/2009\/11\/08\/piraten-mit-rechter-schlagseite_1838","name":"Piraten mit rechter Schlagseite - St\u00f6rungsmelder","isPartOf":{"@id":"https:\/\/blog.zeit.de\/stoerungsmelder\/#website"},"datePublished":"2009-11-08T10:44:08+00:00","dateModified":"2009-11-08T10:44:08+00:00","author":{"@id":"https:\/\/blog.zeit.de\/stoerungsmelder\/#\/schema\/person\/edc999bf09f96e71c295c3551c323fa2"},"breadcrumb":{"@id":"https:\/\/blog.zeit.de\/stoerungsmelder\/2009\/11\/08\/piraten-mit-rechter-schlagseite_1838#breadcrumb"},"inLanguage":"de","potentialAction":[{"@type":"ReadAction","target":["https:\/\/blog.zeit.de\/stoerungsmelder\/2009\/11\/08\/piraten-mit-rechter-schlagseite_1838"]}]},{"@type":"BreadcrumbList","@id":"https:\/\/blog.zeit.de\/stoerungsmelder\/2009\/11\/08\/piraten-mit-rechter-schlagseite_1838#breadcrumb","itemListElement":[{"@type":"ListItem","position":1,"name":"Startseite","item":"https:\/\/blog.zeit.de\/stoerungsmelder"},{"@type":"ListItem","position":2,"name":"Piraten mit rechter Schlagseite"}]},{"@type":"WebSite","@id":"https:\/\/blog.zeit.de\/stoerungsmelder\/#website","url":"https:\/\/blog.zeit.de\/stoerungsmelder\/","name":"St\u00f6rungsmelder","description":"Recherchen und Analysen \u00fcber die extreme Rechte","potentialAction":[{"@type":"SearchAction","target":{"@type":"EntryPoint","urlTemplate":"https:\/\/blog.zeit.de\/stoerungsmelder\/?s={search_term_string}"},"query-input":"required name=search_term_string"}],"inLanguage":"de"},{"@type":"Person","@id":"https:\/\/blog.zeit.de\/stoerungsmelder\/#\/schema\/person\/edc999bf09f96e71c295c3551c323fa2","name":"Clara Herrmann","image":{"@type":"ImageObject","inLanguage":"de","@id":"https:\/\/blog.zeit.de\/stoerungsmelder\/#\/schema\/person\/image\/","url":"https:\/\/secure.gravatar.com\/avatar\/04b40705f948898f2d062b2baf918db0e44716afe022753fee34274b82cee0d7?s=96&d=mm&r=pg","contentUrl":"https:\/\/secure.gravatar.com\/avatar\/04b40705f948898f2d062b2baf918db0e44716afe022753fee34274b82cee0d7?s=96&d=mm&r=pg","caption":"Clara Herrmann"},"url":"https:\/\/blog.zeit.de\/stoerungsmelder\/author\/clara-herrmann"}]}},"jetpack_featured_media_url":"","jetpack_sharing_enabled":true,"_links":{"self":[{"href":"https:\/\/blog.zeit.de\/stoerungsmelder\/wp-json\/wp\/v2\/posts\/1838","targetHints":{"allow":["GET"]}}],"collection":[{"href":"https:\/\/blog.zeit.de\/stoerungsmelder\/wp-json\/wp\/v2\/posts"}],"about":[{"href":"https:\/\/blog.zeit.de\/stoerungsmelder\/wp-json\/wp\/v2\/types\/post"}],"author":[{"embeddable":true,"href":"https:\/\/blog.zeit.de\/stoerungsmelder\/wp-json\/wp\/v2\/users\/255"}],"replies":[{"embeddable":true,"href":"https:\/\/blog.zeit.de\/stoerungsmelder\/wp-json\/wp\/v2\/comments?post=1838"}],"version-history":[{"count":0,"href":"https:\/\/blog.zeit.de\/stoerungsmelder\/wp-json\/wp\/v2\/posts\/1838\/revisions"}],"wp:attachment":[{"href":"https:\/\/blog.zeit.de\/stoerungsmelder\/wp-json\/wp\/v2\/media?parent=1838"}],"wp:term":[{"taxonomy":"category","embeddable":true,"href":"https:\/\/blog.zeit.de\/stoerungsmelder\/wp-json\/wp\/v2\/categories?post=1838"},{"taxonomy":"post_tag","embeddable":true,"href":"https:\/\/blog.zeit.de\/stoerungsmelder\/wp-json\/wp\/v2\/tags?post=1838"}],"curies":[{"name":"wp","href":"https:\/\/api.w.org\/{rel}","templated":true}]}}