{"id":184,"date":"2007-12-28T16:54:57","date_gmt":"2007-12-28T15:54:57","guid":{"rendered":"http:\/\/blog.zeit.de\/stoerungsmelder\/2007\/12\/28\/koch-beschert-der-npd-einen-triumph_184"},"modified":"2007-12-28T16:54:57","modified_gmt":"2007-12-28T15:54:57","slug":"koch-beschert-der-npd-einen-triumph","status":"publish","type":"post","link":"https:\/\/blog.zeit.de\/stoerungsmelder\/2007\/12\/28\/koch-beschert-der-npd-einen-triumph_184","title":{"rendered":"Koch beschert der NPD einen Triumph"},"content":{"rendered":"<p>Geht es Hessens Ministerpr\u00e4sident Roland Koch um seine Macht, scheinen ihm alle Mittel Recht, \u00e4hnlich wie seinem Unionskollegen J\u00fcrgen R\u00fcttgers in NRW. <!--more-->Kochs Umfragewerte f\u00fcr die kommende Landtagswahl \u00fcberzeugen wenig, und die SPD hat mit dem Mindestlohn sogar ein Wahlkampfthema gefunden, das zieht. Also muss Koch mal wieder in seine Zauberkiste greifen &#8211; und erneut gegen Ausl\u00e4nder hetzen. Schon seinen Wahlsieg 1999 verdankte er einer Unterschriftenaktion gegen Nicht-Deutsche. Das aktuelle Thema: der brutale \u00dcberfall von zwei Jugendlichen auf einen Rentner in M\u00fcnchen. Ohne Zweifel eine Tat, die einen kopfsch\u00fctelnd und ratlos zur\u00fcckl\u00e4sst.<\/p>\n<p>Koch aber hat aus Wiesbaden die Tat und ihre Ursachen sofort knallhart analysiert und bietet nun seine Interpretation an, das Ganze im gedruckten Volksempf\u00e4nger &#8222;Bild&#8220;-Zeitung, welche dem &#8222;Herrn Ministerpr\u00e4sidenten&#8220; in schmierigster Art und Weise eine Vorlage nach der anderen f\u00fcr seine Hetze liefert. Und die klingt dann so: &#8222;Wir haben zu viele kriminelle Ausl\u00e4nder&#8220; und &#8222;Wer sich nicht an die Regeln h\u00e4lt, der muss weg.&#8220; Weiterhin lamentiert Koch in bew\u00e4hrter Neurechter-Manier gegen halluzinierte Multik-Kulti-Zust\u00e4nde, ganz so, als h\u00e4tten in den vergangenen 50 Jahren durchweg die Gr\u00fcnen die Ausl\u00e4nderpolitik in Deutschland bestimmt.<\/p>\n<p>Koch interessiert sich nicht f\u00fcr Details, er will Stimmung machen. Und er benutzt dabei NPD-Parolen. Was Koch und Konsorten (und Kameraden) ausklammern: Viele Jugendlichen sind zwar auf dem Papier keine Deutschen, praktisch sind sie aber B\u00fcrger dieses Landes &#8211; wenn auch zweiter oder dritter Klasse. Viele wurden hier geboren oder sind schon seit vielen Jahre hier. Mit ihrer Hetze wollen Politiker vom Schlage des &#8222;Hessen-Hitlers&#8220; (Titanic) vor allem auch von ihrem eigenen Versagen ablenken. Und dann rufen solche Personen, von denen man in ihrer Position auch so etwas wie Verantwortungsgef\u00fchl erwarten d\u00fcrfte, zu Wachsamkeit gegen Rechtsextremismus auf und versprechen, mit voller H\u00e4rte gegen rassistische Schl\u00e4ger vorzugehen, die Kochs Schlagworte schon einmal in die Tat umsetzen.<\/p>\n<p>F\u00fcr die NPD ist bei der Wahl in Hessen sowieso nichts zu holen gewesen, nach Kochs neuer Attacke schon gar nicht mehr. Langfristig werden die NPD-Positionen durch solche Leute wie Koch aber salonf\u00e4hig gemacht. Die neue Rechte verfolgt eine Metapolitik, bei der es darum geht, bestimmte v\u00f6lkische Ideen in der Gesellschaft zu verbreiten. Koch leistet dabei bestm\u00f6gliche Hilfe. Ein Wahlsieg f\u00fcr Koch ist also auch ein Triumph f\u00fcr die NPD und alle Stammtisch-Rassisten.<br \/>\n<img loading=\"lazy\" decoding=\"async\" src=\"http:\/\/vg04.met.vgwort.de\/na\/efda0f26baf741f842e14cd6616754\" height=\"1\" width=\"1\" \/><br \/>\n<a href=\"http:\/\/npd-blog.info\/?cat=15\">NPD-BLOG.INFO \u00fcber Hessen.<\/a><\/p>\n","protected":false},"excerpt":{"rendered":"<p>Geht es Hessens Ministerpr\u00e4sident Roland Koch um seine Macht, scheinen ihm alle Mittel Recht, \u00e4hnlich wie seinem Unionskollegen J\u00fcrgen R\u00fcttgers in NRW.<\/p>\n","protected":false},"author":227,"featured_media":0,"comment_status":"open","ping_status":"open","sticky":false,"template":"","format":"standard","meta":{"_jetpack_memberships_contains_paid_content":false,"footnotes":""},"categories":[1453],"tags":[902,1716,955],"class_list":["post-184","post","type-post","status-publish","format-standard","hentry","category-hessen","tag-cdu","tag-npd","tag-wahlen"],"yoast_head":"<!-- This site is optimized with the Yoast SEO plugin v21.0 - https:\/\/yoast.com\/wordpress\/plugins\/seo\/ -->\n<title>Koch beschert der NPD einen Triumph - St\u00f6rungsmelder<\/title>\n<meta name=\"robots\" content=\"index, follow, max-snippet:-1, max-image-preview:large, max-video-preview:-1\" \/>\n<link rel=\"canonical\" href=\"https:\/\/blog.zeit.de\/stoerungsmelder\/2007\/12\/28\/koch-beschert-der-npd-einen-triumph_184\" \/>\n<meta property=\"og:locale\" content=\"de_DE\" \/>\n<meta property=\"og:type\" content=\"article\" \/>\n<meta property=\"og:title\" content=\"Koch beschert der NPD einen Triumph - St\u00f6rungsmelder\" \/>\n<meta property=\"og:description\" content=\"Geht es Hessens Ministerpr\u00e4sident Roland Koch um seine Macht, scheinen ihm alle Mittel Recht, \u00e4hnlich wie seinem Unionskollegen J\u00fcrgen R\u00fcttgers in NRW.\" \/>\n<meta property=\"og:url\" content=\"https:\/\/blog.zeit.de\/stoerungsmelder\/2007\/12\/28\/koch-beschert-der-npd-einen-triumph_184\" \/>\n<meta property=\"og:site_name\" content=\"St\u00f6rungsmelder\" \/>\n<meta property=\"article:published_time\" content=\"2007-12-28T15:54:57+00:00\" \/>\n<meta property=\"og:image\" content=\"http:\/\/vg04.met.vgwort.de\/na\/efda0f26baf741f842e14cd6616754\" \/>\n<meta name=\"author\" content=\"Patrick Gensing\" \/>\n<meta name=\"twitter:card\" content=\"summary_large_image\" \/>\n<meta name=\"twitter:label1\" content=\"Geschrieben von\" \/>\n\t<meta name=\"twitter:data1\" content=\"Patrick Gensing\" \/>\n\t<meta name=\"twitter:label2\" content=\"Gesch\u00e4tzte Lesezeit\" \/>\n\t<meta name=\"twitter:data2\" content=\"2\u00a0Minuten\" \/>\n<script type=\"application\/ld+json\" class=\"yoast-schema-graph\">{\"@context\":\"https:\/\/schema.org\",\"@graph\":[{\"@type\":\"WebPage\",\"@id\":\"https:\/\/blog.zeit.de\/stoerungsmelder\/2007\/12\/28\/koch-beschert-der-npd-einen-triumph_184\",\"url\":\"https:\/\/blog.zeit.de\/stoerungsmelder\/2007\/12\/28\/koch-beschert-der-npd-einen-triumph_184\",\"name\":\"Koch beschert der NPD einen Triumph - St\u00f6rungsmelder\",\"isPartOf\":{\"@id\":\"https:\/\/blog.zeit.de\/stoerungsmelder\/#website\"},\"datePublished\":\"2007-12-28T15:54:57+00:00\",\"dateModified\":\"2007-12-28T15:54:57+00:00\",\"author\":{\"@id\":\"https:\/\/blog.zeit.de\/stoerungsmelder\/#\/schema\/person\/1898e9a6d47b4737da2c4fca74a10552\"},\"breadcrumb\":{\"@id\":\"https:\/\/blog.zeit.de\/stoerungsmelder\/2007\/12\/28\/koch-beschert-der-npd-einen-triumph_184#breadcrumb\"},\"inLanguage\":\"de\",\"potentialAction\":[{\"@type\":\"ReadAction\",\"target\":[\"https:\/\/blog.zeit.de\/stoerungsmelder\/2007\/12\/28\/koch-beschert-der-npd-einen-triumph_184\"]}]},{\"@type\":\"BreadcrumbList\",\"@id\":\"https:\/\/blog.zeit.de\/stoerungsmelder\/2007\/12\/28\/koch-beschert-der-npd-einen-triumph_184#breadcrumb\",\"itemListElement\":[{\"@type\":\"ListItem\",\"position\":1,\"name\":\"Startseite\",\"item\":\"https:\/\/blog.zeit.de\/stoerungsmelder\"},{\"@type\":\"ListItem\",\"position\":2,\"name\":\"Koch beschert der NPD einen Triumph\"}]},{\"@type\":\"WebSite\",\"@id\":\"https:\/\/blog.zeit.de\/stoerungsmelder\/#website\",\"url\":\"https:\/\/blog.zeit.de\/stoerungsmelder\/\",\"name\":\"St\u00f6rungsmelder\",\"description\":\"Recherchen und Analysen \u00fcber die extreme Rechte\",\"potentialAction\":[{\"@type\":\"SearchAction\",\"target\":{\"@type\":\"EntryPoint\",\"urlTemplate\":\"https:\/\/blog.zeit.de\/stoerungsmelder\/?s={search_term_string}\"},\"query-input\":\"required name=search_term_string\"}],\"inLanguage\":\"de\"},{\"@type\":\"Person\",\"@id\":\"https:\/\/blog.zeit.de\/stoerungsmelder\/#\/schema\/person\/1898e9a6d47b4737da2c4fca74a10552\",\"name\":\"Patrick Gensing\",\"image\":{\"@type\":\"ImageObject\",\"inLanguage\":\"de\",\"@id\":\"https:\/\/blog.zeit.de\/stoerungsmelder\/#\/schema\/person\/image\/\",\"url\":\"https:\/\/secure.gravatar.com\/avatar\/a7a6fc628ed4dd7517525b944e2a8b13f64804f428d399d781f8dd0c4651643a?s=96&d=mm&r=pg\",\"contentUrl\":\"https:\/\/secure.gravatar.com\/avatar\/a7a6fc628ed4dd7517525b944e2a8b13f64804f428d399d781f8dd0c4651643a?s=96&d=mm&r=pg\",\"caption\":\"Patrick Gensing\"},\"description\":\"Journalist, Blogger, Buchautor - Patrick Gensing besch\u00e4ftigt sich seit seiner Jugend Ende der 1980er Jahre mit den Themen Neonazis, Rassismus und Antisemitismus. Seit rund zehn Jahren schreibt er als Journalist \u00fcber diese Themen, unter anderem bei tagesschau.de, bei Zeit-Online, in der taz - oder in dem Buch \\\"Terror von rechts\\\", das am 14. September 2012 erscheint.\",\"sameAs\":[\"http:\/\/publikative.org\"],\"url\":\"https:\/\/blog.zeit.de\/stoerungsmelder\/author\/patrick-gensing\"}]}<\/script>\n<!-- \/ Yoast SEO plugin. -->","yoast_head_json":{"title":"Koch beschert der NPD einen Triumph - St\u00f6rungsmelder","robots":{"index":"index","follow":"follow","max-snippet":"max-snippet:-1","max-image-preview":"max-image-preview:large","max-video-preview":"max-video-preview:-1"},"canonical":"https:\/\/blog.zeit.de\/stoerungsmelder\/2007\/12\/28\/koch-beschert-der-npd-einen-triumph_184","og_locale":"de_DE","og_type":"article","og_title":"Koch beschert der NPD einen Triumph - St\u00f6rungsmelder","og_description":"Geht es Hessens Ministerpr\u00e4sident Roland Koch um seine Macht, scheinen ihm alle Mittel Recht, \u00e4hnlich wie seinem Unionskollegen J\u00fcrgen R\u00fcttgers in NRW.","og_url":"https:\/\/blog.zeit.de\/stoerungsmelder\/2007\/12\/28\/koch-beschert-der-npd-einen-triumph_184","og_site_name":"St\u00f6rungsmelder","article_published_time":"2007-12-28T15:54:57+00:00","og_image":[{"url":"http:\/\/vg04.met.vgwort.de\/na\/efda0f26baf741f842e14cd6616754"}],"author":"Patrick Gensing","twitter_card":"summary_large_image","twitter_misc":{"Geschrieben von":"Patrick Gensing","Gesch\u00e4tzte Lesezeit":"2\u00a0Minuten"},"schema":{"@context":"https:\/\/schema.org","@graph":[{"@type":"WebPage","@id":"https:\/\/blog.zeit.de\/stoerungsmelder\/2007\/12\/28\/koch-beschert-der-npd-einen-triumph_184","url":"https:\/\/blog.zeit.de\/stoerungsmelder\/2007\/12\/28\/koch-beschert-der-npd-einen-triumph_184","name":"Koch beschert der NPD einen Triumph - St\u00f6rungsmelder","isPartOf":{"@id":"https:\/\/blog.zeit.de\/stoerungsmelder\/#website"},"datePublished":"2007-12-28T15:54:57+00:00","dateModified":"2007-12-28T15:54:57+00:00","author":{"@id":"https:\/\/blog.zeit.de\/stoerungsmelder\/#\/schema\/person\/1898e9a6d47b4737da2c4fca74a10552"},"breadcrumb":{"@id":"https:\/\/blog.zeit.de\/stoerungsmelder\/2007\/12\/28\/koch-beschert-der-npd-einen-triumph_184#breadcrumb"},"inLanguage":"de","potentialAction":[{"@type":"ReadAction","target":["https:\/\/blog.zeit.de\/stoerungsmelder\/2007\/12\/28\/koch-beschert-der-npd-einen-triumph_184"]}]},{"@type":"BreadcrumbList","@id":"https:\/\/blog.zeit.de\/stoerungsmelder\/2007\/12\/28\/koch-beschert-der-npd-einen-triumph_184#breadcrumb","itemListElement":[{"@type":"ListItem","position":1,"name":"Startseite","item":"https:\/\/blog.zeit.de\/stoerungsmelder"},{"@type":"ListItem","position":2,"name":"Koch beschert der NPD einen Triumph"}]},{"@type":"WebSite","@id":"https:\/\/blog.zeit.de\/stoerungsmelder\/#website","url":"https:\/\/blog.zeit.de\/stoerungsmelder\/","name":"St\u00f6rungsmelder","description":"Recherchen und Analysen \u00fcber die extreme Rechte","potentialAction":[{"@type":"SearchAction","target":{"@type":"EntryPoint","urlTemplate":"https:\/\/blog.zeit.de\/stoerungsmelder\/?s={search_term_string}"},"query-input":"required name=search_term_string"}],"inLanguage":"de"},{"@type":"Person","@id":"https:\/\/blog.zeit.de\/stoerungsmelder\/#\/schema\/person\/1898e9a6d47b4737da2c4fca74a10552","name":"Patrick Gensing","image":{"@type":"ImageObject","inLanguage":"de","@id":"https:\/\/blog.zeit.de\/stoerungsmelder\/#\/schema\/person\/image\/","url":"https:\/\/secure.gravatar.com\/avatar\/a7a6fc628ed4dd7517525b944e2a8b13f64804f428d399d781f8dd0c4651643a?s=96&d=mm&r=pg","contentUrl":"https:\/\/secure.gravatar.com\/avatar\/a7a6fc628ed4dd7517525b944e2a8b13f64804f428d399d781f8dd0c4651643a?s=96&d=mm&r=pg","caption":"Patrick Gensing"},"description":"Journalist, Blogger, Buchautor - Patrick Gensing besch\u00e4ftigt sich seit seiner Jugend Ende der 1980er Jahre mit den Themen Neonazis, Rassismus und Antisemitismus. Seit rund zehn Jahren schreibt er als Journalist \u00fcber diese Themen, unter anderem bei tagesschau.de, bei Zeit-Online, in der taz - oder in dem Buch \"Terror von rechts\", das am 14. September 2012 erscheint.","sameAs":["http:\/\/publikative.org"],"url":"https:\/\/blog.zeit.de\/stoerungsmelder\/author\/patrick-gensing"}]}},"jetpack_featured_media_url":"","jetpack_sharing_enabled":true,"_links":{"self":[{"href":"https:\/\/blog.zeit.de\/stoerungsmelder\/wp-json\/wp\/v2\/posts\/184","targetHints":{"allow":["GET"]}}],"collection":[{"href":"https:\/\/blog.zeit.de\/stoerungsmelder\/wp-json\/wp\/v2\/posts"}],"about":[{"href":"https:\/\/blog.zeit.de\/stoerungsmelder\/wp-json\/wp\/v2\/types\/post"}],"author":[{"embeddable":true,"href":"https:\/\/blog.zeit.de\/stoerungsmelder\/wp-json\/wp\/v2\/users\/227"}],"replies":[{"embeddable":true,"href":"https:\/\/blog.zeit.de\/stoerungsmelder\/wp-json\/wp\/v2\/comments?post=184"}],"version-history":[{"count":0,"href":"https:\/\/blog.zeit.de\/stoerungsmelder\/wp-json\/wp\/v2\/posts\/184\/revisions"}],"wp:attachment":[{"href":"https:\/\/blog.zeit.de\/stoerungsmelder\/wp-json\/wp\/v2\/media?parent=184"}],"wp:term":[{"taxonomy":"category","embeddable":true,"href":"https:\/\/blog.zeit.de\/stoerungsmelder\/wp-json\/wp\/v2\/categories?post=184"},{"taxonomy":"post_tag","embeddable":true,"href":"https:\/\/blog.zeit.de\/stoerungsmelder\/wp-json\/wp\/v2\/tags?post=184"}],"curies":[{"name":"wp","href":"https:\/\/api.w.org\/{rel}","templated":true}]}}