{"id":18539,"date":"2015-02-11T07:35:33","date_gmt":"2015-02-11T06:35:33","guid":{"rendered":"http:\/\/blog.zeit.de\/stoerungsmelder\/?p=18539"},"modified":"2015-02-11T07:35:33","modified_gmt":"2015-02-11T06:35:33","slug":"fotogalerie-aufmarsch-der-hogesa-abspaltung-gemeinsam-stark-deutschland-in-ludwigshafen","status":"publish","type":"post","link":"https:\/\/blog.zeit.de\/stoerungsmelder\/2015\/02\/11\/fotogalerie-aufmarsch-der-hogesa-abspaltung-gemeinsam-stark-deutschland-in-ludwigshafen_18539","title":{"rendered":"Fotogalerie: Aufmarsch der HoGeSa-Abspaltung &#8222;Gemeinsam-Stark Deutschland&#8220; in Ludwigshafen"},"content":{"rendered":"<p><a href=\"https:\/\/blog.zeit.de\/stoerungsmelder\/files\/2015\/02\/Sm-Head-Ludwigshafen.jpg\"><img loading=\"lazy\" decoding=\"async\" class=\"aligncenter size-full wp-image-18554\" src=\"https:\/\/blog.zeit.de\/stoerungsmelder\/files\/2015\/02\/Sm-Head-Ludwigshafen.jpg\" alt=\"Sm Head Ludwigshafen\" width=\"540\" height=\"361\" srcset=\"https:\/\/blog.zeit.de\/stoerungsmelder\/files\/2015\/02\/Sm-Head-Ludwigshafen.jpg 540w, https:\/\/blog.zeit.de\/stoerungsmelder\/files\/2015\/02\/Sm-Head-Ludwigshafen-300x200.jpg 300w\" sizes=\"auto, (max-width: 540px) 100vw, 540px\" \/><\/a>Am vergangenen Sonntag wollte die Hogesa-Abspaltung &#8222;Gemeinsam Stark Deutschland&#8220; in Ludwigshafen ihre St\u00e4rke demonstrieren. Doch bereits im Vorfeld wurde eine Demonstration untersagt und am Ende kamen nur rund 400 Hooligans. Nach den internen Streitigkeiten scheint sich auch die Hooligan-Bewegung ihrem Ende zu n\u00e4hern. In Ludwigshafen \u00fcberstieg die Zahl der Gegendemonstranten die der Hooligans um ein Vielfaches. F\u00fcr den 15. M\u00e4rz wird eine weitere Demonstration in Erfurt angek\u00fcndigt.<!--more--><\/p>\n<p><div id='gallery-1' class='gallery galleryid-18539 gallery-columns-3 gallery-size-thumbnail'><figure class='gallery-item'>\n\t\t\t<div class='gallery-icon landscape'>\n\t\t\t\t<a href='https:\/\/blog.zeit.de\/stoerungsmelder\/files\/2015\/02\/Aufmarsch_GSD_Ludwigshafen_20150208_5755-\u00a9-Christian-Martischius.jpg'><img loading=\"lazy\" decoding=\"async\" width=\"150\" height=\"150\" src=\"https:\/\/blog.zeit.de\/stoerungsmelder\/files\/2015\/02\/Aufmarsch_GSD_Ludwigshafen_20150208_5755-\u00a9-Christian-Martischius-150x150.jpg\" class=\"attachment-thumbnail size-thumbnail\" alt=\"\" aria-describedby=\"gallery-1-18537\" \/><\/a>\n\t\t\t<\/div>\n\t\t\t\t<figcaption class='wp-caption-text gallery-caption' id='gallery-1-18537'>\n\t\t\t\tKundgebungsort der Hooligans und Neo-Nazis | \u00a9 Christian Martischius\n\t\t\t\t<\/figcaption><\/figure><figure class='gallery-item'>\n\t\t\t<div class='gallery-icon landscape'>\n\t\t\t\t<a href='https:\/\/blog.zeit.de\/stoerungsmelder\/files\/2015\/02\/Aufmarsch_GSD_Ludwigshafen_20150208_5724-\u00a9-Christian-Martischius.jpg'><img loading=\"lazy\" decoding=\"async\" width=\"150\" height=\"150\" src=\"https:\/\/blog.zeit.de\/stoerungsmelder\/files\/2015\/02\/Aufmarsch_GSD_Ludwigshafen_20150208_5724-\u00a9-Christian-Martischius-150x150.jpg\" class=\"attachment-thumbnail size-thumbnail\" alt=\"\" aria-describedby=\"gallery-1-18533\" \/><\/a>\n\t\t\t<\/div>\n\t\t\t\t<figcaption class='wp-caption-text gallery-caption' id='gallery-1-18533'>\n\t\t\t\tRedner Dominik Roeseler, der f\u00fcr &#8222;Pro NRW&#8220; im M\u00f6nchengladbacher Stadtrat sitzt | \u00a9 Christian Martischius\n\t\t\t\t<\/figcaption><\/figure><figure class='gallery-item'>\n\t\t\t<div class='gallery-icon landscape'>\n\t\t\t\t<a href='https:\/\/blog.zeit.de\/stoerungsmelder\/files\/2015\/02\/Aufmarsch_GSD_Ludwigshafen_20150208_5635-\u00a9-Christian-Martischius.jpg'><img loading=\"lazy\" decoding=\"async\" width=\"150\" height=\"150\" src=\"https:\/\/blog.zeit.de\/stoerungsmelder\/files\/2015\/02\/Aufmarsch_GSD_Ludwigshafen_20150208_5635-\u00a9-Christian-Martischius-150x150.jpg\" class=\"attachment-thumbnail size-thumbnail\" alt=\"\" aria-describedby=\"gallery-1-18527\" \/><\/a>\n\t\t\t<\/div>\n\t\t\t\t<figcaption class='wp-caption-text gallery-caption' id='gallery-1-18527'>\n\t\t\t\tHooligan mit HoGeSa-Schriftzug | \u00a9 Christian Martischius\n\t\t\t\t<\/figcaption><\/figure><figure class='gallery-item'>\n\t\t\t<div class='gallery-icon landscape'>\n\t\t\t\t<a href='https:\/\/blog.zeit.de\/stoerungsmelder\/files\/2015\/02\/Aufmarsch_GSD_Ludwigshafen_20150208_5740-\u00a9-Christian-Martischius.jpg'><img loading=\"lazy\" decoding=\"async\" width=\"150\" height=\"150\" src=\"https:\/\/blog.zeit.de\/stoerungsmelder\/files\/2015\/02\/Aufmarsch_GSD_Ludwigshafen_20150208_5740-\u00a9-Christian-Martischius-150x150.jpg\" class=\"attachment-thumbnail size-thumbnail\" alt=\"\" aria-describedby=\"gallery-1-18536\" \/><\/a>\n\t\t\t<\/div>\n\t\t\t\t<figcaption class='wp-caption-text gallery-caption' id='gallery-1-18536'>\n\t\t\t\tHooligans | \u00a9 Christian Martischius\n\t\t\t\t<\/figcaption><\/figure><figure class='gallery-item'>\n\t\t\t<div class='gallery-icon landscape'>\n\t\t\t\t<a href='https:\/\/blog.zeit.de\/stoerungsmelder\/files\/2015\/02\/Aufmarsch_GSD_Ludwigshafen_20150208_5664-\u00a9-Christian-Martischius.jpg'><img loading=\"lazy\" decoding=\"async\" width=\"150\" height=\"150\" src=\"https:\/\/blog.zeit.de\/stoerungsmelder\/files\/2015\/02\/Aufmarsch_GSD_Ludwigshafen_20150208_5664-\u00a9-Christian-Martischius-150x150.jpg\" class=\"attachment-thumbnail size-thumbnail\" alt=\"\" aria-describedby=\"gallery-1-18528\" \/><\/a>\n\t\t\t<\/div>\n\t\t\t\t<figcaption class='wp-caption-text gallery-caption' id='gallery-1-18528'>\n\t\t\t\tTeilnehmerin des Aufmarsches mit Nazi-Aufn\u00e4her | \u00a9 Christian Martischius\n\t\t\t\t<\/figcaption><\/figure><figure class='gallery-item'>\n\t\t\t<div class='gallery-icon landscape'>\n\t\t\t\t<a href='https:\/\/blog.zeit.de\/stoerungsmelder\/files\/2015\/02\/Aufmarsch_GSD_Ludwigshafen_20150208_5739-\u00a9-Christian-Martischius.jpg'><img loading=\"lazy\" decoding=\"async\" width=\"150\" height=\"150\" src=\"https:\/\/blog.zeit.de\/stoerungsmelder\/files\/2015\/02\/Aufmarsch_GSD_Ludwigshafen_20150208_5739-\u00a9-Christian-Martischius-150x150.jpg\" class=\"attachment-thumbnail size-thumbnail\" alt=\"\" aria-describedby=\"gallery-1-18535\" \/><\/a>\n\t\t\t<\/div>\n\t\t\t\t<figcaption class='wp-caption-text gallery-caption' id='gallery-1-18535'>\n\t\t\t\tAufmarsch-Teilnehmer mit Nazi-Bekleidung | \u00a9 Christian Martischius\n\t\t\t\t<\/figcaption><\/figure><figure class='gallery-item'>\n\t\t\t<div class='gallery-icon landscape'>\n\t\t\t\t<a href='https:\/\/blog.zeit.de\/stoerungsmelder\/files\/2015\/02\/Aufmarsch_GSD_Ludwigshafen_20150208_5699-\u00a9-Christian-Martischius.jpg'><img loading=\"lazy\" decoding=\"async\" width=\"150\" height=\"150\" src=\"https:\/\/blog.zeit.de\/stoerungsmelder\/files\/2015\/02\/Aufmarsch_GSD_Ludwigshafen_20150208_5699-\u00a9-Christian-Martischius-150x150.jpg\" class=\"attachment-thumbnail size-thumbnail\" alt=\"\" aria-describedby=\"gallery-1-18530\" \/><\/a>\n\t\t\t<\/div>\n\t\t\t\t<figcaption class='wp-caption-text gallery-caption' id='gallery-1-18530'>\n\t\t\t\tTeilnehmer mit szenetypischer Nazi-Bekleidung | \u00a9 Christian Martischius\n\t\t\t\t<\/figcaption><\/figure><figure class='gallery-item'>\n\t\t\t<div class='gallery-icon landscape'>\n\t\t\t\t<a href='https:\/\/blog.zeit.de\/stoerungsmelder\/files\/2015\/02\/Aufmarsch_GSD_Ludwigshafen_20150208_5709-\u00a9-Christian-Martischius.jpg'><img loading=\"lazy\" decoding=\"async\" width=\"150\" height=\"150\" src=\"https:\/\/blog.zeit.de\/stoerungsmelder\/files\/2015\/02\/Aufmarsch_GSD_Ludwigshafen_20150208_5709-\u00a9-Christian-Martischius-150x150.jpg\" class=\"attachment-thumbnail size-thumbnail\" alt=\"\" aria-describedby=\"gallery-1-18531\" \/><\/a>\n\t\t\t<\/div>\n\t\t\t\t<figcaption class='wp-caption-text gallery-caption' id='gallery-1-18531'>\n\t\t\t\tTeilnehmer mit szenetypischer Nazi-Bekleidung | \u00a9 Christian Martischius\n\t\t\t\t<\/figcaption><\/figure><figure class='gallery-item'>\n\t\t\t<div class='gallery-icon landscape'>\n\t\t\t\t<a href='https:\/\/blog.zeit.de\/stoerungsmelder\/files\/2015\/02\/Aufmarsch_GSD_Ludwigshafen_20150208_5690-\u00a9-Christian-Martischius.jpg'><img loading=\"lazy\" decoding=\"async\" width=\"150\" height=\"150\" src=\"https:\/\/blog.zeit.de\/stoerungsmelder\/files\/2015\/02\/Aufmarsch_GSD_Ludwigshafen_20150208_5690-\u00a9-Christian-Martischius-150x150.jpg\" class=\"attachment-thumbnail size-thumbnail\" alt=\"\" aria-describedby=\"gallery-1-18529\" \/><\/a>\n\t\t\t<\/div>\n\t\t\t\t<figcaption class='wp-caption-text gallery-caption' id='gallery-1-18529'>\n\t\t\t\tTeilnehmer der Hooligan-Kundgebung | \u00a9 Christian Martischius\n\t\t\t\t<\/figcaption><\/figure><figure class='gallery-item'>\n\t\t\t<div class='gallery-icon landscape'>\n\t\t\t\t<a href='https:\/\/blog.zeit.de\/stoerungsmelder\/files\/2015\/02\/Aufmarsch_GSD_Ludwigshafen_20150208_5727-\u00a9-Christian-Martischius.jpg'><img loading=\"lazy\" decoding=\"async\" width=\"150\" height=\"150\" src=\"https:\/\/blog.zeit.de\/stoerungsmelder\/files\/2015\/02\/Aufmarsch_GSD_Ludwigshafen_20150208_5727-\u00a9-Christian-Martischius-150x150.jpg\" class=\"attachment-thumbnail size-thumbnail\" alt=\"\" aria-describedby=\"gallery-1-18534\" \/><\/a>\n\t\t\t<\/div>\n\t\t\t\t<figcaption class='wp-caption-text gallery-caption' id='gallery-1-18534'>\n\t\t\t\tTransparente der Hooligans | \u00a9 Christian Martischius\n\t\t\t\t<\/figcaption><\/figure><figure class='gallery-item'>\n\t\t\t<div class='gallery-icon landscape'>\n\t\t\t\t<a href='https:\/\/blog.zeit.de\/stoerungsmelder\/files\/2015\/02\/Aufmarsch_GSD_Ludwigshafen_20150208_0494-\u00a9-Christian-Martischius.jpg'><img loading=\"lazy\" decoding=\"async\" width=\"150\" height=\"150\" src=\"https:\/\/blog.zeit.de\/stoerungsmelder\/files\/2015\/02\/Aufmarsch_GSD_Ludwigshafen_20150208_0494-\u00a9-Christian-Martischius-150x150.jpg\" class=\"attachment-thumbnail size-thumbnail\" alt=\"\" aria-describedby=\"gallery-1-18517\" \/><\/a>\n\t\t\t<\/div>\n\t\t\t\t<figcaption class='wp-caption-text gallery-caption' id='gallery-1-18517'>\n\t\t\t\tDemonstrationszug der Nazi-Gegner | \u00a9 Christian Martischius\n\t\t\t\t<\/figcaption><\/figure><figure class='gallery-item'>\n\t\t\t<div class='gallery-icon landscape'>\n\t\t\t\t<a href='https:\/\/blog.zeit.de\/stoerungsmelder\/files\/2015\/02\/Aufmarsch_GSD_Ludwigshafen_20150208_0599-\u00a9-Christian-Martischius.jpg'><img loading=\"lazy\" decoding=\"async\" width=\"150\" height=\"150\" src=\"https:\/\/blog.zeit.de\/stoerungsmelder\/files\/2015\/02\/Aufmarsch_GSD_Ludwigshafen_20150208_0599-\u00a9-Christian-Martischius-150x150.jpg\" class=\"attachment-thumbnail size-thumbnail\" alt=\"\" aria-describedby=\"gallery-1-18520\" \/><\/a>\n\t\t\t<\/div>\n\t\t\t\t<figcaption class='wp-caption-text gallery-caption' id='gallery-1-18520'>\n\t\t\t\tDemonstrationszug der Nazi-Gegner | \u00a9 Christian Martischius\n\t\t\t\t<\/figcaption><\/figure><figure class='gallery-item'>\n\t\t\t<div class='gallery-icon landscape'>\n\t\t\t\t<a href='https:\/\/blog.zeit.de\/stoerungsmelder\/files\/2015\/02\/Aufmarsch_GSD_Ludwigshafen_20150208_0539-\u00a9-Christian-Martischius.jpg'><img loading=\"lazy\" decoding=\"async\" width=\"150\" height=\"150\" src=\"https:\/\/blog.zeit.de\/stoerungsmelder\/files\/2015\/02\/Aufmarsch_GSD_Ludwigshafen_20150208_0539-\u00a9-Christian-Martischius-150x150.jpg\" class=\"attachment-thumbnail size-thumbnail\" alt=\"\" aria-describedby=\"gallery-1-18518\" \/><\/a>\n\t\t\t<\/div>\n\t\t\t\t<figcaption class='wp-caption-text gallery-caption' id='gallery-1-18518'>\n\t\t\t\tDemonstrationszug der Nazi-Gegner | \u00a9 Christian Martischius\n\t\t\t\t<\/figcaption><\/figure><figure class='gallery-item'>\n\t\t\t<div class='gallery-icon landscape'>\n\t\t\t\t<a href='https:\/\/blog.zeit.de\/stoerungsmelder\/files\/2015\/02\/Aufmarsch_GSD_Ludwigshafen_20150208_0597-\u00a9-Christian-Martischius.jpg'><img loading=\"lazy\" decoding=\"async\" width=\"150\" height=\"150\" src=\"https:\/\/blog.zeit.de\/stoerungsmelder\/files\/2015\/02\/Aufmarsch_GSD_Ludwigshafen_20150208_0597-\u00a9-Christian-Martischius-150x150.jpg\" class=\"attachment-thumbnail size-thumbnail\" alt=\"\" aria-describedby=\"gallery-1-18519\" \/><\/a>\n\t\t\t<\/div>\n\t\t\t\t<figcaption class='wp-caption-text gallery-caption' id='gallery-1-18519'>\n\t\t\t\tGegendemonstrantinnen | \u00a9 Christian Martischius\n\t\t\t\t<\/figcaption><\/figure><figure class='gallery-item'>\n\t\t\t<div class='gallery-icon landscape'>\n\t\t\t\t<a href='https:\/\/blog.zeit.de\/stoerungsmelder\/files\/2015\/02\/Aufmarsch_GSD_Ludwigshafen_20150208_5622-\u00a9-Christian-Martischius.jpg'><img loading=\"lazy\" decoding=\"async\" width=\"150\" height=\"150\" src=\"https:\/\/blog.zeit.de\/stoerungsmelder\/files\/2015\/02\/Aufmarsch_GSD_Ludwigshafen_20150208_5622-\u00a9-Christian-Martischius-150x150.jpg\" class=\"attachment-thumbnail size-thumbnail\" alt=\"\" aria-describedby=\"gallery-1-18526\" \/><\/a>\n\t\t\t<\/div>\n\t\t\t\t<figcaption class='wp-caption-text gallery-caption' id='gallery-1-18526'>\n\t\t\t\tTransparent der Nazi-Gegner | \u00a9 Christian Martischius\n\t\t\t\t<\/figcaption><\/figure><figure class='gallery-item'>\n\t\t\t<div class='gallery-icon landscape'>\n\t\t\t\t<a href='https:\/\/blog.zeit.de\/stoerungsmelder\/files\/2015\/02\/Aufmarsch_GSD_Ludwigshafen_20150208_5618-\u00a9-Christian-Martischius.jpg'><img loading=\"lazy\" decoding=\"async\" width=\"150\" height=\"150\" src=\"https:\/\/blog.zeit.de\/stoerungsmelder\/files\/2015\/02\/Aufmarsch_GSD_Ludwigshafen_20150208_5618-\u00a9-Christian-Martischius-150x150.jpg\" class=\"attachment-thumbnail size-thumbnail\" alt=\"\" aria-describedby=\"gallery-1-18525\" \/><\/a>\n\t\t\t<\/div>\n\t\t\t\t<figcaption class='wp-caption-text gallery-caption' id='gallery-1-18525'>\n\t\t\t\tGegendemonstranten | \u00a9 Christian Martischius\n\t\t\t\t<\/figcaption><\/figure><figure class='gallery-item'>\n\t\t\t<div class='gallery-icon landscape'>\n\t\t\t\t<a href='https:\/\/blog.zeit.de\/stoerungsmelder\/files\/2015\/02\/Aufmarsch_GSD_Ludwigshafen_20150208_0618-\u00a9-Christian-Martischius.jpg'><img loading=\"lazy\" decoding=\"async\" width=\"150\" height=\"150\" src=\"https:\/\/blog.zeit.de\/stoerungsmelder\/files\/2015\/02\/Aufmarsch_GSD_Ludwigshafen_20150208_0618-\u00a9-Christian-Martischius-150x150.jpg\" class=\"attachment-thumbnail size-thumbnail\" alt=\"\" aria-describedby=\"gallery-1-18521\" \/><\/a>\n\t\t\t<\/div>\n\t\t\t\t<figcaption class='wp-caption-text gallery-caption' id='gallery-1-18521'>\n\t\t\t\tVon Nazi-Gegnern gez\u00fcndete Pyrotechnik | \u00a9 Christian Martischius\n\t\t\t\t<\/figcaption><\/figure><figure class='gallery-item'>\n\t\t\t<div class='gallery-icon landscape'>\n\t\t\t\t<a href='https:\/\/blog.zeit.de\/stoerungsmelder\/files\/2015\/02\/Aufmarsch_GSD_Ludwigshafen_20150208_0652-\u00a9-Christian-Martischius.jpg'><img loading=\"lazy\" decoding=\"async\" width=\"150\" height=\"150\" src=\"https:\/\/blog.zeit.de\/stoerungsmelder\/files\/2015\/02\/Aufmarsch_GSD_Ludwigshafen_20150208_0652-\u00a9-Christian-Martischius-150x150.jpg\" class=\"attachment-thumbnail size-thumbnail\" alt=\"\" aria-describedby=\"gallery-1-18522\" \/><\/a>\n\t\t\t<\/div>\n\t\t\t\t<figcaption class='wp-caption-text gallery-caption' id='gallery-1-18522'>\n\t\t\t\tPolizei kesselt Nazi-Gegner | \u00a9 Christian Martischius\n\t\t\t\t<\/figcaption><\/figure><figure class='gallery-item'>\n\t\t\t<div class='gallery-icon landscape'>\n\t\t\t\t<a href='https:\/\/blog.zeit.de\/stoerungsmelder\/files\/2015\/02\/Aufmarsch_GSD_Ludwigshafen_20150208_5718-\u00a9-Christian-Martischius.jpg'><img loading=\"lazy\" decoding=\"async\" width=\"150\" height=\"150\" src=\"https:\/\/blog.zeit.de\/stoerungsmelder\/files\/2015\/02\/Aufmarsch_GSD_Ludwigshafen_20150208_5718-\u00a9-Christian-Martischius-150x150.jpg\" class=\"attachment-thumbnail size-thumbnail\" alt=\"\" aria-describedby=\"gallery-1-18532\" \/><\/a>\n\t\t\t<\/div>\n\t\t\t\t<figcaption class='wp-caption-text gallery-caption' id='gallery-1-18532'>\n\t\t\t\tKreativer Protest gegen den Aufmarsch von Hooligans und Neonazis | \u00a9 Christian Martischius\n\t\t\t\t<\/figcaption><\/figure><figure class='gallery-item'>\n\t\t\t<div class='gallery-icon landscape'>\n\t\t\t\t<a href='https:\/\/blog.zeit.de\/stoerungsmelder\/files\/2015\/02\/Aufmarsch_GSD_Ludwigshafen_20150208_0706-\u00a9-Christian-Martischius.jpg'><img loading=\"lazy\" decoding=\"async\" width=\"150\" height=\"150\" src=\"https:\/\/blog.zeit.de\/stoerungsmelder\/files\/2015\/02\/Aufmarsch_GSD_Ludwigshafen_20150208_0706-\u00a9-Christian-Martischius-150x150.jpg\" class=\"attachment-thumbnail size-thumbnail\" alt=\"\" aria-describedby=\"gallery-1-18523\" \/><\/a>\n\t\t\t<\/div>\n\t\t\t\t<figcaption class='wp-caption-text gallery-caption' id='gallery-1-18523'>\n\t\t\t\tLautstarker Protest | \u00a9 Christian Martischius\n\t\t\t\t<\/figcaption><\/figure><figure class='gallery-item'>\n\t\t\t<div class='gallery-icon landscape'>\n\t\t\t\t<a href='https:\/\/blog.zeit.de\/stoerungsmelder\/files\/2015\/02\/Aufmarsch_GSD_Ludwigshafen_20150208_0822-\u00a9-Christian-Martischius.jpg'><img loading=\"lazy\" decoding=\"async\" width=\"150\" height=\"150\" src=\"https:\/\/blog.zeit.de\/stoerungsmelder\/files\/2015\/02\/Aufmarsch_GSD_Ludwigshafen_20150208_0822-\u00a9-Christian-Martischius-150x150.jpg\" class=\"attachment-thumbnail size-thumbnail\" alt=\"\" aria-describedby=\"gallery-1-18524\" \/><\/a>\n\t\t\t<\/div>\n\t\t\t\t<figcaption class='wp-caption-text gallery-caption' id='gallery-1-18524'>\n\t\t\t\tPolizisten r\u00e4umen den Kessel der Nazi-Gegner | \u00a9 Christian Martischius\n\t\t\t\t<\/figcaption><\/figure>\n\t\t<\/div>\n<\/p>\n","protected":false},"excerpt":{"rendered":"<p>Am vergangenen Sonntag wollte die Hogesa-Abspaltung &#8222;Gemeinsam Stark Deutschland&#8220; in Ludwigshafen ihre St\u00e4rke demonstrieren. Doch bereits im Vorfeld wurde eine Demonstration untersagt und am Ende kamen nur rund 400 Hooligans. Nach den internen Streitigkeiten scheint sich auch die Hooligan-Bewegung ihrem Ende zu n\u00e4hern. In Ludwigshafen \u00fcberstieg die Zahl der Gegendemonstranten die der Hooligans um ein [&hellip;]<\/p>\n","protected":false},"author":498,"featured_media":0,"comment_status":"open","ping_status":"open","sticky":false,"template":"","format":"standard","meta":{"_jetpack_memberships_contains_paid_content":false,"footnotes":""},"categories":[1455],"tags":[32130,32243,34050,32145,1609,32263],"class_list":["post-18539","post","type-post","status-publish","format-standard","hentry","category-rheinland-pfalz","tag-dominik-roeseler","tag-gegenprotest","tag-gemeinsam-stark-deutschland-e-v","tag-hogesa","tag-hooligan","tag-hooligans-gegen-salafisten"],"yoast_head":"<!-- This site is optimized with the Yoast SEO plugin v21.0 - https:\/\/yoast.com\/wordpress\/plugins\/seo\/ -->\n<title>Fotogalerie: Aufmarsch der HoGeSa-Abspaltung &quot;Gemeinsam-Stark Deutschland&quot; in Ludwigshafen - St\u00f6rungsmelder<\/title>\n<meta name=\"robots\" content=\"index, follow, max-snippet:-1, max-image-preview:large, max-video-preview:-1\" \/>\n<link rel=\"canonical\" href=\"https:\/\/blog.zeit.de\/stoerungsmelder\/2015\/02\/11\/fotogalerie-aufmarsch-der-hogesa-abspaltung-gemeinsam-stark-deutschland-in-ludwigshafen_18539\" \/>\n<meta property=\"og:locale\" content=\"de_DE\" \/>\n<meta property=\"og:type\" content=\"article\" \/>\n<meta property=\"og:title\" content=\"Fotogalerie: Aufmarsch der HoGeSa-Abspaltung &quot;Gemeinsam-Stark Deutschland&quot; in Ludwigshafen - St\u00f6rungsmelder\" \/>\n<meta property=\"og:description\" content=\"Am vergangenen Sonntag wollte die Hogesa-Abspaltung &#8222;Gemeinsam Stark Deutschland&#8220; in Ludwigshafen ihre St\u00e4rke demonstrieren. Doch bereits im Vorfeld wurde eine Demonstration untersagt und am Ende kamen nur rund 400 Hooligans. Nach den internen Streitigkeiten scheint sich auch die Hooligan-Bewegung ihrem Ende zu n\u00e4hern. In Ludwigshafen \u00fcberstieg die Zahl der Gegendemonstranten die der Hooligans um ein [&hellip;]\" \/>\n<meta property=\"og:url\" content=\"https:\/\/blog.zeit.de\/stoerungsmelder\/2015\/02\/11\/fotogalerie-aufmarsch-der-hogesa-abspaltung-gemeinsam-stark-deutschland-in-ludwigshafen_18539\" \/>\n<meta property=\"og:site_name\" content=\"St\u00f6rungsmelder\" \/>\n<meta property=\"article:published_time\" content=\"2015-02-11T06:35:33+00:00\" \/>\n<meta property=\"og:image\" content=\"https:\/\/blog.zeit.de\/stoerungsmelder\/files\/2015\/02\/Aufmarsch_GSD_Ludwigshafen_20150208_5755-\u00a9-Christian-Martischius-150x150.jpg\" \/>\n<meta name=\"author\" content=\"Christian Martischius\" \/>\n<meta name=\"twitter:card\" content=\"summary_large_image\" \/>\n<meta name=\"twitter:label1\" content=\"Geschrieben von\" \/>\n\t<meta name=\"twitter:data1\" content=\"Christian Martischius\" \/>\n<script type=\"application\/ld+json\" class=\"yoast-schema-graph\">{\"@context\":\"https:\/\/schema.org\",\"@graph\":[{\"@type\":\"WebPage\",\"@id\":\"https:\/\/blog.zeit.de\/stoerungsmelder\/2015\/02\/11\/fotogalerie-aufmarsch-der-hogesa-abspaltung-gemeinsam-stark-deutschland-in-ludwigshafen_18539\",\"url\":\"https:\/\/blog.zeit.de\/stoerungsmelder\/2015\/02\/11\/fotogalerie-aufmarsch-der-hogesa-abspaltung-gemeinsam-stark-deutschland-in-ludwigshafen_18539\",\"name\":\"Fotogalerie: Aufmarsch der HoGeSa-Abspaltung \\\"Gemeinsam-Stark Deutschland\\\" in Ludwigshafen - St\u00f6rungsmelder\",\"isPartOf\":{\"@id\":\"https:\/\/blog.zeit.de\/stoerungsmelder\/#website\"},\"datePublished\":\"2015-02-11T06:35:33+00:00\",\"dateModified\":\"2015-02-11T06:35:33+00:00\",\"author\":{\"@id\":\"https:\/\/blog.zeit.de\/stoerungsmelder\/#\/schema\/person\/15e6ff535b3bcfee4d03f77ba3d3b870\"},\"breadcrumb\":{\"@id\":\"https:\/\/blog.zeit.de\/stoerungsmelder\/2015\/02\/11\/fotogalerie-aufmarsch-der-hogesa-abspaltung-gemeinsam-stark-deutschland-in-ludwigshafen_18539#breadcrumb\"},\"inLanguage\":\"de\",\"potentialAction\":[{\"@type\":\"ReadAction\",\"target\":[\"https:\/\/blog.zeit.de\/stoerungsmelder\/2015\/02\/11\/fotogalerie-aufmarsch-der-hogesa-abspaltung-gemeinsam-stark-deutschland-in-ludwigshafen_18539\"]}]},{\"@type\":\"BreadcrumbList\",\"@id\":\"https:\/\/blog.zeit.de\/stoerungsmelder\/2015\/02\/11\/fotogalerie-aufmarsch-der-hogesa-abspaltung-gemeinsam-stark-deutschland-in-ludwigshafen_18539#breadcrumb\",\"itemListElement\":[{\"@type\":\"ListItem\",\"position\":1,\"name\":\"Startseite\",\"item\":\"https:\/\/blog.zeit.de\/stoerungsmelder\"},{\"@type\":\"ListItem\",\"position\":2,\"name\":\"Fotogalerie: Aufmarsch der HoGeSa-Abspaltung &#8222;Gemeinsam-Stark Deutschland&#8220; in Ludwigshafen\"}]},{\"@type\":\"WebSite\",\"@id\":\"https:\/\/blog.zeit.de\/stoerungsmelder\/#website\",\"url\":\"https:\/\/blog.zeit.de\/stoerungsmelder\/\",\"name\":\"St\u00f6rungsmelder\",\"description\":\"Recherchen und Analysen \u00fcber die extreme Rechte\",\"potentialAction\":[{\"@type\":\"SearchAction\",\"target\":{\"@type\":\"EntryPoint\",\"urlTemplate\":\"https:\/\/blog.zeit.de\/stoerungsmelder\/?s={search_term_string}\"},\"query-input\":\"required name=search_term_string\"}],\"inLanguage\":\"de\"},{\"@type\":\"Person\",\"@id\":\"https:\/\/blog.zeit.de\/stoerungsmelder\/#\/schema\/person\/15e6ff535b3bcfee4d03f77ba3d3b870\",\"name\":\"Christian Martischius\",\"image\":{\"@type\":\"ImageObject\",\"inLanguage\":\"de\",\"@id\":\"https:\/\/blog.zeit.de\/stoerungsmelder\/#\/schema\/person\/image\/\",\"url\":\"https:\/\/secure.gravatar.com\/avatar\/29e871ab96627d18e70b7156c75eaf445e550dd1e392c67ff2ca206e129c7ba0?s=96&d=mm&r=pg\",\"contentUrl\":\"https:\/\/secure.gravatar.com\/avatar\/29e871ab96627d18e70b7156c75eaf445e550dd1e392c67ff2ca206e129c7ba0?s=96&d=mm&r=pg\",\"caption\":\"Christian Martischius\"},\"url\":\"https:\/\/blog.zeit.de\/stoerungsmelder\/author\/christian\"}]}<\/script>\n<!-- \/ Yoast SEO plugin. -->","yoast_head_json":{"title":"Fotogalerie: Aufmarsch der HoGeSa-Abspaltung \"Gemeinsam-Stark Deutschland\" in Ludwigshafen - St\u00f6rungsmelder","robots":{"index":"index","follow":"follow","max-snippet":"max-snippet:-1","max-image-preview":"max-image-preview:large","max-video-preview":"max-video-preview:-1"},"canonical":"https:\/\/blog.zeit.de\/stoerungsmelder\/2015\/02\/11\/fotogalerie-aufmarsch-der-hogesa-abspaltung-gemeinsam-stark-deutschland-in-ludwigshafen_18539","og_locale":"de_DE","og_type":"article","og_title":"Fotogalerie: Aufmarsch der HoGeSa-Abspaltung \"Gemeinsam-Stark Deutschland\" in Ludwigshafen - St\u00f6rungsmelder","og_description":"Am vergangenen Sonntag wollte die Hogesa-Abspaltung &#8222;Gemeinsam Stark Deutschland&#8220; in Ludwigshafen ihre St\u00e4rke demonstrieren. Doch bereits im Vorfeld wurde eine Demonstration untersagt und am Ende kamen nur rund 400 Hooligans. Nach den internen Streitigkeiten scheint sich auch die Hooligan-Bewegung ihrem Ende zu n\u00e4hern. In Ludwigshafen \u00fcberstieg die Zahl der Gegendemonstranten die der Hooligans um ein [&hellip;]","og_url":"https:\/\/blog.zeit.de\/stoerungsmelder\/2015\/02\/11\/fotogalerie-aufmarsch-der-hogesa-abspaltung-gemeinsam-stark-deutschland-in-ludwigshafen_18539","og_site_name":"St\u00f6rungsmelder","article_published_time":"2015-02-11T06:35:33+00:00","og_image":[{"url":"https:\/\/blog.zeit.de\/stoerungsmelder\/files\/2015\/02\/Aufmarsch_GSD_Ludwigshafen_20150208_5755-\u00a9-Christian-Martischius-150x150.jpg"}],"author":"Christian Martischius","twitter_card":"summary_large_image","twitter_misc":{"Geschrieben von":"Christian Martischius"},"schema":{"@context":"https:\/\/schema.org","@graph":[{"@type":"WebPage","@id":"https:\/\/blog.zeit.de\/stoerungsmelder\/2015\/02\/11\/fotogalerie-aufmarsch-der-hogesa-abspaltung-gemeinsam-stark-deutschland-in-ludwigshafen_18539","url":"https:\/\/blog.zeit.de\/stoerungsmelder\/2015\/02\/11\/fotogalerie-aufmarsch-der-hogesa-abspaltung-gemeinsam-stark-deutschland-in-ludwigshafen_18539","name":"Fotogalerie: Aufmarsch der HoGeSa-Abspaltung \"Gemeinsam-Stark Deutschland\" in Ludwigshafen - St\u00f6rungsmelder","isPartOf":{"@id":"https:\/\/blog.zeit.de\/stoerungsmelder\/#website"},"datePublished":"2015-02-11T06:35:33+00:00","dateModified":"2015-02-11T06:35:33+00:00","author":{"@id":"https:\/\/blog.zeit.de\/stoerungsmelder\/#\/schema\/person\/15e6ff535b3bcfee4d03f77ba3d3b870"},"breadcrumb":{"@id":"https:\/\/blog.zeit.de\/stoerungsmelder\/2015\/02\/11\/fotogalerie-aufmarsch-der-hogesa-abspaltung-gemeinsam-stark-deutschland-in-ludwigshafen_18539#breadcrumb"},"inLanguage":"de","potentialAction":[{"@type":"ReadAction","target":["https:\/\/blog.zeit.de\/stoerungsmelder\/2015\/02\/11\/fotogalerie-aufmarsch-der-hogesa-abspaltung-gemeinsam-stark-deutschland-in-ludwigshafen_18539"]}]},{"@type":"BreadcrumbList","@id":"https:\/\/blog.zeit.de\/stoerungsmelder\/2015\/02\/11\/fotogalerie-aufmarsch-der-hogesa-abspaltung-gemeinsam-stark-deutschland-in-ludwigshafen_18539#breadcrumb","itemListElement":[{"@type":"ListItem","position":1,"name":"Startseite","item":"https:\/\/blog.zeit.de\/stoerungsmelder"},{"@type":"ListItem","position":2,"name":"Fotogalerie: Aufmarsch der HoGeSa-Abspaltung &#8222;Gemeinsam-Stark Deutschland&#8220; in Ludwigshafen"}]},{"@type":"WebSite","@id":"https:\/\/blog.zeit.de\/stoerungsmelder\/#website","url":"https:\/\/blog.zeit.de\/stoerungsmelder\/","name":"St\u00f6rungsmelder","description":"Recherchen und Analysen \u00fcber die extreme Rechte","potentialAction":[{"@type":"SearchAction","target":{"@type":"EntryPoint","urlTemplate":"https:\/\/blog.zeit.de\/stoerungsmelder\/?s={search_term_string}"},"query-input":"required name=search_term_string"}],"inLanguage":"de"},{"@type":"Person","@id":"https:\/\/blog.zeit.de\/stoerungsmelder\/#\/schema\/person\/15e6ff535b3bcfee4d03f77ba3d3b870","name":"Christian Martischius","image":{"@type":"ImageObject","inLanguage":"de","@id":"https:\/\/blog.zeit.de\/stoerungsmelder\/#\/schema\/person\/image\/","url":"https:\/\/secure.gravatar.com\/avatar\/29e871ab96627d18e70b7156c75eaf445e550dd1e392c67ff2ca206e129c7ba0?s=96&d=mm&r=pg","contentUrl":"https:\/\/secure.gravatar.com\/avatar\/29e871ab96627d18e70b7156c75eaf445e550dd1e392c67ff2ca206e129c7ba0?s=96&d=mm&r=pg","caption":"Christian Martischius"},"url":"https:\/\/blog.zeit.de\/stoerungsmelder\/author\/christian"}]}},"jetpack_featured_media_url":"","jetpack_sharing_enabled":true,"_links":{"self":[{"href":"https:\/\/blog.zeit.de\/stoerungsmelder\/wp-json\/wp\/v2\/posts\/18539","targetHints":{"allow":["GET"]}}],"collection":[{"href":"https:\/\/blog.zeit.de\/stoerungsmelder\/wp-json\/wp\/v2\/posts"}],"about":[{"href":"https:\/\/blog.zeit.de\/stoerungsmelder\/wp-json\/wp\/v2\/types\/post"}],"author":[{"embeddable":true,"href":"https:\/\/blog.zeit.de\/stoerungsmelder\/wp-json\/wp\/v2\/users\/498"}],"replies":[{"embeddable":true,"href":"https:\/\/blog.zeit.de\/stoerungsmelder\/wp-json\/wp\/v2\/comments?post=18539"}],"version-history":[{"count":10,"href":"https:\/\/blog.zeit.de\/stoerungsmelder\/wp-json\/wp\/v2\/posts\/18539\/revisions"}],"predecessor-version":[{"id":18558,"href":"https:\/\/blog.zeit.de\/stoerungsmelder\/wp-json\/wp\/v2\/posts\/18539\/revisions\/18558"}],"wp:attachment":[{"href":"https:\/\/blog.zeit.de\/stoerungsmelder\/wp-json\/wp\/v2\/media?parent=18539"}],"wp:term":[{"taxonomy":"category","embeddable":true,"href":"https:\/\/blog.zeit.de\/stoerungsmelder\/wp-json\/wp\/v2\/categories?post=18539"},{"taxonomy":"post_tag","embeddable":true,"href":"https:\/\/blog.zeit.de\/stoerungsmelder\/wp-json\/wp\/v2\/tags?post=18539"}],"curies":[{"name":"wp","href":"https:\/\/api.w.org\/{rel}","templated":true}]}}