{"id":18545,"date":"2015-02-10T21:56:02","date_gmt":"2015-02-10T20:56:02","guid":{"rendered":"http:\/\/blog.zeit.de\/stoerungsmelder\/?p=18545"},"modified":"2015-02-10T21:57:34","modified_gmt":"2015-02-10T20:57:34","slug":"rassistische-stimmung-gegen-asylunterkunft-in-erfurt","status":"publish","type":"post","link":"https:\/\/blog.zeit.de\/stoerungsmelder\/2015\/02\/10\/rassistische-stimmung-gegen-asylunterkunft-in-erfurt_18545","title":{"rendered":"Rassistische Stimmung gegen Asylunterkunft in Erfurt"},"content":{"rendered":"<p>&nbsp;<\/p>\n<p><a href=\"https:\/\/blog.zeit.de\/stoerungsmelder\/files\/2015\/02\/sm-head-erfurt.jpg\"><img loading=\"lazy\" decoding=\"async\" class=\"aligncenter size-full wp-image-18546\" src=\"https:\/\/blog.zeit.de\/stoerungsmelder\/files\/2015\/02\/sm-head-erfurt.jpg\" alt=\"sm head erfurt\" width=\"540\" height=\"287\" srcset=\"https:\/\/blog.zeit.de\/stoerungsmelder\/files\/2015\/02\/sm-head-erfurt.jpg 540w, https:\/\/blog.zeit.de\/stoerungsmelder\/files\/2015\/02\/sm-head-erfurt-300x159.jpg 300w\" sizes=\"auto, (max-width: 540px) 100vw, 540px\" \/><\/a><\/p>\n<p>Nach der provisorischen Unterbringung von 48 Asylbewerbern in einem leer stehenden Schulgeb\u00e4ude in dem Erfurter Stadtteil Herrenberg wittern Neonazis gute Chancen f\u00fcr eine rassistische Mobilmachung und verwandeln eine Anwohnerveranstaltung in einen Heimsieg. Kein Einzelfall in der bundesdeutschen Entwicklung.<!--more--><\/p>\n<p>Es sind neun Familien aus Ex-Jugoslawien und anderen L\u00e4ndern, die auf dem Herrenberg provisorisch untergebracht wurden. Die 48 Personen, unter ihnen 15 Kinder, sind im vergangenen Jahr aus Albanien, Serbien, Mazedonien und dem Kosovo gefl\u00fcchtet und haben in Deutschland einen Asylantrag gestellt. Nachdem sie in Th\u00fcringer Erstaufnahmeeinrichtungen untergebracht wurden, sollen sie nun f\u00fcr acht Wochen in einem leer stehenden, notd\u00fcrftig hergerichteten Schulgeb\u00e4ude im Erfurter Stadtteil Herrenberg ausharren. Wenn die \u00dcbergangsl\u00f6sung am 23. M\u00e4rz endet, sollen die Fl\u00fcchtlinge Wohnungen im Erfurter Norden beziehen, anschlie\u00dfend wird die ehemalige Kennedy-Schule planm\u00e4\u00dfig zu einem Gymnasium auf dem Herrenberg umgebaut. Der Stadtteil war Ende der 1970er Jahre als gr\u00f6\u00dfter Wohnungsstandort der Stadt im Plattenbaustil entstanden, seit der Wende hat sich die Zahl der Einwohner mehr als halbiert. Oft wird der Stadtteil als sozialer Brennpunkt bezeichnet, seit der Kommunalwahl 2014 hat die NPD mit David Ammon einen Vertreter im Ortsteilrat, wenige Hundert Meter von der provisorischen Unterkunft entfernt befindet sich die Kneipe \u201eKammwegklause\u201c, Treffpunkt der extrem rechten Szene und Veranstaltungsort f\u00fcr Rechtsrock-Konzerte. Schon bevor die Medien \u00fcber die Unterbringung der Fl\u00fcchtlinge berichtet hatten, verbreitet das NPD-Stadtratsmitglied Enrico Biczysko in den sozialen Netzwerken die Nachricht, in der Kennedy-Schule werde ein \u201eAuffanglager\u201c f\u00fcr \u201e50 Asylanten pro Woche\u201c eingerichtet. Er kolportiert, die Information komme vom Direktor der angrenzenden Grundschule und mobilisiert zu der von der Stadt geplanten B\u00fcrgerversammlung vier Tage sp\u00e4ter. Es ist derselbe Tag, an dem die Stadt Erfurt in einer Mitteilung, die am Tag danach in der Presse aufgegriffen wird, ebenfalls zu der Veranstaltung einl\u00e4dt. Die Kan\u00e4le der sozialen Netzwerke reagieren schneller und verbreiten Biczyskos Falschmeldung in Windeseile. Bereits zwei Tage sp\u00e4ter startet die B\u00e4ckereifachverk\u00e4uferin Nancy V. eine Online-Petition mit dem Titel \u201eSchutz f\u00fcr uns Kinder und umliegende Bewohner der Grundschule 3\u201c, in der die Kinder als Rechtfertigung f\u00fcr den eigenen Rassismus herhalten m\u00fcssen. Bis die Petition wegen Versto\u00dfes gegen die Nutzungsbedingungen gesperrt wird, weil sie Asylsuchenden \u201epauschal unterstellt, eine Gefahr f\u00fcr Kinder darzustellen und Diebstahl zu begehen\u201c, haben sie bereits mehr als 300 Personen unterzeichnet. Unter Presseartikeln im Internet zum Thema tobt und hetzt ein rassistischer Mob gegen Fl\u00fcchtlinge.<\/p>\n<p><strong>Die \u201eStunde der Wahrheit\u201c<\/strong><\/p>\n<p><figure id=\"attachment_16104\" aria-describedby=\"caption-attachment-16104\" style=\"width: 300px\" class=\"wp-caption alignleft\"><a href=\"https:\/\/blog.zeit.de\/stoerungsmelder\/files\/2014\/05\/IMG_7274.jpg\"><img loading=\"lazy\" decoding=\"async\" class=\"size-medium wp-image-16104\" src=\"https:\/\/blog.zeit.de\/stoerungsmelder\/files\/2014\/05\/IMG_7274-300x200.jpg\" alt=\"NPD-Landtagskandidat Enrico Biczysko (links) am 8. Februar bei einer Neonazi-demo in Weimar\" width=\"300\" height=\"200\" srcset=\"https:\/\/blog.zeit.de\/stoerungsmelder\/files\/2014\/05\/IMG_7274-300x200.jpg 300w, https:\/\/blog.zeit.de\/stoerungsmelder\/files\/2014\/05\/IMG_7274.jpg 1000w\" sizes=\"auto, (max-width: 300px) 100vw, 300px\" \/><\/a><figcaption id=\"caption-attachment-16104\" class=\"wp-caption-text\"><em>NPD-Stadtrat Enrico Biczysko (links) am 8. Februar bei einer Neonazi-Demo in Weimar<\/em><\/figcaption><\/figure><\/p>\n<p>Vier Tage nach den ersten Informationen findet in der Turnhalle der Grundschule neben der provisorischen Fl\u00fcchtlingsunterkunft die geplante B\u00fcrgerversammlung statt. Bereits eine halbe Stunde vor ihrem Beginn haben sich auf der gegen\u00fcberliegenden Stra\u00dfenseite offen auftretende Neonazis und NPD-Kader versammelt, der Kleidungsstil ist gepr\u00e4gt von bei Neonazis beliebten Marken wie \u201eThor Steinar\u201c, \u201eRagnar\u00f6k\u201c und \u201eAnsgar Aryan\u201c. Auch Nancy V. ist vor Ort, in ihren Ank\u00fcndigen vor \u201eder Stunde der Wahrheit\u201c schreibt sie: \u201emal schauen was hier wieder alles erz\u00e4hlt wird, und wir mit l\u00fcgen ruhig gestellt werden sollen\u201c (Fehler im Original). Doch zuerst warten alle Veranstaltungsbesucher in einer Schlange auf ihren Einlass, wo sich eine Gruppe junger Frauen ereifert \u201eDa sagt man mal was gegen Ausl\u00e4nder und schon ist man gleich rechts\u201c. An einem Tisch im Eingangsbereich der Turnhalle pr\u00e4sentieren Neonazis Unterschriftenlisten f\u00fcr die im Netz gesperrte Petition, manch ein Besucher unterschreibt im Glauben, er m\u00fcsse sich f\u00fcr die Veranstaltung registrieren. Erst als B\u00fcrgermeisterin Tamara Thierbach unter Berufung auf das Hausrecht eingreift, stellen die Neonazis und ihre Sympathisanten die Unterschriftensammlung langsam ein und nehmen in der Turnhalle Platz. Nach Thierbachs einf\u00fchrenden Worten wird schnell deutlich, dass es nur wenigen der knapp 500 Besucher um ernsthafte Sorgen geht. Mit \u00fcberwiegend aggressivem Tonfall will ein Mob-\u00e4hnlicher Teil des Publikums seine Deutungshoheit in der Veranstaltung erobern. Der B\u00fcrgermeisterin wird laut geraten \u201eHalt die Fresse\u201c und auch der Ortsteilb\u00fcrgermeister wird in vulg\u00e4rer Weise beschimpft. Obwohl Thierbach erkl\u00e4rt, f\u00fcr die kurzfristige Unterbringung der Fl\u00fcchtlinge st\u00fcnden im Augenblick keine anderen Immobilien im Eigentum der Stadt zur Verf\u00fcgung, wird immer wieder eine angebliche Gef\u00e4hrdung der Grundschulkinder herbeiphantasiert. Auch die absurdesten Vergleiche m\u00fcssen f\u00fcr die rassistische Stimmungsmache herhalten, die durch den NPD\u2019ler Biczysko und sein Umfeld noch angeheizt wird. Dazu geh\u00f6ren Ger\u00fcchte, die das extrem rechte \u201eB\u00fcndnis Zukunft Hildburghausen\u201c offenbar zielgerichtet in die Welt gesetzt hatte, ebenso wie angebliche Beobachtungen bei den Fl\u00fcchtlingen, die teils wortgleich zum bundesweiten Standardrepertoire der rassistischen Mobilmachung geh\u00f6ren. Als nach 30 Minuten eine Besucherin das erste Mal die Frage stellt, wie die Fl\u00fcchtlinge praktisch unterst\u00fctzt werden k\u00f6nnen, wird sie laut ausgebuht und beschimpft, die Asylbewerber werden als \u201ePack\u201c geschm\u00e4ht. Noch kurz vor dem Ende der Versammlung erheben sich Biczysko und seine Anh\u00e4nger und verlassen die Halle, mehr als die H\u00e4lfte der Besucher folgt den Neonazis und ihrem direkten Umfeld. Drau\u00dfen sammeln sie weiter Unterschriften, die Petition wird mittlerweile auch von extrem rechten Organisationen wie der Erfurter Abteilung der \u201eGerman Defence League\u201c (GDL) beworben.<\/p>\n<p><figure id=\"attachment_18547\" aria-describedby=\"caption-attachment-18547\" style=\"width: 749px\" class=\"wp-caption aligncenter\"><a href=\"https:\/\/blog.zeit.de\/stoerungsmelder\/files\/2015\/02\/screenshot-erfurt.jpg\"><img loading=\"lazy\" decoding=\"async\" class=\" wp-image-18547\" src=\"https:\/\/blog.zeit.de\/stoerungsmelder\/files\/2015\/02\/screenshot-erfurt-1024x543.jpg\" alt=\"MItteilung der Stadt Erfurt, Screenshot\" width=\"749\" height=\"397\" srcset=\"https:\/\/blog.zeit.de\/stoerungsmelder\/files\/2015\/02\/screenshot-erfurt-1024x543.jpg 1024w, https:\/\/blog.zeit.de\/stoerungsmelder\/files\/2015\/02\/screenshot-erfurt-300x159.jpg 300w, https:\/\/blog.zeit.de\/stoerungsmelder\/files\/2015\/02\/screenshot-erfurt.jpg 1323w\" sizes=\"auto, (max-width: 749px) 100vw, 749px\" \/><\/a><figcaption id=\"caption-attachment-18547\" class=\"wp-caption-text\">Mitteilung der Stadt Erfurt, Screenshot<\/figcaption><\/figure><\/p>\n<p>Ein Besucher sagt im Anschluss an die B\u00fcrgerversammlung zu seinen Eindr\u00fccken: \u201eIch habe noch nie so viel Menschenfeindlichkeit auf einem Haufen gesehen\u201c. Und auch der Fl\u00fcchtlingsrat Th\u00fcringen stellt fest, dass \u201edas Mobilisierungspotenzial rechter Brandstifter h\u00e4ufig untersch\u00e4tzt wird und damit auf nicht gut genug vorbereitete und sensibilisierte VeranstalterInnen trifft\u201c. Dies sei gef\u00e4hrlich, denn \u201eschnell entsteht eine B\u00fchne f\u00fcr rechtsextreme Stimmungsmache, die selbst Bef\u00fcrworterInnen und Unterst\u00fctzerInnen einsch\u00fcchtert, so dass diese dann oft nicht mehr das Wort ergreifen\u201c. Wenn sich eine soche Situation zu sehr auflade, bef\u00fcrchtet der Fl\u00fcchtlingsrat, \u201edass aus rassistischen Einstellungen, rassistische Taten werden. Dann ist der Schutz von hilfesuchenden Menschen kaum noch zu gew\u00e4hrleisten\u201c. Wie schnell aus Schlagw\u00f6rtern Gewalt werden kann, zeigt die bundesweite Situation nach dem Beginn der \u201ePegida\u201c-Aufm\u00e4rsche und ihrer jeweiligen Ableger. Nach Recherchen des Fernsehmagazins \u201eReport\u201c aus Mainz ist die Zahl rassistisch motivierter \u00dcbergriffe in den drei Monaten nach dem ersten Pegida-Aufmarsch Ende Oktober 2014 um 130% gegen\u00fcber dem vorigen Dreimonatszeitraum angestiegen. Der Rechtsextremismus-Forscher Prof. Hajo Funke kommentiert diese Entwicklung: \u201ePegida hat ein Klima entfesselt, das Gewalt will\u201c. Auch die Zahl der \u00dcbergriffe auf Fl\u00fcchtlingsunterk\u00fcnfte ist bundesweit sprunghaft angestiegen und hat sich innerhalb der letzten zwei Jahre versechsfacht. Nach Angaben des Bundesinnenministeriums kam es allein im vierten Quartal 2014 zu 67 \u00dcbergriffen, das sind mehr als die gez\u00e4hlten Angriffe in den beiden Vorjahren zusammen. Insgesamt z\u00e4hlte das Ministerium im letzten Jahr 150 \u00dcbergriffe gegen Fl\u00fcchtlingsunterk\u00fcnfte bundesweit, bei etwa einem F\u00fcnftel waren Sprengstoff, Brandstiftung, Waffen und K\u00f6rperverletzung im Spiel. Angesichts dessen vermerkte ein weiterer Besucher am Tag nach der Versammlung: \u201eWenn jemand fragt, wie die Stimmung vor Lichtenhagen gewesen sei? So etwa, wie in der Turnhalle gestern Abend!\u201c.<\/p>\n<p>&nbsp;<\/p>\n<p style=\"text-align: center\"><strong><a href=\"http:\/\/www.mdr.de\/mdr-um-11\/video251466.html\" target=\"_blank\">Hier ein Beitrag des MDR zur Versammlung.<\/a><\/strong><\/p>\n","protected":false},"excerpt":{"rendered":"<p>&nbsp; Nach der provisorischen Unterbringung von 48 Asylbewerbern in einem leer stehenden Schulgeb\u00e4ude in dem Erfurter Stadtteil Herrenberg wittern Neonazis gute Chancen f\u00fcr eine rassistische Mobilmachung und verwandeln eine Anwohnerveranstaltung in einen Heimsieg. Kein Einzelfall in der bundesdeutschen Entwicklung.<\/p>\n","protected":false},"author":254,"featured_media":0,"comment_status":"open","ping_status":"open","sticky":false,"template":"","format":"standard","meta":{"_jetpack_memberships_contains_paid_content":false,"footnotes":""},"categories":[978],"tags":[2154,31130,17849,1711,1716,97],"class_list":["post-18545","post","type-post","status-publish","format-standard","hentry","category-thuringen","tag-asyl","tag-enrico-biczysko","tag-erfurt","tag-neonazis","tag-npd","tag-rassismus"],"yoast_head":"<!-- This site is optimized with the Yoast SEO plugin v21.0 - https:\/\/yoast.com\/wordpress\/plugins\/seo\/ -->\n<title>Rassistische Stimmung gegen Asylunterkunft in Erfurt - St\u00f6rungsmelder<\/title>\n<meta name=\"robots\" content=\"index, follow, max-snippet:-1, max-image-preview:large, max-video-preview:-1\" \/>\n<link rel=\"canonical\" href=\"https:\/\/blog.zeit.de\/stoerungsmelder\/2015\/02\/10\/rassistische-stimmung-gegen-asylunterkunft-in-erfurt_18545\" \/>\n<meta property=\"og:locale\" content=\"de_DE\" \/>\n<meta property=\"og:type\" content=\"article\" \/>\n<meta property=\"og:title\" content=\"Rassistische Stimmung gegen Asylunterkunft in Erfurt - St\u00f6rungsmelder\" \/>\n<meta property=\"og:description\" content=\"&nbsp; Nach der provisorischen Unterbringung von 48 Asylbewerbern in einem leer stehenden Schulgeb\u00e4ude in dem Erfurter Stadtteil Herrenberg wittern Neonazis gute Chancen f\u00fcr eine rassistische Mobilmachung und verwandeln eine Anwohnerveranstaltung in einen Heimsieg. Kein Einzelfall in der bundesdeutschen Entwicklung.\" \/>\n<meta property=\"og:url\" content=\"https:\/\/blog.zeit.de\/stoerungsmelder\/2015\/02\/10\/rassistische-stimmung-gegen-asylunterkunft-in-erfurt_18545\" \/>\n<meta property=\"og:site_name\" content=\"St\u00f6rungsmelder\" \/>\n<meta property=\"article:published_time\" content=\"2015-02-10T20:56:02+00:00\" \/>\n<meta property=\"article:modified_time\" content=\"2015-02-10T20:57:34+00:00\" \/>\n<meta property=\"og:image\" content=\"https:\/\/blog.zeit.de\/stoerungsmelder\/files\/2015\/02\/sm-head-erfurt.jpg\" \/>\n<meta name=\"author\" content=\"Kai Budler\" \/>\n<meta name=\"twitter:card\" content=\"summary_large_image\" \/>\n<meta name=\"twitter:label1\" content=\"Geschrieben von\" \/>\n\t<meta name=\"twitter:data1\" content=\"Kai Budler\" \/>\n\t<meta name=\"twitter:label2\" content=\"Gesch\u00e4tzte Lesezeit\" \/>\n\t<meta name=\"twitter:data2\" content=\"6\u00a0Minuten\" \/>\n<script type=\"application\/ld+json\" class=\"yoast-schema-graph\">{\"@context\":\"https:\/\/schema.org\",\"@graph\":[{\"@type\":\"WebPage\",\"@id\":\"https:\/\/blog.zeit.de\/stoerungsmelder\/2015\/02\/10\/rassistische-stimmung-gegen-asylunterkunft-in-erfurt_18545\",\"url\":\"https:\/\/blog.zeit.de\/stoerungsmelder\/2015\/02\/10\/rassistische-stimmung-gegen-asylunterkunft-in-erfurt_18545\",\"name\":\"Rassistische Stimmung gegen Asylunterkunft in Erfurt - St\u00f6rungsmelder\",\"isPartOf\":{\"@id\":\"https:\/\/blog.zeit.de\/stoerungsmelder\/#website\"},\"datePublished\":\"2015-02-10T20:56:02+00:00\",\"dateModified\":\"2015-02-10T20:57:34+00:00\",\"author\":{\"@id\":\"https:\/\/blog.zeit.de\/stoerungsmelder\/#\/schema\/person\/58f28fa43c55337b17b93e3622cc8b37\"},\"breadcrumb\":{\"@id\":\"https:\/\/blog.zeit.de\/stoerungsmelder\/2015\/02\/10\/rassistische-stimmung-gegen-asylunterkunft-in-erfurt_18545#breadcrumb\"},\"inLanguage\":\"de\",\"potentialAction\":[{\"@type\":\"ReadAction\",\"target\":[\"https:\/\/blog.zeit.de\/stoerungsmelder\/2015\/02\/10\/rassistische-stimmung-gegen-asylunterkunft-in-erfurt_18545\"]}]},{\"@type\":\"BreadcrumbList\",\"@id\":\"https:\/\/blog.zeit.de\/stoerungsmelder\/2015\/02\/10\/rassistische-stimmung-gegen-asylunterkunft-in-erfurt_18545#breadcrumb\",\"itemListElement\":[{\"@type\":\"ListItem\",\"position\":1,\"name\":\"Startseite\",\"item\":\"https:\/\/blog.zeit.de\/stoerungsmelder\"},{\"@type\":\"ListItem\",\"position\":2,\"name\":\"Rassistische Stimmung gegen Asylunterkunft in Erfurt\"}]},{\"@type\":\"WebSite\",\"@id\":\"https:\/\/blog.zeit.de\/stoerungsmelder\/#website\",\"url\":\"https:\/\/blog.zeit.de\/stoerungsmelder\/\",\"name\":\"St\u00f6rungsmelder\",\"description\":\"Recherchen und Analysen \u00fcber die extreme Rechte\",\"potentialAction\":[{\"@type\":\"SearchAction\",\"target\":{\"@type\":\"EntryPoint\",\"urlTemplate\":\"https:\/\/blog.zeit.de\/stoerungsmelder\/?s={search_term_string}\"},\"query-input\":\"required name=search_term_string\"}],\"inLanguage\":\"de\"},{\"@type\":\"Person\",\"@id\":\"https:\/\/blog.zeit.de\/stoerungsmelder\/#\/schema\/person\/58f28fa43c55337b17b93e3622cc8b37\",\"name\":\"Kai Budler\",\"image\":{\"@type\":\"ImageObject\",\"inLanguage\":\"de\",\"@id\":\"https:\/\/blog.zeit.de\/stoerungsmelder\/#\/schema\/person\/image\/\",\"url\":\"https:\/\/secure.gravatar.com\/avatar\/126c2f44b51c178dc1db1bb6e040fcff157c88000cfae96c983070e6153484e3?s=96&d=mm&r=pg\",\"contentUrl\":\"https:\/\/secure.gravatar.com\/avatar\/126c2f44b51c178dc1db1bb6e040fcff157c88000cfae96c983070e6153484e3?s=96&d=mm&r=pg\",\"caption\":\"Kai Budler\"},\"url\":\"https:\/\/blog.zeit.de\/stoerungsmelder\/author\/kai-budler\"}]}<\/script>\n<!-- \/ Yoast SEO plugin. -->","yoast_head_json":{"title":"Rassistische Stimmung gegen Asylunterkunft in Erfurt - St\u00f6rungsmelder","robots":{"index":"index","follow":"follow","max-snippet":"max-snippet:-1","max-image-preview":"max-image-preview:large","max-video-preview":"max-video-preview:-1"},"canonical":"https:\/\/blog.zeit.de\/stoerungsmelder\/2015\/02\/10\/rassistische-stimmung-gegen-asylunterkunft-in-erfurt_18545","og_locale":"de_DE","og_type":"article","og_title":"Rassistische Stimmung gegen Asylunterkunft in Erfurt - St\u00f6rungsmelder","og_description":"&nbsp; Nach der provisorischen Unterbringung von 48 Asylbewerbern in einem leer stehenden Schulgeb\u00e4ude in dem Erfurter Stadtteil Herrenberg wittern Neonazis gute Chancen f\u00fcr eine rassistische Mobilmachung und verwandeln eine Anwohnerveranstaltung in einen Heimsieg. Kein Einzelfall in der bundesdeutschen Entwicklung.","og_url":"https:\/\/blog.zeit.de\/stoerungsmelder\/2015\/02\/10\/rassistische-stimmung-gegen-asylunterkunft-in-erfurt_18545","og_site_name":"St\u00f6rungsmelder","article_published_time":"2015-02-10T20:56:02+00:00","article_modified_time":"2015-02-10T20:57:34+00:00","og_image":[{"url":"https:\/\/blog.zeit.de\/stoerungsmelder\/files\/2015\/02\/sm-head-erfurt.jpg"}],"author":"Kai Budler","twitter_card":"summary_large_image","twitter_misc":{"Geschrieben von":"Kai Budler","Gesch\u00e4tzte Lesezeit":"6\u00a0Minuten"},"schema":{"@context":"https:\/\/schema.org","@graph":[{"@type":"WebPage","@id":"https:\/\/blog.zeit.de\/stoerungsmelder\/2015\/02\/10\/rassistische-stimmung-gegen-asylunterkunft-in-erfurt_18545","url":"https:\/\/blog.zeit.de\/stoerungsmelder\/2015\/02\/10\/rassistische-stimmung-gegen-asylunterkunft-in-erfurt_18545","name":"Rassistische Stimmung gegen Asylunterkunft in Erfurt - St\u00f6rungsmelder","isPartOf":{"@id":"https:\/\/blog.zeit.de\/stoerungsmelder\/#website"},"datePublished":"2015-02-10T20:56:02+00:00","dateModified":"2015-02-10T20:57:34+00:00","author":{"@id":"https:\/\/blog.zeit.de\/stoerungsmelder\/#\/schema\/person\/58f28fa43c55337b17b93e3622cc8b37"},"breadcrumb":{"@id":"https:\/\/blog.zeit.de\/stoerungsmelder\/2015\/02\/10\/rassistische-stimmung-gegen-asylunterkunft-in-erfurt_18545#breadcrumb"},"inLanguage":"de","potentialAction":[{"@type":"ReadAction","target":["https:\/\/blog.zeit.de\/stoerungsmelder\/2015\/02\/10\/rassistische-stimmung-gegen-asylunterkunft-in-erfurt_18545"]}]},{"@type":"BreadcrumbList","@id":"https:\/\/blog.zeit.de\/stoerungsmelder\/2015\/02\/10\/rassistische-stimmung-gegen-asylunterkunft-in-erfurt_18545#breadcrumb","itemListElement":[{"@type":"ListItem","position":1,"name":"Startseite","item":"https:\/\/blog.zeit.de\/stoerungsmelder"},{"@type":"ListItem","position":2,"name":"Rassistische Stimmung gegen Asylunterkunft in Erfurt"}]},{"@type":"WebSite","@id":"https:\/\/blog.zeit.de\/stoerungsmelder\/#website","url":"https:\/\/blog.zeit.de\/stoerungsmelder\/","name":"St\u00f6rungsmelder","description":"Recherchen und Analysen \u00fcber die extreme Rechte","potentialAction":[{"@type":"SearchAction","target":{"@type":"EntryPoint","urlTemplate":"https:\/\/blog.zeit.de\/stoerungsmelder\/?s={search_term_string}"},"query-input":"required name=search_term_string"}],"inLanguage":"de"},{"@type":"Person","@id":"https:\/\/blog.zeit.de\/stoerungsmelder\/#\/schema\/person\/58f28fa43c55337b17b93e3622cc8b37","name":"Kai Budler","image":{"@type":"ImageObject","inLanguage":"de","@id":"https:\/\/blog.zeit.de\/stoerungsmelder\/#\/schema\/person\/image\/","url":"https:\/\/secure.gravatar.com\/avatar\/126c2f44b51c178dc1db1bb6e040fcff157c88000cfae96c983070e6153484e3?s=96&d=mm&r=pg","contentUrl":"https:\/\/secure.gravatar.com\/avatar\/126c2f44b51c178dc1db1bb6e040fcff157c88000cfae96c983070e6153484e3?s=96&d=mm&r=pg","caption":"Kai Budler"},"url":"https:\/\/blog.zeit.de\/stoerungsmelder\/author\/kai-budler"}]}},"jetpack_featured_media_url":"","jetpack_sharing_enabled":true,"_links":{"self":[{"href":"https:\/\/blog.zeit.de\/stoerungsmelder\/wp-json\/wp\/v2\/posts\/18545","targetHints":{"allow":["GET"]}}],"collection":[{"href":"https:\/\/blog.zeit.de\/stoerungsmelder\/wp-json\/wp\/v2\/posts"}],"about":[{"href":"https:\/\/blog.zeit.de\/stoerungsmelder\/wp-json\/wp\/v2\/types\/post"}],"author":[{"embeddable":true,"href":"https:\/\/blog.zeit.de\/stoerungsmelder\/wp-json\/wp\/v2\/users\/254"}],"replies":[{"embeddable":true,"href":"https:\/\/blog.zeit.de\/stoerungsmelder\/wp-json\/wp\/v2\/comments?post=18545"}],"version-history":[{"count":4,"href":"https:\/\/blog.zeit.de\/stoerungsmelder\/wp-json\/wp\/v2\/posts\/18545\/revisions"}],"predecessor-version":[{"id":18551,"href":"https:\/\/blog.zeit.de\/stoerungsmelder\/wp-json\/wp\/v2\/posts\/18545\/revisions\/18551"}],"wp:attachment":[{"href":"https:\/\/blog.zeit.de\/stoerungsmelder\/wp-json\/wp\/v2\/media?parent=18545"}],"wp:term":[{"taxonomy":"category","embeddable":true,"href":"https:\/\/blog.zeit.de\/stoerungsmelder\/wp-json\/wp\/v2\/categories?post=18545"},{"taxonomy":"post_tag","embeddable":true,"href":"https:\/\/blog.zeit.de\/stoerungsmelder\/wp-json\/wp\/v2\/tags?post=18545"}],"curies":[{"name":"wp","href":"https:\/\/api.w.org\/{rel}","templated":true}]}}