{"id":19060,"date":"2015-04-13T17:20:53","date_gmt":"2015-04-13T15:20:53","guid":{"rendered":"http:\/\/blog.zeit.de\/stoerungsmelder\/?p=19060"},"modified":"2015-04-15T12:31:31","modified_gmt":"2015-04-15T10:31:31","slug":"19060","status":"publish","type":"post","link":"https:\/\/blog.zeit.de\/stoerungsmelder\/2015\/04\/13\/19060_19060","title":{"rendered":"Aus &#8222;Kinder-Hogesa&#8220; wird &#8222;B\u00fcndnis Deutscher Hools&#8220;"},"content":{"rendered":"<p><figure id=\"attachment_19070\" aria-describedby=\"caption-attachment-19070\" style=\"width: 580px\" class=\"wp-caption aligncenter\"><img loading=\"lazy\" decoding=\"async\" class=\"size-full wp-image-19070\" src=\"https:\/\/blog.zeit.de\/stoerungsmelder\/files\/2015\/04\/BDH.jpg\" alt=\"&quot;B\u00fcndnis deutscher Hools&quot; nennt sich eine neue rechte Gruppierung\" width=\"580\" height=\"300\" srcset=\"https:\/\/blog.zeit.de\/stoerungsmelder\/files\/2015\/04\/BDH.jpg 580w, https:\/\/blog.zeit.de\/stoerungsmelder\/files\/2015\/04\/BDH-300x155.jpg 300w\" sizes=\"auto, (max-width: 580px) 100vw, 580px\" \/><figcaption id=\"caption-attachment-19070\" class=\"wp-caption-text\">&#8222;B\u00fcndnis deutscher Hools&#8220; nennt sich eine neue rechte Gruppierung<\/figcaption><\/figure><\/p>\n<p>Wer schon gedacht hat, dass die \u201eHooligans gegen Salafisten\u201c (HogeSa)\u00a0an Inhaltlosigkeit nichtmehr zu \u00fcberbieten sind, wird nun eines Besseren belehrt. Vor allem in Berlin treten Sympathisanten des rechten Netzwerkes neuerdings als \u201eB\u00fcndnis deutscher Hools\u201c (B.D.H.) in Erscheinung. Sie fallen vor allem durch Alkoholkonsum und Straftaten auf.<!--more--><\/p>\n<p>Die \u00fcberwiegend m\u00e4nnlichen und gewaltbereiten Fu\u00dfballfans eint vor allem der Hass: Auf Salafisten &#8211; stellvertretend f\u00fcr den Islam generell -, auf Fl\u00fcchtlinge und auf \u201edie Antifa\u201c. Die\u00a0Gruppe mit einer Affinit\u00e4t zu extrem rechten Inhalten trat regelm\u00e4\u00dfig beim Berliner Pegida-Ableger \u201eB\u00e4rgida\u201c und den rechten Aufm\u00e4rschen gegen geplante Fl\u00fcchtlingsunterk\u00fcnfte im Ostteil Berlins\u00a0auf. \u00dcber Ostern fand nun in Hellersdorf ein \u00fcberregionales \u201eKennenlerntreffen\u201c mit Teilnehmern aus Niedersachsen, Sachsen-Anhalt und Mecklenburg-Vorpommern statt. Die Folge: Ermittlungsverfahren wegen Verst\u00f6\u00dfen gegen das Sprengstoffgesetz.<\/p>\n<p><figure id=\"attachment_19061\" aria-describedby=\"caption-attachment-19061\" style=\"width: 300px\" class=\"wp-caption alignleft\"><a href=\"https:\/\/blog.zeit.de\/stoerungsmelder\/files\/2015\/04\/Screenshot-Schottstaedt-BDH.jpg\"><img loading=\"lazy\" decoding=\"async\" class=\"wp-image-19061 size-medium\" src=\"https:\/\/blog.zeit.de\/stoerungsmelder\/files\/2015\/04\/Screenshot-Schottstaedt-BDH-300x155.jpg\" alt=\"Enrico Schottst\u00e4dt (links) h\u00e4lt Teilnehmern des B.D.H.-Treffens die T\u00fcr auf \u00a9 Screenshot Facebook\" width=\"300\" height=\"155\" srcset=\"https:\/\/blog.zeit.de\/stoerungsmelder\/files\/2015\/04\/Screenshot-Schottstaedt-BDH-300x155.jpg 300w, https:\/\/blog.zeit.de\/stoerungsmelder\/files\/2015\/04\/Screenshot-Schottstaedt-BDH.jpg 580w\" sizes=\"auto, (max-width: 300px) 100vw, 300px\" \/><\/a><figcaption id=\"caption-attachment-19061\" class=\"wp-caption-text\">Enrico Schottst\u00e4dt (links) h\u00e4lt Teilnehmern des B.D.H.-Treffens die T\u00fcr auf \u00a9 Screenshot Facebook<\/figcaption><\/figure><\/p>\n<p>Einer der Organisatoren der Zusammenkunft war augenscheinlich der einschl\u00e4gig bekannte Enrico Schottst\u00e4dt. Der Anh\u00e4nger des FC Union Berlin trat bereits in der Vergangenheit als f\u00fchrender Kopf des Berliner HogeSa-Spektrums auf, meldete im Dezember eine Kundgebung gegen \u201eAsylmissbrauch und linke Gewalt\u201c an, beteiligte sich in Marzahn als Ordner bei den fl\u00fcchtlingsfeindlichen Aufm\u00e4rschen und <a href=\"https:\/\/blog.zeit.de\/stoerungsmelder\/2015\/01\/15\/hogesa-treffen-in-berlin-geplant_18272\">organisierte schon im Januar in der Kneipe \u201eStumpfe Ecke\u201c im Prenzlauer Berg ein sogenanntes \u201eKennenlerntreffen\u201c. Damals noch unter dem Label HogeSa.<\/a><\/p>\n<p>Unter den rund 40 Anwesenden beim zweiten Treffen am Ostersonntag befanden sich neben Rechten aus Schwerin und Magdeburg auch Anh\u00e4nger des VFL Wolfsburg, die sich \u201eDivision Wolfsburg &#8211; Berserker Deutschland\u201c nennen und sich um den Rechtsrocks\u00e4nger Achim Buonafede sammeln. Ein Foto zeigt ihn mit weiteren Anh\u00e4ngern der \u201eDivision\u201c und Initiator Schottst\u00e4dt beim Posieren unter einer Hakenkreuzfahne.<\/p>\n<p><figure id=\"attachment_19068\" aria-describedby=\"caption-attachment-19068\" style=\"width: 300px\" class=\"wp-caption alignleft\"><a href=\"https:\/\/blog.zeit.de\/stoerungsmelder\/files\/2015\/04\/11043398_603287676471281_7348439158535727873_o.jpg\"><img loading=\"lazy\" decoding=\"async\" class=\"size-medium wp-image-19068\" src=\"https:\/\/blog.zeit.de\/stoerungsmelder\/files\/2015\/04\/11043398_603287676471281_7348439158535727873_o-300x225.jpg\" alt=\"Einladung zum &quot;Kennenlerntreffen&quot; der B.D.H.\" width=\"300\" height=\"225\" srcset=\"https:\/\/blog.zeit.de\/stoerungsmelder\/files\/2015\/04\/11043398_603287676471281_7348439158535727873_o-300x225.jpg 300w, https:\/\/blog.zeit.de\/stoerungsmelder\/files\/2015\/04\/11043398_603287676471281_7348439158535727873_o.jpg 1024w\" sizes=\"auto, (max-width: 300px) 100vw, 300px\" \/><\/a><figcaption id=\"caption-attachment-19068\" class=\"wp-caption-text\">Einladung zum &#8222;Kennenlerntreffen&#8220; der B.D.H.<\/figcaption><\/figure><\/p>\n<p>Die Mobilisierung zu dem Treffen am 5. April war der Polizei im Vorfeld bekannt geworden, der konkrete Treffort in dem Lokal &#8222;Icke &#8211; Altberliner Kneipe&#8220; in der Hellersdorfer Promenade offenbar jedoch nicht. So konnten sich die Rechtsextremen ungest\u00f6rt sammeln. Allerdings stand weniger der Austausch \u00fcber politische Inhalte\u00a0im Zentrum, sondern die Selbstinszenierung als vermeintliche Hooligans, die sich in dem vermummten Posieren vor einem B.D.H.-Schriftzug ersch\u00f6pfte. H\u00f6hepunkt bildete ein Aufstellen zum Gruppenfoto vor dem Lokal, bei dem unter \u201eDeutschland Hooligans\u201c-Parolen mehrere bengalische Fackeln gez\u00fcndet wurden. <a href=\"https:\/\/www.facebook.com\/video.php?v=749547091833389&amp;permPage=1\">Ein Teilnehmer filmte die Szene.<\/a><\/p>\n<p>Die Aktion provozierte einen Polizeieinsatz, wie Polizeisprecher Stefan Redlich gegen\u00fcber ZEIT Online berichtet: \u201eAm 5. April 2015 wurde die Polizei in die Tangerm\u00fcnder Stra\u00dfe alarmiert, da dort Personen einen Fackelumzug durchgef\u00fchrt und dabei Parolen gerufen haben sollen.\u201c Vor Ort wurde aber niemanden mehr angetroffen. \u201eW\u00e4hrend des Einsatzes wurden die Beamten auf eine Ruhest\u00f6rung aus Richtung der Kneipe in der Hellersdorfer Stra\u00dfe aufmerksam. Die G\u00e4ste wurden aufgefordert, leiser zu sein und die Nachtruhe zu beachten\u201c, so Redlich weiter.<\/p>\n<p><figure id=\"attachment_19075\" aria-describedby=\"caption-attachment-19075\" style=\"width: 150px\" class=\"wp-caption alignleft\"><a href=\"https:\/\/blog.zeit.de\/stoerungsmelder\/files\/2015\/04\/Fotoserie.jpg\"><img loading=\"lazy\" decoding=\"async\" class=\"size-thumbnail wp-image-19075\" src=\"https:\/\/blog.zeit.de\/stoerungsmelder\/files\/2015\/04\/Fotoserie-150x150.jpg\" alt=\"Fotostrecke der &quot;Division Wolfsburg - Berserker Deutschland&quot; \u00a9 Screenshot Facebook\" width=\"150\" height=\"150\" \/><\/a><figcaption id=\"caption-attachment-19075\" class=\"wp-caption-text\">Fotostrecke der &#8222;Division Wolfsburg &#8211; Berserker Deutschland&#8220; \u00a9 Screenshot Facebook<\/figcaption><\/figure><\/p>\n<p>Im Nachgang an den Abend dient das Foto bei diversen Anh\u00e4ngern der B.D.H. als Facebook-Titelbild. Auch die Polizei entdeckte die Aufnahme, sagt Stefan Redlich: \u201eAufgrund des Fotos bei Facebook wurde eine Strafanzeige gegen unbekannt wegen des Versto\u00dfes gegen das SprengG gefertigt.\u201c<\/p>\n<p>Nicht die ersten Vorf\u00e4lle mit strafrechtlichen Konsequenzen f\u00fcr das Spektrum der B.D.H. Am Rande einer Demonstration gegen Rassismus im K\u00f6penicker Allende-Viertel Mitte Dezember versuchten rund 30 Rechtsextreme, darunter Anh\u00e4nger der heutigen B.D.H., den Aufzug anzugreifen. Die Polizei dr\u00e4ngte die Rechten ab und leitete Ermittlungsverfahren wegen schweren Landfriedensbruch ein. Mitte M\u00e4rz beteiligte sich Personen aus dem Spektrum der B.D.H. am Berliner Pegida-Aufzug \u201eB\u00e4rgida\u201c. <a href=\"https:\/\/www.youtube.com\/watch?v=2LeB9Af08wo&amp;t=3m51s\">Mehrere Personen aus der Gruppe st\u00fcrmten gegen Ende auf einen Pressevertreter zu, ein 29-j\u00e4hriger griff ihn vor den Augen der Polizei an. Er wurde unmittelbar nach der Tat wegen K\u00f6rperverletzung festgenommen.<\/a><\/p>\n<p><figure id=\"attachment_19067\" aria-describedby=\"caption-attachment-19067\" style=\"width: 150px\" class=\"wp-caption alignleft\"><a href=\"https:\/\/blog.zeit.de\/stoerungsmelder\/files\/2015\/04\/Kinder-Hogesa.jpg\"><img loading=\"lazy\" decoding=\"async\" class=\"wp-image-19067 size-thumbnail\" src=\"https:\/\/blog.zeit.de\/stoerungsmelder\/files\/2015\/04\/Kinder-Hogesa-150x150.jpg\" alt=\"Die Kinder-HoGeSa: &quot;mehr dem Alkohol als unseren nationalen Sorgen und N\u00f6ten zugewandt&quot; \u00a9 Screenshot Facebook\" width=\"150\" height=\"150\" \/><\/a><figcaption id=\"caption-attachment-19067\" class=\"wp-caption-text\">Die Kinder-HoGeSa: &#8222;mehr dem Alkohol als unseren nationalen Sorgen und N\u00f6ten zugewandt&#8220; \u00a9 Screenshot Facebook<\/figcaption><\/figure><\/p>\n<p>Allerdings wird das &#8222;B\u00fcndnis deutscher Hools&#8220;\u00a0in der rechten Szene kritisch gesehen. Auf der Facebookseite der rechtsextremen Fl\u00fcchtlingsheimgegner in Falkenberg bezeichnen sie\u00a0die Gruppe abwertend als \u201eKinder-HoGeSa\u201c und \u201eVerr\u00e4ter\u201c, \u00a0die \u201eunaufrichtig\u201c sowie \u201emehr dem Alkohol als unseren nationalen Sorgen und N\u00f6ten zugewandt\u201c auftrete. Kritisiert wird nicht das gewaltbereite Auftreten sondern eine fehlende Disziplin sowie einen \u201eunkontrollierbaren Hang zum Alkoholkonsum\u201c, der \u201eder Antifa die n\u00f6tigen Argumente zulieferte\u201c.<\/p>\n<p>Der Zusammenschluss ist ein weiterer Schritt in der zunehmenden Ausdifferenzierung der Berliner rechtsextremen Szene, in der mittlerweile jede Kleinstgruppe einen Ableger hat. Zuletzt gr\u00fcndete die Neonazi-Splitterpartei \u201eDer dritte Weg\u201c einen \u201eBerliner St\u00fctzpunkt\u201c. Sie alle sind Resultat der Abschottung der in der Hauptstadtszene lange Zeit tonangebenden Strukturen von \u201eFreien Kr\u00e4ften\u201c, NPD und JN. Sie setzten zuletzt immer mehr auf klandestin geplante Kleinstaktionen und erschwerten so potentiellen Sympathisanten die M\u00f6glichkeit der Partizipation.<\/p>\n","protected":false},"excerpt":{"rendered":"<p>Wer schon gedacht hat, dass die \u201eHooligans gegen Salafisten\u201c (HogeSa)\u00a0an Inhaltlosigkeit nichtmehr zu \u00fcberbieten sind, wird nun eines Besseren belehrt. Vor allem in Berlin treten Sympathisanten des rechten Netzwerkes neuerdings als \u201eB\u00fcndnis deutscher Hools\u201c (B.D.H.) in Erscheinung. Sie fallen vor allem durch Alkoholkonsum und Straftaten auf.<\/p>\n","protected":false},"author":389,"featured_media":0,"comment_status":"open","ping_status":"open","sticky":false,"template":"","format":"standard","meta":{"_jetpack_memberships_contains_paid_content":false,"footnotes":""},"categories":[249,90,1454,1457],"tags":[1986,34124,39401,34125,34126,32266,1573,1587,32145,1610,32263,1621,1709,1711,991,97,1755,99],"class_list":["post-19060","post","type-post","status-publish","format-standard","hentry","category-berlin","category-mecklenburg-vorpommern","category-niedersachsen","category-sachsen-anhalt","tag-anti-islamismus","tag-b-d-h","tag-berlin","tag-buendnis-deutscher-hools","tag-division-wolfsburg","tag-enrico-schottstaedt","tag-fussball","tag-gewalt","tag-hogesa","tag-hooligans","tag-hooligans-gegen-salafisten","tag-islamophobie","tag-nazis","tag-neonazis","tag-polizei","tag-rassismus","tag-rechte-gewalt","tag-rechtsextremismus"],"yoast_head":"<!-- This site is optimized with the Yoast SEO plugin v21.0 - https:\/\/yoast.com\/wordpress\/plugins\/seo\/ -->\n<title>Aus &quot;Kinder-Hogesa&quot; wird &quot;B\u00fcndnis Deutscher Hools&quot; - St\u00f6rungsmelder<\/title>\n<meta name=\"robots\" content=\"index, follow, max-snippet:-1, max-image-preview:large, max-video-preview:-1\" \/>\n<link rel=\"canonical\" href=\"https:\/\/blog.zeit.de\/stoerungsmelder\/2015\/04\/13\/19060_19060\" \/>\n<meta property=\"og:locale\" content=\"de_DE\" \/>\n<meta property=\"og:type\" content=\"article\" \/>\n<meta property=\"og:title\" content=\"Aus &quot;Kinder-Hogesa&quot; wird &quot;B\u00fcndnis Deutscher Hools&quot; - St\u00f6rungsmelder\" \/>\n<meta property=\"og:description\" content=\"Wer schon gedacht hat, dass die \u201eHooligans gegen Salafisten\u201c (HogeSa)\u00a0an Inhaltlosigkeit nichtmehr zu \u00fcberbieten sind, wird nun eines Besseren belehrt. Vor allem in Berlin treten Sympathisanten des rechten Netzwerkes neuerdings als \u201eB\u00fcndnis deutscher Hools\u201c (B.D.H.) in Erscheinung. Sie fallen vor allem durch Alkoholkonsum und Straftaten auf.\" \/>\n<meta property=\"og:url\" content=\"https:\/\/blog.zeit.de\/stoerungsmelder\/2015\/04\/13\/19060_19060\" \/>\n<meta property=\"og:site_name\" content=\"St\u00f6rungsmelder\" \/>\n<meta property=\"article:published_time\" content=\"2015-04-13T15:20:53+00:00\" \/>\n<meta property=\"article:modified_time\" content=\"2015-04-15T10:31:31+00:00\" \/>\n<meta property=\"og:image\" content=\"https:\/\/blog.zeit.de\/stoerungsmelder\/files\/2015\/04\/BDH.jpg\" \/>\n<meta name=\"author\" content=\"Theo Schneider\" \/>\n<meta name=\"twitter:card\" content=\"summary_large_image\" \/>\n<meta name=\"twitter:label1\" content=\"Geschrieben von\" \/>\n\t<meta name=\"twitter:data1\" content=\"Theo Schneider\" \/>\n\t<meta name=\"twitter:label2\" content=\"Gesch\u00e4tzte Lesezeit\" \/>\n\t<meta name=\"twitter:data2\" content=\"4\u00a0Minuten\" \/>\n<script type=\"application\/ld+json\" class=\"yoast-schema-graph\">{\"@context\":\"https:\/\/schema.org\",\"@graph\":[{\"@type\":\"WebPage\",\"@id\":\"https:\/\/blog.zeit.de\/stoerungsmelder\/2015\/04\/13\/19060_19060\",\"url\":\"https:\/\/blog.zeit.de\/stoerungsmelder\/2015\/04\/13\/19060_19060\",\"name\":\"Aus \\\"Kinder-Hogesa\\\" wird \\\"B\u00fcndnis Deutscher Hools\\\" - St\u00f6rungsmelder\",\"isPartOf\":{\"@id\":\"https:\/\/blog.zeit.de\/stoerungsmelder\/#website\"},\"datePublished\":\"2015-04-13T15:20:53+00:00\",\"dateModified\":\"2015-04-15T10:31:31+00:00\",\"author\":{\"@id\":\"https:\/\/blog.zeit.de\/stoerungsmelder\/#\/schema\/person\/b626c794a205b599e37781d4c34ea71c\"},\"breadcrumb\":{\"@id\":\"https:\/\/blog.zeit.de\/stoerungsmelder\/2015\/04\/13\/19060_19060#breadcrumb\"},\"inLanguage\":\"de\",\"potentialAction\":[{\"@type\":\"ReadAction\",\"target\":[\"https:\/\/blog.zeit.de\/stoerungsmelder\/2015\/04\/13\/19060_19060\"]}]},{\"@type\":\"BreadcrumbList\",\"@id\":\"https:\/\/blog.zeit.de\/stoerungsmelder\/2015\/04\/13\/19060_19060#breadcrumb\",\"itemListElement\":[{\"@type\":\"ListItem\",\"position\":1,\"name\":\"Startseite\",\"item\":\"https:\/\/blog.zeit.de\/stoerungsmelder\"},{\"@type\":\"ListItem\",\"position\":2,\"name\":\"Aus &#8222;Kinder-Hogesa&#8220; wird &#8222;B\u00fcndnis Deutscher Hools&#8220;\"}]},{\"@type\":\"WebSite\",\"@id\":\"https:\/\/blog.zeit.de\/stoerungsmelder\/#website\",\"url\":\"https:\/\/blog.zeit.de\/stoerungsmelder\/\",\"name\":\"St\u00f6rungsmelder\",\"description\":\"Recherchen und Analysen \u00fcber die extreme Rechte\",\"potentialAction\":[{\"@type\":\"SearchAction\",\"target\":{\"@type\":\"EntryPoint\",\"urlTemplate\":\"https:\/\/blog.zeit.de\/stoerungsmelder\/?s={search_term_string}\"},\"query-input\":\"required name=search_term_string\"}],\"inLanguage\":\"de\"},{\"@type\":\"Person\",\"@id\":\"https:\/\/blog.zeit.de\/stoerungsmelder\/#\/schema\/person\/b626c794a205b599e37781d4c34ea71c\",\"name\":\"Theo Schneider\",\"image\":{\"@type\":\"ImageObject\",\"inLanguage\":\"de\",\"@id\":\"https:\/\/blog.zeit.de\/stoerungsmelder\/#\/schema\/person\/image\/\",\"url\":\"https:\/\/secure.gravatar.com\/avatar\/30c9f7cef1f5d9c6b383208e332bc9f722c0b390bcf0234795787c9a45df46fd?s=96&d=mm&r=pg\",\"contentUrl\":\"https:\/\/secure.gravatar.com\/avatar\/30c9f7cef1f5d9c6b383208e332bc9f722c0b390bcf0234795787c9a45df46fd?s=96&d=mm&r=pg\",\"caption\":\"Theo Schneider\"},\"url\":\"https:\/\/blog.zeit.de\/stoerungsmelder\/author\/theoschneider\"}]}<\/script>\n<!-- \/ Yoast SEO plugin. -->","yoast_head_json":{"title":"Aus \"Kinder-Hogesa\" wird \"B\u00fcndnis Deutscher Hools\" - St\u00f6rungsmelder","robots":{"index":"index","follow":"follow","max-snippet":"max-snippet:-1","max-image-preview":"max-image-preview:large","max-video-preview":"max-video-preview:-1"},"canonical":"https:\/\/blog.zeit.de\/stoerungsmelder\/2015\/04\/13\/19060_19060","og_locale":"de_DE","og_type":"article","og_title":"Aus \"Kinder-Hogesa\" wird \"B\u00fcndnis Deutscher Hools\" - St\u00f6rungsmelder","og_description":"Wer schon gedacht hat, dass die \u201eHooligans gegen Salafisten\u201c (HogeSa)\u00a0an Inhaltlosigkeit nichtmehr zu \u00fcberbieten sind, wird nun eines Besseren belehrt. Vor allem in Berlin treten Sympathisanten des rechten Netzwerkes neuerdings als \u201eB\u00fcndnis deutscher Hools\u201c (B.D.H.) in Erscheinung. Sie fallen vor allem durch Alkoholkonsum und Straftaten auf.","og_url":"https:\/\/blog.zeit.de\/stoerungsmelder\/2015\/04\/13\/19060_19060","og_site_name":"St\u00f6rungsmelder","article_published_time":"2015-04-13T15:20:53+00:00","article_modified_time":"2015-04-15T10:31:31+00:00","og_image":[{"url":"https:\/\/blog.zeit.de\/stoerungsmelder\/files\/2015\/04\/BDH.jpg"}],"author":"Theo Schneider","twitter_card":"summary_large_image","twitter_misc":{"Geschrieben von":"Theo Schneider","Gesch\u00e4tzte Lesezeit":"4\u00a0Minuten"},"schema":{"@context":"https:\/\/schema.org","@graph":[{"@type":"WebPage","@id":"https:\/\/blog.zeit.de\/stoerungsmelder\/2015\/04\/13\/19060_19060","url":"https:\/\/blog.zeit.de\/stoerungsmelder\/2015\/04\/13\/19060_19060","name":"Aus \"Kinder-Hogesa\" wird \"B\u00fcndnis Deutscher Hools\" - St\u00f6rungsmelder","isPartOf":{"@id":"https:\/\/blog.zeit.de\/stoerungsmelder\/#website"},"datePublished":"2015-04-13T15:20:53+00:00","dateModified":"2015-04-15T10:31:31+00:00","author":{"@id":"https:\/\/blog.zeit.de\/stoerungsmelder\/#\/schema\/person\/b626c794a205b599e37781d4c34ea71c"},"breadcrumb":{"@id":"https:\/\/blog.zeit.de\/stoerungsmelder\/2015\/04\/13\/19060_19060#breadcrumb"},"inLanguage":"de","potentialAction":[{"@type":"ReadAction","target":["https:\/\/blog.zeit.de\/stoerungsmelder\/2015\/04\/13\/19060_19060"]}]},{"@type":"BreadcrumbList","@id":"https:\/\/blog.zeit.de\/stoerungsmelder\/2015\/04\/13\/19060_19060#breadcrumb","itemListElement":[{"@type":"ListItem","position":1,"name":"Startseite","item":"https:\/\/blog.zeit.de\/stoerungsmelder"},{"@type":"ListItem","position":2,"name":"Aus &#8222;Kinder-Hogesa&#8220; wird &#8222;B\u00fcndnis Deutscher Hools&#8220;"}]},{"@type":"WebSite","@id":"https:\/\/blog.zeit.de\/stoerungsmelder\/#website","url":"https:\/\/blog.zeit.de\/stoerungsmelder\/","name":"St\u00f6rungsmelder","description":"Recherchen und Analysen \u00fcber die extreme Rechte","potentialAction":[{"@type":"SearchAction","target":{"@type":"EntryPoint","urlTemplate":"https:\/\/blog.zeit.de\/stoerungsmelder\/?s={search_term_string}"},"query-input":"required name=search_term_string"}],"inLanguage":"de"},{"@type":"Person","@id":"https:\/\/blog.zeit.de\/stoerungsmelder\/#\/schema\/person\/b626c794a205b599e37781d4c34ea71c","name":"Theo Schneider","image":{"@type":"ImageObject","inLanguage":"de","@id":"https:\/\/blog.zeit.de\/stoerungsmelder\/#\/schema\/person\/image\/","url":"https:\/\/secure.gravatar.com\/avatar\/30c9f7cef1f5d9c6b383208e332bc9f722c0b390bcf0234795787c9a45df46fd?s=96&d=mm&r=pg","contentUrl":"https:\/\/secure.gravatar.com\/avatar\/30c9f7cef1f5d9c6b383208e332bc9f722c0b390bcf0234795787c9a45df46fd?s=96&d=mm&r=pg","caption":"Theo Schneider"},"url":"https:\/\/blog.zeit.de\/stoerungsmelder\/author\/theoschneider"}]}},"jetpack_featured_media_url":"","jetpack_sharing_enabled":true,"_links":{"self":[{"href":"https:\/\/blog.zeit.de\/stoerungsmelder\/wp-json\/wp\/v2\/posts\/19060","targetHints":{"allow":["GET"]}}],"collection":[{"href":"https:\/\/blog.zeit.de\/stoerungsmelder\/wp-json\/wp\/v2\/posts"}],"about":[{"href":"https:\/\/blog.zeit.de\/stoerungsmelder\/wp-json\/wp\/v2\/types\/post"}],"author":[{"embeddable":true,"href":"https:\/\/blog.zeit.de\/stoerungsmelder\/wp-json\/wp\/v2\/users\/389"}],"replies":[{"embeddable":true,"href":"https:\/\/blog.zeit.de\/stoerungsmelder\/wp-json\/wp\/v2\/comments?post=19060"}],"version-history":[{"count":13,"href":"https:\/\/blog.zeit.de\/stoerungsmelder\/wp-json\/wp\/v2\/posts\/19060\/revisions"}],"predecessor-version":[{"id":19085,"href":"https:\/\/blog.zeit.de\/stoerungsmelder\/wp-json\/wp\/v2\/posts\/19060\/revisions\/19085"}],"wp:attachment":[{"href":"https:\/\/blog.zeit.de\/stoerungsmelder\/wp-json\/wp\/v2\/media?parent=19060"}],"wp:term":[{"taxonomy":"category","embeddable":true,"href":"https:\/\/blog.zeit.de\/stoerungsmelder\/wp-json\/wp\/v2\/categories?post=19060"},{"taxonomy":"post_tag","embeddable":true,"href":"https:\/\/blog.zeit.de\/stoerungsmelder\/wp-json\/wp\/v2\/tags?post=19060"}],"curies":[{"name":"wp","href":"https:\/\/api.w.org\/{rel}","templated":true}]}}