{"id":19370,"date":"2015-05-22T09:51:23","date_gmt":"2015-05-22T07:51:23","guid":{"rendered":"http:\/\/blog.zeit.de\/stoerungsmelder\/?p=19370"},"modified":"2015-05-22T09:51:23","modified_gmt":"2015-05-22T07:51:23","slug":"blamage-fuer-koegida-demo-abgebrochen","status":"publish","type":"post","link":"https:\/\/blog.zeit.de\/stoerungsmelder\/2015\/05\/22\/blamage-fuer-koegida-demo-abgebrochen_19370","title":{"rendered":"Blamage f\u00fcr K\u00f6gida &#8211; Demo abgebrochen"},"content":{"rendered":"<p><figure id=\"attachment_19392\" aria-describedby=\"caption-attachment-19392\" style=\"width: 580px\" class=\"wp-caption aligncenter\"><a href=\"https:\/\/blog.zeit.de\/stoerungsmelder\/files\/2015\/05\/K\u00f6gida-Teilnehmer-20.05.15.jpg\"><img loading=\"lazy\" decoding=\"async\" class=\"size-full wp-image-19392\" src=\"https:\/\/blog.zeit.de\/stoerungsmelder\/files\/2015\/05\/K\u00f6gida-Teilnehmer-20.05.15.jpg\" alt=\"Zu Beginn der Veranstaltung waren ganze sieben K\u00f6gida-Teilnehmer anwesend\" width=\"580\" height=\"300\" srcset=\"https:\/\/blog.zeit.de\/stoerungsmelder\/files\/2015\/05\/K\u00f6gida-Teilnehmer-20.05.15.jpg 580w, https:\/\/blog.zeit.de\/stoerungsmelder\/files\/2015\/05\/K\u00f6gida-Teilnehmer-20.05.15-300x155.jpg 300w\" sizes=\"auto, (max-width: 580px) 100vw, 580px\" \/><\/a><figcaption id=\"caption-attachment-19392\" class=\"wp-caption-text\">Zu Beginn der Veranstaltung waren ganze sieben K\u00f6gida-Teilnehmer anwesend<\/figcaption><\/figure><\/p>\n<p>12 gegen 200 &#8211; so sah das Kr\u00e4fteverh\u00e4ltnis zwischen K\u00f6gida und Gegendemonstranten am vergangenen Donnerstag in K\u00f6ln aus. Die &#8222;Verteidiger des Abendlandes&#8220; hatten mit 120 Teilnehmern gerechnet. Nachdem bereits eine vorherige Veranstaltung mit ungef\u00e4hr 400 Teilnehmern wegen der zahlreichen Gegendemonstranten nicht stattfinden konnte, waren es dieses Mal die eigenen (fehlenden) Leute, die zum Abbruch der Veranstaltung f\u00fchrten.<!--more--><\/p>\n<p>Der entt\u00e4uschte Anmelder l\u00f6ste die Demonstration eine halbe Stunde nach Beginn auf, weil zu wenige Teilnehmer erschienen waren und die angereisten Rechten mussten den Heimweg antreten. Die Teilnehmer setzen sich ausschlie\u00dflich aus M\u00e4nnern jungen und mittleren Alters zusammen. Auch drei Personen aus dem Hogesa-Spektrum waren zu sehen. Eine dieser Personen musste fr\u00fcher die Heimreise antreten, da ihm die Polizei untersagte mit Springerstiefeln an der Versammlung teilzunehmen.<\/p>\n<p><a href=\"https:\/\/blog.zeit.de\/stoerungsmelder\/files\/2015\/05\/Springerstiefel-bei-K\u00f6gida-20.5.15.jpg\"><img loading=\"lazy\" decoding=\"async\" class=\"alignleft wp-image-19395 size-medium\" src=\"https:\/\/blog.zeit.de\/stoerungsmelder\/files\/2015\/05\/Springerstiefel-bei-K\u00f6gida-20.5.15-300x155.jpg\" alt=\"Springerstiefel bei K\u00f6gida 20.5.15\" width=\"300\" height=\"155\" srcset=\"https:\/\/blog.zeit.de\/stoerungsmelder\/files\/2015\/05\/Springerstiefel-bei-K\u00f6gida-20.5.15-300x155.jpg 300w, https:\/\/blog.zeit.de\/stoerungsmelder\/files\/2015\/05\/Springerstiefel-bei-K\u00f6gida-20.5.15.jpg 580w\" sizes=\"auto, (max-width: 300px) 100vw, 300px\" \/><\/a><\/p>\n<p><strong>200 Menschen protestieren friedlich<\/strong><\/p>\n<p>Bereits gegen 17 Uhr sammelten sich zahlreiche Gegendemonstranten auf der Domplatte, um mit Musik, Sprechch\u00f6ren, Trommeln und Transparenten gegen die Islamfeinde zu protestieren. An den Protesten beteiligte sich eine bunte Mischung aus Antifa-Gruppen, Parteien, B\u00fcrgern und NGOs. Trotz zwischenzeitlichen Regens blieb die Stimmung auf der Domplatte durchgehend gut. Nachdem die Absage von K\u00f6gida mit lautem Jubel begr\u00fc\u00dft wurde, formierte sich gegen 20 Uhr eine spontane Demonstration mit mehreren hundert Menschen, die daf\u00fcr die angemeldeten Route von K\u00f6gida nutzen.<\/p>\n<p>Die Polizei hatte die beiden Gruppen durch ein gro\u00dfes Aufgebot von Einsatzkr\u00e4ften so weit voneinander getrennt, dass diese sich nicht einmal sehen konnten. Zu h\u00f6ren waren die Proteste bei den Rechten jedoch schon. Insgesamt waren w\u00e4hrend der gesamten Veranstaltung mehr Journalisten als K\u00f6gida-Demonstranten anwesend. Ob sich die Bewegung nach diesem Desaster traut, noch einmal in der Domstadt zu demonstrieren, ist fraglich.<\/p>\n<p><div id='gallery-1' class='gallery galleryid-19370 gallery-columns-3 gallery-size-thumbnail'><figure class='gallery-item'>\n\t\t\t<div class='gallery-icon landscape'>\n\t\t\t\t<a href='https:\/\/blog.zeit.de\/stoerungsmelder\/2015\/05\/22\/blamage-fuer-koegida-demo-abgebrochen_19370\/hier-wollte-sich-koegida-sammeln'><img loading=\"lazy\" decoding=\"async\" width=\"150\" height=\"150\" src=\"https:\/\/blog.zeit.de\/stoerungsmelder\/files\/2015\/05\/Hier-wollte-sich-K\u00f6gida-sammeln-150x150.jpg\" class=\"attachment-thumbnail size-thumbnail\" alt=\"\" aria-describedby=\"gallery-1-19389\" \/><\/a>\n\t\t\t<\/div>\n\t\t\t\t<figcaption class='wp-caption-text gallery-caption' id='gallery-1-19389'>\n\t\t\t\tLeer geblieben &#8211; hier wollte K\u00f6gida eigentlich demonstrieren\n\t\t\t\t<\/figcaption><\/figure><figure class='gallery-item'>\n\t\t\t<div class='gallery-icon landscape'>\n\t\t\t\t<a href='https:\/\/blog.zeit.de\/stoerungsmelder\/2015\/05\/22\/blamage-fuer-koegida-demo-abgebrochen_19370\/gegenproteste-bei-koegida-20-5-15'><img loading=\"lazy\" decoding=\"async\" width=\"150\" height=\"150\" src=\"https:\/\/blog.zeit.de\/stoerungsmelder\/files\/2015\/05\/Gegenproteste-bei-K\u00f6gida-20.5.15-150x150.jpg\" class=\"attachment-thumbnail size-thumbnail\" alt=\"\" aria-describedby=\"gallery-1-19404\" \/><\/a>\n\t\t\t<\/div>\n\t\t\t\t<figcaption class='wp-caption-text gallery-caption' id='gallery-1-19404'>\n\t\t\t\tGegenproteste am K\u00f6lner Hauptbahnhof\n\t\t\t\t<\/figcaption><\/figure><figure class='gallery-item'>\n\t\t\t<div class='gallery-icon landscape'>\n\t\t\t\t<a href='https:\/\/blog.zeit.de\/stoerungsmelder\/2015\/05\/22\/blamage-fuer-koegida-demo-abgebrochen_19370\/spd-parteifahne-bei-koegida-20-5-15'><img loading=\"lazy\" decoding=\"async\" width=\"150\" height=\"150\" src=\"https:\/\/blog.zeit.de\/stoerungsmelder\/files\/2015\/05\/SPD-Parteifahne-bei-K\u00f6gida-20.5.15-150x150.jpg\" class=\"attachment-thumbnail size-thumbnail\" alt=\"\" aria-describedby=\"gallery-1-19394\" \/><\/a>\n\t\t\t<\/div>\n\t\t\t\t<figcaption class='wp-caption-text gallery-caption' id='gallery-1-19394'>\n\t\t\t\tDas Spektrum der Gegendemonstranten reichte von Parteien bis zu Antifa-Gruppen\n\t\t\t\t<\/figcaption><\/figure><figure class='gallery-item'>\n\t\t\t<div class='gallery-icon landscape'>\n\t\t\t\t<a href='https:\/\/blog.zeit.de\/stoerungsmelder\/2015\/05\/22\/blamage-fuer-koegida-demo-abgebrochen_19370\/banner-1945-nie-wieder-koegida-20-5-15'><img loading=\"lazy\" decoding=\"async\" width=\"150\" height=\"150\" src=\"https:\/\/blog.zeit.de\/stoerungsmelder\/files\/2015\/05\/Banner-1945-nie-wieder-K\u00f6gida-20.5.15-150x150.jpg\" class=\"attachment-thumbnail size-thumbnail\" alt=\"\" \/><\/a>\n\t\t\t<\/div><\/figure><figure class='gallery-item'>\n\t\t\t<div class='gallery-icon portrait'>\n\t\t\t\t<a href='https:\/\/blog.zeit.de\/stoerungsmelder\/2015\/05\/22\/blamage-fuer-koegida-demo-abgebrochen_19370\/demonstrant-mit-fahne-koegida-20-5-15'><img loading=\"lazy\" decoding=\"async\" width=\"150\" height=\"150\" src=\"https:\/\/blog.zeit.de\/stoerungsmelder\/files\/2015\/05\/Demonstrant-mit-Fahne-K\u00f6gida-20.5.15-150x150.jpg\" class=\"attachment-thumbnail size-thumbnail\" alt=\"\" \/><\/a>\n\t\t\t<\/div><\/figure><figure class='gallery-item'>\n\t\t\t<div class='gallery-icon landscape'>\n\t\t\t\t<a href='https:\/\/blog.zeit.de\/stoerungsmelder\/2015\/05\/22\/blamage-fuer-koegida-demo-abgebrochen_19370\/banner-koegida-20-5-15'><img loading=\"lazy\" decoding=\"async\" width=\"150\" height=\"150\" src=\"https:\/\/blog.zeit.de\/stoerungsmelder\/files\/2015\/05\/Banner-K\u00f6gida-20.5.15-150x150.jpg\" class=\"attachment-thumbnail size-thumbnail\" alt=\"\" \/><\/a>\n\t\t\t<\/div><\/figure><figure class='gallery-item'>\n\t\t\t<div class='gallery-icon landscape'>\n\t\t\t\t<a href='https:\/\/blog.zeit.de\/stoerungsmelder\/2015\/05\/22\/blamage-fuer-koegida-demo-abgebrochen_19370\/unite-schild-koegida-20-5-15'><img loading=\"lazy\" decoding=\"async\" width=\"150\" height=\"150\" src=\"https:\/\/blog.zeit.de\/stoerungsmelder\/files\/2015\/05\/Unite-Schild-K\u00f6gida-20.5.15-150x150.jpg\" class=\"attachment-thumbnail size-thumbnail\" alt=\"\" \/><\/a>\n\t\t\t<\/div><\/figure><figure class='gallery-item'>\n\t\t\t<div class='gallery-icon landscape'>\n\t\t\t\t<a href='https:\/\/blog.zeit.de\/stoerungsmelder\/2015\/05\/22\/blamage-fuer-koegida-demo-abgebrochen_19370\/transparent-koegida-20-5-15'><img loading=\"lazy\" decoding=\"async\" width=\"150\" height=\"150\" src=\"https:\/\/blog.zeit.de\/stoerungsmelder\/files\/2015\/05\/Transparent-K\u00f6gida-20.5.15-150x150.jpg\" class=\"attachment-thumbnail size-thumbnail\" alt=\"\" \/><\/a>\n\t\t\t<\/div><\/figure><figure class='gallery-item'>\n\t\t\t<div class='gallery-icon portrait'>\n\t\t\t\t<a href='https:\/\/blog.zeit.de\/stoerungsmelder\/2015\/05\/22\/blamage-fuer-koegida-demo-abgebrochen_19370\/no-nazis-schild-koegida-20-5-15'><img loading=\"lazy\" decoding=\"async\" width=\"150\" height=\"150\" src=\"https:\/\/blog.zeit.de\/stoerungsmelder\/files\/2015\/05\/No-Nazis-Schild-K\u00f6gida-20.5.15-150x150.jpg\" class=\"attachment-thumbnail size-thumbnail\" alt=\"\" \/><\/a>\n\t\t\t<\/div><\/figure><figure class='gallery-item'>\n\t\t\t<div class='gallery-icon portrait'>\n\t\t\t\t<a href='https:\/\/blog.zeit.de\/stoerungsmelder\/2015\/05\/22\/blamage-fuer-koegida-demo-abgebrochen_19370\/trommlerin-koegida-20-5-15'><img loading=\"lazy\" decoding=\"async\" width=\"150\" height=\"150\" src=\"https:\/\/blog.zeit.de\/stoerungsmelder\/files\/2015\/05\/Trommlerin-K\u00f6gida-20.5.15-150x150.jpg\" class=\"attachment-thumbnail size-thumbnail\" alt=\"\" \/><\/a>\n\t\t\t<\/div><\/figure><figure class='gallery-item'>\n\t\t\t<div class='gallery-icon portrait'>\n\t\t\t\t<a href='https:\/\/blog.zeit.de\/stoerungsmelder\/2015\/05\/22\/blamage-fuer-koegida-demo-abgebrochen_19370\/trommlerin-gegen-koegida-20-5-15'><img loading=\"lazy\" decoding=\"async\" width=\"150\" height=\"150\" src=\"https:\/\/blog.zeit.de\/stoerungsmelder\/files\/2015\/05\/Trommlerin-gegen-K\u00f6gida-20.5.15-150x150.jpg\" class=\"attachment-thumbnail size-thumbnail\" alt=\"\" \/><\/a>\n\t\t\t<\/div><\/figure><figure class='gallery-item'>\n\t\t\t<div class='gallery-icon landscape'>\n\t\t\t\t<a href='https:\/\/blog.zeit.de\/stoerungsmelder\/2015\/05\/22\/blamage-fuer-koegida-demo-abgebrochen_19370\/koegida-teilnehmer-20-05-15'><img loading=\"lazy\" decoding=\"async\" width=\"150\" height=\"150\" src=\"https:\/\/blog.zeit.de\/stoerungsmelder\/files\/2015\/05\/K\u00f6gida-Teilnehmer-20.05.15-150x150.jpg\" class=\"attachment-thumbnail size-thumbnail\" alt=\"\" aria-describedby=\"gallery-1-19392\" \/><\/a>\n\t\t\t<\/div>\n\t\t\t\t<figcaption class='wp-caption-text gallery-caption' id='gallery-1-19392'>\n\t\t\t\tZu Beginn der Veranstaltung waren ganze sieben K\u00f6gida-Teilnehmer anwesend\n\t\t\t\t<\/figcaption><\/figure><figure class='gallery-item'>\n\t\t\t<div class='gallery-icon landscape'>\n\t\t\t\t<a href='https:\/\/blog.zeit.de\/stoerungsmelder\/2015\/05\/22\/blamage-fuer-koegida-demo-abgebrochen_19370\/springerstiefel-bei-koegida-20-5-15'><img loading=\"lazy\" decoding=\"async\" width=\"150\" height=\"150\" src=\"https:\/\/blog.zeit.de\/stoerungsmelder\/files\/2015\/05\/Springerstiefel-bei-K\u00f6gida-20.5.15-150x150.jpg\" class=\"attachment-thumbnail size-thumbnail\" alt=\"\" aria-describedby=\"gallery-1-19395\" \/><\/a>\n\t\t\t<\/div>\n\t\t\t\t<figcaption class='wp-caption-text gallery-caption' id='gallery-1-19395'>\n\t\t\t\tWegen unpassendem Schuhwerk musste ein K\u00f6gida-Teilnehmer die Veranstaltung vorzeitig verlassen\n\t\t\t\t<\/figcaption><\/figure><figure class='gallery-item'>\n\t\t\t<div class='gallery-icon portrait'>\n\t\t\t\t<a href='https:\/\/blog.zeit.de\/stoerungsmelder\/2015\/05\/22\/blamage-fuer-koegida-demo-abgebrochen_19370\/hogesa-bei-koegida-20-5-15'><img loading=\"lazy\" decoding=\"async\" width=\"150\" height=\"150\" src=\"https:\/\/blog.zeit.de\/stoerungsmelder\/files\/2015\/05\/Hogesa-bei-K\u00f6gida-20.5.15-150x150.jpg\" class=\"attachment-thumbnail size-thumbnail\" alt=\"\" aria-describedby=\"gallery-1-19390\" \/><\/a>\n\t\t\t<\/div>\n\t\t\t\t<figcaption class='wp-caption-text gallery-caption' id='gallery-1-19390'>\n\t\t\t\tAuch Personen aus dem Hogesa-Umfeld beteiligten sich\n\t\t\t\t<\/figcaption><\/figure><figure class='gallery-item'>\n\t\t\t<div class='gallery-icon landscape'>\n\t\t\t\t<a href='https:\/\/blog.zeit.de\/stoerungsmelder\/2015\/05\/22\/blamage-fuer-koegida-demo-abgebrochen_19370\/hooligans-bei-koegida-20-05-15'><img loading=\"lazy\" decoding=\"async\" width=\"150\" height=\"150\" src=\"https:\/\/blog.zeit.de\/stoerungsmelder\/files\/2015\/05\/Hooligans-bei-K\u00f6gida-20.05.15-150x150.jpg\" class=\"attachment-thumbnail size-thumbnail\" alt=\"\" aria-describedby=\"gallery-1-19391\" \/><\/a>\n\t\t\t<\/div>\n\t\t\t\t<figcaption class='wp-caption-text gallery-caption' id='gallery-1-19391'>\n\t\t\t\tAuch Personen aus dem Hogesa-Umfeld beteiligten sich\n\t\t\t\t<\/figcaption><\/figure><figure class='gallery-item'>\n\t\t\t<div class='gallery-icon landscape'>\n\t\t\t\t<a href='https:\/\/blog.zeit.de\/stoerungsmelder\/2015\/05\/22\/blamage-fuer-koegida-demo-abgebrochen_19370\/abreise-von-koegida-20-5-15'><img loading=\"lazy\" decoding=\"async\" width=\"150\" height=\"150\" src=\"https:\/\/blog.zeit.de\/stoerungsmelder\/files\/2015\/05\/Abreise-von-K\u00f6gida-20.5.15-150x150.jpg\" class=\"attachment-thumbnail size-thumbnail\" alt=\"\" aria-describedby=\"gallery-1-19400\" \/><\/a>\n\t\t\t<\/div>\n\t\t\t\t<figcaption class='wp-caption-text gallery-caption' id='gallery-1-19400'>\n\t\t\t\tFr\u00fcher als gewollt, trat K\u00f6gida den Heimweg an\n\t\t\t\t<\/figcaption><\/figure>\n\t\t<\/div>\n<\/p>\n<p>&nbsp;<\/p>\n","protected":false},"excerpt":{"rendered":"<p>12 gegen 200 &#8211; so sah das Kr\u00e4fteverh\u00e4ltnis zwischen K\u00f6gida und Gegendemonstranten am vergangenen Donnerstag in K\u00f6ln aus. Die &#8222;Verteidiger des Abendlandes&#8220; hatten mit 120 Teilnehmern gerechnet. Nachdem bereits eine vorherige Veranstaltung mit ungef\u00e4hr 400 Teilnehmern wegen der zahlreichen Gegendemonstranten nicht stattfinden konnte, waren es dieses Mal die eigenen (fehlenden) Leute, die zum Abbruch der [&hellip;]<\/p>\n","protected":false},"author":569,"featured_media":0,"comment_status":"open","ping_status":"open","sticky":false,"template":"","format":"standard","meta":{"_jetpack_memberships_contains_paid_content":false,"footnotes":""},"categories":[1291],"tags":[1621,32247,1752,97],"class_list":["post-19370","post","type-post","status-publish","format-standard","hentry","category-nordrhein-westfalen","tag-islamophobie","tag-koegida","tag-protest","tag-rassismus"],"yoast_head":"<!-- This site is optimized with the Yoast SEO plugin v21.0 - https:\/\/yoast.com\/wordpress\/plugins\/seo\/ -->\n<title>Blamage f\u00fcr K\u00f6gida - Demo abgebrochen - St\u00f6rungsmelder<\/title>\n<meta name=\"robots\" content=\"index, follow, max-snippet:-1, max-image-preview:large, max-video-preview:-1\" \/>\n<link rel=\"canonical\" href=\"https:\/\/blog.zeit.de\/stoerungsmelder\/2015\/05\/22\/blamage-fuer-koegida-demo-abgebrochen_19370\" \/>\n<meta property=\"og:locale\" content=\"de_DE\" \/>\n<meta property=\"og:type\" content=\"article\" \/>\n<meta property=\"og:title\" content=\"Blamage f\u00fcr K\u00f6gida - Demo abgebrochen - St\u00f6rungsmelder\" \/>\n<meta property=\"og:description\" content=\"12 gegen 200 &#8211; so sah das Kr\u00e4fteverh\u00e4ltnis zwischen K\u00f6gida und Gegendemonstranten am vergangenen Donnerstag in K\u00f6ln aus. Die &#8222;Verteidiger des Abendlandes&#8220; hatten mit 120 Teilnehmern gerechnet. Nachdem bereits eine vorherige Veranstaltung mit ungef\u00e4hr 400 Teilnehmern wegen der zahlreichen Gegendemonstranten nicht stattfinden konnte, waren es dieses Mal die eigenen (fehlenden) Leute, die zum Abbruch der [&hellip;]\" \/>\n<meta property=\"og:url\" content=\"https:\/\/blog.zeit.de\/stoerungsmelder\/2015\/05\/22\/blamage-fuer-koegida-demo-abgebrochen_19370\" \/>\n<meta property=\"og:site_name\" content=\"St\u00f6rungsmelder\" \/>\n<meta property=\"article:published_time\" content=\"2015-05-22T07:51:23+00:00\" \/>\n<meta property=\"og:image\" content=\"https:\/\/blog.zeit.de\/stoerungsmelder\/files\/2015\/05\/Hier-wollte-sich-K\u00f6gida-sammeln-150x150.jpg\" \/>\n<meta name=\"author\" content=\"Marek Majewsky\" \/>\n<meta name=\"twitter:card\" content=\"summary_large_image\" \/>\n<meta name=\"twitter:label1\" content=\"Geschrieben von\" \/>\n\t<meta name=\"twitter:data1\" content=\"Marek Majewsky\" \/>\n\t<meta name=\"twitter:label2\" content=\"Gesch\u00e4tzte Lesezeit\" \/>\n\t<meta name=\"twitter:data2\" content=\"2\u00a0Minuten\" \/>\n<script type=\"application\/ld+json\" class=\"yoast-schema-graph\">{\"@context\":\"https:\/\/schema.org\",\"@graph\":[{\"@type\":\"WebPage\",\"@id\":\"https:\/\/blog.zeit.de\/stoerungsmelder\/2015\/05\/22\/blamage-fuer-koegida-demo-abgebrochen_19370\",\"url\":\"https:\/\/blog.zeit.de\/stoerungsmelder\/2015\/05\/22\/blamage-fuer-koegida-demo-abgebrochen_19370\",\"name\":\"Blamage f\u00fcr K\u00f6gida - Demo abgebrochen - St\u00f6rungsmelder\",\"isPartOf\":{\"@id\":\"https:\/\/blog.zeit.de\/stoerungsmelder\/#website\"},\"datePublished\":\"2015-05-22T07:51:23+00:00\",\"dateModified\":\"2015-05-22T07:51:23+00:00\",\"author\":{\"@id\":\"https:\/\/blog.zeit.de\/stoerungsmelder\/#\/schema\/person\/dbc8759457f3fd7e8341efd185edaac8\"},\"breadcrumb\":{\"@id\":\"https:\/\/blog.zeit.de\/stoerungsmelder\/2015\/05\/22\/blamage-fuer-koegida-demo-abgebrochen_19370#breadcrumb\"},\"inLanguage\":\"de\",\"potentialAction\":[{\"@type\":\"ReadAction\",\"target\":[\"https:\/\/blog.zeit.de\/stoerungsmelder\/2015\/05\/22\/blamage-fuer-koegida-demo-abgebrochen_19370\"]}]},{\"@type\":\"BreadcrumbList\",\"@id\":\"https:\/\/blog.zeit.de\/stoerungsmelder\/2015\/05\/22\/blamage-fuer-koegida-demo-abgebrochen_19370#breadcrumb\",\"itemListElement\":[{\"@type\":\"ListItem\",\"position\":1,\"name\":\"Startseite\",\"item\":\"https:\/\/blog.zeit.de\/stoerungsmelder\"},{\"@type\":\"ListItem\",\"position\":2,\"name\":\"Blamage f\u00fcr K\u00f6gida &#8211; Demo abgebrochen\"}]},{\"@type\":\"WebSite\",\"@id\":\"https:\/\/blog.zeit.de\/stoerungsmelder\/#website\",\"url\":\"https:\/\/blog.zeit.de\/stoerungsmelder\/\",\"name\":\"St\u00f6rungsmelder\",\"description\":\"Recherchen und Analysen \u00fcber die extreme Rechte\",\"potentialAction\":[{\"@type\":\"SearchAction\",\"target\":{\"@type\":\"EntryPoint\",\"urlTemplate\":\"https:\/\/blog.zeit.de\/stoerungsmelder\/?s={search_term_string}\"},\"query-input\":\"required name=search_term_string\"}],\"inLanguage\":\"de\"},{\"@type\":\"Person\",\"@id\":\"https:\/\/blog.zeit.de\/stoerungsmelder\/#\/schema\/person\/dbc8759457f3fd7e8341efd185edaac8\",\"name\":\"Marek Majewsky\",\"image\":{\"@type\":\"ImageObject\",\"inLanguage\":\"de\",\"@id\":\"https:\/\/blog.zeit.de\/stoerungsmelder\/#\/schema\/person\/image\/\",\"url\":\"https:\/\/secure.gravatar.com\/avatar\/89b55b0902be2a33e5e0f779da3d66f828ec7e35ec4f0b1e8b82784a3a4f562c?s=96&d=mm&r=pg\",\"contentUrl\":\"https:\/\/secure.gravatar.com\/avatar\/89b55b0902be2a33e5e0f779da3d66f828ec7e35ec4f0b1e8b82784a3a4f562c?s=96&d=mm&r=pg\",\"caption\":\"Marek Majewsky\"},\"description\":\"Aufgewachsen in einem kleinen Dorf bei Aachen, habe ich schon fr\u00fch erfahren, wie Neonazis mit Menschen umgehen, die nicht in ihr Weltbild passen. Gerade weil ich aus einer Hochburg der Neonazis komme, habe ich mitbekommen, dass es wichtig ist, sich nicht einsch\u00fcchtern zu lassen und auf deren menschenverachtende Ideologie aufmerksam zu machen. Mittlerweile studiere ich in der N\u00e4he von K\u00f6ln Politikwissenschaften und Geschichte.\",\"url\":\"https:\/\/blog.zeit.de\/stoerungsmelder\/author\/marek\"}]}<\/script>\n<!-- \/ Yoast SEO plugin. -->","yoast_head_json":{"title":"Blamage f\u00fcr K\u00f6gida - Demo abgebrochen - St\u00f6rungsmelder","robots":{"index":"index","follow":"follow","max-snippet":"max-snippet:-1","max-image-preview":"max-image-preview:large","max-video-preview":"max-video-preview:-1"},"canonical":"https:\/\/blog.zeit.de\/stoerungsmelder\/2015\/05\/22\/blamage-fuer-koegida-demo-abgebrochen_19370","og_locale":"de_DE","og_type":"article","og_title":"Blamage f\u00fcr K\u00f6gida - Demo abgebrochen - St\u00f6rungsmelder","og_description":"12 gegen 200 &#8211; so sah das Kr\u00e4fteverh\u00e4ltnis zwischen K\u00f6gida und Gegendemonstranten am vergangenen Donnerstag in K\u00f6ln aus. Die &#8222;Verteidiger des Abendlandes&#8220; hatten mit 120 Teilnehmern gerechnet. Nachdem bereits eine vorherige Veranstaltung mit ungef\u00e4hr 400 Teilnehmern wegen der zahlreichen Gegendemonstranten nicht stattfinden konnte, waren es dieses Mal die eigenen (fehlenden) Leute, die zum Abbruch der [&hellip;]","og_url":"https:\/\/blog.zeit.de\/stoerungsmelder\/2015\/05\/22\/blamage-fuer-koegida-demo-abgebrochen_19370","og_site_name":"St\u00f6rungsmelder","article_published_time":"2015-05-22T07:51:23+00:00","og_image":[{"url":"https:\/\/blog.zeit.de\/stoerungsmelder\/files\/2015\/05\/Hier-wollte-sich-K\u00f6gida-sammeln-150x150.jpg"}],"author":"Marek Majewsky","twitter_card":"summary_large_image","twitter_misc":{"Geschrieben von":"Marek Majewsky","Gesch\u00e4tzte Lesezeit":"2\u00a0Minuten"},"schema":{"@context":"https:\/\/schema.org","@graph":[{"@type":"WebPage","@id":"https:\/\/blog.zeit.de\/stoerungsmelder\/2015\/05\/22\/blamage-fuer-koegida-demo-abgebrochen_19370","url":"https:\/\/blog.zeit.de\/stoerungsmelder\/2015\/05\/22\/blamage-fuer-koegida-demo-abgebrochen_19370","name":"Blamage f\u00fcr K\u00f6gida - Demo abgebrochen - St\u00f6rungsmelder","isPartOf":{"@id":"https:\/\/blog.zeit.de\/stoerungsmelder\/#website"},"datePublished":"2015-05-22T07:51:23+00:00","dateModified":"2015-05-22T07:51:23+00:00","author":{"@id":"https:\/\/blog.zeit.de\/stoerungsmelder\/#\/schema\/person\/dbc8759457f3fd7e8341efd185edaac8"},"breadcrumb":{"@id":"https:\/\/blog.zeit.de\/stoerungsmelder\/2015\/05\/22\/blamage-fuer-koegida-demo-abgebrochen_19370#breadcrumb"},"inLanguage":"de","potentialAction":[{"@type":"ReadAction","target":["https:\/\/blog.zeit.de\/stoerungsmelder\/2015\/05\/22\/blamage-fuer-koegida-demo-abgebrochen_19370"]}]},{"@type":"BreadcrumbList","@id":"https:\/\/blog.zeit.de\/stoerungsmelder\/2015\/05\/22\/blamage-fuer-koegida-demo-abgebrochen_19370#breadcrumb","itemListElement":[{"@type":"ListItem","position":1,"name":"Startseite","item":"https:\/\/blog.zeit.de\/stoerungsmelder"},{"@type":"ListItem","position":2,"name":"Blamage f\u00fcr K\u00f6gida &#8211; Demo abgebrochen"}]},{"@type":"WebSite","@id":"https:\/\/blog.zeit.de\/stoerungsmelder\/#website","url":"https:\/\/blog.zeit.de\/stoerungsmelder\/","name":"St\u00f6rungsmelder","description":"Recherchen und Analysen \u00fcber die extreme Rechte","potentialAction":[{"@type":"SearchAction","target":{"@type":"EntryPoint","urlTemplate":"https:\/\/blog.zeit.de\/stoerungsmelder\/?s={search_term_string}"},"query-input":"required name=search_term_string"}],"inLanguage":"de"},{"@type":"Person","@id":"https:\/\/blog.zeit.de\/stoerungsmelder\/#\/schema\/person\/dbc8759457f3fd7e8341efd185edaac8","name":"Marek Majewsky","image":{"@type":"ImageObject","inLanguage":"de","@id":"https:\/\/blog.zeit.de\/stoerungsmelder\/#\/schema\/person\/image\/","url":"https:\/\/secure.gravatar.com\/avatar\/89b55b0902be2a33e5e0f779da3d66f828ec7e35ec4f0b1e8b82784a3a4f562c?s=96&d=mm&r=pg","contentUrl":"https:\/\/secure.gravatar.com\/avatar\/89b55b0902be2a33e5e0f779da3d66f828ec7e35ec4f0b1e8b82784a3a4f562c?s=96&d=mm&r=pg","caption":"Marek Majewsky"},"description":"Aufgewachsen in einem kleinen Dorf bei Aachen, habe ich schon fr\u00fch erfahren, wie Neonazis mit Menschen umgehen, die nicht in ihr Weltbild passen. Gerade weil ich aus einer Hochburg der Neonazis komme, habe ich mitbekommen, dass es wichtig ist, sich nicht einsch\u00fcchtern zu lassen und auf deren menschenverachtende Ideologie aufmerksam zu machen. Mittlerweile studiere ich in der N\u00e4he von K\u00f6ln Politikwissenschaften und Geschichte.","url":"https:\/\/blog.zeit.de\/stoerungsmelder\/author\/marek"}]}},"jetpack_featured_media_url":"","jetpack_sharing_enabled":true,"_links":{"self":[{"href":"https:\/\/blog.zeit.de\/stoerungsmelder\/wp-json\/wp\/v2\/posts\/19370","targetHints":{"allow":["GET"]}}],"collection":[{"href":"https:\/\/blog.zeit.de\/stoerungsmelder\/wp-json\/wp\/v2\/posts"}],"about":[{"href":"https:\/\/blog.zeit.de\/stoerungsmelder\/wp-json\/wp\/v2\/types\/post"}],"author":[{"embeddable":true,"href":"https:\/\/blog.zeit.de\/stoerungsmelder\/wp-json\/wp\/v2\/users\/569"}],"replies":[{"embeddable":true,"href":"https:\/\/blog.zeit.de\/stoerungsmelder\/wp-json\/wp\/v2\/comments?post=19370"}],"version-history":[{"count":8,"href":"https:\/\/blog.zeit.de\/stoerungsmelder\/wp-json\/wp\/v2\/posts\/19370\/revisions"}],"predecessor-version":[{"id":19411,"href":"https:\/\/blog.zeit.de\/stoerungsmelder\/wp-json\/wp\/v2\/posts\/19370\/revisions\/19411"}],"wp:attachment":[{"href":"https:\/\/blog.zeit.de\/stoerungsmelder\/wp-json\/wp\/v2\/media?parent=19370"}],"wp:term":[{"taxonomy":"category","embeddable":true,"href":"https:\/\/blog.zeit.de\/stoerungsmelder\/wp-json\/wp\/v2\/categories?post=19370"},{"taxonomy":"post_tag","embeddable":true,"href":"https:\/\/blog.zeit.de\/stoerungsmelder\/wp-json\/wp\/v2\/tags?post=19370"}],"curies":[{"name":"wp","href":"https:\/\/api.w.org\/{rel}","templated":true}]}}