{"id":1947,"date":"2009-11-19T16:46:46","date_gmt":"2009-11-19T14:46:46","guid":{"rendered":"http:\/\/blog.zeit.de\/stoerungsmelder\/?p=1947"},"modified":"2017-07-08T16:46:48","modified_gmt":"2017-07-08T14:46:48","slug":"linker-aktivist-in-moskau-erschossen","status":"publish","type":"post","link":"https:\/\/blog.zeit.de\/stoerungsmelder\/2009\/11\/19\/linker-aktivist-in-moskau-erschossen_1947","title":{"rendered":"Linker Aktivist in Moskau erschossen"},"content":{"rendered":"<p><figure id=\"attachment_1948\" aria-describedby=\"caption-attachment-1948\" style=\"width: 410px\" class=\"wp-caption aligncenter\"><a href=\"https:\/\/blog.zeit.de\/stoerungsmelder\/files\/2009\/11\/iwan-410.jpg\"><img loading=\"lazy\" decoding=\"async\" class=\"size-full wp-image-1948\" src=\"https:\/\/blog.zeit.de\/stoerungsmelder\/files\/2009\/11\/iwan-410.jpg\" alt=\"Von Neonazis an der Haust\u00fcr ermordet\" width=\"410\" height=\"250\" srcset=\"https:\/\/blog.zeit.de\/stoerungsmelder\/files\/2009\/11\/iwan-410.jpg 410w, https:\/\/blog.zeit.de\/stoerungsmelder\/files\/2009\/11\/iwan-410-300x182.jpg 300w\" sizes=\"auto, (max-width: 410px) 100vw, 410px\" \/><\/a><figcaption id=\"caption-attachment-1948\" class=\"wp-caption-text\">Von militanten Neonazis an der Haust\u00fcr ermordet<\/figcaption><\/figure><\/p>\n<p>Am Abend des 16. November wurde in Moskau ein 26-J\u00e4hriger vermutlich von Neonazis erschossen. Nach Medienberichten wurden zwei Sch\u00fcsse aus n\u00e4chster N\u00e4he auf den Kopf des Ermordeten abgegeben. Iwan Chutorskoi geh\u00f6rte zu den antirassistisch aktiven R.A.S.H. (Red and Anarchist Skinheads) und organisierte mit anderen Aktivisten den Schutz bei linken Konzerten, die in Russland h\u00e4ufig von militanten Neonazis angegriffen werden.<!--more--><\/p>\n<p>Der rechtsextremen Szene war Chutorski gut bekannt. Sein Name tauchte immer wieder auf Todeslisten im Internet auf.\u00a0 In der Vergangenheit wurden bereits drei Mordversuche an Iwan ver\u00fcbt. 2005 wurde er von Neonazis \u00fcberfallen, die ihm schwere Schnittverletzungen am Kopf zuf\u00fcgten. Ein anderes Mal lauerten die T\u00e4ter ihm vor seiner Haust\u00fcr auf und stachen mit einem Schraubenzieher auf seinen Hals ein. Im Januar dieses Jahres wurde er bei einer Auseinandersetzung mit Rechtsextremisten durch einen Messerstich in den Bauch lebensgef\u00e4hrlich verletzt.<\/p>\n<p>In Russland ist Gewalt von der erstarkenden Neonaziszene an der Tagesordnung. Immer wieder werden Menschen ausl\u00e4ndischer Herkunft und Journalisten, Gewerkschafter und andere politische Gegner des rechten Spektrums brutal ermordet. Nur in den wenigsten F\u00e4llen konnte die Polizei Tatverd\u00e4chtige ermitteln. Meist werden rassistische Morde von den russischen Beh\u00f6rden als private Streitigkeit mit t\u00f6dlichem Ausgang oder Auseinandersetzung unter \u201eRowdies\u201c verharmlost. Der fehlende Fahndungsdruck scheint die Szene zu weiterer Gewalt zu ermutigen.<\/p>\n<p>2007 hatten Neonazis ein Exekutionsvideo im Internet ver\u00f6ffentlicht. Darin ist zu sehen, wie vermummte T\u00e4ter zwei gefesselten Moslems die Kehle durchschneiden. Allein in Moskau gab es in den letzten Jahren mindestens sechs Mord an linken Aktivisten. Im April 2006 starb der 19-j\u00e4hrige Alexandr Rjuchin durch Messerstiche, im M\u00e4rz 2008 wurde ebenfalls bei einem Messerangriff Alexej Krylow get\u00f6tet, im Oktober 2008 wurde der linke Skinhead Fedor Filatow ermordet und im Juni starb der Antifaschist Ilja Dshaparidse bei einem rechten \u00dcberfall. Auch die Morde an dem Rechtsanwalt und Menschenrechtler Stanislaw Markelow und der Journalistin Anastasia Baburowa, die im Januar weltweit f\u00fcr Aufsehen gesorgte hatten, werden von Beobachtern der rechtsextremeren Szene zugeordnet.<\/p>\n","protected":false},"excerpt":{"rendered":"<p>Am Abend des 16. November wurde in Moskau ein 26-J\u00e4hriger vermutlich von Neonazis erschossen. Nach Medienberichten wurden zwei Sch\u00fcsse aus n\u00e4chster N\u00e4he auf den Kopf des Ermordeten abgegeben. Iwan Chutorskoi geh\u00f6rte zu den antirassistisch aktiven R.A.S.H. (Red and Anarchist Skinheads) und organisierte mit anderen Aktivisten den Schutz bei linken Konzerten, die in Russland h\u00e4ufig von [&hellip;]<\/p>\n","protected":false},"author":229,"featured_media":0,"comment_status":"open","ping_status":"open","sticky":false,"template":"","format":"standard","meta":{"_jetpack_memberships_contains_paid_content":false,"footnotes":""},"categories":[1515],"tags":[1587,1694,176,1796],"class_list":["post-1947","post","type-post","status-publish","format-standard","hentry","category-bundesweit","tag-gewalt","tag-mord","tag-russland","tag-skinheads"],"yoast_head":"<!-- This site is optimized with the Yoast SEO plugin v21.0 - https:\/\/yoast.com\/wordpress\/plugins\/seo\/ -->\n<title>Linker Aktivist in Moskau erschossen - St\u00f6rungsmelder<\/title>\n<meta name=\"robots\" content=\"index, follow, max-snippet:-1, max-image-preview:large, max-video-preview:-1\" \/>\n<link rel=\"canonical\" href=\"https:\/\/blog.zeit.de\/stoerungsmelder\/2009\/11\/19\/linker-aktivist-in-moskau-erschossen_1947\" \/>\n<meta property=\"og:locale\" content=\"de_DE\" \/>\n<meta property=\"og:type\" content=\"article\" \/>\n<meta property=\"og:title\" content=\"Linker Aktivist in Moskau erschossen - St\u00f6rungsmelder\" \/>\n<meta property=\"og:description\" content=\"Am Abend des 16. November wurde in Moskau ein 26-J\u00e4hriger vermutlich von Neonazis erschossen. Nach Medienberichten wurden zwei Sch\u00fcsse aus n\u00e4chster N\u00e4he auf den Kopf des Ermordeten abgegeben. Iwan Chutorskoi geh\u00f6rte zu den antirassistisch aktiven R.A.S.H. (Red and Anarchist Skinheads) und organisierte mit anderen Aktivisten den Schutz bei linken Konzerten, die in Russland h\u00e4ufig von [&hellip;]\" \/>\n<meta property=\"og:url\" content=\"https:\/\/blog.zeit.de\/stoerungsmelder\/2009\/11\/19\/linker-aktivist-in-moskau-erschossen_1947\" \/>\n<meta property=\"og:site_name\" content=\"St\u00f6rungsmelder\" \/>\n<meta property=\"article:published_time\" content=\"2009-11-19T14:46:46+00:00\" \/>\n<meta property=\"article:modified_time\" content=\"2017-07-08T14:46:48+00:00\" \/>\n<meta property=\"og:image\" content=\"https:\/\/blog.zeit.de\/stoerungsmelder\/files\/2009\/11\/iwan-410.jpg\" \/>\n<meta name=\"author\" content=\"St\u00f6rungsmelder\" \/>\n<meta name=\"twitter:card\" content=\"summary_large_image\" \/>\n<meta name=\"twitter:label1\" content=\"Geschrieben von\" \/>\n\t<meta name=\"twitter:data1\" content=\"St\u00f6rungsmelder\" \/>\n\t<meta name=\"twitter:label2\" content=\"Gesch\u00e4tzte Lesezeit\" \/>\n\t<meta name=\"twitter:data2\" content=\"2\u00a0Minuten\" \/>\n<script type=\"application\/ld+json\" class=\"yoast-schema-graph\">{\"@context\":\"https:\/\/schema.org\",\"@graph\":[{\"@type\":\"WebPage\",\"@id\":\"https:\/\/blog.zeit.de\/stoerungsmelder\/2009\/11\/19\/linker-aktivist-in-moskau-erschossen_1947\",\"url\":\"https:\/\/blog.zeit.de\/stoerungsmelder\/2009\/11\/19\/linker-aktivist-in-moskau-erschossen_1947\",\"name\":\"Linker Aktivist in Moskau erschossen - St\u00f6rungsmelder\",\"isPartOf\":{\"@id\":\"https:\/\/blog.zeit.de\/stoerungsmelder\/#website\"},\"datePublished\":\"2009-11-19T14:46:46+00:00\",\"dateModified\":\"2017-07-08T14:46:48+00:00\",\"author\":{\"@id\":\"https:\/\/blog.zeit.de\/stoerungsmelder\/#\/schema\/person\/fdd0b9818f65738672810b6d6f037f71\"},\"breadcrumb\":{\"@id\":\"https:\/\/blog.zeit.de\/stoerungsmelder\/2009\/11\/19\/linker-aktivist-in-moskau-erschossen_1947#breadcrumb\"},\"inLanguage\":\"de\",\"potentialAction\":[{\"@type\":\"ReadAction\",\"target\":[\"https:\/\/blog.zeit.de\/stoerungsmelder\/2009\/11\/19\/linker-aktivist-in-moskau-erschossen_1947\"]}]},{\"@type\":\"BreadcrumbList\",\"@id\":\"https:\/\/blog.zeit.de\/stoerungsmelder\/2009\/11\/19\/linker-aktivist-in-moskau-erschossen_1947#breadcrumb\",\"itemListElement\":[{\"@type\":\"ListItem\",\"position\":1,\"name\":\"Startseite\",\"item\":\"https:\/\/blog.zeit.de\/stoerungsmelder\"},{\"@type\":\"ListItem\",\"position\":2,\"name\":\"Linker Aktivist in Moskau erschossen\"}]},{\"@type\":\"WebSite\",\"@id\":\"https:\/\/blog.zeit.de\/stoerungsmelder\/#website\",\"url\":\"https:\/\/blog.zeit.de\/stoerungsmelder\/\",\"name\":\"St\u00f6rungsmelder\",\"description\":\"Recherchen und Analysen \u00fcber die extreme Rechte\",\"potentialAction\":[{\"@type\":\"SearchAction\",\"target\":{\"@type\":\"EntryPoint\",\"urlTemplate\":\"https:\/\/blog.zeit.de\/stoerungsmelder\/?s={search_term_string}\"},\"query-input\":\"required name=search_term_string\"}],\"inLanguage\":\"de\"},{\"@type\":\"Person\",\"@id\":\"https:\/\/blog.zeit.de\/stoerungsmelder\/#\/schema\/person\/fdd0b9818f65738672810b6d6f037f71\",\"name\":\"St\u00f6rungsmelder\",\"image\":{\"@type\":\"ImageObject\",\"inLanguage\":\"de\",\"@id\":\"https:\/\/blog.zeit.de\/stoerungsmelder\/#\/schema\/person\/image\/\",\"url\":\"https:\/\/secure.gravatar.com\/avatar\/dfa4be514c3e82a71e4f9a0020035d38192d080ccaa5e4e6d7a1472c763535c5?s=96&d=mm&r=pg\",\"contentUrl\":\"https:\/\/secure.gravatar.com\/avatar\/dfa4be514c3e82a71e4f9a0020035d38192d080ccaa5e4e6d7a1472c763535c5?s=96&d=mm&r=pg\",\"caption\":\"St\u00f6rungsmelder\"},\"url\":\"https:\/\/blog.zeit.de\/stoerungsmelder\/author\/stoerungsmelder\"}]}<\/script>\n<!-- \/ Yoast SEO plugin. -->","yoast_head_json":{"title":"Linker Aktivist in Moskau erschossen - St\u00f6rungsmelder","robots":{"index":"index","follow":"follow","max-snippet":"max-snippet:-1","max-image-preview":"max-image-preview:large","max-video-preview":"max-video-preview:-1"},"canonical":"https:\/\/blog.zeit.de\/stoerungsmelder\/2009\/11\/19\/linker-aktivist-in-moskau-erschossen_1947","og_locale":"de_DE","og_type":"article","og_title":"Linker Aktivist in Moskau erschossen - St\u00f6rungsmelder","og_description":"Am Abend des 16. November wurde in Moskau ein 26-J\u00e4hriger vermutlich von Neonazis erschossen. Nach Medienberichten wurden zwei Sch\u00fcsse aus n\u00e4chster N\u00e4he auf den Kopf des Ermordeten abgegeben. Iwan Chutorskoi geh\u00f6rte zu den antirassistisch aktiven R.A.S.H. (Red and Anarchist Skinheads) und organisierte mit anderen Aktivisten den Schutz bei linken Konzerten, die in Russland h\u00e4ufig von [&hellip;]","og_url":"https:\/\/blog.zeit.de\/stoerungsmelder\/2009\/11\/19\/linker-aktivist-in-moskau-erschossen_1947","og_site_name":"St\u00f6rungsmelder","article_published_time":"2009-11-19T14:46:46+00:00","article_modified_time":"2017-07-08T14:46:48+00:00","og_image":[{"url":"https:\/\/blog.zeit.de\/stoerungsmelder\/files\/2009\/11\/iwan-410.jpg"}],"author":"St\u00f6rungsmelder","twitter_card":"summary_large_image","twitter_misc":{"Geschrieben von":"St\u00f6rungsmelder","Gesch\u00e4tzte Lesezeit":"2\u00a0Minuten"},"schema":{"@context":"https:\/\/schema.org","@graph":[{"@type":"WebPage","@id":"https:\/\/blog.zeit.de\/stoerungsmelder\/2009\/11\/19\/linker-aktivist-in-moskau-erschossen_1947","url":"https:\/\/blog.zeit.de\/stoerungsmelder\/2009\/11\/19\/linker-aktivist-in-moskau-erschossen_1947","name":"Linker Aktivist in Moskau erschossen - St\u00f6rungsmelder","isPartOf":{"@id":"https:\/\/blog.zeit.de\/stoerungsmelder\/#website"},"datePublished":"2009-11-19T14:46:46+00:00","dateModified":"2017-07-08T14:46:48+00:00","author":{"@id":"https:\/\/blog.zeit.de\/stoerungsmelder\/#\/schema\/person\/fdd0b9818f65738672810b6d6f037f71"},"breadcrumb":{"@id":"https:\/\/blog.zeit.de\/stoerungsmelder\/2009\/11\/19\/linker-aktivist-in-moskau-erschossen_1947#breadcrumb"},"inLanguage":"de","potentialAction":[{"@type":"ReadAction","target":["https:\/\/blog.zeit.de\/stoerungsmelder\/2009\/11\/19\/linker-aktivist-in-moskau-erschossen_1947"]}]},{"@type":"BreadcrumbList","@id":"https:\/\/blog.zeit.de\/stoerungsmelder\/2009\/11\/19\/linker-aktivist-in-moskau-erschossen_1947#breadcrumb","itemListElement":[{"@type":"ListItem","position":1,"name":"Startseite","item":"https:\/\/blog.zeit.de\/stoerungsmelder"},{"@type":"ListItem","position":2,"name":"Linker Aktivist in Moskau erschossen"}]},{"@type":"WebSite","@id":"https:\/\/blog.zeit.de\/stoerungsmelder\/#website","url":"https:\/\/blog.zeit.de\/stoerungsmelder\/","name":"St\u00f6rungsmelder","description":"Recherchen und Analysen \u00fcber die extreme Rechte","potentialAction":[{"@type":"SearchAction","target":{"@type":"EntryPoint","urlTemplate":"https:\/\/blog.zeit.de\/stoerungsmelder\/?s={search_term_string}"},"query-input":"required name=search_term_string"}],"inLanguage":"de"},{"@type":"Person","@id":"https:\/\/blog.zeit.de\/stoerungsmelder\/#\/schema\/person\/fdd0b9818f65738672810b6d6f037f71","name":"St\u00f6rungsmelder","image":{"@type":"ImageObject","inLanguage":"de","@id":"https:\/\/blog.zeit.de\/stoerungsmelder\/#\/schema\/person\/image\/","url":"https:\/\/secure.gravatar.com\/avatar\/dfa4be514c3e82a71e4f9a0020035d38192d080ccaa5e4e6d7a1472c763535c5?s=96&d=mm&r=pg","contentUrl":"https:\/\/secure.gravatar.com\/avatar\/dfa4be514c3e82a71e4f9a0020035d38192d080ccaa5e4e6d7a1472c763535c5?s=96&d=mm&r=pg","caption":"St\u00f6rungsmelder"},"url":"https:\/\/blog.zeit.de\/stoerungsmelder\/author\/stoerungsmelder"}]}},"jetpack_featured_media_url":"","jetpack_sharing_enabled":true,"_links":{"self":[{"href":"https:\/\/blog.zeit.de\/stoerungsmelder\/wp-json\/wp\/v2\/posts\/1947","targetHints":{"allow":["GET"]}}],"collection":[{"href":"https:\/\/blog.zeit.de\/stoerungsmelder\/wp-json\/wp\/v2\/posts"}],"about":[{"href":"https:\/\/blog.zeit.de\/stoerungsmelder\/wp-json\/wp\/v2\/types\/post"}],"author":[{"embeddable":true,"href":"https:\/\/blog.zeit.de\/stoerungsmelder\/wp-json\/wp\/v2\/users\/229"}],"replies":[{"embeddable":true,"href":"https:\/\/blog.zeit.de\/stoerungsmelder\/wp-json\/wp\/v2\/comments?post=1947"}],"version-history":[{"count":1,"href":"https:\/\/blog.zeit.de\/stoerungsmelder\/wp-json\/wp\/v2\/posts\/1947\/revisions"}],"predecessor-version":[{"id":24259,"href":"https:\/\/blog.zeit.de\/stoerungsmelder\/wp-json\/wp\/v2\/posts\/1947\/revisions\/24259"}],"wp:attachment":[{"href":"https:\/\/blog.zeit.de\/stoerungsmelder\/wp-json\/wp\/v2\/media?parent=1947"}],"wp:term":[{"taxonomy":"category","embeddable":true,"href":"https:\/\/blog.zeit.de\/stoerungsmelder\/wp-json\/wp\/v2\/categories?post=1947"},{"taxonomy":"post_tag","embeddable":true,"href":"https:\/\/blog.zeit.de\/stoerungsmelder\/wp-json\/wp\/v2\/tags?post=1947"}],"curies":[{"name":"wp","href":"https:\/\/api.w.org\/{rel}","templated":true}]}}