{"id":197,"date":"2008-01-11T17:18:26","date_gmt":"2008-01-11T16:18:26","guid":{"rendered":"http:\/\/blog.zeit.de\/stoerungsmelder\/2008\/01\/11\/mit-der-tora-nach-rostock_197"},"modified":"2008-01-11T17:18:26","modified_gmt":"2008-01-11T16:18:26","slug":"mit-der-tora-nach-rostock","status":"publish","type":"post","link":"https:\/\/blog.zeit.de\/stoerungsmelder\/2008\/01\/11\/mit-der-tora-nach-rostock_197","title":{"rendered":"Mit der Tora nach Rostock"},"content":{"rendered":"<p align=\"justify\">Alexej ist 27 Jahre alt und orthodoxer Jude. Mit 15 Jahren zog er mit seinen Eltern aus Wei\u00dfrussland nach Deutschland. Mittlerweile arbeitet er neben seinem Studium f\u00fcr die Lauder Foundation. Gegr\u00fcndet von Ronald S. Lauder, Sohn von Kosmetikmagnatin Est\u00e9e Lauder, hat es sich die amerikanische Organisation zur Aufgabe gemacht junge Juden in Deutschland und Osteuropa \u00fcber j\u00fcdische Geschichte und ihre Identit\u00e4t aufzukl\u00e4ren. <!--more--><br \/>\nMit Hilfe der Spenden von Privatleuten hat die Stiftung j\u00fcdische Kinderg\u00e4rten und Schulen in Osteuropa gebaut, viele auch in Deutschland.<br \/>\nAlexej organisiert mit der Lauder Foundation regelm\u00e4\u00dfig Jugendcamps in den Schulferien. Zuletzt in \u00d6sterreich. Vor Schneeballschlachten und Snowboardfahren steht hier jeden morgen das freiwillige b\u00fcffeln der Tora auf dem Programm. K\u00f6nnen die Sch\u00fcler zwar auch schw\u00e4nzen, wird aber von den Leitern nicht so gerne gesehen. Denn neben dem durchaus gewollten Freizeitspa\u00df soll ernsthaft j\u00fcdische Geschichte und ihr Glauben studiert werden. Zur Diskussion kommen dabei auch die Vereinbarkeit der allt\u00e4glichen Dinge des Lebens in Deutschland mit dem j\u00fcdischen \u201eLifestyle\u201c, z.B. wie man sich kosher ern\u00e4hrt, wenn man nicht die geeigneten Lebensmittel zur Hand hat.<br \/>\nAber wie lebt es sich als junger Jude in Deutschland? Welche Reaktionen bekommt man, wenn man mit der Kippa, der traditionellen j\u00fcdischen Kopfbedeckung, \u00fcber die Stra\u00dfe geht?<br \/>\n\u201cEs gibt vereinzelt Bezirke in Deutschland, z.B. Prenzlauer Berg in Berlin oder  in Frankfurt die Gegend um die Westend-Synagoge herum, da ist es kein Problem an Sabbat mit der Kippa aus dem Haus zu gehen, aber es gibt durchaus andere Gegenden, da w\u00fcrde ich meinen Glauben nicht so offen zeigen.\u201c sagt Alexej. Zu h\u00e4ufig, so seine Aussage, wird er Opfer von unterschwelligen Beleidigungen oder auch offenen Anfeindungen. Ganz anders seine Erfahrung in London oder New York. Hier geh\u00f6ren die Menschen mit den traditionellen j\u00fcdischen Gew\u00e4ndern zum Stra\u00dfenbild, wie Starbucks oder H&amp;M.<br \/>\n\u201eIch glaube, in Deutschland ist man einfach nicht so daran gew\u00f6hnt, das mehrere Kulturen friedlich nebeneinander existieren k\u00f6nnen. Das sieht man doch an der Diskussion um die Moschee-Neubauten. Ich denke, wir haben als Juden unsere Synagogen, die Christen ihre Kirchen, also sollen doch auch die Muslime ihre Moschee bauen d\u00fcrfen. Wo ist das Problem? Jeder sollte seinen Glauben frei leben d\u00fcrfen.\u201c, so Alexej.<br \/>\nF\u00fcr Menschen j\u00fcdischen Glaubens geht das seit einigen Jahren auch wieder in Rostock und Leipzig, beides Zentren der sehr aktiven rechtsradikalen Szene in Ostdeutschland. In beiden Gro\u00dfst\u00e4dten gab es schon zu DDR-Zeiten kleine j\u00fcdische Gemeinden, welche aber erst durch den Zuzug der Juden aus der ehemaligen Sowjetunion weiter angewachsen sind.<br \/>\n\u00dcber 2 Jahre hat die Lauder Foundation in Rostock mit den knapp 600 j\u00fcdischen  Bewohnern vor Ort die j\u00fcdischen Feiertage gefeiert, wof\u00fcr jedes Mal extra ein Rabbi anreiste. Das zeigte Wirkung.<br \/>\nMittlerweile gibt es in Rostock sogar wieder eine eigene Synagoge, auch in Leipzig soll die Einrichtung bald erweitert werden, um den ca. 1000 Gl\u00e4ubigen Platz zu bieten.<br \/>\n\u201eAuf den paar Stra\u00dfen um unser Zentrum herum kann man  mit der Kippa auf dem Kopf rumlaufen, sobald man diese verl\u00e4sst sollte man allerdings aufpassen. Aber man kennt das ja mittlerweile\u201c, wei\u00df Alexej zu berichten, \u201eWir haben den Erhalt einer Tora-Rolle f\u00fcr unser Zentrum in Leipzig mit einer Parade von der Synagoge zu unserem Gemeindehaus gefeiert. Es gab Musik und wir haben getanzt.\u201c Allerdings unter Polizeischutz. Wie die Polizei vor allen j\u00fcdischen Einrichtungen in Deutschland 24 Stunden pr\u00e4sent sein muss, um Anschl\u00e4ge zu verhindern. Das j\u00fcdische Leben hat seinen Umgang damit gefunden. \u201eNormal ist es nicht, aber man hat sich angepasst\u201c,  sagt Alexej.<\/p>\n<p>(Falls ihr mehr \u00fcber das Leben junger Juden in Deutschland erfahren wollt, checkt mal diesen Link: <a href=\"http:\/\/www.judenschublade.de\/startseite%20d.html\"> Die Judenschublade)<\/a><\/p>\n","protected":false},"excerpt":{"rendered":"<p>Alexej ist 27 Jahre alt und orthodoxer Jude. Mit 15 Jahren zog er mit seinen Eltern aus Wei\u00dfrussland nach Deutschland. Mittlerweile arbeitet er neben seinem Studium f\u00fcr die Lauder Foundation. Gegr\u00fcndet von Ronald S. Lauder, Sohn von Kosmetikmagnatin Est\u00e9e Lauder, hat es sich die amerikanische Organisation zur Aufgabe gemacht junge Juden in Deutschland und Osteuropa [&hellip;]<\/p>\n","protected":false},"author":223,"featured_media":0,"comment_status":"open","ping_status":"open","sticky":false,"template":"","format":"standard","meta":{"_jetpack_memberships_contains_paid_content":false,"footnotes":""},"categories":[249,1515,1453,90,1456],"tags":[1632],"class_list":["post-197","post","type-post","status-publish","format-standard","hentry","category-berlin","category-bundesweit","category-hessen","category-mecklenburg-vorpommern","category-sachsen","tag-jugend"],"yoast_head":"<!-- This site is optimized with the Yoast SEO plugin v21.0 - https:\/\/yoast.com\/wordpress\/plugins\/seo\/ -->\n<title>Mit der Tora nach Rostock - St\u00f6rungsmelder<\/title>\n<meta name=\"robots\" content=\"index, follow, max-snippet:-1, max-image-preview:large, max-video-preview:-1\" \/>\n<link rel=\"canonical\" href=\"https:\/\/blog.zeit.de\/stoerungsmelder\/2008\/01\/11\/mit-der-tora-nach-rostock_197\" \/>\n<meta property=\"og:locale\" content=\"de_DE\" \/>\n<meta property=\"og:type\" content=\"article\" \/>\n<meta property=\"og:title\" content=\"Mit der Tora nach Rostock - St\u00f6rungsmelder\" \/>\n<meta property=\"og:description\" content=\"Alexej ist 27 Jahre alt und orthodoxer Jude. Mit 15 Jahren zog er mit seinen Eltern aus Wei\u00dfrussland nach Deutschland. Mittlerweile arbeitet er neben seinem Studium f\u00fcr die Lauder Foundation. Gegr\u00fcndet von Ronald S. Lauder, Sohn von Kosmetikmagnatin Est\u00e9e Lauder, hat es sich die amerikanische Organisation zur Aufgabe gemacht junge Juden in Deutschland und Osteuropa [&hellip;]\" \/>\n<meta property=\"og:url\" content=\"https:\/\/blog.zeit.de\/stoerungsmelder\/2008\/01\/11\/mit-der-tora-nach-rostock_197\" \/>\n<meta property=\"og:site_name\" content=\"St\u00f6rungsmelder\" \/>\n<meta property=\"article:published_time\" content=\"2008-01-11T16:18:26+00:00\" \/>\n<meta name=\"author\" content=\"Ole Tillmann\" \/>\n<meta name=\"twitter:card\" content=\"summary_large_image\" \/>\n<meta name=\"twitter:label1\" content=\"Geschrieben von\" \/>\n\t<meta name=\"twitter:data1\" content=\"Ole Tillmann\" \/>\n\t<meta name=\"twitter:label2\" content=\"Gesch\u00e4tzte Lesezeit\" \/>\n\t<meta name=\"twitter:data2\" content=\"3\u00a0Minuten\" \/>\n<script type=\"application\/ld+json\" class=\"yoast-schema-graph\">{\"@context\":\"https:\/\/schema.org\",\"@graph\":[{\"@type\":\"WebPage\",\"@id\":\"https:\/\/blog.zeit.de\/stoerungsmelder\/2008\/01\/11\/mit-der-tora-nach-rostock_197\",\"url\":\"https:\/\/blog.zeit.de\/stoerungsmelder\/2008\/01\/11\/mit-der-tora-nach-rostock_197\",\"name\":\"Mit der Tora nach Rostock - St\u00f6rungsmelder\",\"isPartOf\":{\"@id\":\"https:\/\/blog.zeit.de\/stoerungsmelder\/#website\"},\"datePublished\":\"2008-01-11T16:18:26+00:00\",\"dateModified\":\"2008-01-11T16:18:26+00:00\",\"author\":{\"@id\":\"https:\/\/blog.zeit.de\/stoerungsmelder\/#\/schema\/person\/613a3a515a2fe6207d9fe7038c2ce237\"},\"breadcrumb\":{\"@id\":\"https:\/\/blog.zeit.de\/stoerungsmelder\/2008\/01\/11\/mit-der-tora-nach-rostock_197#breadcrumb\"},\"inLanguage\":\"de\",\"potentialAction\":[{\"@type\":\"ReadAction\",\"target\":[\"https:\/\/blog.zeit.de\/stoerungsmelder\/2008\/01\/11\/mit-der-tora-nach-rostock_197\"]}]},{\"@type\":\"BreadcrumbList\",\"@id\":\"https:\/\/blog.zeit.de\/stoerungsmelder\/2008\/01\/11\/mit-der-tora-nach-rostock_197#breadcrumb\",\"itemListElement\":[{\"@type\":\"ListItem\",\"position\":1,\"name\":\"Startseite\",\"item\":\"https:\/\/blog.zeit.de\/stoerungsmelder\"},{\"@type\":\"ListItem\",\"position\":2,\"name\":\"Mit der Tora nach Rostock\"}]},{\"@type\":\"WebSite\",\"@id\":\"https:\/\/blog.zeit.de\/stoerungsmelder\/#website\",\"url\":\"https:\/\/blog.zeit.de\/stoerungsmelder\/\",\"name\":\"St\u00f6rungsmelder\",\"description\":\"Recherchen und Analysen \u00fcber die extreme Rechte\",\"potentialAction\":[{\"@type\":\"SearchAction\",\"target\":{\"@type\":\"EntryPoint\",\"urlTemplate\":\"https:\/\/blog.zeit.de\/stoerungsmelder\/?s={search_term_string}\"},\"query-input\":\"required name=search_term_string\"}],\"inLanguage\":\"de\"},{\"@type\":\"Person\",\"@id\":\"https:\/\/blog.zeit.de\/stoerungsmelder\/#\/schema\/person\/613a3a515a2fe6207d9fe7038c2ce237\",\"name\":\"Ole Tillmann\",\"image\":{\"@type\":\"ImageObject\",\"inLanguage\":\"de\",\"@id\":\"https:\/\/blog.zeit.de\/stoerungsmelder\/#\/schema\/person\/image\/\",\"url\":\"https:\/\/secure.gravatar.com\/avatar\/5b21d914f1814681a46060ab0c0fc2dadfb31f150ef4c2a7ce8c88515df928c6?s=96&d=mm&r=pg\",\"contentUrl\":\"https:\/\/secure.gravatar.com\/avatar\/5b21d914f1814681a46060ab0c0fc2dadfb31f150ef4c2a7ce8c88515df928c6?s=96&d=mm&r=pg\",\"caption\":\"Ole Tillmann\"},\"url\":\"https:\/\/blog.zeit.de\/stoerungsmelder\/author\/ole-tillmann\"}]}<\/script>\n<!-- \/ Yoast SEO plugin. -->","yoast_head_json":{"title":"Mit der Tora nach Rostock - St\u00f6rungsmelder","robots":{"index":"index","follow":"follow","max-snippet":"max-snippet:-1","max-image-preview":"max-image-preview:large","max-video-preview":"max-video-preview:-1"},"canonical":"https:\/\/blog.zeit.de\/stoerungsmelder\/2008\/01\/11\/mit-der-tora-nach-rostock_197","og_locale":"de_DE","og_type":"article","og_title":"Mit der Tora nach Rostock - St\u00f6rungsmelder","og_description":"Alexej ist 27 Jahre alt und orthodoxer Jude. Mit 15 Jahren zog er mit seinen Eltern aus Wei\u00dfrussland nach Deutschland. Mittlerweile arbeitet er neben seinem Studium f\u00fcr die Lauder Foundation. Gegr\u00fcndet von Ronald S. Lauder, Sohn von Kosmetikmagnatin Est\u00e9e Lauder, hat es sich die amerikanische Organisation zur Aufgabe gemacht junge Juden in Deutschland und Osteuropa [&hellip;]","og_url":"https:\/\/blog.zeit.de\/stoerungsmelder\/2008\/01\/11\/mit-der-tora-nach-rostock_197","og_site_name":"St\u00f6rungsmelder","article_published_time":"2008-01-11T16:18:26+00:00","author":"Ole Tillmann","twitter_card":"summary_large_image","twitter_misc":{"Geschrieben von":"Ole Tillmann","Gesch\u00e4tzte Lesezeit":"3\u00a0Minuten"},"schema":{"@context":"https:\/\/schema.org","@graph":[{"@type":"WebPage","@id":"https:\/\/blog.zeit.de\/stoerungsmelder\/2008\/01\/11\/mit-der-tora-nach-rostock_197","url":"https:\/\/blog.zeit.de\/stoerungsmelder\/2008\/01\/11\/mit-der-tora-nach-rostock_197","name":"Mit der Tora nach Rostock - St\u00f6rungsmelder","isPartOf":{"@id":"https:\/\/blog.zeit.de\/stoerungsmelder\/#website"},"datePublished":"2008-01-11T16:18:26+00:00","dateModified":"2008-01-11T16:18:26+00:00","author":{"@id":"https:\/\/blog.zeit.de\/stoerungsmelder\/#\/schema\/person\/613a3a515a2fe6207d9fe7038c2ce237"},"breadcrumb":{"@id":"https:\/\/blog.zeit.de\/stoerungsmelder\/2008\/01\/11\/mit-der-tora-nach-rostock_197#breadcrumb"},"inLanguage":"de","potentialAction":[{"@type":"ReadAction","target":["https:\/\/blog.zeit.de\/stoerungsmelder\/2008\/01\/11\/mit-der-tora-nach-rostock_197"]}]},{"@type":"BreadcrumbList","@id":"https:\/\/blog.zeit.de\/stoerungsmelder\/2008\/01\/11\/mit-der-tora-nach-rostock_197#breadcrumb","itemListElement":[{"@type":"ListItem","position":1,"name":"Startseite","item":"https:\/\/blog.zeit.de\/stoerungsmelder"},{"@type":"ListItem","position":2,"name":"Mit der Tora nach Rostock"}]},{"@type":"WebSite","@id":"https:\/\/blog.zeit.de\/stoerungsmelder\/#website","url":"https:\/\/blog.zeit.de\/stoerungsmelder\/","name":"St\u00f6rungsmelder","description":"Recherchen und Analysen \u00fcber die extreme Rechte","potentialAction":[{"@type":"SearchAction","target":{"@type":"EntryPoint","urlTemplate":"https:\/\/blog.zeit.de\/stoerungsmelder\/?s={search_term_string}"},"query-input":"required name=search_term_string"}],"inLanguage":"de"},{"@type":"Person","@id":"https:\/\/blog.zeit.de\/stoerungsmelder\/#\/schema\/person\/613a3a515a2fe6207d9fe7038c2ce237","name":"Ole Tillmann","image":{"@type":"ImageObject","inLanguage":"de","@id":"https:\/\/blog.zeit.de\/stoerungsmelder\/#\/schema\/person\/image\/","url":"https:\/\/secure.gravatar.com\/avatar\/5b21d914f1814681a46060ab0c0fc2dadfb31f150ef4c2a7ce8c88515df928c6?s=96&d=mm&r=pg","contentUrl":"https:\/\/secure.gravatar.com\/avatar\/5b21d914f1814681a46060ab0c0fc2dadfb31f150ef4c2a7ce8c88515df928c6?s=96&d=mm&r=pg","caption":"Ole Tillmann"},"url":"https:\/\/blog.zeit.de\/stoerungsmelder\/author\/ole-tillmann"}]}},"jetpack_featured_media_url":"","jetpack_sharing_enabled":true,"_links":{"self":[{"href":"https:\/\/blog.zeit.de\/stoerungsmelder\/wp-json\/wp\/v2\/posts\/197","targetHints":{"allow":["GET"]}}],"collection":[{"href":"https:\/\/blog.zeit.de\/stoerungsmelder\/wp-json\/wp\/v2\/posts"}],"about":[{"href":"https:\/\/blog.zeit.de\/stoerungsmelder\/wp-json\/wp\/v2\/types\/post"}],"author":[{"embeddable":true,"href":"https:\/\/blog.zeit.de\/stoerungsmelder\/wp-json\/wp\/v2\/users\/223"}],"replies":[{"embeddable":true,"href":"https:\/\/blog.zeit.de\/stoerungsmelder\/wp-json\/wp\/v2\/comments?post=197"}],"version-history":[{"count":0,"href":"https:\/\/blog.zeit.de\/stoerungsmelder\/wp-json\/wp\/v2\/posts\/197\/revisions"}],"wp:attachment":[{"href":"https:\/\/blog.zeit.de\/stoerungsmelder\/wp-json\/wp\/v2\/media?parent=197"}],"wp:term":[{"taxonomy":"category","embeddable":true,"href":"https:\/\/blog.zeit.de\/stoerungsmelder\/wp-json\/wp\/v2\/categories?post=197"},{"taxonomy":"post_tag","embeddable":true,"href":"https:\/\/blog.zeit.de\/stoerungsmelder\/wp-json\/wp\/v2\/tags?post=197"}],"curies":[{"name":"wp","href":"https:\/\/api.w.org\/{rel}","templated":true}]}}