{"id":19881,"date":"2015-08-02T22:12:03","date_gmt":"2015-08-02T20:12:03","guid":{"rendered":"http:\/\/blog.zeit.de\/stoerungsmelder\/?p=19881"},"modified":"2015-08-03T14:18:52","modified_gmt":"2015-08-03T12:18:52","slug":"mit-partyschluempfen-und-blockaden-gegen-den-naziaufmarsch-in-bad-nenndoof","status":"publish","type":"post","link":"https:\/\/blog.zeit.de\/stoerungsmelder\/2015\/08\/02\/mit-partyschluempfen-und-blockaden-gegen-den-naziaufmarsch-in-bad-nenndoof_19881","title":{"rendered":"Mit Partyschl\u00fcmpfen und Blockaden gegen den Naziaufmarsch in Bad Nenndorf"},"content":{"rendered":"<p><figure id=\"attachment_19958\" aria-describedby=\"caption-attachment-19958\" style=\"width: 600px\" class=\"wp-caption alignleft\"><a href=\"https:\/\/blog.zeit.de\/stoerungsmelder\/files\/2015\/08\/IMG_69191.jpg\"><img loading=\"lazy\" decoding=\"async\" class=\"wp-image-19958\" src=\"https:\/\/blog.zeit.de\/stoerungsmelder\/files\/2015\/08\/IMG_69191-1024x683.jpg\" alt=\"Feiern gegen den Stumpfsinn in Bad Nenndorf\" width=\"600\" height=\"400\" srcset=\"https:\/\/blog.zeit.de\/stoerungsmelder\/files\/2015\/08\/IMG_69191-1024x683.jpg 1024w, https:\/\/blog.zeit.de\/stoerungsmelder\/files\/2015\/08\/IMG_69191-300x200.jpg 300w\" sizes=\"auto, (max-width: 600px) 100vw, 600px\" \/><\/a><figcaption id=\"caption-attachment-19958\" class=\"wp-caption-text\">Mit Konfetti gegen Neonazis: Bunter Protest in Bad Nenndorf<\/figcaption><\/figure><\/p>\n<p>Gerade mal 200 Neonazis waren in diesem Jahr zum 10. allj\u00e4hrlichen &#8222;Gedenkmarsch&#8220; in das nieders\u00e4chsische St\u00e4dtchen Bad Nenndorf gekommen. Wie schon in den vergangenen Jahren demonstrierten hunderte Menschen\u00a0dagegen, feierten\u00a0verkleidet als Schl\u00fcmpfe, warfen Konfetti auf die Neonazis und beschallten deren Schweigemarsch mit lauter Partymusik. Eine Blockade des Bahnhofes, die recht ruppig von der Polizei ger\u00e4umt wurde, zwang zudem den gr\u00f6\u00dften Teil der\u00a0anreisenden Neonazis\u00a0die letzten Kilometer nach Bad Nenndorf zu laufen.<!--more--><\/p>\n<p><img loading=\"lazy\" decoding=\"async\" class=\"alignleft wp-image-19946 size-medium\" src=\"https:\/\/blog.zeit.de\/stoerungsmelder\/files\/2015\/08\/IMG_6428-300x200.jpg\" alt=\"Blockade - Bad Nenndorf 2015\" width=\"300\" height=\"200\" srcset=\"https:\/\/blog.zeit.de\/stoerungsmelder\/files\/2015\/08\/IMG_6428-300x200.jpg 300w, https:\/\/blog.zeit.de\/stoerungsmelder\/files\/2015\/08\/IMG_6428-1024x683.jpg 1024w\" sizes=\"auto, (max-width: 300px) 100vw, 300px\" \/>Rund 800 Menschen waren am Morgen den Aufruf des lokalen B\u00fcndnisses &#8222;Bad Nenndorf Nazifrei&#8220; gefolgt und beteiligten sich an einer Demonstration durch den Kurort. Unter dem Demonstrant*innen waren auch Vertreter*innen der Nieders\u00e4chsischen Landesregierung, wie die Sozialministerin Cornelia Rundt und Abgeordnete des Landtages. Rund 300\u00a0Menschen waren zudem zusammen mit dem B\u00fcndnis &#8222;Love2Block&#8220; mit dem Zug von Hannover angereist und hatten schon am Morgen bei ihrer Ankunft den Bahnsteig blockiert. Es war eine bunte Mischung von Antifas bis hin zu Anh\u00e4ngern der Gr\u00fcnen Jugend, der Jusos oder der Linkspartei. Nach mehreren Aufforderungen den Bahnhof zu verlassen, r\u00e4umte die Bundespolizei, unterst\u00fctzt vom der nieders\u00e4chsischen Bereitschaftspolizei, den Bahnhof. Anw\u00e4lte, Journalisten und auch die als Beobachterin anwesende Landtagsabgeordnete Julia Willie Hamburg (B\u00fcndnis 90\/Die Gr\u00fcnen) kritisierten das Vorgehen der Beamten. Diese gingen mit Faustschl\u00e4gen und Schmerzgriffen recht ruppig gegen die Blockierer vor. Teilweise wurde diese einfach \u00fcber den Bahnsteig geschleift. Auch Journalisten wurden immer wieder weggeschubst und beim Fotografieren behindert. Eine Frau mu\u00dfte ins Krankenhaus gebracht werden, sie\u00a0verlor bei der R\u00e4umung das Bewusstsein.<\/p>\n<p><a href=\"https:\/\/blog.zeit.de\/stoerungsmelder\/files\/2015\/08\/IMG_6511.jpg\"><img loading=\"lazy\" decoding=\"async\" class=\"alignleft wp-image-19947 size-medium\" src=\"https:\/\/blog.zeit.de\/stoerungsmelder\/files\/2015\/08\/IMG_6511-300x200.jpg\" alt=\"R\u00e4umung Blockade - Bad Nenndorf 2015\" width=\"300\" height=\"200\" srcset=\"https:\/\/blog.zeit.de\/stoerungsmelder\/files\/2015\/08\/IMG_6511-300x200.jpg 300w, https:\/\/blog.zeit.de\/stoerungsmelder\/files\/2015\/08\/IMG_6511-1024x683.jpg 1024w\" sizes=\"auto, (max-width: 300px) 100vw, 300px\" \/><\/a>Unterdessen hatten sich 70 Neonazis vor dem Bahnhof versammelt.\u00a0Sie warteten in der Sonne auf rund 120 &#8222;Kameraden&#8220; , die wegen der Blockade des Bahnhofes die letzten Kilometer nach Bad Nenndorf zu Fu\u00df zur\u00fccklegen mussten. Als diese begleitet von Polizeikr\u00e4ften am Bahnhof ankamen,\u00a0verz\u00f6gerte sich der Beginn des &#8222;Trauermarsches&#8220; aber noch weiter: Den Nazis gelang es zun\u00e4chst nicht den Stromgenerator f\u00fcr die Lautsprecheranlage anzuwerfen. Sven Skoda, Organisator\u00a0des Aufmarsches, sorgte daf\u00fcr, dass die Neonazis, viele in wei\u00dfe Hemden gekleidet, sich ordentlich in Reih und Glied aufstellten: vorneweg Trommler und Fahnentr\u00e4ger, hinterher ging der Rest der Neonazis aufgeteilt in Bl\u00f6cken.<\/p>\n<p>W\u00e4hrenddessen gelang es einer Gruppe von 30 Personen die Absperrungen der Polizei zu \u00fcberwinden und sich mit einem Transparent auf der Route zu versammeln. Schnell dr\u00e4ngten allerdings Polizisten die Protestierenden wieder von der Stra\u00dfe.<\/p>\n<p>Begleitet von klassischer Musik aus ihrem Lautsprecherwagen und monotonem Trommeln, zogen die Neonazis schweigend die wenigen hundert Meter zum Winkler-Bad. Der Weg dorthin war wie immer bunt geschm\u00fcckt. Zahlreiche Transparente und Plakate waren zu sehen, in den Vorgarten sa\u00dfen und standen Anwohner und betrachteten den Aufmarsch skeptisch.<\/p>\n<p>Als der bis dahin eher gespenstische wirkende Aufmarsch am Winklerbad ankam, sorgten die Bad Nenndorfer f\u00fcr grimmige und genervte Gesichtsausdr\u00fccke bei den Neonazis:\u00a0Konfetti und Luftschlangen regneten auf den Marsch,\u00a0laute Partymusik schallte aus den H\u00e4user, vor denen die Menschen teilweise als Schl\u00fcmpfe verkleidet tanzten und\u00a0sich \u00fcber die Neonazis lustig machten. Sichtlich genervt von der lauten St\u00f6rung stellten sich die Neonazis im Kreis vor dem Winklerbad auf. Ihre\u00a0Reden gingen weitgehend im L\u00e4rm der Gegendemonstranten unter.\u00a0Danach zogen die Neonazis wieder zur\u00fcck zum Bahnhof und l\u00f6sten dort ihre Versammlung schnell auf.<\/p>\n<p><a href=\"https:\/\/blog.zeit.de\/stoerungsmelder\/files\/2015\/08\/IMG_6821.jpg\"><img loading=\"lazy\" decoding=\"async\" class=\"alignleft wp-image-19951 size-medium\" src=\"https:\/\/blog.zeit.de\/stoerungsmelder\/files\/2015\/08\/IMG_6821-300x200.jpg\" alt=\"Bad Nenndorf 2015\" width=\"300\" height=\"200\" srcset=\"https:\/\/blog.zeit.de\/stoerungsmelder\/files\/2015\/08\/IMG_6821-300x200.jpg 300w, https:\/\/blog.zeit.de\/stoerungsmelder\/files\/2015\/08\/IMG_6821-1024x683.jpg 1024w\" sizes=\"auto, (max-width: 300px) 100vw, 300px\" \/><\/a>Im 10. Jahr zeigte der diesj\u00e4hrige &#8222;Gedenkmarsch&#8220; in Bad, dass die Neonaziszene in Niedersachen kaum mehr \u00fcber einen engen Kreis der &#8211; zudem deutlich geschrumpften &#8211; Zahl von Aktivisten mobilisierungsf\u00e4hig ist. Der Gro\u00dfteil der Teilnehmer kam aus\u00a0Nordrhein-Westfalen, Th\u00fcringen und Sachsen-Anhalt. So war\u00a0in diesem Jahr auch der Neonazi Sven Skoda aus NRW\u00a0zentrale Figur bei der Organisation des Aufmarsches. Neben ihm traten Maria Frank (Berlin) und Michael Br\u00fcck (Dortmund) als Redner auf. Auch wenn die Teilnehmerzahlen stagnieren, d\u00fcrfte die Szene auch k\u00fcnftig nicht auf den Marsch verzichten. Denn der &#8222;Trauermarsch&#8220; in Bad Nenndorf ist der\u00a0einzige feste Demonstrationstermin\u00a0in Niedersachsen, an dem es ihnen \u00fcberhaupt noch gelingt mehr als nur regionale Aufmerksamkeit zu erlangen.<\/p>\n<ul>\n<li>Weiter Fotos des Autors aus Bad Nenndorf finden Sie hier: <a href=\"https:\/\/www.flickr.com\/photos\/dokurechts\/sets\/72157656282583020\" target=\"_blank\">www.flickr.com\/dokurechts<\/a><\/li>\n<\/ul>\n","protected":false},"excerpt":{"rendered":"<p>Gerade mal 200 Neonazis waren in diesem Jahr zum 10. allj\u00e4hrlichen &#8222;Gedenkmarsch&#8220; in das nieders\u00e4chsische St\u00e4dtchen Bad Nenndorf gekommen. Wie schon in den vergangenen Jahren demonstrierten hunderte Menschen\u00a0dagegen, feierten\u00a0verkleidet als Schl\u00fcmpfe, warfen Konfetti auf die Neonazis und beschallten deren Schweigemarsch mit lauter Partymusik. Eine Blockade des Bahnhofes, die recht ruppig von der Polizei ger\u00e4umt wurde, [&hellip;]<\/p>\n","protected":false},"author":411,"featured_media":0,"comment_status":"open","ping_status":"open","sticky":false,"template":"","format":"standard","meta":{"_jetpack_memberships_contains_paid_content":false,"footnotes":""},"categories":[1454],"tags":[28243,34165,1711,39409,24526],"class_list":["post-19881","post","type-post","status-publish","format-standard","hentry","category-niedersachsen","tag-bad-nenndorf","tag-gedenkmarsh","tag-neonazis","tag-niedersachsen","tag-trauermarsch"],"yoast_head":"<!-- This site is optimized with the Yoast SEO plugin v21.0 - https:\/\/yoast.com\/wordpress\/plugins\/seo\/ -->\n<title>Partyschl\u00fcmpfe gegen den Naziaufmarsch in Bad Nenndorf<\/title>\n<meta name=\"description\" content=\"Seit zehn Jahren gibt es in Bad Nenndorf einen rechten &quot;Gedenkmarsch&quot;. Feiernde Schl\u00fcmpfe halten dagegen.\" \/>\n<meta name=\"robots\" content=\"index, follow, max-snippet:-1, max-image-preview:large, max-video-preview:-1\" \/>\n<link rel=\"canonical\" href=\"https:\/\/blog.zeit.de\/stoerungsmelder\/2015\/08\/02\/mit-partyschluempfen-und-blockaden-gegen-den-naziaufmarsch-in-bad-nenndoof_19881\" \/>\n<meta property=\"og:locale\" content=\"de_DE\" \/>\n<meta property=\"og:type\" content=\"article\" \/>\n<meta property=\"og:title\" content=\"Partyschl\u00fcmpfe gegen den Naziaufmarsch in Bad Nenndorf\" \/>\n<meta property=\"og:description\" content=\"Seit zehn Jahren gibt es in Bad Nenndorf einen rechten &quot;Gedenkmarsch&quot;. Feiernde Schl\u00fcmpfe halten dagegen.\" \/>\n<meta property=\"og:url\" content=\"https:\/\/blog.zeit.de\/stoerungsmelder\/2015\/08\/02\/mit-partyschluempfen-und-blockaden-gegen-den-naziaufmarsch-in-bad-nenndoof_19881\" \/>\n<meta property=\"og:site_name\" content=\"St\u00f6rungsmelder\" \/>\n<meta property=\"article:published_time\" content=\"2015-08-02T20:12:03+00:00\" \/>\n<meta property=\"article:modified_time\" content=\"2015-08-03T12:18:52+00:00\" \/>\n<meta property=\"og:image\" content=\"https:\/\/blog.zeit.de\/stoerungsmelder\/files\/2015\/08\/IMG_69191-1024x683.jpg\" \/>\n<meta name=\"author\" content=\"David Janzen\" \/>\n<meta name=\"twitter:card\" content=\"summary_large_image\" \/>\n<meta name=\"twitter:label1\" content=\"Geschrieben von\" \/>\n\t<meta name=\"twitter:data1\" content=\"David Janzen\" \/>\n\t<meta name=\"twitter:label2\" content=\"Gesch\u00e4tzte Lesezeit\" \/>\n\t<meta name=\"twitter:data2\" content=\"4\u00a0Minuten\" \/>\n<script type=\"application\/ld+json\" class=\"yoast-schema-graph\">{\"@context\":\"https:\/\/schema.org\",\"@graph\":[{\"@type\":\"WebPage\",\"@id\":\"https:\/\/blog.zeit.de\/stoerungsmelder\/2015\/08\/02\/mit-partyschluempfen-und-blockaden-gegen-den-naziaufmarsch-in-bad-nenndoof_19881\",\"url\":\"https:\/\/blog.zeit.de\/stoerungsmelder\/2015\/08\/02\/mit-partyschluempfen-und-blockaden-gegen-den-naziaufmarsch-in-bad-nenndoof_19881\",\"name\":\"Partyschl\u00fcmpfe gegen den Naziaufmarsch in Bad Nenndorf\",\"isPartOf\":{\"@id\":\"https:\/\/blog.zeit.de\/stoerungsmelder\/#website\"},\"datePublished\":\"2015-08-02T20:12:03+00:00\",\"dateModified\":\"2015-08-03T12:18:52+00:00\",\"author\":{\"@id\":\"https:\/\/blog.zeit.de\/stoerungsmelder\/#\/schema\/person\/16f127a03d79b8184d71ff3e00054e7a\"},\"description\":\"Seit zehn Jahren gibt es in Bad Nenndorf einen rechten \\\"Gedenkmarsch\\\". Feiernde Schl\u00fcmpfe halten dagegen.\",\"breadcrumb\":{\"@id\":\"https:\/\/blog.zeit.de\/stoerungsmelder\/2015\/08\/02\/mit-partyschluempfen-und-blockaden-gegen-den-naziaufmarsch-in-bad-nenndoof_19881#breadcrumb\"},\"inLanguage\":\"de\",\"potentialAction\":[{\"@type\":\"ReadAction\",\"target\":[\"https:\/\/blog.zeit.de\/stoerungsmelder\/2015\/08\/02\/mit-partyschluempfen-und-blockaden-gegen-den-naziaufmarsch-in-bad-nenndoof_19881\"]}]},{\"@type\":\"BreadcrumbList\",\"@id\":\"https:\/\/blog.zeit.de\/stoerungsmelder\/2015\/08\/02\/mit-partyschluempfen-und-blockaden-gegen-den-naziaufmarsch-in-bad-nenndoof_19881#breadcrumb\",\"itemListElement\":[{\"@type\":\"ListItem\",\"position\":1,\"name\":\"Startseite\",\"item\":\"https:\/\/blog.zeit.de\/stoerungsmelder\"},{\"@type\":\"ListItem\",\"position\":2,\"name\":\"Mit Partyschl\u00fcmpfen und Blockaden gegen den Naziaufmarsch in Bad Nenndorf\"}]},{\"@type\":\"WebSite\",\"@id\":\"https:\/\/blog.zeit.de\/stoerungsmelder\/#website\",\"url\":\"https:\/\/blog.zeit.de\/stoerungsmelder\/\",\"name\":\"St\u00f6rungsmelder\",\"description\":\"Recherchen und Analysen \u00fcber die extreme Rechte\",\"potentialAction\":[{\"@type\":\"SearchAction\",\"target\":{\"@type\":\"EntryPoint\",\"urlTemplate\":\"https:\/\/blog.zeit.de\/stoerungsmelder\/?s={search_term_string}\"},\"query-input\":\"required name=search_term_string\"}],\"inLanguage\":\"de\"},{\"@type\":\"Person\",\"@id\":\"https:\/\/blog.zeit.de\/stoerungsmelder\/#\/schema\/person\/16f127a03d79b8184d71ff3e00054e7a\",\"name\":\"David Janzen\",\"image\":{\"@type\":\"ImageObject\",\"inLanguage\":\"de\",\"@id\":\"https:\/\/blog.zeit.de\/stoerungsmelder\/#\/schema\/person\/image\/\",\"url\":\"https:\/\/secure.gravatar.com\/avatar\/19c55211c90580bba7248c3d26e8a117d3f2c4380a8666fa4964341702f55927?s=96&d=mm&r=pg\",\"contentUrl\":\"https:\/\/secure.gravatar.com\/avatar\/19c55211c90580bba7248c3d26e8a117d3f2c4380a8666fa4964341702f55927?s=96&d=mm&r=pg\",\"caption\":\"David Janzen\"},\"url\":\"https:\/\/blog.zeit.de\/stoerungsmelder\/author\/davidjanzen\"}]}<\/script>\n<!-- \/ Yoast SEO plugin. -->","yoast_head_json":{"title":"Partyschl\u00fcmpfe gegen den Naziaufmarsch in Bad Nenndorf","description":"Seit zehn Jahren gibt es in Bad Nenndorf einen rechten \"Gedenkmarsch\". Feiernde Schl\u00fcmpfe halten dagegen.","robots":{"index":"index","follow":"follow","max-snippet":"max-snippet:-1","max-image-preview":"max-image-preview:large","max-video-preview":"max-video-preview:-1"},"canonical":"https:\/\/blog.zeit.de\/stoerungsmelder\/2015\/08\/02\/mit-partyschluempfen-und-blockaden-gegen-den-naziaufmarsch-in-bad-nenndoof_19881","og_locale":"de_DE","og_type":"article","og_title":"Partyschl\u00fcmpfe gegen den Naziaufmarsch in Bad Nenndorf","og_description":"Seit zehn Jahren gibt es in Bad Nenndorf einen rechten \"Gedenkmarsch\". Feiernde Schl\u00fcmpfe halten dagegen.","og_url":"https:\/\/blog.zeit.de\/stoerungsmelder\/2015\/08\/02\/mit-partyschluempfen-und-blockaden-gegen-den-naziaufmarsch-in-bad-nenndoof_19881","og_site_name":"St\u00f6rungsmelder","article_published_time":"2015-08-02T20:12:03+00:00","article_modified_time":"2015-08-03T12:18:52+00:00","og_image":[{"url":"https:\/\/blog.zeit.de\/stoerungsmelder\/files\/2015\/08\/IMG_69191-1024x683.jpg"}],"author":"David Janzen","twitter_card":"summary_large_image","twitter_misc":{"Geschrieben von":"David Janzen","Gesch\u00e4tzte Lesezeit":"4\u00a0Minuten"},"schema":{"@context":"https:\/\/schema.org","@graph":[{"@type":"WebPage","@id":"https:\/\/blog.zeit.de\/stoerungsmelder\/2015\/08\/02\/mit-partyschluempfen-und-blockaden-gegen-den-naziaufmarsch-in-bad-nenndoof_19881","url":"https:\/\/blog.zeit.de\/stoerungsmelder\/2015\/08\/02\/mit-partyschluempfen-und-blockaden-gegen-den-naziaufmarsch-in-bad-nenndoof_19881","name":"Partyschl\u00fcmpfe gegen den Naziaufmarsch in Bad Nenndorf","isPartOf":{"@id":"https:\/\/blog.zeit.de\/stoerungsmelder\/#website"},"datePublished":"2015-08-02T20:12:03+00:00","dateModified":"2015-08-03T12:18:52+00:00","author":{"@id":"https:\/\/blog.zeit.de\/stoerungsmelder\/#\/schema\/person\/16f127a03d79b8184d71ff3e00054e7a"},"description":"Seit zehn Jahren gibt es in Bad Nenndorf einen rechten \"Gedenkmarsch\". Feiernde Schl\u00fcmpfe halten dagegen.","breadcrumb":{"@id":"https:\/\/blog.zeit.de\/stoerungsmelder\/2015\/08\/02\/mit-partyschluempfen-und-blockaden-gegen-den-naziaufmarsch-in-bad-nenndoof_19881#breadcrumb"},"inLanguage":"de","potentialAction":[{"@type":"ReadAction","target":["https:\/\/blog.zeit.de\/stoerungsmelder\/2015\/08\/02\/mit-partyschluempfen-und-blockaden-gegen-den-naziaufmarsch-in-bad-nenndoof_19881"]}]},{"@type":"BreadcrumbList","@id":"https:\/\/blog.zeit.de\/stoerungsmelder\/2015\/08\/02\/mit-partyschluempfen-und-blockaden-gegen-den-naziaufmarsch-in-bad-nenndoof_19881#breadcrumb","itemListElement":[{"@type":"ListItem","position":1,"name":"Startseite","item":"https:\/\/blog.zeit.de\/stoerungsmelder"},{"@type":"ListItem","position":2,"name":"Mit Partyschl\u00fcmpfen und Blockaden gegen den Naziaufmarsch in Bad Nenndorf"}]},{"@type":"WebSite","@id":"https:\/\/blog.zeit.de\/stoerungsmelder\/#website","url":"https:\/\/blog.zeit.de\/stoerungsmelder\/","name":"St\u00f6rungsmelder","description":"Recherchen und Analysen \u00fcber die extreme Rechte","potentialAction":[{"@type":"SearchAction","target":{"@type":"EntryPoint","urlTemplate":"https:\/\/blog.zeit.de\/stoerungsmelder\/?s={search_term_string}"},"query-input":"required name=search_term_string"}],"inLanguage":"de"},{"@type":"Person","@id":"https:\/\/blog.zeit.de\/stoerungsmelder\/#\/schema\/person\/16f127a03d79b8184d71ff3e00054e7a","name":"David Janzen","image":{"@type":"ImageObject","inLanguage":"de","@id":"https:\/\/blog.zeit.de\/stoerungsmelder\/#\/schema\/person\/image\/","url":"https:\/\/secure.gravatar.com\/avatar\/19c55211c90580bba7248c3d26e8a117d3f2c4380a8666fa4964341702f55927?s=96&d=mm&r=pg","contentUrl":"https:\/\/secure.gravatar.com\/avatar\/19c55211c90580bba7248c3d26e8a117d3f2c4380a8666fa4964341702f55927?s=96&d=mm&r=pg","caption":"David Janzen"},"url":"https:\/\/blog.zeit.de\/stoerungsmelder\/author\/davidjanzen"}]}},"jetpack_featured_media_url":"","jetpack_sharing_enabled":true,"_links":{"self":[{"href":"https:\/\/blog.zeit.de\/stoerungsmelder\/wp-json\/wp\/v2\/posts\/19881","targetHints":{"allow":["GET"]}}],"collection":[{"href":"https:\/\/blog.zeit.de\/stoerungsmelder\/wp-json\/wp\/v2\/posts"}],"about":[{"href":"https:\/\/blog.zeit.de\/stoerungsmelder\/wp-json\/wp\/v2\/types\/post"}],"author":[{"embeddable":true,"href":"https:\/\/blog.zeit.de\/stoerungsmelder\/wp-json\/wp\/v2\/users\/411"}],"replies":[{"embeddable":true,"href":"https:\/\/blog.zeit.de\/stoerungsmelder\/wp-json\/wp\/v2\/comments?post=19881"}],"version-history":[{"count":14,"href":"https:\/\/blog.zeit.de\/stoerungsmelder\/wp-json\/wp\/v2\/posts\/19881\/revisions"}],"predecessor-version":[{"id":19977,"href":"https:\/\/blog.zeit.de\/stoerungsmelder\/wp-json\/wp\/v2\/posts\/19881\/revisions\/19977"}],"wp:attachment":[{"href":"https:\/\/blog.zeit.de\/stoerungsmelder\/wp-json\/wp\/v2\/media?parent=19881"}],"wp:term":[{"taxonomy":"category","embeddable":true,"href":"https:\/\/blog.zeit.de\/stoerungsmelder\/wp-json\/wp\/v2\/categories?post=19881"},{"taxonomy":"post_tag","embeddable":true,"href":"https:\/\/blog.zeit.de\/stoerungsmelder\/wp-json\/wp\/v2\/tags?post=19881"}],"curies":[{"name":"wp","href":"https:\/\/api.w.org\/{rel}","templated":true}]}}