{"id":1993,"date":"2009-11-23T13:02:59","date_gmt":"2009-11-23T11:02:59","guid":{"rendered":"http:\/\/blog.zeit.de\/stoerungsmelder\/?p=1993"},"modified":"2009-11-23T13:02:59","modified_gmt":"2009-11-23T11:02:59","slug":"mehr-als-13000-rechtsextreme-straftaten-in-diesem-jahr","status":"publish","type":"post","link":"https:\/\/blog.zeit.de\/stoerungsmelder\/2009\/11\/23\/mehr-als-13000-rechtsextreme-straftaten-in-diesem-jahr_1993","title":{"rendered":"Mehr als 13.000 rechtsextreme Straftaten in diesem Jahr"},"content":{"rendered":"<p>Die Polizei hat von Jahresbeginn bis Ende September eine hohe Zahl von Delikten registriert, die Neonazis und andere rechtsextrem motivierte T\u00e4ter begangen haben. Ein R\u00fcckgang ist nicht zu erwarten.<!--more--><\/p>\n<p><em>Von <a href=\"http:\/\/www.tagesspiegel.de\/politik\/deutschland\/Rechtsextremismus;art122,2956902\">Tagesspiegel-Autor<\/a> Frank Jansen<\/em><\/p>\n<p>In den drei Quartalen wurden nach den vorl\u00e4ufigen Erkenntnissen mindestens 13.231 einschl\u00e4gige Straftaten ver\u00fcbt, darunter 620 Gewaltdelikte gegen Migranten, Linke, Obdachlose und andere Opfer. Die Zahlen ergeben sich aus den Antworten der Bundesregierung auf monatliche Anfragen von Bundestagsvizepr\u00e4sidentin <a href=\"https:\/\/blog.zeit.de\/stoerungsmelder\/petra-pau\">Petra Pau (Linke)<\/a> und ihrer Fraktion. Vor kurzem waren die Angaben zu den im September ver\u00fcbten rechten Straftaten eingegangen: 1488 Delikte, darunter 81 Gewalttaten. Die Summe der drei Quartale wird wahrscheinlich noch deutlich steigen, da f\u00fcr Juli, August und September viele Nachmeldungen der Landeskriminal\u00e4mter zu erwarten sind.<\/p>\n<p>Eine Summe der rechten Straftaten des ersten Halbjahres, in der bereits viele Nachmeldungen enthalten sind, hatte die Regierung im August an Pau geschickt. Da wurde von 9119 rechten Delikten (mit 427 Gewalttaten) berichtet. Aufgrund der eingerechneten Nachmeldungen lagen diese Zahlen schon weit \u00fcber der Gesamtschau, die sich aus den vorl\u00e4ufigen monatlichen Angaben der Regierung von Januar bis Juni ergeben hatte.<\/p>\n<p>Der brutalste Angriff, den es in diesem Jahr bislang gab, ist in dem Zahlenwerk abstrakt genannt. \u201eEs wurde ein Todesopfer rechter Gewalt gemeldet\u201c, hei\u00dft es in der Antwort zu Juli. Gemeint sind die Messerstiche, mit denen der Russlanddeutsche Alex W. am 1. Juli die \u00c4gypterin Marwa el-Sherbini in einem Dresdener Gerichtssaal ermordete. Den Fall hat das s\u00e4chsische Landeskriminalamt als vollendetes T\u00f6tungsdelikt mit rechter Motivation angegeben. Die rasche Einordnung steht im Kontrast zu mehreren anderen rechten T\u00f6tungsverbrechen bundesweit, die zum Teil erst Jahre sp\u00e4ter als politische Straftaten gewertet wurden.<\/p>\n<p>Mit dem Fall Marwa el-Sherbini steigt die offizielle Zahl der Todesopfer rechter Gewalt, die seit der Wiedervereinigung zu beklagen sind, auf 47. Recherchen von <em>Tagesspiegel<\/em> und <em>Frankfurter Rundschau<\/em> hatten allerdings schon 2003 ergeben, dass Rechtsextremisten mindestens 99 Menschen erschlagen, verbrannt oder auf andere Weise umgebracht haben.<\/p>\n<p>Dass rechte Gewalt abflauen k\u00f6nnte, ist nach Ansicht der Sicherheitsbeh\u00f6rden nicht zu erwarten. Vielmehr gebe es die Gefahr einer \u201eDominanz gewaltbereiter Gruppen im Rechtsextremismus\u201c, sagte der Pr\u00e4sident des Bundesamtes f\u00fcr Verfassungsschutz, Heinz Fromm, am Freitag bei einem Symposium der Beh\u00f6rde in Berlin zu gewaltbereitem Extremismus. Eine m\u00f6gliche Ursache sei, dass Teile der NPD \u201everb\u00fcrgerlichen\u201c. Fromm spielte damit auf die Kritik vieler Neonazis an, die vor allem der s\u00e4chsischen NPD und ihrer Landtagsfraktion vorwerfen, sie sei \u201everbonzt\u201c.<\/p>\n<p>In einer weiteren Antwort nannte die Bundesregierung jetzt der Linksfraktion f\u00fcr das dritte Quartal insgesamt 47 Aufm\u00e4rsche und sonstige \u201eVeranstaltungen von Rechtsextremisten mit \u00fcberregionaler Teilnehmermobilisierung\u201c. Am h\u00e4rtesten betroffen war die th\u00fcringische Stadt Gera. Zu einem NPD-Festival mit rechtsextremen Rockbands kamen am 11. Juli 3900 Neonazis.<\/p>\n","protected":false},"excerpt":{"rendered":"<p>Die Polizei hat von Jahresbeginn bis Ende September eine hohe Zahl von Delikten registriert, die Neonazis und andere rechtsextrem motivierte T\u00e4ter begangen haben. Ein R\u00fcckgang ist nicht zu erwarten.<\/p>\n","protected":false},"author":229,"featured_media":0,"comment_status":"open","ping_status":"open","sticky":false,"template":"","format":"standard","meta":{"_jetpack_memberships_contains_paid_content":false,"footnotes":""},"categories":[1515],"tags":[1587,1716,1739],"class_list":["post-1993","post","type-post","status-publish","format-standard","hentry","category-bundesweit","tag-gewalt","tag-npd","tag-petra-pau"],"yoast_head":"<!-- This site is optimized with the Yoast SEO plugin v21.0 - https:\/\/yoast.com\/wordpress\/plugins\/seo\/ -->\n<title>Mehr als 13.000 rechtsextreme Straftaten in diesem Jahr - St\u00f6rungsmelder<\/title>\n<meta name=\"robots\" content=\"index, follow, max-snippet:-1, max-image-preview:large, max-video-preview:-1\" \/>\n<link rel=\"canonical\" href=\"https:\/\/blog.zeit.de\/stoerungsmelder\/2009\/11\/23\/mehr-als-13000-rechtsextreme-straftaten-in-diesem-jahr_1993\" \/>\n<meta property=\"og:locale\" content=\"de_DE\" \/>\n<meta property=\"og:type\" content=\"article\" \/>\n<meta property=\"og:title\" content=\"Mehr als 13.000 rechtsextreme Straftaten in diesem Jahr - St\u00f6rungsmelder\" \/>\n<meta property=\"og:description\" content=\"Die Polizei hat von Jahresbeginn bis Ende September eine hohe Zahl von Delikten registriert, die Neonazis und andere rechtsextrem motivierte T\u00e4ter begangen haben. Ein R\u00fcckgang ist nicht zu erwarten.\" \/>\n<meta property=\"og:url\" content=\"https:\/\/blog.zeit.de\/stoerungsmelder\/2009\/11\/23\/mehr-als-13000-rechtsextreme-straftaten-in-diesem-jahr_1993\" \/>\n<meta property=\"og:site_name\" content=\"St\u00f6rungsmelder\" \/>\n<meta property=\"article:published_time\" content=\"2009-11-23T11:02:59+00:00\" \/>\n<meta name=\"author\" content=\"St\u00f6rungsmelder\" \/>\n<meta name=\"twitter:card\" content=\"summary_large_image\" \/>\n<meta name=\"twitter:label1\" content=\"Geschrieben von\" \/>\n\t<meta name=\"twitter:data1\" content=\"St\u00f6rungsmelder\" \/>\n\t<meta name=\"twitter:label2\" content=\"Gesch\u00e4tzte Lesezeit\" \/>\n\t<meta name=\"twitter:data2\" content=\"2\u00a0Minuten\" \/>\n<script type=\"application\/ld+json\" class=\"yoast-schema-graph\">{\"@context\":\"https:\/\/schema.org\",\"@graph\":[{\"@type\":\"WebPage\",\"@id\":\"https:\/\/blog.zeit.de\/stoerungsmelder\/2009\/11\/23\/mehr-als-13000-rechtsextreme-straftaten-in-diesem-jahr_1993\",\"url\":\"https:\/\/blog.zeit.de\/stoerungsmelder\/2009\/11\/23\/mehr-als-13000-rechtsextreme-straftaten-in-diesem-jahr_1993\",\"name\":\"Mehr als 13.000 rechtsextreme Straftaten in diesem Jahr - St\u00f6rungsmelder\",\"isPartOf\":{\"@id\":\"https:\/\/blog.zeit.de\/stoerungsmelder\/#website\"},\"datePublished\":\"2009-11-23T11:02:59+00:00\",\"dateModified\":\"2009-11-23T11:02:59+00:00\",\"author\":{\"@id\":\"https:\/\/blog.zeit.de\/stoerungsmelder\/#\/schema\/person\/fdd0b9818f65738672810b6d6f037f71\"},\"breadcrumb\":{\"@id\":\"https:\/\/blog.zeit.de\/stoerungsmelder\/2009\/11\/23\/mehr-als-13000-rechtsextreme-straftaten-in-diesem-jahr_1993#breadcrumb\"},\"inLanguage\":\"de\",\"potentialAction\":[{\"@type\":\"ReadAction\",\"target\":[\"https:\/\/blog.zeit.de\/stoerungsmelder\/2009\/11\/23\/mehr-als-13000-rechtsextreme-straftaten-in-diesem-jahr_1993\"]}]},{\"@type\":\"BreadcrumbList\",\"@id\":\"https:\/\/blog.zeit.de\/stoerungsmelder\/2009\/11\/23\/mehr-als-13000-rechtsextreme-straftaten-in-diesem-jahr_1993#breadcrumb\",\"itemListElement\":[{\"@type\":\"ListItem\",\"position\":1,\"name\":\"Startseite\",\"item\":\"https:\/\/blog.zeit.de\/stoerungsmelder\"},{\"@type\":\"ListItem\",\"position\":2,\"name\":\"Mehr als 13.000 rechtsextreme Straftaten in diesem Jahr\"}]},{\"@type\":\"WebSite\",\"@id\":\"https:\/\/blog.zeit.de\/stoerungsmelder\/#website\",\"url\":\"https:\/\/blog.zeit.de\/stoerungsmelder\/\",\"name\":\"St\u00f6rungsmelder\",\"description\":\"Recherchen und Analysen \u00fcber die extreme Rechte\",\"potentialAction\":[{\"@type\":\"SearchAction\",\"target\":{\"@type\":\"EntryPoint\",\"urlTemplate\":\"https:\/\/blog.zeit.de\/stoerungsmelder\/?s={search_term_string}\"},\"query-input\":\"required name=search_term_string\"}],\"inLanguage\":\"de\"},{\"@type\":\"Person\",\"@id\":\"https:\/\/blog.zeit.de\/stoerungsmelder\/#\/schema\/person\/fdd0b9818f65738672810b6d6f037f71\",\"name\":\"St\u00f6rungsmelder\",\"image\":{\"@type\":\"ImageObject\",\"inLanguage\":\"de\",\"@id\":\"https:\/\/blog.zeit.de\/stoerungsmelder\/#\/schema\/person\/image\/\",\"url\":\"https:\/\/secure.gravatar.com\/avatar\/dfa4be514c3e82a71e4f9a0020035d38192d080ccaa5e4e6d7a1472c763535c5?s=96&d=mm&r=pg\",\"contentUrl\":\"https:\/\/secure.gravatar.com\/avatar\/dfa4be514c3e82a71e4f9a0020035d38192d080ccaa5e4e6d7a1472c763535c5?s=96&d=mm&r=pg\",\"caption\":\"St\u00f6rungsmelder\"},\"url\":\"https:\/\/blog.zeit.de\/stoerungsmelder\/author\/stoerungsmelder\"}]}<\/script>\n<!-- \/ Yoast SEO plugin. -->","yoast_head_json":{"title":"Mehr als 13.000 rechtsextreme Straftaten in diesem Jahr - St\u00f6rungsmelder","robots":{"index":"index","follow":"follow","max-snippet":"max-snippet:-1","max-image-preview":"max-image-preview:large","max-video-preview":"max-video-preview:-1"},"canonical":"https:\/\/blog.zeit.de\/stoerungsmelder\/2009\/11\/23\/mehr-als-13000-rechtsextreme-straftaten-in-diesem-jahr_1993","og_locale":"de_DE","og_type":"article","og_title":"Mehr als 13.000 rechtsextreme Straftaten in diesem Jahr - St\u00f6rungsmelder","og_description":"Die Polizei hat von Jahresbeginn bis Ende September eine hohe Zahl von Delikten registriert, die Neonazis und andere rechtsextrem motivierte T\u00e4ter begangen haben. Ein R\u00fcckgang ist nicht zu erwarten.","og_url":"https:\/\/blog.zeit.de\/stoerungsmelder\/2009\/11\/23\/mehr-als-13000-rechtsextreme-straftaten-in-diesem-jahr_1993","og_site_name":"St\u00f6rungsmelder","article_published_time":"2009-11-23T11:02:59+00:00","author":"St\u00f6rungsmelder","twitter_card":"summary_large_image","twitter_misc":{"Geschrieben von":"St\u00f6rungsmelder","Gesch\u00e4tzte Lesezeit":"2\u00a0Minuten"},"schema":{"@context":"https:\/\/schema.org","@graph":[{"@type":"WebPage","@id":"https:\/\/blog.zeit.de\/stoerungsmelder\/2009\/11\/23\/mehr-als-13000-rechtsextreme-straftaten-in-diesem-jahr_1993","url":"https:\/\/blog.zeit.de\/stoerungsmelder\/2009\/11\/23\/mehr-als-13000-rechtsextreme-straftaten-in-diesem-jahr_1993","name":"Mehr als 13.000 rechtsextreme Straftaten in diesem Jahr - St\u00f6rungsmelder","isPartOf":{"@id":"https:\/\/blog.zeit.de\/stoerungsmelder\/#website"},"datePublished":"2009-11-23T11:02:59+00:00","dateModified":"2009-11-23T11:02:59+00:00","author":{"@id":"https:\/\/blog.zeit.de\/stoerungsmelder\/#\/schema\/person\/fdd0b9818f65738672810b6d6f037f71"},"breadcrumb":{"@id":"https:\/\/blog.zeit.de\/stoerungsmelder\/2009\/11\/23\/mehr-als-13000-rechtsextreme-straftaten-in-diesem-jahr_1993#breadcrumb"},"inLanguage":"de","potentialAction":[{"@type":"ReadAction","target":["https:\/\/blog.zeit.de\/stoerungsmelder\/2009\/11\/23\/mehr-als-13000-rechtsextreme-straftaten-in-diesem-jahr_1993"]}]},{"@type":"BreadcrumbList","@id":"https:\/\/blog.zeit.de\/stoerungsmelder\/2009\/11\/23\/mehr-als-13000-rechtsextreme-straftaten-in-diesem-jahr_1993#breadcrumb","itemListElement":[{"@type":"ListItem","position":1,"name":"Startseite","item":"https:\/\/blog.zeit.de\/stoerungsmelder"},{"@type":"ListItem","position":2,"name":"Mehr als 13.000 rechtsextreme Straftaten in diesem Jahr"}]},{"@type":"WebSite","@id":"https:\/\/blog.zeit.de\/stoerungsmelder\/#website","url":"https:\/\/blog.zeit.de\/stoerungsmelder\/","name":"St\u00f6rungsmelder","description":"Recherchen und Analysen \u00fcber die extreme Rechte","potentialAction":[{"@type":"SearchAction","target":{"@type":"EntryPoint","urlTemplate":"https:\/\/blog.zeit.de\/stoerungsmelder\/?s={search_term_string}"},"query-input":"required name=search_term_string"}],"inLanguage":"de"},{"@type":"Person","@id":"https:\/\/blog.zeit.de\/stoerungsmelder\/#\/schema\/person\/fdd0b9818f65738672810b6d6f037f71","name":"St\u00f6rungsmelder","image":{"@type":"ImageObject","inLanguage":"de","@id":"https:\/\/blog.zeit.de\/stoerungsmelder\/#\/schema\/person\/image\/","url":"https:\/\/secure.gravatar.com\/avatar\/dfa4be514c3e82a71e4f9a0020035d38192d080ccaa5e4e6d7a1472c763535c5?s=96&d=mm&r=pg","contentUrl":"https:\/\/secure.gravatar.com\/avatar\/dfa4be514c3e82a71e4f9a0020035d38192d080ccaa5e4e6d7a1472c763535c5?s=96&d=mm&r=pg","caption":"St\u00f6rungsmelder"},"url":"https:\/\/blog.zeit.de\/stoerungsmelder\/author\/stoerungsmelder"}]}},"jetpack_featured_media_url":"","jetpack_sharing_enabled":true,"_links":{"self":[{"href":"https:\/\/blog.zeit.de\/stoerungsmelder\/wp-json\/wp\/v2\/posts\/1993","targetHints":{"allow":["GET"]}}],"collection":[{"href":"https:\/\/blog.zeit.de\/stoerungsmelder\/wp-json\/wp\/v2\/posts"}],"about":[{"href":"https:\/\/blog.zeit.de\/stoerungsmelder\/wp-json\/wp\/v2\/types\/post"}],"author":[{"embeddable":true,"href":"https:\/\/blog.zeit.de\/stoerungsmelder\/wp-json\/wp\/v2\/users\/229"}],"replies":[{"embeddable":true,"href":"https:\/\/blog.zeit.de\/stoerungsmelder\/wp-json\/wp\/v2\/comments?post=1993"}],"version-history":[{"count":0,"href":"https:\/\/blog.zeit.de\/stoerungsmelder\/wp-json\/wp\/v2\/posts\/1993\/revisions"}],"wp:attachment":[{"href":"https:\/\/blog.zeit.de\/stoerungsmelder\/wp-json\/wp\/v2\/media?parent=1993"}],"wp:term":[{"taxonomy":"category","embeddable":true,"href":"https:\/\/blog.zeit.de\/stoerungsmelder\/wp-json\/wp\/v2\/categories?post=1993"},{"taxonomy":"post_tag","embeddable":true,"href":"https:\/\/blog.zeit.de\/stoerungsmelder\/wp-json\/wp\/v2\/tags?post=1993"}],"curies":[{"name":"wp","href":"https:\/\/api.w.org\/{rel}","templated":true}]}}