{"id":1996,"date":"2009-11-23T13:31:01","date_gmt":"2009-11-23T11:31:01","guid":{"rendered":"http:\/\/blog.zeit.de\/stoerungsmelder\/?p=1996"},"modified":"2017-07-08T16:46:47","modified_gmt":"2017-07-08T14:46:47","slug":"npd-abgeordneter-arbeitete-als-stasispitzel","status":"publish","type":"post","link":"https:\/\/blog.zeit.de\/stoerungsmelder\/2009\/11\/23\/npd-abgeordneter-arbeitete-als-stasispitzel_1996","title":{"rendered":"NPD-Abgeordneter arbeitete als Stasispitzel"},"content":{"rendered":"<p>Durchaus schlecht gelaufen: Bei einer \u00dcberpr\u00fcfung der Bezirksverordnetenversammlung (BVV) Treptow-K\u00f6penick wurde bekannt, dass vier der 55 Abgeordneten f\u00fcr den DDR-Staatssicherheitsdienst gearbeitet haben. Zur \u00dcberraschung der Neonazi-Szene, befindet sich darunter auch der Rechtsextremist Fritz Liebenow, der f\u00fcr die NPD in der BVV sitzt. Liebenow soll laut der Untersuchung zeitweise als inoffizieller Stasi-Mitarbeiter t\u00e4tig gewesen sein. In K\u00f6penick ist der Bezirksverordnete kein Unbekannter. Lange Zeit geh\u00f6rte er zur sogenannten &#8222;K\u00f6penicker Hauptmann-Garde&#8220;, einer Touristenattraktion, deren Mitglieder sich als \u201eHauptmann von K\u00f6penick\u201c verkleiden und Ausw\u00e4rtige durch den Bezirk f\u00fchren. Nachdem Liebenow jedoch bei einer Veranstaltung vor dem K\u00f6penicker Rathaus die deutsche Nationalhymne mit allen drei Strophen abspielte, wurde er aus der Gruppe geworfen.<!--more--><\/p>\n<p>In rechtsextremen Internetforen schl\u00e4gt die Nachricht bereits hohe Wellen. Von h\u00e4mischen Kommentaren bis hin zu ungl\u00e4ubigem Entsetzen ist alles dabei. &#8222;Typisch NPD. Immer auf die Stasi schimpfen und dann selbst welche in ihren Reihen haben&#8220;, schreibt ein User. Der ehemalige Berliner Landesvorsitzende der NPD, Eckart Br\u00e4uniger, \u00fcbt in diesem Zusammenhang scharfe Kritik an Parteichef Udo Voigt. &#8222;Nach mehrmaligem Kennenlernen wurde mir klar, da\u00df ich diesen Mann wahrscheinlich nur als unbrauchbar, zutiefst dumm und unserer Idee gegen\u00fcber v\u00f6llig resistent betrachten konnte.&#8220; Schlie\u00dflich fordert Br\u00e4uniger sogar den R\u00fccktritt Voigts: &#8222;Wenn also alles stimmt, was nun herauskommt, so fordere ich Herren Voigt auf, nach einer Reihe von Pleiten, Pech und Pannen sich endlich einzugestehen, da\u00df er in seiner Zeit der Amtsf\u00fchrung zwar mehr erreicht hat, als fr\u00fcher denkbar erschien, jedoch nun die Zeit gekommen ist, die pers\u00f6nliche und politische Entscheidungsf\u00e4higkeit Personen zu \u00fcberlassen, die sich zumindest eines eingestehen: pers\u00f6nliche Verantwortung!&#8220;<\/p>\n<p>Die Berliner Kampagne <a href=\"http:\/\/www.nip-berlin.de\/daten\/index.php\">&#8222;Nazis in den Parlamenten&#8220;<\/a> schreibt \u00fcber Liebenow:<\/p>\n<p><em>Der ehemalige Fleischermeister Fritz Liebenow (57) fiel bisher als umstrittener Altstadtf\u00fchrer in Berlin K\u00f6penick auf. Einmal hatte Liebenow bei einer Veranstaltung vor dem K\u00f6penicker Rathaus alle drei Strophen des Deutschlandliedes abgespielt. Danach durfte er nicht mehr im Gleichschritt mit den anderen in den Uniformen der Kaiserzeit durch K\u00f6penick marschieren und wurde arbeitslos. Er machte als privater Altstadtf\u00fchrer weiter und begleitet Touristen durch K\u00f6penick. Seine Kaiserzeit-Uniform die er w\u00e4hrend seiner F\u00fchrungen tr\u00e4gt ist hierbei kein Zufall. Er ist ein Anh\u00e4nger der Monarchie. &#8222;Eine Regierungsform, die dem Menschen Glauben an die Zukunft gibt&#8220;, schw\u00e4rmt er \u00f6ffentlich. Er habe unbedingt in die Politik gehen wollen, um seinen Traum von der Monarchie zu verwirklichen. Deshalb lie\u00df er sich als Parteiloser in die NPD-Liste aufnehmen. Deutschland k\u00f6nne erst Kaiserreich werden, wenn die NPD an der Macht sei, berichtete er der Zeitung &#8222;Die Welt&#8220;. Was sich in Deutschland w\u00e4hrend der Naziherrschaft zugetragen hat, sagt Fritz Liebenow dort, &#8222;das kommt weg aus der Betrachtung&#8220;. &#8222;Was vor 70 Jahren passiert ist&#8220;, so Liebenow, &#8222;spielt heute keine Rolle mehr (&#8230;) Wir haben nichts gegen Ausl\u00e4nder&#8220;, t\u00f6nt er weiter, &#8222;aber wenn sie hier leben wollen, sollen sie von ihren Heimatl\u00e4ndern und nicht von Deutschland finanziert werden.&#8220;<\/em><\/p>\n","protected":false},"excerpt":{"rendered":"<p>Durchaus schlecht gelaufen: Bei einer \u00dcberpr\u00fcfung der Bezirksverordnetenversammlung (BVV) Treptow-K\u00f6penick wurde bekannt, dass vier der 55 Abgeordneten f\u00fcr den DDR-Staatssicherheitsdienst gearbeitet haben. Zur \u00dcberraschung der Neonazi-Szene, befindet sich darunter auch der Rechtsextremist Fritz Liebenow, der f\u00fcr die NPD in der BVV sitzt. Liebenow soll laut der Untersuchung zeitweise als inoffizieller Stasi-Mitarbeiter t\u00e4tig gewesen sein. In [&hellip;]<\/p>\n","protected":false},"author":229,"featured_media":0,"comment_status":"open","ping_status":"open","sticky":false,"template":"","format":"standard","meta":{"_jetpack_memberships_contains_paid_content":false,"footnotes":""},"categories":[249],"tags":[1569,1716,1803],"class_list":["post-1996","post","type-post","status-publish","format-standard","hentry","category-berlin","tag-fritz-liebenow","tag-npd","tag-stasi"],"yoast_head":"<!-- This site is optimized with the Yoast SEO plugin v21.0 - https:\/\/yoast.com\/wordpress\/plugins\/seo\/ -->\n<title>NPD-Abgeordneter arbeitete als Stasispitzel - St\u00f6rungsmelder<\/title>\n<meta name=\"robots\" content=\"index, follow, max-snippet:-1, max-image-preview:large, max-video-preview:-1\" \/>\n<link rel=\"canonical\" href=\"https:\/\/blog.zeit.de\/stoerungsmelder\/2009\/11\/23\/npd-abgeordneter-arbeitete-als-stasispitzel_1996\" \/>\n<meta property=\"og:locale\" content=\"de_DE\" \/>\n<meta property=\"og:type\" content=\"article\" \/>\n<meta property=\"og:title\" content=\"NPD-Abgeordneter arbeitete als Stasispitzel - St\u00f6rungsmelder\" \/>\n<meta property=\"og:description\" content=\"Durchaus schlecht gelaufen: Bei einer \u00dcberpr\u00fcfung der Bezirksverordnetenversammlung (BVV) Treptow-K\u00f6penick wurde bekannt, dass vier der 55 Abgeordneten f\u00fcr den DDR-Staatssicherheitsdienst gearbeitet haben. Zur \u00dcberraschung der Neonazi-Szene, befindet sich darunter auch der Rechtsextremist Fritz Liebenow, der f\u00fcr die NPD in der BVV sitzt. Liebenow soll laut der Untersuchung zeitweise als inoffizieller Stasi-Mitarbeiter t\u00e4tig gewesen sein. In [&hellip;]\" \/>\n<meta property=\"og:url\" content=\"https:\/\/blog.zeit.de\/stoerungsmelder\/2009\/11\/23\/npd-abgeordneter-arbeitete-als-stasispitzel_1996\" \/>\n<meta property=\"og:site_name\" content=\"St\u00f6rungsmelder\" \/>\n<meta property=\"article:published_time\" content=\"2009-11-23T11:31:01+00:00\" \/>\n<meta property=\"article:modified_time\" content=\"2017-07-08T14:46:47+00:00\" \/>\n<meta name=\"author\" content=\"St\u00f6rungsmelder\" \/>\n<meta name=\"twitter:card\" content=\"summary_large_image\" \/>\n<meta name=\"twitter:label1\" content=\"Geschrieben von\" \/>\n\t<meta name=\"twitter:data1\" content=\"St\u00f6rungsmelder\" \/>\n\t<meta name=\"twitter:label2\" content=\"Gesch\u00e4tzte Lesezeit\" \/>\n\t<meta name=\"twitter:data2\" content=\"3\u00a0Minuten\" \/>\n<script type=\"application\/ld+json\" class=\"yoast-schema-graph\">{\"@context\":\"https:\/\/schema.org\",\"@graph\":[{\"@type\":\"WebPage\",\"@id\":\"https:\/\/blog.zeit.de\/stoerungsmelder\/2009\/11\/23\/npd-abgeordneter-arbeitete-als-stasispitzel_1996\",\"url\":\"https:\/\/blog.zeit.de\/stoerungsmelder\/2009\/11\/23\/npd-abgeordneter-arbeitete-als-stasispitzel_1996\",\"name\":\"NPD-Abgeordneter arbeitete als Stasispitzel - St\u00f6rungsmelder\",\"isPartOf\":{\"@id\":\"https:\/\/blog.zeit.de\/stoerungsmelder\/#website\"},\"datePublished\":\"2009-11-23T11:31:01+00:00\",\"dateModified\":\"2017-07-08T14:46:47+00:00\",\"author\":{\"@id\":\"https:\/\/blog.zeit.de\/stoerungsmelder\/#\/schema\/person\/fdd0b9818f65738672810b6d6f037f71\"},\"breadcrumb\":{\"@id\":\"https:\/\/blog.zeit.de\/stoerungsmelder\/2009\/11\/23\/npd-abgeordneter-arbeitete-als-stasispitzel_1996#breadcrumb\"},\"inLanguage\":\"de\",\"potentialAction\":[{\"@type\":\"ReadAction\",\"target\":[\"https:\/\/blog.zeit.de\/stoerungsmelder\/2009\/11\/23\/npd-abgeordneter-arbeitete-als-stasispitzel_1996\"]}]},{\"@type\":\"BreadcrumbList\",\"@id\":\"https:\/\/blog.zeit.de\/stoerungsmelder\/2009\/11\/23\/npd-abgeordneter-arbeitete-als-stasispitzel_1996#breadcrumb\",\"itemListElement\":[{\"@type\":\"ListItem\",\"position\":1,\"name\":\"Startseite\",\"item\":\"https:\/\/blog.zeit.de\/stoerungsmelder\"},{\"@type\":\"ListItem\",\"position\":2,\"name\":\"NPD-Abgeordneter arbeitete als Stasispitzel\"}]},{\"@type\":\"WebSite\",\"@id\":\"https:\/\/blog.zeit.de\/stoerungsmelder\/#website\",\"url\":\"https:\/\/blog.zeit.de\/stoerungsmelder\/\",\"name\":\"St\u00f6rungsmelder\",\"description\":\"Recherchen und Analysen \u00fcber die extreme Rechte\",\"potentialAction\":[{\"@type\":\"SearchAction\",\"target\":{\"@type\":\"EntryPoint\",\"urlTemplate\":\"https:\/\/blog.zeit.de\/stoerungsmelder\/?s={search_term_string}\"},\"query-input\":\"required name=search_term_string\"}],\"inLanguage\":\"de\"},{\"@type\":\"Person\",\"@id\":\"https:\/\/blog.zeit.de\/stoerungsmelder\/#\/schema\/person\/fdd0b9818f65738672810b6d6f037f71\",\"name\":\"St\u00f6rungsmelder\",\"image\":{\"@type\":\"ImageObject\",\"inLanguage\":\"de\",\"@id\":\"https:\/\/blog.zeit.de\/stoerungsmelder\/#\/schema\/person\/image\/\",\"url\":\"https:\/\/secure.gravatar.com\/avatar\/dfa4be514c3e82a71e4f9a0020035d38192d080ccaa5e4e6d7a1472c763535c5?s=96&d=mm&r=pg\",\"contentUrl\":\"https:\/\/secure.gravatar.com\/avatar\/dfa4be514c3e82a71e4f9a0020035d38192d080ccaa5e4e6d7a1472c763535c5?s=96&d=mm&r=pg\",\"caption\":\"St\u00f6rungsmelder\"},\"url\":\"https:\/\/blog.zeit.de\/stoerungsmelder\/author\/stoerungsmelder\"}]}<\/script>\n<!-- \/ Yoast SEO plugin. -->","yoast_head_json":{"title":"NPD-Abgeordneter arbeitete als Stasispitzel - St\u00f6rungsmelder","robots":{"index":"index","follow":"follow","max-snippet":"max-snippet:-1","max-image-preview":"max-image-preview:large","max-video-preview":"max-video-preview:-1"},"canonical":"https:\/\/blog.zeit.de\/stoerungsmelder\/2009\/11\/23\/npd-abgeordneter-arbeitete-als-stasispitzel_1996","og_locale":"de_DE","og_type":"article","og_title":"NPD-Abgeordneter arbeitete als Stasispitzel - St\u00f6rungsmelder","og_description":"Durchaus schlecht gelaufen: Bei einer \u00dcberpr\u00fcfung der Bezirksverordnetenversammlung (BVV) Treptow-K\u00f6penick wurde bekannt, dass vier der 55 Abgeordneten f\u00fcr den DDR-Staatssicherheitsdienst gearbeitet haben. Zur \u00dcberraschung der Neonazi-Szene, befindet sich darunter auch der Rechtsextremist Fritz Liebenow, der f\u00fcr die NPD in der BVV sitzt. Liebenow soll laut der Untersuchung zeitweise als inoffizieller Stasi-Mitarbeiter t\u00e4tig gewesen sein. In [&hellip;]","og_url":"https:\/\/blog.zeit.de\/stoerungsmelder\/2009\/11\/23\/npd-abgeordneter-arbeitete-als-stasispitzel_1996","og_site_name":"St\u00f6rungsmelder","article_published_time":"2009-11-23T11:31:01+00:00","article_modified_time":"2017-07-08T14:46:47+00:00","author":"St\u00f6rungsmelder","twitter_card":"summary_large_image","twitter_misc":{"Geschrieben von":"St\u00f6rungsmelder","Gesch\u00e4tzte Lesezeit":"3\u00a0Minuten"},"schema":{"@context":"https:\/\/schema.org","@graph":[{"@type":"WebPage","@id":"https:\/\/blog.zeit.de\/stoerungsmelder\/2009\/11\/23\/npd-abgeordneter-arbeitete-als-stasispitzel_1996","url":"https:\/\/blog.zeit.de\/stoerungsmelder\/2009\/11\/23\/npd-abgeordneter-arbeitete-als-stasispitzel_1996","name":"NPD-Abgeordneter arbeitete als Stasispitzel - St\u00f6rungsmelder","isPartOf":{"@id":"https:\/\/blog.zeit.de\/stoerungsmelder\/#website"},"datePublished":"2009-11-23T11:31:01+00:00","dateModified":"2017-07-08T14:46:47+00:00","author":{"@id":"https:\/\/blog.zeit.de\/stoerungsmelder\/#\/schema\/person\/fdd0b9818f65738672810b6d6f037f71"},"breadcrumb":{"@id":"https:\/\/blog.zeit.de\/stoerungsmelder\/2009\/11\/23\/npd-abgeordneter-arbeitete-als-stasispitzel_1996#breadcrumb"},"inLanguage":"de","potentialAction":[{"@type":"ReadAction","target":["https:\/\/blog.zeit.de\/stoerungsmelder\/2009\/11\/23\/npd-abgeordneter-arbeitete-als-stasispitzel_1996"]}]},{"@type":"BreadcrumbList","@id":"https:\/\/blog.zeit.de\/stoerungsmelder\/2009\/11\/23\/npd-abgeordneter-arbeitete-als-stasispitzel_1996#breadcrumb","itemListElement":[{"@type":"ListItem","position":1,"name":"Startseite","item":"https:\/\/blog.zeit.de\/stoerungsmelder"},{"@type":"ListItem","position":2,"name":"NPD-Abgeordneter arbeitete als Stasispitzel"}]},{"@type":"WebSite","@id":"https:\/\/blog.zeit.de\/stoerungsmelder\/#website","url":"https:\/\/blog.zeit.de\/stoerungsmelder\/","name":"St\u00f6rungsmelder","description":"Recherchen und Analysen \u00fcber die extreme Rechte","potentialAction":[{"@type":"SearchAction","target":{"@type":"EntryPoint","urlTemplate":"https:\/\/blog.zeit.de\/stoerungsmelder\/?s={search_term_string}"},"query-input":"required name=search_term_string"}],"inLanguage":"de"},{"@type":"Person","@id":"https:\/\/blog.zeit.de\/stoerungsmelder\/#\/schema\/person\/fdd0b9818f65738672810b6d6f037f71","name":"St\u00f6rungsmelder","image":{"@type":"ImageObject","inLanguage":"de","@id":"https:\/\/blog.zeit.de\/stoerungsmelder\/#\/schema\/person\/image\/","url":"https:\/\/secure.gravatar.com\/avatar\/dfa4be514c3e82a71e4f9a0020035d38192d080ccaa5e4e6d7a1472c763535c5?s=96&d=mm&r=pg","contentUrl":"https:\/\/secure.gravatar.com\/avatar\/dfa4be514c3e82a71e4f9a0020035d38192d080ccaa5e4e6d7a1472c763535c5?s=96&d=mm&r=pg","caption":"St\u00f6rungsmelder"},"url":"https:\/\/blog.zeit.de\/stoerungsmelder\/author\/stoerungsmelder"}]}},"jetpack_featured_media_url":"","jetpack_sharing_enabled":true,"_links":{"self":[{"href":"https:\/\/blog.zeit.de\/stoerungsmelder\/wp-json\/wp\/v2\/posts\/1996","targetHints":{"allow":["GET"]}}],"collection":[{"href":"https:\/\/blog.zeit.de\/stoerungsmelder\/wp-json\/wp\/v2\/posts"}],"about":[{"href":"https:\/\/blog.zeit.de\/stoerungsmelder\/wp-json\/wp\/v2\/types\/post"}],"author":[{"embeddable":true,"href":"https:\/\/blog.zeit.de\/stoerungsmelder\/wp-json\/wp\/v2\/users\/229"}],"replies":[{"embeddable":true,"href":"https:\/\/blog.zeit.de\/stoerungsmelder\/wp-json\/wp\/v2\/comments?post=1996"}],"version-history":[{"count":1,"href":"https:\/\/blog.zeit.de\/stoerungsmelder\/wp-json\/wp\/v2\/posts\/1996\/revisions"}],"predecessor-version":[{"id":24257,"href":"https:\/\/blog.zeit.de\/stoerungsmelder\/wp-json\/wp\/v2\/posts\/1996\/revisions\/24257"}],"wp:attachment":[{"href":"https:\/\/blog.zeit.de\/stoerungsmelder\/wp-json\/wp\/v2\/media?parent=1996"}],"wp:term":[{"taxonomy":"category","embeddable":true,"href":"https:\/\/blog.zeit.de\/stoerungsmelder\/wp-json\/wp\/v2\/categories?post=1996"},{"taxonomy":"post_tag","embeddable":true,"href":"https:\/\/blog.zeit.de\/stoerungsmelder\/wp-json\/wp\/v2\/tags?post=1996"}],"curies":[{"name":"wp","href":"https:\/\/api.w.org\/{rel}","templated":true}]}}