{"id":200,"date":"2008-01-14T13:14:45","date_gmt":"2008-01-14T12:14:45","guid":{"rendered":"http:\/\/blog.zeit.de\/stoerungsmelder\/2008\/01\/14\/never-ending-story_200"},"modified":"2008-01-14T13:14:45","modified_gmt":"2008-01-14T12:14:45","slug":"never-ending-story","status":"publish","type":"post","link":"https:\/\/blog.zeit.de\/stoerungsmelder\/2008\/01\/14\/never-ending-story_200","title":{"rendered":"Never ending story?"},"content":{"rendered":"<p>J\u00f6rn Menge ist Sprecher der Kampagne \u201eLaut gegen Nazis\u201c. Im St\u00f6rungsmelder spricht er \u00fcber Neonazis bei Youtube, bedrohte User und m\u00f6gliche Gegenstrategien. <!--more--><\/p>\n<p>J\u00f6rn Menge \u00fcber Volksfront-Medien: Unter dem Begriff \u201eVolksfront\u201c findet man auf Youtube rechtsextreme Filme. Heute morgen erst habe ich eine Mail von einem Kollegen bekommen. Er hat sechs Videos gefunden, mit dem Titel \u201eNPD-Chef Udo Voigt hat recht! Holocaust-L\u00fcge!\u201c. Dort wird unter anderem durch das Verbrennen von Telefonb\u00fcchern versucht, zu beweisen, da\u00df es unm\u00f6glich ist, so viele Menschen zu verbrennen, wie in Auschwitz verbrannt wurden. In einem anderen Video sagt Udo Voigt: \u201eEs ist f\u00fcr uns Deutsche ein Unterschied, ob wir f\u00fcr 340 000 oder f\u00fcr 6 Millionen Juden (Entsch\u00e4digung) zahlen\u201c. Das Schlimme ist, von diesen Nazi-Videos kommst du auch direkt auf die Nazi-Seiten.<\/p>\n<p>J\u00f6rn Menge \u00fcber Youtube: Wir denken, die Betreiber sollten mehr Verantwortung an den Tag legen. Wenn man aus rechtlichen Gr\u00fcnden nicht verhindern kann, dass solche Videos online gestellt werden, sollte man es zumindest nicht den Usern allein \u00fcberlassen,  die Filme zu kommentieren. Es w\u00fcrde schon reichen, wenn in der deutschen Niederlassung ein Mitarbeiter sitzen w\u00fcrde, der jeden Tag gewisse Begriffe eingibt, und dann schaut, ob Nazi-Videos \u00fcber den Server in den USA online gestellt worden sind. In einem solchen Fall k\u00f6nnte Youtube dann einfach einen distanzierenden Kommentar zu dem Video verfassen. So  findet man auch schneller Kommentare, die gegen geltendes Recht versto\u00dfen. Uns hat das f\u00fcnf Minuten gekostet: Wir haben ein Schlagwort bei Youtube eingegeben und hatten alle m\u00f6glichen Nazi-Videos. Es gibt in Deutschland gen\u00fcgend Leute, die  Youtube helfen k\u00f6nnten. Zum Beispiel aus der Amadeu Antonio Stiftung in Berlin. Youtube kann auch gerne mit uns reden. Wir wollen Youtube nicht angreifen!<\/p>\n<p>J\u00f6rn Menge \u00fcber User, die bedroht wurden: Es ist nicht, so, dass die Nazis jetzt jeden Kommentator ausfindig machen k\u00f6nnen- soviel Sicherheit gibt es hoffentlich im Netz! In einem Fall, der uns bekannt ist, wurde der Kommentator nicht im realen Leben, sondern im Netz bedroht. Man kann durchaus Angst bekommen, wenn zwanzig Nazis schreiben: \u201eWenn wir dich erwischen, bist du tot\u201c.<\/p>\n<p><a href=\"http:\/\/lautgegennazis.de\/\">www.lautgegennazis.de<\/a><\/p>\n","protected":false},"excerpt":{"rendered":"<p>J\u00f6rn Menge ist Sprecher der Kampagne \u201eLaut gegen Nazis\u201c. Im St\u00f6rungsmelder spricht er \u00fcber Neonazis bei Youtube, bedrohte User und m\u00f6gliche Gegenstrategien.<\/p>\n","protected":false},"author":229,"featured_media":0,"comment_status":"open","ping_status":"open","sticky":false,"template":"","format":"standard","meta":{"_jetpack_memberships_contains_paid_content":false,"footnotes":""},"categories":[1515],"tags":[1578,82],"class_list":["post-200","post","type-post","status-publish","format-standard","hentry","category-bundesweit","tag-gegenstrategien","tag-internet"],"yoast_head":"<!-- This site is optimized with the Yoast SEO plugin v21.0 - https:\/\/yoast.com\/wordpress\/plugins\/seo\/ -->\n<title>Never ending story? - St\u00f6rungsmelder<\/title>\n<meta name=\"robots\" content=\"index, follow, max-snippet:-1, max-image-preview:large, max-video-preview:-1\" \/>\n<link rel=\"canonical\" href=\"https:\/\/blog.zeit.de\/stoerungsmelder\/2008\/01\/14\/never-ending-story_200\" \/>\n<meta property=\"og:locale\" content=\"de_DE\" \/>\n<meta property=\"og:type\" content=\"article\" \/>\n<meta property=\"og:title\" content=\"Never ending story? - St\u00f6rungsmelder\" \/>\n<meta property=\"og:description\" content=\"J\u00f6rn Menge ist Sprecher der Kampagne \u201eLaut gegen Nazis\u201c. Im St\u00f6rungsmelder spricht er \u00fcber Neonazis bei Youtube, bedrohte User und m\u00f6gliche Gegenstrategien.\" \/>\n<meta property=\"og:url\" content=\"https:\/\/blog.zeit.de\/stoerungsmelder\/2008\/01\/14\/never-ending-story_200\" \/>\n<meta property=\"og:site_name\" content=\"St\u00f6rungsmelder\" \/>\n<meta property=\"article:published_time\" content=\"2008-01-14T12:14:45+00:00\" \/>\n<meta name=\"author\" content=\"St\u00f6rungsmelder\" \/>\n<meta name=\"twitter:card\" content=\"summary_large_image\" \/>\n<meta name=\"twitter:label1\" content=\"Geschrieben von\" \/>\n\t<meta name=\"twitter:data1\" content=\"St\u00f6rungsmelder\" \/>\n\t<meta name=\"twitter:label2\" content=\"Gesch\u00e4tzte Lesezeit\" \/>\n\t<meta name=\"twitter:data2\" content=\"2\u00a0Minuten\" \/>\n<script type=\"application\/ld+json\" class=\"yoast-schema-graph\">{\"@context\":\"https:\/\/schema.org\",\"@graph\":[{\"@type\":\"WebPage\",\"@id\":\"https:\/\/blog.zeit.de\/stoerungsmelder\/2008\/01\/14\/never-ending-story_200\",\"url\":\"https:\/\/blog.zeit.de\/stoerungsmelder\/2008\/01\/14\/never-ending-story_200\",\"name\":\"Never ending story? - St\u00f6rungsmelder\",\"isPartOf\":{\"@id\":\"https:\/\/blog.zeit.de\/stoerungsmelder\/#website\"},\"datePublished\":\"2008-01-14T12:14:45+00:00\",\"dateModified\":\"2008-01-14T12:14:45+00:00\",\"author\":{\"@id\":\"https:\/\/blog.zeit.de\/stoerungsmelder\/#\/schema\/person\/fdd0b9818f65738672810b6d6f037f71\"},\"breadcrumb\":{\"@id\":\"https:\/\/blog.zeit.de\/stoerungsmelder\/2008\/01\/14\/never-ending-story_200#breadcrumb\"},\"inLanguage\":\"de\",\"potentialAction\":[{\"@type\":\"ReadAction\",\"target\":[\"https:\/\/blog.zeit.de\/stoerungsmelder\/2008\/01\/14\/never-ending-story_200\"]}]},{\"@type\":\"BreadcrumbList\",\"@id\":\"https:\/\/blog.zeit.de\/stoerungsmelder\/2008\/01\/14\/never-ending-story_200#breadcrumb\",\"itemListElement\":[{\"@type\":\"ListItem\",\"position\":1,\"name\":\"Startseite\",\"item\":\"https:\/\/blog.zeit.de\/stoerungsmelder\"},{\"@type\":\"ListItem\",\"position\":2,\"name\":\"Never ending story?\"}]},{\"@type\":\"WebSite\",\"@id\":\"https:\/\/blog.zeit.de\/stoerungsmelder\/#website\",\"url\":\"https:\/\/blog.zeit.de\/stoerungsmelder\/\",\"name\":\"St\u00f6rungsmelder\",\"description\":\"Recherchen und Analysen \u00fcber die extreme Rechte\",\"potentialAction\":[{\"@type\":\"SearchAction\",\"target\":{\"@type\":\"EntryPoint\",\"urlTemplate\":\"https:\/\/blog.zeit.de\/stoerungsmelder\/?s={search_term_string}\"},\"query-input\":\"required name=search_term_string\"}],\"inLanguage\":\"de\"},{\"@type\":\"Person\",\"@id\":\"https:\/\/blog.zeit.de\/stoerungsmelder\/#\/schema\/person\/fdd0b9818f65738672810b6d6f037f71\",\"name\":\"St\u00f6rungsmelder\",\"image\":{\"@type\":\"ImageObject\",\"inLanguage\":\"de\",\"@id\":\"https:\/\/blog.zeit.de\/stoerungsmelder\/#\/schema\/person\/image\/\",\"url\":\"https:\/\/secure.gravatar.com\/avatar\/dfa4be514c3e82a71e4f9a0020035d38192d080ccaa5e4e6d7a1472c763535c5?s=96&d=mm&r=pg\",\"contentUrl\":\"https:\/\/secure.gravatar.com\/avatar\/dfa4be514c3e82a71e4f9a0020035d38192d080ccaa5e4e6d7a1472c763535c5?s=96&d=mm&r=pg\",\"caption\":\"St\u00f6rungsmelder\"},\"url\":\"https:\/\/blog.zeit.de\/stoerungsmelder\/author\/stoerungsmelder\"}]}<\/script>\n<!-- \/ Yoast SEO plugin. -->","yoast_head_json":{"title":"Never ending story? - St\u00f6rungsmelder","robots":{"index":"index","follow":"follow","max-snippet":"max-snippet:-1","max-image-preview":"max-image-preview:large","max-video-preview":"max-video-preview:-1"},"canonical":"https:\/\/blog.zeit.de\/stoerungsmelder\/2008\/01\/14\/never-ending-story_200","og_locale":"de_DE","og_type":"article","og_title":"Never ending story? - St\u00f6rungsmelder","og_description":"J\u00f6rn Menge ist Sprecher der Kampagne \u201eLaut gegen Nazis\u201c. Im St\u00f6rungsmelder spricht er \u00fcber Neonazis bei Youtube, bedrohte User und m\u00f6gliche Gegenstrategien.","og_url":"https:\/\/blog.zeit.de\/stoerungsmelder\/2008\/01\/14\/never-ending-story_200","og_site_name":"St\u00f6rungsmelder","article_published_time":"2008-01-14T12:14:45+00:00","author":"St\u00f6rungsmelder","twitter_card":"summary_large_image","twitter_misc":{"Geschrieben von":"St\u00f6rungsmelder","Gesch\u00e4tzte Lesezeit":"2\u00a0Minuten"},"schema":{"@context":"https:\/\/schema.org","@graph":[{"@type":"WebPage","@id":"https:\/\/blog.zeit.de\/stoerungsmelder\/2008\/01\/14\/never-ending-story_200","url":"https:\/\/blog.zeit.de\/stoerungsmelder\/2008\/01\/14\/never-ending-story_200","name":"Never ending story? - St\u00f6rungsmelder","isPartOf":{"@id":"https:\/\/blog.zeit.de\/stoerungsmelder\/#website"},"datePublished":"2008-01-14T12:14:45+00:00","dateModified":"2008-01-14T12:14:45+00:00","author":{"@id":"https:\/\/blog.zeit.de\/stoerungsmelder\/#\/schema\/person\/fdd0b9818f65738672810b6d6f037f71"},"breadcrumb":{"@id":"https:\/\/blog.zeit.de\/stoerungsmelder\/2008\/01\/14\/never-ending-story_200#breadcrumb"},"inLanguage":"de","potentialAction":[{"@type":"ReadAction","target":["https:\/\/blog.zeit.de\/stoerungsmelder\/2008\/01\/14\/never-ending-story_200"]}]},{"@type":"BreadcrumbList","@id":"https:\/\/blog.zeit.de\/stoerungsmelder\/2008\/01\/14\/never-ending-story_200#breadcrumb","itemListElement":[{"@type":"ListItem","position":1,"name":"Startseite","item":"https:\/\/blog.zeit.de\/stoerungsmelder"},{"@type":"ListItem","position":2,"name":"Never ending story?"}]},{"@type":"WebSite","@id":"https:\/\/blog.zeit.de\/stoerungsmelder\/#website","url":"https:\/\/blog.zeit.de\/stoerungsmelder\/","name":"St\u00f6rungsmelder","description":"Recherchen und Analysen \u00fcber die extreme Rechte","potentialAction":[{"@type":"SearchAction","target":{"@type":"EntryPoint","urlTemplate":"https:\/\/blog.zeit.de\/stoerungsmelder\/?s={search_term_string}"},"query-input":"required name=search_term_string"}],"inLanguage":"de"},{"@type":"Person","@id":"https:\/\/blog.zeit.de\/stoerungsmelder\/#\/schema\/person\/fdd0b9818f65738672810b6d6f037f71","name":"St\u00f6rungsmelder","image":{"@type":"ImageObject","inLanguage":"de","@id":"https:\/\/blog.zeit.de\/stoerungsmelder\/#\/schema\/person\/image\/","url":"https:\/\/secure.gravatar.com\/avatar\/dfa4be514c3e82a71e4f9a0020035d38192d080ccaa5e4e6d7a1472c763535c5?s=96&d=mm&r=pg","contentUrl":"https:\/\/secure.gravatar.com\/avatar\/dfa4be514c3e82a71e4f9a0020035d38192d080ccaa5e4e6d7a1472c763535c5?s=96&d=mm&r=pg","caption":"St\u00f6rungsmelder"},"url":"https:\/\/blog.zeit.de\/stoerungsmelder\/author\/stoerungsmelder"}]}},"jetpack_featured_media_url":"","jetpack_sharing_enabled":true,"_links":{"self":[{"href":"https:\/\/blog.zeit.de\/stoerungsmelder\/wp-json\/wp\/v2\/posts\/200","targetHints":{"allow":["GET"]}}],"collection":[{"href":"https:\/\/blog.zeit.de\/stoerungsmelder\/wp-json\/wp\/v2\/posts"}],"about":[{"href":"https:\/\/blog.zeit.de\/stoerungsmelder\/wp-json\/wp\/v2\/types\/post"}],"author":[{"embeddable":true,"href":"https:\/\/blog.zeit.de\/stoerungsmelder\/wp-json\/wp\/v2\/users\/229"}],"replies":[{"embeddable":true,"href":"https:\/\/blog.zeit.de\/stoerungsmelder\/wp-json\/wp\/v2\/comments?post=200"}],"version-history":[{"count":0,"href":"https:\/\/blog.zeit.de\/stoerungsmelder\/wp-json\/wp\/v2\/posts\/200\/revisions"}],"wp:attachment":[{"href":"https:\/\/blog.zeit.de\/stoerungsmelder\/wp-json\/wp\/v2\/media?parent=200"}],"wp:term":[{"taxonomy":"category","embeddable":true,"href":"https:\/\/blog.zeit.de\/stoerungsmelder\/wp-json\/wp\/v2\/categories?post=200"},{"taxonomy":"post_tag","embeddable":true,"href":"https:\/\/blog.zeit.de\/stoerungsmelder\/wp-json\/wp\/v2\/tags?post=200"}],"curies":[{"name":"wp","href":"https:\/\/api.w.org\/{rel}","templated":true}]}}