{"id":20021,"date":"2015-08-12T11:58:19","date_gmt":"2015-08-12T09:58:19","guid":{"rendered":"http:\/\/blog.zeit.de\/stoerungsmelder\/?p=20021"},"modified":"2016-01-19T14:01:00","modified_gmt":"2016-01-19T13:01:00","slug":"neue-nazi-immobilie-im-allgaeu","status":"publish","type":"post","link":"https:\/\/blog.zeit.de\/stoerungsmelder\/2015\/08\/12\/neue-nazi-immobilie-im-allgaeu_20021","title":{"rendered":"Bayerns Nazi-Immobilien"},"content":{"rendered":"<p><a href=\"https:\/\/blog.zeit.de\/stoerungsmelder\/files\/2015\/08\/Kistenschleppen_Rieggis_klein2_c_Robert-Andreasch.jpg\"><img loading=\"lazy\" decoding=\"async\" class=\"alignnone size-full wp-image-20025\" src=\"https:\/\/blog.zeit.de\/stoerungsmelder\/files\/2015\/08\/Kistenschleppen_Rieggis_klein2_c_Robert-Andreasch.jpg\" alt=\"Kistenschleppen Rieggis (Foto: Robert Andreasch)\" width=\"580\" height=\"300\" srcset=\"https:\/\/blog.zeit.de\/stoerungsmelder\/files\/2015\/08\/Kistenschleppen_Rieggis_klein2_c_Robert-Andreasch.jpg 580w, https:\/\/blog.zeit.de\/stoerungsmelder\/files\/2015\/08\/Kistenschleppen_Rieggis_klein2_c_Robert-Andreasch-300x155.jpg 300w\" sizes=\"auto, (max-width: 580px) 100vw, 580px\" \/><\/a><\/p>\n<p>Das Beispiel eines von Neonazis genutzten ehemaligen Landgasthofs im schw\u00e4bischen Rieggis zeigt deutlich, wie in Bayern mit rechtsextremen Immobilien umgegangen wird: Verschweigen und Wegschauen, oft \u00fcber Jahre und Jahrzehnte.<!--more--><\/p>\n<p><em>Eine Recherche von Robert Andreasch und Sebastian Lipp. Zuerst und ausf\u00fchrlicher <a href=\"https:\/\/www.aida-archiv.de\/index.php\/aktuelles-2\/128-rechte-in-bayern\/immobilien\/5000-eine-nazi-immobilie-im-allgaeu\">erschienen bei a.i.d.a<\/a>.<\/em><\/p>\n<p><strong>Verschweigen und Wegschauen<\/strong><\/p>\n<p>Die Landtagsabgeordnete Katharina Schulze hat Anfang Juli eine schriftliche Anfrage \u00fcber \u201evon Rechtsextremisten genutzte Immobilien in Bayern\u201c eingereicht. Im Mai 2013 schrieb die Bundesregierung auf eine SPD-Anfrage zu \u201eRechtsextremismus im l\u00e4ndlichen Raum\u201c hin von 260 Immobilien, die im Bundesgebiet \u201ezu Veranstaltungszwecken der Rechtsextremen- und Neonaziszene genutzt werden\u201c. 26 dieser H\u00e4user l\u00e4gen in Bayern.<\/p>\n<p>Das ist jetzt gewisserma\u00dfen die Messlatte f\u00fcr das bayerische Innenministerium. Die Landtagsanfrage der Gr\u00fcnen-Politikerin Schulze beantwortet der Staatssekret\u00e4r Gerhard Eck: Er nennt erstens das Ladengesch\u00e4ft des \u201eVersands der Bewegung\u201c in Murnau und zweitens den zeitweise an die neonazistische Partei \u201eDie Rechte\u201c \u00fcberlassenen ehemaligen Gasthof in der Winzerstra\u00dfe von Kolitzheim-Stammheim. Mehr nicht. Zwei statt 26.<\/p>\n<p><figure id=\"attachment_20024\" aria-describedby=\"caption-attachment-20024\" style=\"width: 300px\" class=\"wp-caption alignright\"><a href=\"https:\/\/blog.zeit.de\/stoerungsmelder\/files\/2015\/08\/Immobilie_Tutzing_klein_c_Robert-Andreasch.jpg\"><img loading=\"lazy\" decoding=\"async\" class=\"size-medium wp-image-20024\" src=\"https:\/\/blog.zeit.de\/stoerungsmelder\/files\/2015\/08\/Immobilie_Tutzing_klein_c_Robert-Andreasch-300x200.jpg\" alt=\"Die 'Ludendorffer'-Immobilie in Tutzing. (Foto: Robert Andreasch)\" width=\"300\" height=\"200\" srcset=\"https:\/\/blog.zeit.de\/stoerungsmelder\/files\/2015\/08\/Immobilie_Tutzing_klein_c_Robert-Andreasch-300x200.jpg 300w, https:\/\/blog.zeit.de\/stoerungsmelder\/files\/2015\/08\/Immobilie_Tutzing_klein_c_Robert-Andreasch.jpg 640w\" sizes=\"auto, (max-width: 300px) 100vw, 300px\" \/><\/a><figcaption id=\"caption-attachment-20024\" class=\"wp-caption-text\">Die &#8218;Ludendorffer&#8216;-Immobilie in Tutzing. (Foto: Robert Andreasch)<\/figcaption><\/figure><\/p>\n<p>An der Wirklichkeit geht das meilenweit vorbei. Was ist beispielsweise mit dem Geb\u00e4ude in der M\u00fcnchner Paosostra\u00dfe, in dem seit Jahrzehnten die \u201eNationalzeitung\u201c produziert wird? Was mit der v\u00f6lkischen Siedlung \u201eDorflinde\u201c in P\u00f6ttmes? Warum wird die Villa in Tutzing nicht erw\u00e4hnt, in der \u201eBund f\u00fcr Gotterkenntnis &#8211; Ludendorff\u201c sich seit 70 Jahren versammelt? Derartige Beispiele g\u00e4be es weitere.<\/p>\n<p><strong>Die \u201eArtgemeinschaft\u201c in der \u201eAlten Sennk\u00fcche\u201c<\/strong><\/p>\n<p>Eine von Neonazis genutzte Immobilie in Bayern, die das Innenministerium auch nicht nennt, befindet sich im Allg\u00e4u: Im schw\u00e4bischen Rieggis, abgelegen zwischen Kempten und Immenstadt, besitzt Anton Pfahler (Sinning) den ehemaligen Landgasthof \u201eAlte Sennk\u00fcche\u201c in der Ortsmitte.<\/p>\n<p><figure id=\"attachment_20023\" aria-describedby=\"caption-attachment-20023\" style=\"width: 300px\" class=\"wp-caption alignleft\"><a href=\"https:\/\/blog.zeit.de\/stoerungsmelder\/files\/2015\/08\/Immobilie_Rieggis_klein_c_Robert-Andreasch.jpg\"><img loading=\"lazy\" decoding=\"async\" class=\"size-medium wp-image-20023\" src=\"https:\/\/blog.zeit.de\/stoerungsmelder\/files\/2015\/08\/Immobilie_Rieggis_klein_c_Robert-Andreasch-300x190.jpg\" alt=\"Die Immobilie in Rieggis mit ehemaligem Gasthaus und Doppelgarage. (Foto: Robert Andreasch)\" width=\"300\" height=\"190\" srcset=\"https:\/\/blog.zeit.de\/stoerungsmelder\/files\/2015\/08\/Immobilie_Rieggis_klein_c_Robert-Andreasch-300x190.jpg 300w, https:\/\/blog.zeit.de\/stoerungsmelder\/files\/2015\/08\/Immobilie_Rieggis_klein_c_Robert-Andreasch.jpg 640w\" sizes=\"auto, (max-width: 300px) 100vw, 300px\" \/><\/a><figcaption id=\"caption-attachment-20023\" class=\"wp-caption-text\">Die Immobilie in Rieggis mit ehemaligem Gasthaus und Doppelgarage. (Foto: Robert Andreasch)<\/figcaption><\/figure><\/p>\n<p>Das Anwesen in Rieggis ist nicht die einzige Immobilie im Besitz von Pfahler, einst \u201eOffizier\u201c der paramilit\u00e4rischen \u201eWehrsportgruppe Hoffmann\u201c und fr\u00fcherer Aktivist der neonazistischen \u201eWiking-Jugend\u201c. Pfahler ist auch am v\u00f6lkischen Siedlungsprojekt in Echsheim-P\u00f6ttmes beteiligt. Und sein Gel\u00e4nde im oberbayerischen Oberhausen-Sinning bei Neuburg an der Donau vermietete er in den Jahren 1998 bis 2000 an den \u201eDeutsche Stimme\u201c-Verlag der NPD sowie an zahlreiche bekannte Neonazis aus dem In- und Ausland. Bei einer Razzia im Juni 1998 fanden Polizeibeamte dort Maschinenpistolen, Sturmgewehre, Handgranaten, Munition und Tretminen, er wurde wegen Versto\u00dfes gegen das Kriegswaffenkontrollgesetz verurteilt.<\/p>\n<p>Pfahler hat den Gasthof in Rieggis an Bernd Burger und dessen Ehefrau verpachtet und liess f\u00fcr die Familie der P\u00e4chter (Teil-) Wohnrechte und Nutzungsrechte ins Grundbuch eintragen. Bernd Burger ist \u201eerster stellvertretender Leiter\u201c der \u201eArtgemeinschaft\u201c.<\/p>\n<p><strong>Der v\u00f6lkische Sippenverband<\/strong><\/p>\n<p><figure id=\"attachment_20027\" aria-describedby=\"caption-attachment-20027\" style=\"width: 300px\" class=\"wp-caption alignleft\"><a href=\"https:\/\/blog.zeit.de\/stoerungsmelder\/files\/2015\/08\/Nordische-Zeitung_Ausgaben_c_aida.jpg\"><img loading=\"lazy\" decoding=\"async\" class=\"size-medium wp-image-20027\" src=\"https:\/\/blog.zeit.de\/stoerungsmelder\/files\/2015\/08\/Nordische-Zeitung_Ausgaben_c_aida-300x169.jpg\" alt=\"Ausgaben der 'Nordischen Zeitung' der 'Artgemeinschaft'. (Foto: a.i.d.a.)\" width=\"300\" height=\"169\" srcset=\"https:\/\/blog.zeit.de\/stoerungsmelder\/files\/2015\/08\/Nordische-Zeitung_Ausgaben_c_aida-300x169.jpg 300w, https:\/\/blog.zeit.de\/stoerungsmelder\/files\/2015\/08\/Nordische-Zeitung_Ausgaben_c_aida.jpg 640w\" sizes=\"auto, (max-width: 300px) 100vw, 300px\" \/><\/a><figcaption id=\"caption-attachment-20027\" class=\"wp-caption-text\">Ausgaben der &#8218;Nordischen Zeitung&#8216; der &#8218;Artgemeinschaft&#8216;. (Foto: a.i.d.a.)<\/figcaption><\/figure><\/p>\n<p>Abseits einer fehlenden \u00f6ffentlichen Aufmerksamkeit ist die seit 1951 bestehende \u201eArtgemeinschaft\u201c in der radikalen Rechten von hoher Bedeutung. Vor allem unter dem Vorsitz des Hamburger Neonazis J\u00fcrgen Rieger (1989-2009) fand die \u201eArtgemeinschaft\u201c engen Anschluss an den militanten Neonazismus. Norddeutsche Wehrsport-Aktivisten, Funktion\u00e4re der \u201eHeimattreuen Deutschen Jugend\u201c (HDJ) sowie Anf\u00fchrer von \u201eBlood&amp;Honour\u201c aus Norddeutschland tummelten sich dort in den vergangenen Jahren.<\/p>\n<blockquote><p>\u201eSogar einer der Angeklagten im M\u00fcnchener Verfahren gegen die braune Terror-Zelle &#8218;Nationalsozialistischer Untergrund&#8216; (NSU), Andr\u00e9 E. aus Zwickau, beteiligte sich vor Jahren mindestens zwei Mal mit seiner Ehefrau sowie dem Zwillingsbruder mit Gemahlin an Treffen in Ilfeld. Susann E., die Frau des mutma\u00dflichen NSU-Terrornetzwerk-Unterst\u00fctzers bestellte beim Versand der &#8218;Artgemeinschaft&#8216; Kleidung oder Utensilien. Als die &#8218;Artgemeinschaft&#8216; sich noch in der L\u00fcneburger Heide zu germanischem Sechskampf, Feuer und Schulungen traf, nahm auch die mutma\u00dfliche NSU-Terroristin Beate Zsch\u00e4pe 1997 an einer so genannten &#8218;Hetendorfer Tagungswoche&#8216; von J\u00fcrgen Rieger teil.\u201c (<a href=\"http:\/\/www.bnr.de\/artikel\/hintergrund\/gefaehrliche-heidentruppe\">bnr.de<\/a>)<\/p><\/blockquote>\n<p>Bei der \u201egermanischen Glaubensgemeinschaft wesensgem\u00e4\u00dfer Lebensgestaltung\u201c verschmelzen die Verherrlichung des Nationalsozialismus mit einem religi\u00f6sen \u00dcberbau. Als \u00c4quivalent zu einem christlichen Glaubensbekenntnis und den \u201eZehn Geboten\u201c gilt in der \u201eArtgemeinschaft\u201c ein \u201eArtbekenntnis\u201c und \u201eSittengesetz\u201c. Die antifaschistische Zeitschrift \u201eLotta\u201c hat die Grunds\u00e4tze der \u201eArtgemeinschaft\u201c in ihrer aktuellen Ausgabe (Juli 2015) analysiert:<\/p>\n<blockquote><p>\u201eIm Zentrum steht ein Ahnen und Rassenkult (\u2026) die Formulierung &#8218;die Menschenarten sind verschieden in Gestalt und Wesen&#8216; ist kaum verklausulierter Rassismus und &#8218;ohne den Tod des Einzelwesenes sind die Arten nicht lebens- und entwicklungsf\u00e4hig&#8216; faktisch eine Aufforderung zum &#8218;race war&#8217;\u201c.<\/p><\/blockquote>\n<p><strong>Ahnungslose Beh\u00f6rden<\/strong><\/p>\n<p>Wir fragen bei der lokalen Kriminalpolizei nach der \u201eArtgemeinschaft\u201c, doch die will von nichts wissen: \u201eIm Zust\u00e4ndigkeitsbereich des Pr\u00e4sidiums Schwaben S\u00fcd\/West sind keine Aktivit\u00e4ten der &#8218;Vereinigung Artgemeinschaft&#8216; bekannt\u201c, schreibt der Polizeipressesprecher Christian Eckel zur\u00fcck. W\u00e4hrend unserer Recherche hat sich die Situation um die Immobilie da schon l\u00e4ngst zugespitzt; die \u201eAlte Sennk\u00fcche\u201c, auf der seit 2011 eine sechsstellige Hypothek liegt, wird zwangsversteigert werden.<\/p>\n<p>Ob man deswegen bei der \u201eArtgemeinschaft\u201c in Panik ger\u00e4t? F\u00fcrchtet man den Verlust von B\u00fcchern und Schriften? Am 11. Juli 2015 kommt es jedenfalls zu einem Treffen in Rieggis: Aktivisten und Familien der Artgemeinschaft reisen aus dem ganzen Bundesgebiet (u. a. Berlin, Burgenlandkreis, Rosenheim) sowie aus dem \u00f6sterreichischen Salzburg an. Offen prangen auf den Fahrzeugen die Aufkleber mit dem Symbol der \u201eArtgemeinschaft\u201c, auf denen der (germanische) Adler den (christlichen) Fisch f\u00e4ngt. Der \u201eBuchdienst der Artgemeinschaft \u2013 GGG e. V.\u201c hat sie f\u00fcr 2,50 Euro im Angebot.<\/p>\n<p><figure id=\"attachment_20026\" aria-describedby=\"caption-attachment-20026\" style=\"width: 300px\" class=\"wp-caption alignleft\"><a href=\"https:\/\/blog.zeit.de\/stoerungsmelder\/files\/2015\/08\/Kistenschleppen_Rieggis_klein_c_Robert-Andreasch.jpg\"><img loading=\"lazy\" decoding=\"async\" class=\"size-medium wp-image-20026\" src=\"https:\/\/blog.zeit.de\/stoerungsmelder\/files\/2015\/08\/Kistenschleppen_Rieggis_klein_c_Robert-Andreasch-300x201.jpg\" alt=\"Schwere Kisten werden aus der Immobilie zu einem Miet-LKW geschleppt. (Foto: Robert Andreasch)\" width=\"300\" height=\"201\" srcset=\"https:\/\/blog.zeit.de\/stoerungsmelder\/files\/2015\/08\/Kistenschleppen_Rieggis_klein_c_Robert-Andreasch-300x201.jpg 300w, https:\/\/blog.zeit.de\/stoerungsmelder\/files\/2015\/08\/Kistenschleppen_Rieggis_klein_c_Robert-Andreasch.jpg 640w\" sizes=\"auto, (max-width: 300px) 100vw, 300px\" \/><\/a><figcaption id=\"caption-attachment-20026\" class=\"wp-caption-text\">Schwere Kisten werden aus der Immobilie zu einem Miet-LKW geschleppt. (Foto: Robert Andreasch)<\/figcaption><\/figure><\/p>\n<p>Die M\u00e4nner in den b\u00fcndischen Kniebundhosen m\u00fcssen schwer schuften. Stundenlang schleppen sie schwere Pappkisten und Umzugskartons aus dem Haus und wuchten sie in die Fahrzeuge. Sie beladen einen kompletten 7,5 Tonner-Lkw, Kleinbusse und gro\u00dfe Autoanh\u00e4nger. Dass es sich bei dem schweren Kartons um B\u00fccherkisten handelt, ist durchaus naheliegend. Daf\u00fcr spricht auch eine \u00c4nderung auf der \u201eAsatru\u201c-Website wenige Tage sp\u00e4ter: die Kontaktadresse f\u00fcr den Buchdienst der \u201eArtgemeinschaft\u201c wechselt Ende Juli 2015 von Kempten nach Zeitz.<\/p>\n<p><strong>Schluss jetzt?!<br \/>\n<\/strong><\/p>\n<p>Am 24. Juli 2015 findet am Amtsgericht Kempten vormittags der erste Zwangsversteigerungsversuch f\u00fcr die \u201eAlte Sennk\u00fcche\u201c statt. Neonazis, Strohm\u00e4nner oder -Frauen bieten zun\u00e4chst nicht mit. Schlie\u00dflich kommt kein Gebot zustande, das die Gl\u00e4ubigerbank akzeptiert, ein neuer Versteigerungstermin muss angesetzt werden. Sollten Neonazis oder f\u00fcr sie auftretende Personen auch beim zweiten Termin nicht zum Zuge kommen, k\u00f6nnte die von der \u201eArtgemeinschaft\u201c genutzte Immobilie von Rieggis vielleicht bald Geschichte sein. An der Aufmerksamkeit der zust\u00e4ndigen Beh\u00f6rden lag das dann aber nicht.<br \/>\n<img loading=\"lazy\" decoding=\"async\" src=\"http:\/\/vg08.met.vgwort.de\/na\/f287552e5a844e2daafb98b1f0c7d134\" width=\"1\" height=\"1\" alt=\"\"><\/p>\n","protected":false},"excerpt":{"rendered":"<p>Das Beispiel eines von Neonazis genutzten ehemaligen Landgasthofs im schw\u00e4bischen Rieggis zeigt deutlich, wie in Bayern mit rechtsextremen Immobilien umgegangen wird: Verschweigen und Wegschauen, oft \u00fcber Jahre und Jahrzehnte.<\/p>\n","protected":false},"author":518,"featured_media":0,"comment_status":"open","ping_status":"open","sticky":false,"template":"","format":"standard","meta":{"_jetpack_memberships_contains_paid_content":false,"footnotes":""},"categories":[59],"tags":[34171,34168,34170,34169,1507,21240,12752,12760,1845,34172],"class_list":["post-20021","post","type-post","status-publish","format-standard","hentry","category-bayern","tag-ag-ggg","tag-anton-pfahler","tag-artgemeinschaft","tag-bernd-burger","tag-blood-honour","tag-immobilien","tag-nsu","tag-wehrsportgruppe-hoffmann","tag-wikingjugend","tag-wsg-hoffmann"],"yoast_head":"<!-- This site is optimized with the Yoast SEO plugin v21.0 - https:\/\/yoast.com\/wordpress\/plugins\/seo\/ -->\n<title>Bayerns Nazi-Immobilien - St\u00f6rungsmelder<\/title>\n<meta name=\"robots\" content=\"index, follow, max-snippet:-1, max-image-preview:large, max-video-preview:-1\" \/>\n<link rel=\"canonical\" href=\"https:\/\/blog.zeit.de\/stoerungsmelder\/2015\/08\/12\/neue-nazi-immobilie-im-allgaeu_20021\" \/>\n<meta property=\"og:locale\" content=\"de_DE\" \/>\n<meta property=\"og:type\" content=\"article\" \/>\n<meta property=\"og:title\" content=\"Bayerns Nazi-Immobilien - St\u00f6rungsmelder\" \/>\n<meta property=\"og:description\" content=\"Das Beispiel eines von Neonazis genutzten ehemaligen Landgasthofs im schw\u00e4bischen Rieggis zeigt deutlich, wie in Bayern mit rechtsextremen Immobilien umgegangen wird: Verschweigen und Wegschauen, oft \u00fcber Jahre und Jahrzehnte.\" \/>\n<meta property=\"og:url\" content=\"https:\/\/blog.zeit.de\/stoerungsmelder\/2015\/08\/12\/neue-nazi-immobilie-im-allgaeu_20021\" \/>\n<meta property=\"og:site_name\" content=\"St\u00f6rungsmelder\" \/>\n<meta property=\"article:published_time\" content=\"2015-08-12T09:58:19+00:00\" \/>\n<meta property=\"article:modified_time\" content=\"2016-01-19T13:01:00+00:00\" \/>\n<meta property=\"og:image\" content=\"https:\/\/blog.zeit.de\/stoerungsmelder\/files\/2015\/08\/Kistenschleppen_Rieggis_klein2_c_Robert-Andreasch.jpg\" \/>\n<meta name=\"author\" content=\"Sebastian Lipp\" \/>\n<meta name=\"twitter:card\" content=\"summary_large_image\" \/>\n<meta name=\"twitter:creator\" content=\"@SebastianLipp\" \/>\n<meta name=\"twitter:label1\" content=\"Geschrieben von\" \/>\n\t<meta name=\"twitter:data1\" content=\"Sebastian Lipp\" \/>\n\t<meta name=\"twitter:label2\" content=\"Gesch\u00e4tzte Lesezeit\" \/>\n\t<meta name=\"twitter:data2\" content=\"5\u00a0Minuten\" \/>\n<script type=\"application\/ld+json\" class=\"yoast-schema-graph\">{\"@context\":\"https:\/\/schema.org\",\"@graph\":[{\"@type\":\"WebPage\",\"@id\":\"https:\/\/blog.zeit.de\/stoerungsmelder\/2015\/08\/12\/neue-nazi-immobilie-im-allgaeu_20021\",\"url\":\"https:\/\/blog.zeit.de\/stoerungsmelder\/2015\/08\/12\/neue-nazi-immobilie-im-allgaeu_20021\",\"name\":\"Bayerns Nazi-Immobilien - St\u00f6rungsmelder\",\"isPartOf\":{\"@id\":\"https:\/\/blog.zeit.de\/stoerungsmelder\/#website\"},\"datePublished\":\"2015-08-12T09:58:19+00:00\",\"dateModified\":\"2016-01-19T13:01:00+00:00\",\"author\":{\"@id\":\"https:\/\/blog.zeit.de\/stoerungsmelder\/#\/schema\/person\/abf36269039573fecb7c7f814e987c29\"},\"breadcrumb\":{\"@id\":\"https:\/\/blog.zeit.de\/stoerungsmelder\/2015\/08\/12\/neue-nazi-immobilie-im-allgaeu_20021#breadcrumb\"},\"inLanguage\":\"de\",\"potentialAction\":[{\"@type\":\"ReadAction\",\"target\":[\"https:\/\/blog.zeit.de\/stoerungsmelder\/2015\/08\/12\/neue-nazi-immobilie-im-allgaeu_20021\"]}]},{\"@type\":\"BreadcrumbList\",\"@id\":\"https:\/\/blog.zeit.de\/stoerungsmelder\/2015\/08\/12\/neue-nazi-immobilie-im-allgaeu_20021#breadcrumb\",\"itemListElement\":[{\"@type\":\"ListItem\",\"position\":1,\"name\":\"Startseite\",\"item\":\"https:\/\/blog.zeit.de\/stoerungsmelder\"},{\"@type\":\"ListItem\",\"position\":2,\"name\":\"Bayerns Nazi-Immobilien\"}]},{\"@type\":\"WebSite\",\"@id\":\"https:\/\/blog.zeit.de\/stoerungsmelder\/#website\",\"url\":\"https:\/\/blog.zeit.de\/stoerungsmelder\/\",\"name\":\"St\u00f6rungsmelder\",\"description\":\"Recherchen und Analysen \u00fcber die extreme Rechte\",\"potentialAction\":[{\"@type\":\"SearchAction\",\"target\":{\"@type\":\"EntryPoint\",\"urlTemplate\":\"https:\/\/blog.zeit.de\/stoerungsmelder\/?s={search_term_string}\"},\"query-input\":\"required name=search_term_string\"}],\"inLanguage\":\"de\"},{\"@type\":\"Person\",\"@id\":\"https:\/\/blog.zeit.de\/stoerungsmelder\/#\/schema\/person\/abf36269039573fecb7c7f814e987c29\",\"name\":\"Sebastian Lipp\",\"image\":{\"@type\":\"ImageObject\",\"inLanguage\":\"de\",\"@id\":\"https:\/\/blog.zeit.de\/stoerungsmelder\/#\/schema\/person\/image\/\",\"url\":\"https:\/\/secure.gravatar.com\/avatar\/88a90014e1f1a5d93b03b4fd9a7643da248cc2335f5433c5b6e8ead7c24de4b8?s=96&d=mm&r=pg\",\"contentUrl\":\"https:\/\/secure.gravatar.com\/avatar\/88a90014e1f1a5d93b03b4fd9a7643da248cc2335f5433c5b6e8ead7c24de4b8?s=96&d=mm&r=pg\",\"caption\":\"Sebastian Lipp\"},\"sameAs\":[\"http:\/\/twitter.com\/SebastianLipp\",\"https:\/\/twitter.com\/SebastianLipp\"],\"url\":\"https:\/\/blog.zeit.de\/stoerungsmelder\/author\/sebastianl\"}]}<\/script>\n<!-- \/ Yoast SEO plugin. -->","yoast_head_json":{"title":"Bayerns Nazi-Immobilien - St\u00f6rungsmelder","robots":{"index":"index","follow":"follow","max-snippet":"max-snippet:-1","max-image-preview":"max-image-preview:large","max-video-preview":"max-video-preview:-1"},"canonical":"https:\/\/blog.zeit.de\/stoerungsmelder\/2015\/08\/12\/neue-nazi-immobilie-im-allgaeu_20021","og_locale":"de_DE","og_type":"article","og_title":"Bayerns Nazi-Immobilien - St\u00f6rungsmelder","og_description":"Das Beispiel eines von Neonazis genutzten ehemaligen Landgasthofs im schw\u00e4bischen Rieggis zeigt deutlich, wie in Bayern mit rechtsextremen Immobilien umgegangen wird: Verschweigen und Wegschauen, oft \u00fcber Jahre und Jahrzehnte.","og_url":"https:\/\/blog.zeit.de\/stoerungsmelder\/2015\/08\/12\/neue-nazi-immobilie-im-allgaeu_20021","og_site_name":"St\u00f6rungsmelder","article_published_time":"2015-08-12T09:58:19+00:00","article_modified_time":"2016-01-19T13:01:00+00:00","og_image":[{"url":"https:\/\/blog.zeit.de\/stoerungsmelder\/files\/2015\/08\/Kistenschleppen_Rieggis_klein2_c_Robert-Andreasch.jpg"}],"author":"Sebastian Lipp","twitter_card":"summary_large_image","twitter_creator":"@SebastianLipp","twitter_misc":{"Geschrieben von":"Sebastian Lipp","Gesch\u00e4tzte Lesezeit":"5\u00a0Minuten"},"schema":{"@context":"https:\/\/schema.org","@graph":[{"@type":"WebPage","@id":"https:\/\/blog.zeit.de\/stoerungsmelder\/2015\/08\/12\/neue-nazi-immobilie-im-allgaeu_20021","url":"https:\/\/blog.zeit.de\/stoerungsmelder\/2015\/08\/12\/neue-nazi-immobilie-im-allgaeu_20021","name":"Bayerns Nazi-Immobilien - St\u00f6rungsmelder","isPartOf":{"@id":"https:\/\/blog.zeit.de\/stoerungsmelder\/#website"},"datePublished":"2015-08-12T09:58:19+00:00","dateModified":"2016-01-19T13:01:00+00:00","author":{"@id":"https:\/\/blog.zeit.de\/stoerungsmelder\/#\/schema\/person\/abf36269039573fecb7c7f814e987c29"},"breadcrumb":{"@id":"https:\/\/blog.zeit.de\/stoerungsmelder\/2015\/08\/12\/neue-nazi-immobilie-im-allgaeu_20021#breadcrumb"},"inLanguage":"de","potentialAction":[{"@type":"ReadAction","target":["https:\/\/blog.zeit.de\/stoerungsmelder\/2015\/08\/12\/neue-nazi-immobilie-im-allgaeu_20021"]}]},{"@type":"BreadcrumbList","@id":"https:\/\/blog.zeit.de\/stoerungsmelder\/2015\/08\/12\/neue-nazi-immobilie-im-allgaeu_20021#breadcrumb","itemListElement":[{"@type":"ListItem","position":1,"name":"Startseite","item":"https:\/\/blog.zeit.de\/stoerungsmelder"},{"@type":"ListItem","position":2,"name":"Bayerns Nazi-Immobilien"}]},{"@type":"WebSite","@id":"https:\/\/blog.zeit.de\/stoerungsmelder\/#website","url":"https:\/\/blog.zeit.de\/stoerungsmelder\/","name":"St\u00f6rungsmelder","description":"Recherchen und Analysen \u00fcber die extreme Rechte","potentialAction":[{"@type":"SearchAction","target":{"@type":"EntryPoint","urlTemplate":"https:\/\/blog.zeit.de\/stoerungsmelder\/?s={search_term_string}"},"query-input":"required name=search_term_string"}],"inLanguage":"de"},{"@type":"Person","@id":"https:\/\/blog.zeit.de\/stoerungsmelder\/#\/schema\/person\/abf36269039573fecb7c7f814e987c29","name":"Sebastian Lipp","image":{"@type":"ImageObject","inLanguage":"de","@id":"https:\/\/blog.zeit.de\/stoerungsmelder\/#\/schema\/person\/image\/","url":"https:\/\/secure.gravatar.com\/avatar\/88a90014e1f1a5d93b03b4fd9a7643da248cc2335f5433c5b6e8ead7c24de4b8?s=96&d=mm&r=pg","contentUrl":"https:\/\/secure.gravatar.com\/avatar\/88a90014e1f1a5d93b03b4fd9a7643da248cc2335f5433c5b6e8ead7c24de4b8?s=96&d=mm&r=pg","caption":"Sebastian Lipp"},"sameAs":["http:\/\/twitter.com\/SebastianLipp","https:\/\/twitter.com\/SebastianLipp"],"url":"https:\/\/blog.zeit.de\/stoerungsmelder\/author\/sebastianl"}]}},"jetpack_featured_media_url":"","jetpack_sharing_enabled":true,"_links":{"self":[{"href":"https:\/\/blog.zeit.de\/stoerungsmelder\/wp-json\/wp\/v2\/posts\/20021","targetHints":{"allow":["GET"]}}],"collection":[{"href":"https:\/\/blog.zeit.de\/stoerungsmelder\/wp-json\/wp\/v2\/posts"}],"about":[{"href":"https:\/\/blog.zeit.de\/stoerungsmelder\/wp-json\/wp\/v2\/types\/post"}],"author":[{"embeddable":true,"href":"https:\/\/blog.zeit.de\/stoerungsmelder\/wp-json\/wp\/v2\/users\/518"}],"replies":[{"embeddable":true,"href":"https:\/\/blog.zeit.de\/stoerungsmelder\/wp-json\/wp\/v2\/comments?post=20021"}],"version-history":[{"count":11,"href":"https:\/\/blog.zeit.de\/stoerungsmelder\/wp-json\/wp\/v2\/posts\/20021\/revisions"}],"predecessor-version":[{"id":21109,"href":"https:\/\/blog.zeit.de\/stoerungsmelder\/wp-json\/wp\/v2\/posts\/20021\/revisions\/21109"}],"wp:attachment":[{"href":"https:\/\/blog.zeit.de\/stoerungsmelder\/wp-json\/wp\/v2\/media?parent=20021"}],"wp:term":[{"taxonomy":"category","embeddable":true,"href":"https:\/\/blog.zeit.de\/stoerungsmelder\/wp-json\/wp\/v2\/categories?post=20021"},{"taxonomy":"post_tag","embeddable":true,"href":"https:\/\/blog.zeit.de\/stoerungsmelder\/wp-json\/wp\/v2\/tags?post=20021"}],"curies":[{"name":"wp","href":"https:\/\/api.w.org\/{rel}","templated":true}]}}