{"id":20304,"date":"2015-10-21T18:30:17","date_gmt":"2015-10-21T16:30:17","guid":{"rendered":"http:\/\/blog.zeit.de\/stoerungsmelder\/?p=20304"},"modified":"2015-10-29T13:31:49","modified_gmt":"2015-10-29T12:31:49","slug":"razzia-bei-neonazis-in-bamberg","status":"publish","type":"post","link":"https:\/\/blog.zeit.de\/stoerungsmelder\/2015\/10\/21\/razzia-bei-neonazis-in-bamberg_20304","title":{"rendered":"Aktualisiert: Razzia bei Neonazis der Partei &#8222;Die Rechte&#8220;"},"content":{"rendered":"<p><figure id=\"attachment_20305\" aria-describedby=\"caption-attachment-20305\" style=\"width: 540px\" class=\"wp-caption aligncenter\"><img loading=\"lazy\" decoding=\"async\" class=\"wp-image-20305 size-full\" src=\"https:\/\/blog.zeit.de\/stoerungsmelder\/files\/2015\/10\/razzia_header_tm.jpg\" alt=\"Ein Polizist sichert eine Neonazi-Demonstration | Symbolbild: \u00a9Timo M\u00fcller \" width=\"540\" height=\"349\" \/><figcaption id=\"caption-attachment-20305\" class=\"wp-caption-text\">Ein Polizist sichert eine Neonazi-Demonstration | Symbolbild: \u00a9 Jonas Miller<\/figcaption><\/figure><\/p>\n<p>Polizei und Staatsanwaltschaft gingen am Mittwoch mit Durchsuchungsma\u00dfnahmen gegen Mitglieder der Neonazi-Partei \u201eDie Rechte\u201c in Bamberg und N\u00fcrnberg vor. Im Zuge der Razzia kam es auch zu Festnahmen. Aktivisten der Gruppierung sind in der Vergangenheit schon einschl\u00e4gig aufgefallen.<!--more--><\/p>\n<p>Mit Unterst\u00fctzung von Spezialkr\u00e4ften wurden am Mittwochmorgen mehrere Wohnungen im Raum Bamberg und N\u00fcrnberg von der Polizei durchsucht. Bei den Betroffenen handelt es sich laut vorliegenden Informationen um Aktivisten der Neonazi-Partei \u201eDie Rechte\u201c. Die Ermittler stellten Beweismittel sicher, die derzeit noch ausgewertet werden. Ebenso laufen \u201ezeitintensive Vernehmungen\u201c der Festgenommenen, wie die Staatsanwaltschaft Bamberg mitteilte.<\/p>\n<p>Anfang M\u00e4rz gr\u00fcndete sich in der Domstadt der Kreisverband der jungen Neonazi-Partei \u201eDie Rechte\u201c. In den vergangenen Monaten sorgten Mitglieder der Gruppe immer wieder f\u00fcr Schlagzeilen. Ebenfalls im M\u00e4rz griffen Personen aus dem Spektrum eine <a href=\"https:\/\/blog.zeit.de\/stoerungsmelder\/2015\/03\/07\/neonazis-greifen-feministische-demonstration-in-nuernberg-an_18871\" target=\"_blank\">feministische Demonstration in N\u00fcrnberg<\/a> an und wurden daraufhin festgenommen. Im Juni versuchten Aktivisten der Partei eine <a href=\"http:\/\/www.infranken.de\/regional\/bamberg\/Rechtsextremer-Angriff-auf-Anti-Rassismus-Festival-in-Bamberg;art212,1078355\" target=\"_blank\">antirassistische Veranstaltung zu st\u00f6ren<\/a>, konnten aber abgewehrt werden. Immer wieder kommt es auch zu \u00dc<a href=\"https:\/\/blog.zeit.de\/stoerungsmelder\/2014\/11\/08\/neonazi-anschlag-auf-studentischen-veranstaltungsraum-in-bamberg_17502\" target=\"_blank\">bergriffen und Sachbesch\u00e4digungen am Studententreff <em>Balthasar<\/em><\/a> in Bamberg. Szenekenner vermuten auch hier die T\u00e4ter im Umfeld der Bamberger Neonazis.<\/p>\n<p>F\u00fcr Ende Oktober haben Neonazis zudem eine Demonstration unter dem Motto \u201eRefugees not welcome\u201c in Bamberg angek\u00fcndigt. Der oberfr\u00e4nkische Nazi-Gegner G\u00fcnter Pierdzig sieht die Durchsuchungen in einem direkten Zusammenhang mit dem geplanten Aufmarsch und sagte zu ZEIT ONLINE: \u201eDie Razzia war l\u00e4ngst \u00fcberf\u00e4llig\u201c.<\/p>\n<p>Polizei und Staatsanwaltschaft k\u00fcndigten unterdessen an, am Freitag n\u00e4here Informationen zum Geschehen zu ver\u00f6ffentlichen.<\/p>\n<p>&nbsp;<\/p>\n<p><em>In der ersten Version des Artikels hie\u00df es, die Hausdurchsuchungen fanden nur in Bamberg statt. Nach uns vorliegenen Informationen wurden auch Wohnungen in N\u00fcrnberg durchsucht.<\/em><\/p>\n","protected":false},"excerpt":{"rendered":"<p>Polizei und Staatsanwaltschaft gingen am Mittwoch mit Durchsuchungsma\u00dfnahmen gegen Mitglieder der Neonazi-Partei \u201eDie Rechte\u201c in Bamberg und N\u00fcrnberg vor. Im Zuge der Razzia kam es auch zu Festnahmen. Aktivisten der Gruppierung sind in der Vergangenheit schon einschl\u00e4gig aufgefallen.<\/p>\n","protected":false},"author":363,"featured_media":0,"comment_status":"open","ping_status":"open","sticky":false,"template":"","format":"standard","meta":{"_jetpack_memberships_contains_paid_content":false,"footnotes":""},"categories":[59],"tags":[32138,24535,34191,991,1754],"class_list":["post-20304","post","type-post","status-publish","format-standard","hentry","category-bayern","tag-bamberg","tag-die-rechte","tag-hausdurchsuchung","tag-polizei","tag-razzia"],"yoast_head":"<!-- This site is optimized with the Yoast SEO plugin v21.0 - https:\/\/yoast.com\/wordpress\/plugins\/seo\/ -->\n<title>Aktualisiert: Razzia bei Neonazis der Partei &quot;Die Rechte&quot; - St\u00f6rungsmelder<\/title>\n<meta name=\"robots\" content=\"index, follow, max-snippet:-1, max-image-preview:large, max-video-preview:-1\" \/>\n<link rel=\"canonical\" href=\"https:\/\/blog.zeit.de\/stoerungsmelder\/2015\/10\/21\/razzia-bei-neonazis-in-bamberg_20304\" \/>\n<meta property=\"og:locale\" content=\"de_DE\" \/>\n<meta property=\"og:type\" content=\"article\" \/>\n<meta property=\"og:title\" content=\"Aktualisiert: Razzia bei Neonazis der Partei &quot;Die Rechte&quot; - St\u00f6rungsmelder\" \/>\n<meta property=\"og:description\" content=\"Polizei und Staatsanwaltschaft gingen am Mittwoch mit Durchsuchungsma\u00dfnahmen gegen Mitglieder der Neonazi-Partei \u201eDie Rechte\u201c in Bamberg und N\u00fcrnberg vor. Im Zuge der Razzia kam es auch zu Festnahmen. Aktivisten der Gruppierung sind in der Vergangenheit schon einschl\u00e4gig aufgefallen.\" \/>\n<meta property=\"og:url\" content=\"https:\/\/blog.zeit.de\/stoerungsmelder\/2015\/10\/21\/razzia-bei-neonazis-in-bamberg_20304\" \/>\n<meta property=\"og:site_name\" content=\"St\u00f6rungsmelder\" \/>\n<meta property=\"article:published_time\" content=\"2015-10-21T16:30:17+00:00\" \/>\n<meta property=\"article:modified_time\" content=\"2015-10-29T12:31:49+00:00\" \/>\n<meta property=\"og:image\" content=\"https:\/\/blog.zeit.de\/stoerungsmelder\/files\/2015\/10\/razzia_header_tm.jpg\" \/>\n<meta name=\"author\" content=\"Jonas Miller\" \/>\n<meta name=\"twitter:card\" content=\"summary_large_image\" \/>\n<meta name=\"twitter:label1\" content=\"Geschrieben von\" \/>\n\t<meta name=\"twitter:data1\" content=\"Jonas Miller\" \/>\n\t<meta name=\"twitter:label2\" content=\"Gesch\u00e4tzte Lesezeit\" \/>\n\t<meta name=\"twitter:data2\" content=\"1\u00a0Minute\" \/>\n<script type=\"application\/ld+json\" class=\"yoast-schema-graph\">{\"@context\":\"https:\/\/schema.org\",\"@graph\":[{\"@type\":\"WebPage\",\"@id\":\"https:\/\/blog.zeit.de\/stoerungsmelder\/2015\/10\/21\/razzia-bei-neonazis-in-bamberg_20304\",\"url\":\"https:\/\/blog.zeit.de\/stoerungsmelder\/2015\/10\/21\/razzia-bei-neonazis-in-bamberg_20304\",\"name\":\"Aktualisiert: Razzia bei Neonazis der Partei \\\"Die Rechte\\\" - St\u00f6rungsmelder\",\"isPartOf\":{\"@id\":\"https:\/\/blog.zeit.de\/stoerungsmelder\/#website\"},\"datePublished\":\"2015-10-21T16:30:17+00:00\",\"dateModified\":\"2015-10-29T12:31:49+00:00\",\"author\":{\"@id\":\"https:\/\/blog.zeit.de\/stoerungsmelder\/#\/schema\/person\/abb0b5e2ae04ea00291f461511cf0e6b\"},\"breadcrumb\":{\"@id\":\"https:\/\/blog.zeit.de\/stoerungsmelder\/2015\/10\/21\/razzia-bei-neonazis-in-bamberg_20304#breadcrumb\"},\"inLanguage\":\"de\",\"potentialAction\":[{\"@type\":\"ReadAction\",\"target\":[\"https:\/\/blog.zeit.de\/stoerungsmelder\/2015\/10\/21\/razzia-bei-neonazis-in-bamberg_20304\"]}]},{\"@type\":\"BreadcrumbList\",\"@id\":\"https:\/\/blog.zeit.de\/stoerungsmelder\/2015\/10\/21\/razzia-bei-neonazis-in-bamberg_20304#breadcrumb\",\"itemListElement\":[{\"@type\":\"ListItem\",\"position\":1,\"name\":\"Startseite\",\"item\":\"https:\/\/blog.zeit.de\/stoerungsmelder\"},{\"@type\":\"ListItem\",\"position\":2,\"name\":\"Aktualisiert: Razzia bei Neonazis der Partei &#8222;Die Rechte&#8220;\"}]},{\"@type\":\"WebSite\",\"@id\":\"https:\/\/blog.zeit.de\/stoerungsmelder\/#website\",\"url\":\"https:\/\/blog.zeit.de\/stoerungsmelder\/\",\"name\":\"St\u00f6rungsmelder\",\"description\":\"Recherchen und Analysen \u00fcber die extreme Rechte\",\"potentialAction\":[{\"@type\":\"SearchAction\",\"target\":{\"@type\":\"EntryPoint\",\"urlTemplate\":\"https:\/\/blog.zeit.de\/stoerungsmelder\/?s={search_term_string}\"},\"query-input\":\"required name=search_term_string\"}],\"inLanguage\":\"de\"},{\"@type\":\"Person\",\"@id\":\"https:\/\/blog.zeit.de\/stoerungsmelder\/#\/schema\/person\/abb0b5e2ae04ea00291f461511cf0e6b\",\"name\":\"Jonas Miller\",\"image\":{\"@type\":\"ImageObject\",\"inLanguage\":\"de\",\"@id\":\"https:\/\/blog.zeit.de\/stoerungsmelder\/#\/schema\/person\/image\/\",\"url\":\"https:\/\/secure.gravatar.com\/avatar\/c86a48d8af5f6cb474e5792b625c0051659345670c87ad1d34ce5dc50fecf79f?s=96&d=mm&r=pg\",\"contentUrl\":\"https:\/\/secure.gravatar.com\/avatar\/c86a48d8af5f6cb474e5792b625c0051659345670c87ad1d34ce5dc50fecf79f?s=96&d=mm&r=pg\",\"caption\":\"Jonas Miller\"},\"url\":\"https:\/\/blog.zeit.de\/stoerungsmelder\/author\/timomueller\"}]}<\/script>\n<!-- \/ Yoast SEO plugin. -->","yoast_head_json":{"title":"Aktualisiert: Razzia bei Neonazis der Partei \"Die Rechte\" - St\u00f6rungsmelder","robots":{"index":"index","follow":"follow","max-snippet":"max-snippet:-1","max-image-preview":"max-image-preview:large","max-video-preview":"max-video-preview:-1"},"canonical":"https:\/\/blog.zeit.de\/stoerungsmelder\/2015\/10\/21\/razzia-bei-neonazis-in-bamberg_20304","og_locale":"de_DE","og_type":"article","og_title":"Aktualisiert: Razzia bei Neonazis der Partei \"Die Rechte\" - St\u00f6rungsmelder","og_description":"Polizei und Staatsanwaltschaft gingen am Mittwoch mit Durchsuchungsma\u00dfnahmen gegen Mitglieder der Neonazi-Partei \u201eDie Rechte\u201c in Bamberg und N\u00fcrnberg vor. Im Zuge der Razzia kam es auch zu Festnahmen. Aktivisten der Gruppierung sind in der Vergangenheit schon einschl\u00e4gig aufgefallen.","og_url":"https:\/\/blog.zeit.de\/stoerungsmelder\/2015\/10\/21\/razzia-bei-neonazis-in-bamberg_20304","og_site_name":"St\u00f6rungsmelder","article_published_time":"2015-10-21T16:30:17+00:00","article_modified_time":"2015-10-29T12:31:49+00:00","og_image":[{"url":"https:\/\/blog.zeit.de\/stoerungsmelder\/files\/2015\/10\/razzia_header_tm.jpg"}],"author":"Jonas Miller","twitter_card":"summary_large_image","twitter_misc":{"Geschrieben von":"Jonas Miller","Gesch\u00e4tzte Lesezeit":"1\u00a0Minute"},"schema":{"@context":"https:\/\/schema.org","@graph":[{"@type":"WebPage","@id":"https:\/\/blog.zeit.de\/stoerungsmelder\/2015\/10\/21\/razzia-bei-neonazis-in-bamberg_20304","url":"https:\/\/blog.zeit.de\/stoerungsmelder\/2015\/10\/21\/razzia-bei-neonazis-in-bamberg_20304","name":"Aktualisiert: Razzia bei Neonazis der Partei \"Die Rechte\" - St\u00f6rungsmelder","isPartOf":{"@id":"https:\/\/blog.zeit.de\/stoerungsmelder\/#website"},"datePublished":"2015-10-21T16:30:17+00:00","dateModified":"2015-10-29T12:31:49+00:00","author":{"@id":"https:\/\/blog.zeit.de\/stoerungsmelder\/#\/schema\/person\/abb0b5e2ae04ea00291f461511cf0e6b"},"breadcrumb":{"@id":"https:\/\/blog.zeit.de\/stoerungsmelder\/2015\/10\/21\/razzia-bei-neonazis-in-bamberg_20304#breadcrumb"},"inLanguage":"de","potentialAction":[{"@type":"ReadAction","target":["https:\/\/blog.zeit.de\/stoerungsmelder\/2015\/10\/21\/razzia-bei-neonazis-in-bamberg_20304"]}]},{"@type":"BreadcrumbList","@id":"https:\/\/blog.zeit.de\/stoerungsmelder\/2015\/10\/21\/razzia-bei-neonazis-in-bamberg_20304#breadcrumb","itemListElement":[{"@type":"ListItem","position":1,"name":"Startseite","item":"https:\/\/blog.zeit.de\/stoerungsmelder"},{"@type":"ListItem","position":2,"name":"Aktualisiert: Razzia bei Neonazis der Partei &#8222;Die Rechte&#8220;"}]},{"@type":"WebSite","@id":"https:\/\/blog.zeit.de\/stoerungsmelder\/#website","url":"https:\/\/blog.zeit.de\/stoerungsmelder\/","name":"St\u00f6rungsmelder","description":"Recherchen und Analysen \u00fcber die extreme Rechte","potentialAction":[{"@type":"SearchAction","target":{"@type":"EntryPoint","urlTemplate":"https:\/\/blog.zeit.de\/stoerungsmelder\/?s={search_term_string}"},"query-input":"required name=search_term_string"}],"inLanguage":"de"},{"@type":"Person","@id":"https:\/\/blog.zeit.de\/stoerungsmelder\/#\/schema\/person\/abb0b5e2ae04ea00291f461511cf0e6b","name":"Jonas Miller","image":{"@type":"ImageObject","inLanguage":"de","@id":"https:\/\/blog.zeit.de\/stoerungsmelder\/#\/schema\/person\/image\/","url":"https:\/\/secure.gravatar.com\/avatar\/c86a48d8af5f6cb474e5792b625c0051659345670c87ad1d34ce5dc50fecf79f?s=96&d=mm&r=pg","contentUrl":"https:\/\/secure.gravatar.com\/avatar\/c86a48d8af5f6cb474e5792b625c0051659345670c87ad1d34ce5dc50fecf79f?s=96&d=mm&r=pg","caption":"Jonas Miller"},"url":"https:\/\/blog.zeit.de\/stoerungsmelder\/author\/timomueller"}]}},"jetpack_featured_media_url":"","jetpack_sharing_enabled":true,"_links":{"self":[{"href":"https:\/\/blog.zeit.de\/stoerungsmelder\/wp-json\/wp\/v2\/posts\/20304","targetHints":{"allow":["GET"]}}],"collection":[{"href":"https:\/\/blog.zeit.de\/stoerungsmelder\/wp-json\/wp\/v2\/posts"}],"about":[{"href":"https:\/\/blog.zeit.de\/stoerungsmelder\/wp-json\/wp\/v2\/types\/post"}],"author":[{"embeddable":true,"href":"https:\/\/blog.zeit.de\/stoerungsmelder\/wp-json\/wp\/v2\/users\/363"}],"replies":[{"embeddable":true,"href":"https:\/\/blog.zeit.de\/stoerungsmelder\/wp-json\/wp\/v2\/comments?post=20304"}],"version-history":[{"count":4,"href":"https:\/\/blog.zeit.de\/stoerungsmelder\/wp-json\/wp\/v2\/posts\/20304\/revisions"}],"predecessor-version":[{"id":20369,"href":"https:\/\/blog.zeit.de\/stoerungsmelder\/wp-json\/wp\/v2\/posts\/20304\/revisions\/20369"}],"wp:attachment":[{"href":"https:\/\/blog.zeit.de\/stoerungsmelder\/wp-json\/wp\/v2\/media?parent=20304"}],"wp:term":[{"taxonomy":"category","embeddable":true,"href":"https:\/\/blog.zeit.de\/stoerungsmelder\/wp-json\/wp\/v2\/categories?post=20304"},{"taxonomy":"post_tag","embeddable":true,"href":"https:\/\/blog.zeit.de\/stoerungsmelder\/wp-json\/wp\/v2\/tags?post=20304"}],"curies":[{"name":"wp","href":"https:\/\/api.w.org\/{rel}","templated":true}]}}