{"id":20494,"date":"2015-11-10T11:44:33","date_gmt":"2015-11-10T10:44:33","guid":{"rendered":"http:\/\/blog.zeit.de\/stoerungsmelder\/?p=20494"},"modified":"2016-01-19T14:03:09","modified_gmt":"2016-01-19T13:03:09","slug":"proteste-gegen-nazi-aufmarsch-in-plauen","status":"publish","type":"post","link":"https:\/\/blog.zeit.de\/stoerungsmelder\/2015\/11\/10\/proteste-gegen-nazi-aufmarsch-in-plauen_20494","title":{"rendered":"Proteste gegen Nazi-Aufmarsch in Plauen"},"content":{"rendered":"<p><figure id=\"attachment_20579\" aria-describedby=\"caption-attachment-20579\" style=\"width: 580px\" class=\"wp-caption aligncenter\"><img loading=\"lazy\" decoding=\"async\" class=\"size-full wp-image-20579\" src=\"https:\/\/blog.zeit.de\/stoerungsmelder\/files\/2015\/11\/Der-III.-Weg_20150523_2041-\u00a9-Christian-Martischius_head.jpg\" alt=\"Das Motto der Neonazi-Partei \u201eDer III. Weg\u201c\" width=\"580\" height=\"300\" \/><figcaption id=\"caption-attachment-20579\" class=\"wp-caption-text\">Das Motto der Neonazi-Partei \u201eDer III. Weg\u201c<\/figcaption><\/figure><\/p>\n<p>Am 7.11. marschierten etwa 100 Personen auf Aufruf der neonazistischen Partei \u201eDer III. Weg\u201c durch Plauen. Das Motto: \u201eAsylflut stoppen &#8211; Wir sind das Volk\u201c. Mehr als doppelt so viele Menschen beteiligten sich an den Gegenprotesten. W\u00e4hrend der Abschlusskundgebung der Neonazis st\u00fcrmten Vermummte den \u00f6rtlichen \u201eThor Steinar\u201c Laden und griffen Mitarbeiter und Kunden an.<!--more--><\/p>\n<p>Bereits in der Woche zuvor folgten dem \u201eIII. Weg\u201c 100 Neonazis auf eine Kundgebung gegen eine geplante Erstaufnahmeeinrichtung in Plauen. Am 7.11. brachte die neonazistische Partei ebenso viele Rassisten auf die Stra\u00dfe. \u201eAsylflut stoppen\u201c war das Motto. Am Vortag erreichte eine Gruppe Fl\u00fcchtlinge einen Plauener Bahnhof. Hier musste die Polizei mehreren Personen, die sie der rechten Szene zuordnete, einen Platzverweis erteilen.<\/p>\n<p>Anh\u00e4nger der Neonazipartei zogen \u00fcber die Neundorferstra\u00dfe und Unterer Graben. Die ersten Reihen liefen lose und durchweg mit Transparenten des \u201eIII. Weg\u201c ausgestattet. Dahinter dominierten Schilder der \u201ejungen nationalen Partei\u201c mit dem Motto der Versammlung. Auf der Abschlusskundgebung am Theaterplatz hetzten verschiedene Redner gegen Asylsuchende.<\/p>\n<p><strong>Gegenproteste<\/strong><\/p>\n<p>Rund 200 Gegendemonstranten schirmten die Rechten lautstark ab, sodass nur wenig Au\u00dfenwirkung zu erreichen war. Von ihrer vom <a href=\"http:\/\/www.vogtland-nazifrei.de\/fuer-menschlichkeit-auf-die-strasse\/\">Aktionsb\u00fcndnis Vogtland gegen Rechts<\/a> am Hans-L\u00f6wel-Platz durchgef\u00fchrten Kundgebung zogen die Nazigegner spontan dem rassistischen Aufzug hinterher, nachdem dieser an ihnen vorbei gezogen war.<\/p>\n<p>Eine weitere antifaschistische Demonstration zog ebenso unangemeldet durch Plauen und versuchte aus der Theaterstra\u00dfe auf die Route der Neonazis zu sto\u00dfen. Dies wurde von der Polizei unterbunden. Die Antifaschisten wurden erkennungsdienstlich behandelt und nach Abschluss der Neonazikundgebung entlassen.<\/p>\n<p><strong>Angriff auf \u201eThor Steinar\u201c Laden<\/strong><\/p>\n<p><figure id=\"attachment_12770\" aria-describedby=\"caption-attachment-12770\" style=\"width: 300px\" class=\"wp-caption aligncenter\"><img loading=\"lazy\" decoding=\"async\" class=\"size-medium wp-image-12770\" src=\"https:\/\/blog.zeit.de\/stoerungsmelder\/files\/2013\/05\/ts_1mai_npd-300x166.jpg\" alt=\"Ein Teilnehmer in Thor Steinar Outfit mit NPD-Fahne \u00a9 Theo Schneider\" width=\"300\" height=\"166\" srcset=\"https:\/\/blog.zeit.de\/stoerungsmelder\/files\/2013\/05\/ts_1mai_npd-300x166.jpg 300w, https:\/\/blog.zeit.de\/stoerungsmelder\/files\/2013\/05\/ts_1mai_npd.jpg 540w\" sizes=\"auto, (max-width: 300px) 100vw, 300px\" \/><figcaption id=\"caption-attachment-12770\" class=\"wp-caption-text\">Neonazi in Thor Steinar Outfit \u00a9 Theo Schneider<\/figcaption><\/figure><\/p>\n<p>Etwa zeitgleich zum Ende der Kundgebung des \u201eIII. Weg\u201c \u00fcberfielen, wie die Freie Presse <a href=\"http:\/\/www.freiepresse.de\/LOKALES\/VOGTLAND\/PLAUEN\/Anschlag-auf-Geschaeft-in-Plauen-Vier-Verletzte-artikel9350279.php\">berichtet<\/a>, bis zu 15 Vermummte das \u201eOseberg\u201c-Gesch\u00e4ft in der J\u00f6\u00dfnitzer Stra\u00dfe. Die unerkannten T\u00e4ter z\u00fcndeten Pyrotechnik, verspr\u00fchten Reizgas gegen Mitarbeiter und Kunden und leerten einen Feuerl\u00f6scher. Das betroffene Gesch\u00e4ft vertreibt Kleidung der Marke \u201e<a href=\"http:\/\/www.taz.de\/!5131168\/\">Thor Steinar<\/a>\u201c, die in der rechtsextremen Szene sehr beliebt ist. Vermutlich deshalb war \u201eOseberg\u201c bereits mehrfach Ziel von Farbanschl\u00e4gen und <a href=\"http:\/\/www.spitzenstadt.de\/plauen\/1-startseite\/demonstration-in-plauen-gegen-e2809eoseberge2809c-laden-.html\">Protesten<\/a>.<br \/>\n<img loading=\"lazy\" decoding=\"async\" src=\"http:\/\/vg08.met.vgwort.de\/na\/a0b1cad02fce4f95b9687b27a72ee351\" width=\"1\" height=\"1\" alt=\"\"><\/p>\n","protected":false},"excerpt":{"rendered":"<p>Am 7.11. marschierten etwa 100 Personen auf Aufruf der neonazistischen Partei \u201eDer III. Weg\u201c durch Plauen. Das Motto: \u201eAsylflut stoppen &#8211; Wir sind das Volk\u201c. Mehr als doppelt so viele Menschen beteiligten sich an den Gegenprotesten. W\u00e4hrend der Abschlusskundgebung der Neonazis st\u00fcrmten Vermummte den \u00f6rtlichen \u201eThor Steinar\u201c Laden und griffen Mitarbeiter und Kunden an.<\/p>\n","protected":false},"author":518,"featured_media":20579,"comment_status":"open","ping_status":"open","sticky":false,"template":"","format":"standard","meta":{"_jetpack_memberships_contains_paid_content":false,"footnotes":""},"categories":[1456],"tags":[12774,31120,34201,23472,1818],"class_list":["post-20494","post","type-post","status-publish","format-standard","has-post-thumbnail","hentry","category-sachsen","tag-aufmarsch","tag-der-iii-weg","tag-oseberg","tag-plauen","tag-thor-steinar"],"yoast_head":"<!-- This site is optimized with the Yoast SEO plugin v21.0 - https:\/\/yoast.com\/wordpress\/plugins\/seo\/ -->\n<title>Proteste gegen Nazi-Aufmarsch in Plauen - St\u00f6rungsmelder<\/title>\n<meta name=\"robots\" content=\"index, follow, max-snippet:-1, max-image-preview:large, max-video-preview:-1\" \/>\n<link rel=\"canonical\" href=\"https:\/\/blog.zeit.de\/stoerungsmelder\/2015\/11\/10\/proteste-gegen-nazi-aufmarsch-in-plauen_20494\" \/>\n<meta property=\"og:locale\" content=\"de_DE\" \/>\n<meta property=\"og:type\" content=\"article\" \/>\n<meta property=\"og:title\" content=\"Proteste gegen Nazi-Aufmarsch in Plauen - St\u00f6rungsmelder\" \/>\n<meta property=\"og:description\" content=\"Am 7.11. marschierten etwa 100 Personen auf Aufruf der neonazistischen Partei \u201eDer III. Weg\u201c durch Plauen. Das Motto: \u201eAsylflut stoppen &#8211; Wir sind das Volk\u201c. Mehr als doppelt so viele Menschen beteiligten sich an den Gegenprotesten. W\u00e4hrend der Abschlusskundgebung der Neonazis st\u00fcrmten Vermummte den \u00f6rtlichen \u201eThor Steinar\u201c Laden und griffen Mitarbeiter und Kunden an.\" \/>\n<meta property=\"og:url\" content=\"https:\/\/blog.zeit.de\/stoerungsmelder\/2015\/11\/10\/proteste-gegen-nazi-aufmarsch-in-plauen_20494\" \/>\n<meta property=\"og:site_name\" content=\"St\u00f6rungsmelder\" \/>\n<meta property=\"article:published_time\" content=\"2015-11-10T10:44:33+00:00\" \/>\n<meta property=\"article:modified_time\" content=\"2016-01-19T13:03:09+00:00\" \/>\n<meta property=\"og:image\" content=\"https:\/\/blog.zeit.de\/stoerungsmelder\/files\/2015\/11\/Der-III.-Weg_20150523_2041-\u00a9-Christian-Martischius_head.jpg\" \/>\n\t<meta property=\"og:image:width\" content=\"580\" \/>\n\t<meta property=\"og:image:height\" content=\"300\" \/>\n\t<meta property=\"og:image:type\" content=\"image\/jpeg\" \/>\n<meta name=\"author\" content=\"Sebastian Lipp\" \/>\n<meta name=\"twitter:card\" content=\"summary_large_image\" \/>\n<meta name=\"twitter:creator\" content=\"@SebastianLipp\" \/>\n<meta name=\"twitter:label1\" content=\"Geschrieben von\" \/>\n\t<meta name=\"twitter:data1\" content=\"Sebastian Lipp\" \/>\n\t<meta name=\"twitter:label2\" content=\"Gesch\u00e4tzte Lesezeit\" \/>\n\t<meta name=\"twitter:data2\" content=\"2\u00a0Minuten\" \/>\n<script type=\"application\/ld+json\" class=\"yoast-schema-graph\">{\"@context\":\"https:\/\/schema.org\",\"@graph\":[{\"@type\":\"WebPage\",\"@id\":\"https:\/\/blog.zeit.de\/stoerungsmelder\/2015\/11\/10\/proteste-gegen-nazi-aufmarsch-in-plauen_20494\",\"url\":\"https:\/\/blog.zeit.de\/stoerungsmelder\/2015\/11\/10\/proteste-gegen-nazi-aufmarsch-in-plauen_20494\",\"name\":\"Proteste gegen Nazi-Aufmarsch in Plauen - St\u00f6rungsmelder\",\"isPartOf\":{\"@id\":\"https:\/\/blog.zeit.de\/stoerungsmelder\/#website\"},\"datePublished\":\"2015-11-10T10:44:33+00:00\",\"dateModified\":\"2016-01-19T13:03:09+00:00\",\"author\":{\"@id\":\"https:\/\/blog.zeit.de\/stoerungsmelder\/#\/schema\/person\/abf36269039573fecb7c7f814e987c29\"},\"breadcrumb\":{\"@id\":\"https:\/\/blog.zeit.de\/stoerungsmelder\/2015\/11\/10\/proteste-gegen-nazi-aufmarsch-in-plauen_20494#breadcrumb\"},\"inLanguage\":\"de\",\"potentialAction\":[{\"@type\":\"ReadAction\",\"target\":[\"https:\/\/blog.zeit.de\/stoerungsmelder\/2015\/11\/10\/proteste-gegen-nazi-aufmarsch-in-plauen_20494\"]}]},{\"@type\":\"BreadcrumbList\",\"@id\":\"https:\/\/blog.zeit.de\/stoerungsmelder\/2015\/11\/10\/proteste-gegen-nazi-aufmarsch-in-plauen_20494#breadcrumb\",\"itemListElement\":[{\"@type\":\"ListItem\",\"position\":1,\"name\":\"Startseite\",\"item\":\"https:\/\/blog.zeit.de\/stoerungsmelder\"},{\"@type\":\"ListItem\",\"position\":2,\"name\":\"Proteste gegen Nazi-Aufmarsch in Plauen\"}]},{\"@type\":\"WebSite\",\"@id\":\"https:\/\/blog.zeit.de\/stoerungsmelder\/#website\",\"url\":\"https:\/\/blog.zeit.de\/stoerungsmelder\/\",\"name\":\"St\u00f6rungsmelder\",\"description\":\"Recherchen und Analysen \u00fcber die extreme Rechte\",\"potentialAction\":[{\"@type\":\"SearchAction\",\"target\":{\"@type\":\"EntryPoint\",\"urlTemplate\":\"https:\/\/blog.zeit.de\/stoerungsmelder\/?s={search_term_string}\"},\"query-input\":\"required name=search_term_string\"}],\"inLanguage\":\"de\"},{\"@type\":\"Person\",\"@id\":\"https:\/\/blog.zeit.de\/stoerungsmelder\/#\/schema\/person\/abf36269039573fecb7c7f814e987c29\",\"name\":\"Sebastian Lipp\",\"image\":{\"@type\":\"ImageObject\",\"inLanguage\":\"de\",\"@id\":\"https:\/\/blog.zeit.de\/stoerungsmelder\/#\/schema\/person\/image\/\",\"url\":\"https:\/\/secure.gravatar.com\/avatar\/88a90014e1f1a5d93b03b4fd9a7643da248cc2335f5433c5b6e8ead7c24de4b8?s=96&d=mm&r=pg\",\"contentUrl\":\"https:\/\/secure.gravatar.com\/avatar\/88a90014e1f1a5d93b03b4fd9a7643da248cc2335f5433c5b6e8ead7c24de4b8?s=96&d=mm&r=pg\",\"caption\":\"Sebastian Lipp\"},\"sameAs\":[\"http:\/\/twitter.com\/SebastianLipp\",\"https:\/\/twitter.com\/SebastianLipp\"],\"url\":\"https:\/\/blog.zeit.de\/stoerungsmelder\/author\/sebastianl\"}]}<\/script>\n<!-- \/ Yoast SEO plugin. -->","yoast_head_json":{"title":"Proteste gegen Nazi-Aufmarsch in Plauen - St\u00f6rungsmelder","robots":{"index":"index","follow":"follow","max-snippet":"max-snippet:-1","max-image-preview":"max-image-preview:large","max-video-preview":"max-video-preview:-1"},"canonical":"https:\/\/blog.zeit.de\/stoerungsmelder\/2015\/11\/10\/proteste-gegen-nazi-aufmarsch-in-plauen_20494","og_locale":"de_DE","og_type":"article","og_title":"Proteste gegen Nazi-Aufmarsch in Plauen - St\u00f6rungsmelder","og_description":"Am 7.11. marschierten etwa 100 Personen auf Aufruf der neonazistischen Partei \u201eDer III. Weg\u201c durch Plauen. Das Motto: \u201eAsylflut stoppen &#8211; Wir sind das Volk\u201c. Mehr als doppelt so viele Menschen beteiligten sich an den Gegenprotesten. W\u00e4hrend der Abschlusskundgebung der Neonazis st\u00fcrmten Vermummte den \u00f6rtlichen \u201eThor Steinar\u201c Laden und griffen Mitarbeiter und Kunden an.","og_url":"https:\/\/blog.zeit.de\/stoerungsmelder\/2015\/11\/10\/proteste-gegen-nazi-aufmarsch-in-plauen_20494","og_site_name":"St\u00f6rungsmelder","article_published_time":"2015-11-10T10:44:33+00:00","article_modified_time":"2016-01-19T13:03:09+00:00","og_image":[{"width":580,"height":300,"url":"https:\/\/blog.zeit.de\/stoerungsmelder\/files\/2015\/11\/Der-III.-Weg_20150523_2041-\u00a9-Christian-Martischius_head.jpg","type":"image\/jpeg"}],"author":"Sebastian Lipp","twitter_card":"summary_large_image","twitter_creator":"@SebastianLipp","twitter_misc":{"Geschrieben von":"Sebastian Lipp","Gesch\u00e4tzte Lesezeit":"2\u00a0Minuten"},"schema":{"@context":"https:\/\/schema.org","@graph":[{"@type":"WebPage","@id":"https:\/\/blog.zeit.de\/stoerungsmelder\/2015\/11\/10\/proteste-gegen-nazi-aufmarsch-in-plauen_20494","url":"https:\/\/blog.zeit.de\/stoerungsmelder\/2015\/11\/10\/proteste-gegen-nazi-aufmarsch-in-plauen_20494","name":"Proteste gegen Nazi-Aufmarsch in Plauen - St\u00f6rungsmelder","isPartOf":{"@id":"https:\/\/blog.zeit.de\/stoerungsmelder\/#website"},"datePublished":"2015-11-10T10:44:33+00:00","dateModified":"2016-01-19T13:03:09+00:00","author":{"@id":"https:\/\/blog.zeit.de\/stoerungsmelder\/#\/schema\/person\/abf36269039573fecb7c7f814e987c29"},"breadcrumb":{"@id":"https:\/\/blog.zeit.de\/stoerungsmelder\/2015\/11\/10\/proteste-gegen-nazi-aufmarsch-in-plauen_20494#breadcrumb"},"inLanguage":"de","potentialAction":[{"@type":"ReadAction","target":["https:\/\/blog.zeit.de\/stoerungsmelder\/2015\/11\/10\/proteste-gegen-nazi-aufmarsch-in-plauen_20494"]}]},{"@type":"BreadcrumbList","@id":"https:\/\/blog.zeit.de\/stoerungsmelder\/2015\/11\/10\/proteste-gegen-nazi-aufmarsch-in-plauen_20494#breadcrumb","itemListElement":[{"@type":"ListItem","position":1,"name":"Startseite","item":"https:\/\/blog.zeit.de\/stoerungsmelder"},{"@type":"ListItem","position":2,"name":"Proteste gegen Nazi-Aufmarsch in Plauen"}]},{"@type":"WebSite","@id":"https:\/\/blog.zeit.de\/stoerungsmelder\/#website","url":"https:\/\/blog.zeit.de\/stoerungsmelder\/","name":"St\u00f6rungsmelder","description":"Recherchen und Analysen \u00fcber die extreme Rechte","potentialAction":[{"@type":"SearchAction","target":{"@type":"EntryPoint","urlTemplate":"https:\/\/blog.zeit.de\/stoerungsmelder\/?s={search_term_string}"},"query-input":"required name=search_term_string"}],"inLanguage":"de"},{"@type":"Person","@id":"https:\/\/blog.zeit.de\/stoerungsmelder\/#\/schema\/person\/abf36269039573fecb7c7f814e987c29","name":"Sebastian Lipp","image":{"@type":"ImageObject","inLanguage":"de","@id":"https:\/\/blog.zeit.de\/stoerungsmelder\/#\/schema\/person\/image\/","url":"https:\/\/secure.gravatar.com\/avatar\/88a90014e1f1a5d93b03b4fd9a7643da248cc2335f5433c5b6e8ead7c24de4b8?s=96&d=mm&r=pg","contentUrl":"https:\/\/secure.gravatar.com\/avatar\/88a90014e1f1a5d93b03b4fd9a7643da248cc2335f5433c5b6e8ead7c24de4b8?s=96&d=mm&r=pg","caption":"Sebastian Lipp"},"sameAs":["http:\/\/twitter.com\/SebastianLipp","https:\/\/twitter.com\/SebastianLipp"],"url":"https:\/\/blog.zeit.de\/stoerungsmelder\/author\/sebastianl"}]}},"jetpack_featured_media_url":"https:\/\/blog.zeit.de\/stoerungsmelder\/files\/2015\/11\/Der-III.-Weg_20150523_2041-\u00a9-Christian-Martischius_head.jpg","jetpack_sharing_enabled":true,"_links":{"self":[{"href":"https:\/\/blog.zeit.de\/stoerungsmelder\/wp-json\/wp\/v2\/posts\/20494","targetHints":{"allow":["GET"]}}],"collection":[{"href":"https:\/\/blog.zeit.de\/stoerungsmelder\/wp-json\/wp\/v2\/posts"}],"about":[{"href":"https:\/\/blog.zeit.de\/stoerungsmelder\/wp-json\/wp\/v2\/types\/post"}],"author":[{"embeddable":true,"href":"https:\/\/blog.zeit.de\/stoerungsmelder\/wp-json\/wp\/v2\/users\/518"}],"replies":[{"embeddable":true,"href":"https:\/\/blog.zeit.de\/stoerungsmelder\/wp-json\/wp\/v2\/comments?post=20494"}],"version-history":[{"count":14,"href":"https:\/\/blog.zeit.de\/stoerungsmelder\/wp-json\/wp\/v2\/posts\/20494\/revisions"}],"predecessor-version":[{"id":21111,"href":"https:\/\/blog.zeit.de\/stoerungsmelder\/wp-json\/wp\/v2\/posts\/20494\/revisions\/21111"}],"wp:featuredmedia":[{"embeddable":true,"href":"https:\/\/blog.zeit.de\/stoerungsmelder\/wp-json\/wp\/v2\/media\/20579"}],"wp:attachment":[{"href":"https:\/\/blog.zeit.de\/stoerungsmelder\/wp-json\/wp\/v2\/media?parent=20494"}],"wp:term":[{"taxonomy":"category","embeddable":true,"href":"https:\/\/blog.zeit.de\/stoerungsmelder\/wp-json\/wp\/v2\/categories?post=20494"},{"taxonomy":"post_tag","embeddable":true,"href":"https:\/\/blog.zeit.de\/stoerungsmelder\/wp-json\/wp\/v2\/tags?post=20494"}],"curies":[{"name":"wp","href":"https:\/\/api.w.org\/{rel}","templated":true}]}}