{"id":2050,"date":"2009-11-30T18:58:51","date_gmt":"2009-11-30T16:58:51","guid":{"rendered":"http:\/\/blog.zeit.de\/stoerungsmelder\/?p=2050"},"modified":"2009-11-30T18:58:51","modified_gmt":"2009-11-30T16:58:51","slug":"haftstrafen-fur-radio-nazis","status":"publish","type":"post","link":"https:\/\/blog.zeit.de\/stoerungsmelder\/2009\/11\/30\/haftstrafen-fur-radio-nazis_2050","title":{"rendered":"Haftstrafen f\u00fcr Radio-Nazis"},"content":{"rendered":"<p><figure id=\"attachment_1930\" aria-describedby=\"caption-attachment-1930\" style=\"width: 410px\" class=\"wp-caption aligncenter\"><a href=\"https:\/\/blog.zeit.de\/stoerungsmelder\/files\/2009\/11\/20090819radio.jpg\"><img loading=\"lazy\" decoding=\"async\" class=\"size-full wp-image-1930\" title=\"20090819radio\" src=\"https:\/\/blog.zeit.de\/stoerungsmelder\/files\/2009\/11\/20090819radio.jpg\" alt=\"Antisemitische Hetze und NS-Verherrlichung per Internetradio\" width=\"410\" height=\"104\" srcset=\"https:\/\/blog.zeit.de\/stoerungsmelder\/files\/2009\/11\/20090819radio.jpg 640w, https:\/\/blog.zeit.de\/stoerungsmelder\/files\/2009\/11\/20090819radio-300x75.jpg 300w\" sizes=\"auto, (max-width: 410px) 100vw, 410px\" \/><\/a><figcaption id=\"caption-attachment-1930\" class=\"wp-caption-text\">Antisemitische Hetze und NS-Verherrlichung per Internetradio<\/figcaption><\/figure><\/p>\n<p>Sie hetzten \u00fcber ein Internet-Radio gegen Juden, Ausl\u00e4nder, Demokraten, Punks, Linke oder Homosexuelle: Sieben Betreiber eines Neonazi-Internet-Radios sind zu Gef\u00e4ngnis- und Bew\u00e4hrungsstrafen verurteilt worden.<!--more--><\/p>\n<p><em>Von <a href=\"http:\/\/www.tagesspiegel.de\/berlin\/Prozess-Rechtsextremismus;art270,2963769\">Tagesspiegel<\/a>-Autorin Kerstin Gehrke<\/em><\/p>\n<p>Die Angeklagten hatten daf\u00fcr eine kriminelle Vereinigung gebildet. Davon war gestern die Staatsschutzkammer des Landgerichts \u00fcberzeugt. Gegen zwei Betreiber des Senders \u201eEuropean Brotherhood Radio (EBR)\u201c ergingen zwei Jahre neun Monate sowie zwei Jahre und f\u00fcnf Monate Gef\u00e4ngnis. Die f\u00fcnf weiteren Angeklagten kamen mit Bew\u00e4hrungsstrafen zwischen zw\u00f6lf und 16 Monaten davon.<\/p>\n<p>Das Internet-Radio wurde Mitte 2006 gegr\u00fcndet. Durch den Marzahner Daniel W. sei die Entwicklung entscheidend forciert worden, hie\u00df es im Urteil. Der 24-J\u00e4hrige, gegen den die h\u00f6chste Strafe erging, habe einen Server gemietet und Moderatoren gesucht. \u201eEs sollte ein Radio von Kameraden f\u00fcr Kameraden sein\u201c, hie\u00df es im Urteil. \u201eDas Gedankengut war durch und durch national\u201c, sagte der Vorsitzende Richter.<\/p>\n<p>Die 31-j\u00e4hrige Angeklagte Sandra F., die damals auch V-Frau des nieders\u00e4chsischen Verfassungsschutzes war, hatte ihrer F\u00fchrungsperson vom EBR berichtet. Nach ihrer Darstellung erfolgte das mehrfach, nach Angaben der Beh\u00f6rde einmalig im November 2008. Es habe auf jeden Fall die Chance bestanden, den Betrieb des Radios fr\u00fcher zu unterbinden, sagte der Richter. Das wirkte sich strafmildernd aus. \u201eDer Verfassungsschutz h\u00e4tte t\u00e4tig werden k\u00f6nnen\u201c, hatte auch der Staatsanwalt kritisiert.<\/p>\n<p>Die Ermittlungen waren im Januar nach einem Hinweis der Polizei in Mecklenburg-Vorpommern angelaufen. Dort waren Flyer mit Werbung f\u00fcr das Internet-Radio aufgetaucht. \u201eGesetzesverst\u00f6\u00dfe durch den Sender sprangen ins Auge\u201c, sagte ein Polizist als Zeuge. Wer die Startseite aufrief, wurde von Hakenkreuzen empfangen. In Dauerschleife lief Musik der rechten Szene. Ein 24-Stunden-Programm mit Hetztiraden wie \u201eSynagogen brennen\u201c, \u201eDeutschland erwache\u201c, \u201eHappy Holocaust\u201c. Die Moderatoren nannten sich \u201eRassenhass\u201c oder \u201eSensenmann\u201c. Im M\u00e4rz wurde der rechtsextremistische Sender ausgehoben.<\/p>\n<p>Die zwei Frauen und f\u00fcnf M\u00e4nner aus Berlin, Brandenburg, Schleswig-Holstein, Niedersachsen sowie Nordrhein-Westfalen hatten im Wesentlichen gestanden. Eine kriminelle Vereinigung aber wollen sie nicht gewesen sein. Der Staatsanwalt hielt dagegen: \u201eZiel des Radios war es, Gedankengut des Nationalsozialismus zu vertreiben.\u201c Verbotene Lieder seien \u201enicht ausnahmsweise\u201c gespielt worden. Auf der Homepage des EBR gab es zudem eine Unterseite \u201eSprengmeister\u201c mit Basteltipps f\u00fcr Bomben jeglicher Art.<\/p>\n<p>Neben Mitgliedschaft in einer kriminellen Vereinigung wurden die sieben Angeklagten au\u00dferdem weiterer Straftaten wie Volksverhetzung, Verwendung von Nazi-Kennzeichen, Gewaltverherrlichung sowie Anleitung zum Bau von Bomben schuldig gesprochen. Das Urteil entsprach im Wesentlichen dem Antrag der Anklage.<\/p>\n","protected":false},"excerpt":{"rendered":"<p>Sie hetzten \u00fcber ein Internet-Radio gegen Juden, Ausl\u00e4nder, Demokraten, Punks, Linke oder Homosexuelle: Sieben Betreiber eines Neonazi-Internet-Radios sind zu Gef\u00e4ngnis- und Bew\u00e4hrungsstrafen verurteilt worden.<\/p>\n","protected":false},"author":229,"featured_media":0,"comment_status":"open","ping_status":"open","sticky":false,"template":"","format":"standard","meta":{"_jetpack_memberships_contains_paid_content":false,"footnotes":""},"categories":[249],"tags":[1556,1638],"class_list":["post-2050","post","type-post","status-publish","format-standard","hentry","category-berlin","tag-european-brotherhood-radio","tag-justiz"],"yoast_head":"<!-- This site is optimized with the Yoast SEO plugin v21.0 - https:\/\/yoast.com\/wordpress\/plugins\/seo\/ -->\n<title>Haftstrafen f\u00fcr Radio-Nazis - St\u00f6rungsmelder<\/title>\n<meta name=\"robots\" content=\"index, follow, max-snippet:-1, max-image-preview:large, max-video-preview:-1\" \/>\n<link rel=\"canonical\" href=\"https:\/\/blog.zeit.de\/stoerungsmelder\/2009\/11\/30\/haftstrafen-fur-radio-nazis_2050\" \/>\n<meta property=\"og:locale\" content=\"de_DE\" \/>\n<meta property=\"og:type\" content=\"article\" \/>\n<meta property=\"og:title\" content=\"Haftstrafen f\u00fcr Radio-Nazis - St\u00f6rungsmelder\" \/>\n<meta property=\"og:description\" content=\"Sie hetzten \u00fcber ein Internet-Radio gegen Juden, Ausl\u00e4nder, Demokraten, Punks, Linke oder Homosexuelle: Sieben Betreiber eines Neonazi-Internet-Radios sind zu Gef\u00e4ngnis- und Bew\u00e4hrungsstrafen verurteilt worden.\" \/>\n<meta property=\"og:url\" content=\"https:\/\/blog.zeit.de\/stoerungsmelder\/2009\/11\/30\/haftstrafen-fur-radio-nazis_2050\" \/>\n<meta property=\"og:site_name\" content=\"St\u00f6rungsmelder\" \/>\n<meta property=\"article:published_time\" content=\"2009-11-30T16:58:51+00:00\" \/>\n<meta property=\"og:image\" content=\"https:\/\/blog.zeit.de\/stoerungsmelder\/files\/2009\/11\/20090819radio.jpg\" \/>\n<meta name=\"author\" content=\"St\u00f6rungsmelder\" \/>\n<meta name=\"twitter:card\" content=\"summary_large_image\" \/>\n<meta name=\"twitter:label1\" content=\"Geschrieben von\" \/>\n\t<meta name=\"twitter:data1\" content=\"St\u00f6rungsmelder\" \/>\n\t<meta name=\"twitter:label2\" content=\"Gesch\u00e4tzte Lesezeit\" \/>\n\t<meta name=\"twitter:data2\" content=\"2\u00a0Minuten\" \/>\n<script type=\"application\/ld+json\" class=\"yoast-schema-graph\">{\"@context\":\"https:\/\/schema.org\",\"@graph\":[{\"@type\":\"WebPage\",\"@id\":\"https:\/\/blog.zeit.de\/stoerungsmelder\/2009\/11\/30\/haftstrafen-fur-radio-nazis_2050\",\"url\":\"https:\/\/blog.zeit.de\/stoerungsmelder\/2009\/11\/30\/haftstrafen-fur-radio-nazis_2050\",\"name\":\"Haftstrafen f\u00fcr Radio-Nazis - St\u00f6rungsmelder\",\"isPartOf\":{\"@id\":\"https:\/\/blog.zeit.de\/stoerungsmelder\/#website\"},\"datePublished\":\"2009-11-30T16:58:51+00:00\",\"dateModified\":\"2009-11-30T16:58:51+00:00\",\"author\":{\"@id\":\"https:\/\/blog.zeit.de\/stoerungsmelder\/#\/schema\/person\/fdd0b9818f65738672810b6d6f037f71\"},\"breadcrumb\":{\"@id\":\"https:\/\/blog.zeit.de\/stoerungsmelder\/2009\/11\/30\/haftstrafen-fur-radio-nazis_2050#breadcrumb\"},\"inLanguage\":\"de\",\"potentialAction\":[{\"@type\":\"ReadAction\",\"target\":[\"https:\/\/blog.zeit.de\/stoerungsmelder\/2009\/11\/30\/haftstrafen-fur-radio-nazis_2050\"]}]},{\"@type\":\"BreadcrumbList\",\"@id\":\"https:\/\/blog.zeit.de\/stoerungsmelder\/2009\/11\/30\/haftstrafen-fur-radio-nazis_2050#breadcrumb\",\"itemListElement\":[{\"@type\":\"ListItem\",\"position\":1,\"name\":\"Startseite\",\"item\":\"https:\/\/blog.zeit.de\/stoerungsmelder\"},{\"@type\":\"ListItem\",\"position\":2,\"name\":\"Haftstrafen f\u00fcr Radio-Nazis\"}]},{\"@type\":\"WebSite\",\"@id\":\"https:\/\/blog.zeit.de\/stoerungsmelder\/#website\",\"url\":\"https:\/\/blog.zeit.de\/stoerungsmelder\/\",\"name\":\"St\u00f6rungsmelder\",\"description\":\"Recherchen und Analysen \u00fcber die extreme Rechte\",\"potentialAction\":[{\"@type\":\"SearchAction\",\"target\":{\"@type\":\"EntryPoint\",\"urlTemplate\":\"https:\/\/blog.zeit.de\/stoerungsmelder\/?s={search_term_string}\"},\"query-input\":\"required name=search_term_string\"}],\"inLanguage\":\"de\"},{\"@type\":\"Person\",\"@id\":\"https:\/\/blog.zeit.de\/stoerungsmelder\/#\/schema\/person\/fdd0b9818f65738672810b6d6f037f71\",\"name\":\"St\u00f6rungsmelder\",\"image\":{\"@type\":\"ImageObject\",\"inLanguage\":\"de\",\"@id\":\"https:\/\/blog.zeit.de\/stoerungsmelder\/#\/schema\/person\/image\/\",\"url\":\"https:\/\/secure.gravatar.com\/avatar\/dfa4be514c3e82a71e4f9a0020035d38192d080ccaa5e4e6d7a1472c763535c5?s=96&d=mm&r=pg\",\"contentUrl\":\"https:\/\/secure.gravatar.com\/avatar\/dfa4be514c3e82a71e4f9a0020035d38192d080ccaa5e4e6d7a1472c763535c5?s=96&d=mm&r=pg\",\"caption\":\"St\u00f6rungsmelder\"},\"url\":\"https:\/\/blog.zeit.de\/stoerungsmelder\/author\/stoerungsmelder\"}]}<\/script>\n<!-- \/ Yoast SEO plugin. -->","yoast_head_json":{"title":"Haftstrafen f\u00fcr Radio-Nazis - St\u00f6rungsmelder","robots":{"index":"index","follow":"follow","max-snippet":"max-snippet:-1","max-image-preview":"max-image-preview:large","max-video-preview":"max-video-preview:-1"},"canonical":"https:\/\/blog.zeit.de\/stoerungsmelder\/2009\/11\/30\/haftstrafen-fur-radio-nazis_2050","og_locale":"de_DE","og_type":"article","og_title":"Haftstrafen f\u00fcr Radio-Nazis - St\u00f6rungsmelder","og_description":"Sie hetzten \u00fcber ein Internet-Radio gegen Juden, Ausl\u00e4nder, Demokraten, Punks, Linke oder Homosexuelle: Sieben Betreiber eines Neonazi-Internet-Radios sind zu Gef\u00e4ngnis- und Bew\u00e4hrungsstrafen verurteilt worden.","og_url":"https:\/\/blog.zeit.de\/stoerungsmelder\/2009\/11\/30\/haftstrafen-fur-radio-nazis_2050","og_site_name":"St\u00f6rungsmelder","article_published_time":"2009-11-30T16:58:51+00:00","og_image":[{"url":"https:\/\/blog.zeit.de\/stoerungsmelder\/files\/2009\/11\/20090819radio.jpg"}],"author":"St\u00f6rungsmelder","twitter_card":"summary_large_image","twitter_misc":{"Geschrieben von":"St\u00f6rungsmelder","Gesch\u00e4tzte Lesezeit":"2\u00a0Minuten"},"schema":{"@context":"https:\/\/schema.org","@graph":[{"@type":"WebPage","@id":"https:\/\/blog.zeit.de\/stoerungsmelder\/2009\/11\/30\/haftstrafen-fur-radio-nazis_2050","url":"https:\/\/blog.zeit.de\/stoerungsmelder\/2009\/11\/30\/haftstrafen-fur-radio-nazis_2050","name":"Haftstrafen f\u00fcr Radio-Nazis - St\u00f6rungsmelder","isPartOf":{"@id":"https:\/\/blog.zeit.de\/stoerungsmelder\/#website"},"datePublished":"2009-11-30T16:58:51+00:00","dateModified":"2009-11-30T16:58:51+00:00","author":{"@id":"https:\/\/blog.zeit.de\/stoerungsmelder\/#\/schema\/person\/fdd0b9818f65738672810b6d6f037f71"},"breadcrumb":{"@id":"https:\/\/blog.zeit.de\/stoerungsmelder\/2009\/11\/30\/haftstrafen-fur-radio-nazis_2050#breadcrumb"},"inLanguage":"de","potentialAction":[{"@type":"ReadAction","target":["https:\/\/blog.zeit.de\/stoerungsmelder\/2009\/11\/30\/haftstrafen-fur-radio-nazis_2050"]}]},{"@type":"BreadcrumbList","@id":"https:\/\/blog.zeit.de\/stoerungsmelder\/2009\/11\/30\/haftstrafen-fur-radio-nazis_2050#breadcrumb","itemListElement":[{"@type":"ListItem","position":1,"name":"Startseite","item":"https:\/\/blog.zeit.de\/stoerungsmelder"},{"@type":"ListItem","position":2,"name":"Haftstrafen f\u00fcr Radio-Nazis"}]},{"@type":"WebSite","@id":"https:\/\/blog.zeit.de\/stoerungsmelder\/#website","url":"https:\/\/blog.zeit.de\/stoerungsmelder\/","name":"St\u00f6rungsmelder","description":"Recherchen und Analysen \u00fcber die extreme Rechte","potentialAction":[{"@type":"SearchAction","target":{"@type":"EntryPoint","urlTemplate":"https:\/\/blog.zeit.de\/stoerungsmelder\/?s={search_term_string}"},"query-input":"required name=search_term_string"}],"inLanguage":"de"},{"@type":"Person","@id":"https:\/\/blog.zeit.de\/stoerungsmelder\/#\/schema\/person\/fdd0b9818f65738672810b6d6f037f71","name":"St\u00f6rungsmelder","image":{"@type":"ImageObject","inLanguage":"de","@id":"https:\/\/blog.zeit.de\/stoerungsmelder\/#\/schema\/person\/image\/","url":"https:\/\/secure.gravatar.com\/avatar\/dfa4be514c3e82a71e4f9a0020035d38192d080ccaa5e4e6d7a1472c763535c5?s=96&d=mm&r=pg","contentUrl":"https:\/\/secure.gravatar.com\/avatar\/dfa4be514c3e82a71e4f9a0020035d38192d080ccaa5e4e6d7a1472c763535c5?s=96&d=mm&r=pg","caption":"St\u00f6rungsmelder"},"url":"https:\/\/blog.zeit.de\/stoerungsmelder\/author\/stoerungsmelder"}]}},"jetpack_featured_media_url":"","jetpack_sharing_enabled":true,"_links":{"self":[{"href":"https:\/\/blog.zeit.de\/stoerungsmelder\/wp-json\/wp\/v2\/posts\/2050","targetHints":{"allow":["GET"]}}],"collection":[{"href":"https:\/\/blog.zeit.de\/stoerungsmelder\/wp-json\/wp\/v2\/posts"}],"about":[{"href":"https:\/\/blog.zeit.de\/stoerungsmelder\/wp-json\/wp\/v2\/types\/post"}],"author":[{"embeddable":true,"href":"https:\/\/blog.zeit.de\/stoerungsmelder\/wp-json\/wp\/v2\/users\/229"}],"replies":[{"embeddable":true,"href":"https:\/\/blog.zeit.de\/stoerungsmelder\/wp-json\/wp\/v2\/comments?post=2050"}],"version-history":[{"count":0,"href":"https:\/\/blog.zeit.de\/stoerungsmelder\/wp-json\/wp\/v2\/posts\/2050\/revisions"}],"wp:attachment":[{"href":"https:\/\/blog.zeit.de\/stoerungsmelder\/wp-json\/wp\/v2\/media?parent=2050"}],"wp:term":[{"taxonomy":"category","embeddable":true,"href":"https:\/\/blog.zeit.de\/stoerungsmelder\/wp-json\/wp\/v2\/categories?post=2050"},{"taxonomy":"post_tag","embeddable":true,"href":"https:\/\/blog.zeit.de\/stoerungsmelder\/wp-json\/wp\/v2\/tags?post=2050"}],"curies":[{"name":"wp","href":"https:\/\/api.w.org\/{rel}","templated":true}]}}