{"id":20593,"date":"2015-11-12T18:51:45","date_gmt":"2015-11-12T17:51:45","guid":{"rendered":"http:\/\/blog.zeit.de\/stoerungsmelder\/?p=20593"},"modified":"2016-01-19T14:01:43","modified_gmt":"2016-01-19T13:01:43","slug":"gericht-bestatigt-fns-verbot-und-legt-teile-der-militanten-neonazistruktur-offen","status":"publish","type":"post","link":"https:\/\/blog.zeit.de\/stoerungsmelder\/2015\/11\/12\/gericht-bestatigt-fns-verbot-und-legt-teile-der-militanten-neonazistruktur-offen_20593","title":{"rendered":"Gericht best\u00e4tigt FNS-Verbot und legt Teile der militanten Neonazistruktur offen"},"content":{"rendered":"<p><figure id=\"attachment_20594\" aria-describedby=\"caption-attachment-20594\" style=\"width: 580px\" class=\"wp-caption aligncenter\"><img loading=\"lazy\" decoding=\"async\" class=\"size-full wp-image-20594\" src=\"https:\/\/blog.zeit.de\/stoerungsmelder\/files\/2015\/11\/2012-11-17_aufmarsch_fns_wunsiedel_klein_c_robert-andreasch.jpg\" alt=\"NS-verherrlichendes Transparent beim FNS-Aufmarsch im November 2012 in Wunsiedel. Foto: Robert Andreasch\" width=\"580\" height=\"300\" \/><figcaption id=\"caption-attachment-20594\" class=\"wp-caption-text\">NS-verherrlichendes Transparent beim FNS-Aufmarsch im November 2012 in Wunsiedel. Foto: Robert Andreasch<\/figcaption><\/figure><\/p>\n<p>Am 2.7.2014 wurde der Kameradschaftsverbund \u201eFreies Netz S\u00fcd\u201c durch das bayerische Innenministerium verboten und aufgel\u00f6st. Es handele sich um eine Ersatzorganisation der bereits 2003 verbotenen \u201eFr\u00e4nkische Aktionsfront\u201c. 41 Personen legten gegen das Verbot Klagen ein. Diese scheiterten wenig \u00fcberraschend am 4. Senat des Bayerischen Verwaltungsgerichtshof. Die <a href=\"http:\/\/www.gesetze-bayern.de\/jportal\/portal\/page\/bsbayprod.psml?doc.id=MWRE150003097&amp;st=ent&amp;doctyp=juris-r&amp;showdoccase=1&amp;paramfromHL=true#focuspoint\">Urteilsbegr\u00fcndung<\/a> ist aufschlussreich: Sie legt Teile der Struktur des militanten Neonazinetzwerks erstmals \u00f6ffentlich dar.<!--more--><\/p>\n<p><strong>Von der \u201eAktionsfront\u201c zum \u201eFreien Netz\u201c<\/strong><\/p>\n<p>Die \u201eFr\u00e4nkische Aktionsfront\u201c (FAF) hatte ihren Schwerpunkt im Gro\u00dfraum N\u00fcrnberg und wurde 2004 <a href=\"https:\/\/www.antifainfoblatt.de\/artikel\/das-ende-eines-labels-das-verbot-der-%C2%BBfr%C3%A4nkischen-aktionsfront%C2%AB\">verboten<\/a>. Die Gr\u00fcnde: \u201eWesensverwandtschaft mit dem Nationalsozialismus\u201c und \u201ezunehmend aggressive Agitation\u201c.<\/p>\n<p>Neu gegr\u00fcndet nannte sich der Zusammenhang zun\u00e4chst \u201eNationale Sozialisten Franken\u201c (NSF), dann \u201eFreies Netz S\u00fcd\u201c (FNS) &#8211; jeweils enth\u00e4lt die Abk\u00fcrzung die Wortkombination NS &#8211; und orientierte sich <a href=\"https:\/\/www.aida-archiv.de\/index.php\/aktuelles-2\/hintergrund\/83-hintergrund-sueddeutschland\/3676-inszeniertes-durchgreifen?showall=&amp;start=2\">nach Informationen von a.i.d.a.<\/a> neben der FAF am s\u00e4chsischen Kameradschaftsverband \u201eFreies Netz\u201c. Die Beh\u00f6rden vereitelten die Fortf\u00fchrung damals, wie a.i.d.a. weiter berichtet, nicht. Sie bestritten gar eine Kontinuit\u00e4t. Erst dadurch konnte das Netzwerk zur wohl bedeutendsten Struktur der Neonazis in Bayern werden.<\/p>\n<p><strong>Nur eine \u201eNetzseite\u201c?<\/strong><\/p>\n<p><figure id=\"attachment_20597\" aria-describedby=\"caption-attachment-20597\" style=\"width: 620px\" class=\"wp-caption aligncenter\"><img loading=\"lazy\" decoding=\"async\" class=\"size-medium wp-image-20597\" src=\"https:\/\/blog.zeit.de\/stoerungsmelder\/files\/2015\/11\/fnsbanner-620x60.jpg\" alt=\"Banner \u201eFreies Netz S\u00fcd\u00ab (Screenshot)\" width=\"620\" height=\"60\" srcset=\"https:\/\/blog.zeit.de\/stoerungsmelder\/files\/2015\/11\/fnsbanner-620x60.jpg 620w, https:\/\/blog.zeit.de\/stoerungsmelder\/files\/2015\/11\/fnsbanner.jpg 1022w\" sizes=\"auto, (max-width: 620px) 100vw, 620px\" \/><figcaption id=\"caption-attachment-20597\" class=\"wp-caption-text\">Banner \u201eFreies Netz S\u00fcd\u201c (Screenshot)<\/figcaption><\/figure><\/p>\n<p>Das Bayerische Innenministerium sei, so die 41 Kl\u00e4ger, wegen L\u00e4nder- und gar Staaten\u00fcbergreifender Aktivit\u00e4ten nicht die f\u00fcr das Verbot zust\u00e4ndige Beh\u00f6rde. Zudem argumentiert der von Kl\u00e4gerseite beauftragte Rechtsanwalt Stefan B\u00f6hmer, es handele sich nicht um eine Vereinigung im Sinne des Vereinsgesetzes. \u201eDer Vereinsbegriff des Grundgesetzes und des Vereinsgesetzes werde \u00fcberdehnt, wenn eine Vernetzung bestimmter Gruppen und Personen verboten werde, also das blo\u00df geistige Verbindunghalten und der Informationsaustausch untereinander. Eine Vereinigung \u201aFreies Netz S\u00fcd\u2019 (FNS) habe es nie gegeben\u201c. Es handele sich, wie einer der Kl\u00e4ger, Roy Asmu\u00df, mit Bezug auf das zitierte <a href=\"http:\/\/www.gesetze-bayern.de\/jportal\/portal\/page\/bsbayprod.psml?doc.id=MWRE150003097&amp;st=ent&amp;doctyp=juris-r&amp;showdoccase=1&amp;paramfromHL=true#focuspoint\">Urteil vom 20.10.2015<\/a> (Az 4 A 14.1787) auf dem extrem rechten Internetportal Altermedia betont, lediglich um eine \u201eNetzseite\u201c.<\/p>\n<p>Der Verteidiger Stefan B\u00f6hmer ist einschl\u00e4gig bekannt. Wie der St\u00f6rungsmelder <a href=\"https:\/\/blog.zeit.de\/stoerungsmelder\/2012\/07\/03\/further-neonazikader-wegen-ubergriff-auf-antifaschist-verurteilt_8990\">berichtet<\/a>, ist der Erlanger \u201eseines Zeichens Aktivist der ultrarechten \u201aBurschenschaft Frankonia\u2019.\u201c Das FNS selbst erw\u00e4hnte 2011 auf seiner Homepage eine \u201eRechtsschulung\u201c mit Stefan B\u00f6hmer. Organisiert h\u00e4tten den Vortrag der \u201eNPD Kreisverband Schwandorf in Zusammenarbeit mit freien Nationalisten in Schwandorf\u201c.<\/p>\n<p>Die Auslegung, es handele sich beim FNS nur um eine Internetseite, ist f\u00fcr die Neonazis deshalb von gro\u00dfer Bedeutung, weil die Klage nicht von einem Organ des verbotenen Vereins eingereicht wurde. Klagen nur ehemalige Mitglieder, dann muss lediglich gepr\u00fcft werden, ob zum Zeitpunkt des Verbots \u00fcberhaupt ein Verein bestand. Ob die Verbotsgr\u00fcnde selbst rechtens waren, bleibt au\u00dfer Betracht.<\/p>\n<p><strong>Razzia beim \u201eFNS\u201c<\/strong><\/p>\n<p><figure id=\"attachment_20598\" aria-describedby=\"caption-attachment-20598\" style=\"width: 320px\" class=\"wp-caption aligncenter\"><img loading=\"lazy\" decoding=\"async\" class=\"size-full wp-image-20598\" src=\"https:\/\/blog.zeit.de\/stoerungsmelder\/files\/2015\/11\/2013-07-10_razzia_asservate_klein_2_c_robert-andreasch.jpg\" alt=\"Beschlagnahmte Hakenkreuzfahnen und Transparente von 'Freiem Netz S\u00fcd' und 'B\u00fcrgerinitiative Ausl\u00e4nderstopp M\u00fcnchen'. Foto: Robert Andreasch\" width=\"320\" height=\"213\" \/><figcaption id=\"caption-attachment-20598\" class=\"wp-caption-text\">Beschlagnahmte Hakenkreuzfahnen und Transparente von &#8218;Freiem Netz S\u00fcd&#8216; und &#8218;B\u00fcrgerinitiative Ausl\u00e4nderstopp M\u00fcnchen&#8216;. Foto: Robert Andreasch<\/figcaption><\/figure><\/p>\n<p>Gegen das Vorbringen der Nationalisten fu\u00dft das Urteil auf Erkenntnissen, die auf die <a href=\"https:\/\/www.aida-archiv.de\/index.php\/aktuelles-2\/hintergrund\/83-hintergrund-sueddeutschland\/3676-inszeniertes-durchgreifen\">Durchsuchungen<\/a> im Juli 2013 zur\u00fcck gehen. 700 Polizeibeamte betraten \u00fcber 70 Wohnungen, Arbeitspl\u00e4tze, Vers\u00e4nde und Postf\u00e4cher von Neonazis in ganz Bayern. Es war kein gro\u00dfes Geheimnis, dass die Razzien bevorstanden.<\/p>\n<blockquote><p>\u201eDennoch konnten die eingesetzten Polizeikr\u00e4fte in den Neonaziwohnungen nicht nur mehrere Hakenkreuzfahnen, Hakenkreuzarmbinden, Hitlerplastiken und Hitlerportr\u00e4ts (sowie ein Transparent von Karl Richters BIA) beschlagnahmen, sondern auch eine ganze Reihe Waffen sicherstellen. Auch wenn deren waffenrechtliche Beurteilung noch nicht abgeschlossen ist, wird durch die Vielzahl an aufgefundenen Messern, Reizgasger\u00e4ten, einer \u201a9mm-Selbstschu\u00dfanlage\u2019, Faustfeuerwaffen, Stabhandgranaten, Kn\u00fcppeln, Baseballschl\u00e4gern und einem Karabiner die Gef\u00e4hrlichkeit des militanten Neonazinetzwerks FNS deutlich.\u201c<\/p><\/blockquote>\n<p><strong>Die Struktur des \u201eFNS\u201c<\/strong><\/p>\n<p><figure id=\"attachment_20606\" aria-describedby=\"caption-attachment-20606\" style=\"width: 500px\" class=\"wp-caption aligncenter\"><img loading=\"lazy\" decoding=\"async\" class=\"size-full wp-image-20606\" src=\"https:\/\/blog.zeit.de\/stoerungsmelder\/files\/2015\/11\/2013-05-01_wurzburg_ns-verherrlichung_c_robert-andreasch.jpg\" alt=\"NS-Verherrlichung pur beim FNS-Aufmarsch am 1. Mai 2013 in W\u00fcrzburg: Die Illustration des 'deutschen Arbeiters' auf den FNS-T-Shirts stammt vom 'W\u00e4hlt Hitler'-Plakat der NSDAP von 1932. Foto: Robert Andreasch\" width=\"500\" height=\"332\" \/><figcaption id=\"caption-attachment-20606\" class=\"wp-caption-text\">NS-Verherrlichung pur beim FNS-Aufmarsch am 1. Mai 2013 in W\u00fcrzburg: Die Illustration des &#8218;deutschen Arbeiters&#8216; auf den FNS-T-Shirts stammt vom &#8218;W\u00e4hlt Hitler&#8216;-Plakat der NSDAP von 1932. Foto: Robert Andreasch<\/figcaption><\/figure><\/p>\n<p>Anhand der beschlagnahmten Dokumente sieht der 4. Senat des Bayerischen Verwaltungsgerichtshofes die Vereinseigenschaft des FNS als erwiesen an. Es gab eine klare Rollenverteilung innerhalb der Gruppierung. Vor allem die F\u00fchrungsebene wird herausgestellt:<\/p>\n<blockquote><p>\u201eIm Rahmen einer stillschweigenden Arbeitsteilung d\u00fcrfte dabei der Kl\u00e4ger zu 1 [Matthias Fischer] vorrangig die inhaltlichen Positionen des FNS vorgegeben und nach au\u00dfen hin vertreten haben, w\u00e4hrend der Kl\u00e4ger zu 2 [Norman Kempken] als regelm\u00e4\u00dfiger Anmelder von Veranstaltungen und presserechtlich Verantwortlicher eher organisatorische und technische Aufgaben \u00fcbernommen hat [\u2026]. Wie die teilweise konspirative Vorgehensweise dieser beiden Hauptverantwortlichen des FNS zeigt, wollten sie [\u2026] unbedingt vermeiden, dass sich dadurch \u201aStrukturen aufdecken\u2019 lassen. Der insoweit aufschlussreiche E-Mail-Verkehr zur Anfrage eines Aktivisten aus der Schweiz, der dort \u201aals Ableger des FNS\u2019 eine Kameradschaft aufbauen wollte, l\u00e4sst gleichwohl deutlich erkennen, dass hinsichtlich einer Aufnahme in das FNS die Kl\u00e4ger zu 1 und 2 die ma\u00dfgeblichen Entscheidungstr\u00e4ger waren.\u201c<\/p><\/blockquote>\n<p>Fischer besa\u00df \u201efaktische Leitungsgewalt\u201c, von der das zitierte Urteil die Aktivit\u00e4ten des FNS in hohem Ma\u00dfe abh\u00e4ngig sieht. Das Gericht geht davon aus, dass er \u201ein der Lage war, konkrete Aktionen des rechtsextremistischen Netzwerks zu initiieren, zu koordinieren und zu steuern.\u201c Die Mitglieder und angeschlossenen Kameradschaften h\u00e4tten sich diesem F\u00fchrungsanspruch und \u201edem Gesamtwillen der Vereinigung FNS unterworfen\u201c. Eine bei Kai Zimmermann beschlagnahmte Materialsammlung f\u00fcr die Jahre 2008 und 2009 beschreibt Streitigkeiten zwischen den dort als \u201eF\u00fchrungskader\u201c bezeichneten Fischer und Kempken und den \u201eFreien Nationalisten\u201c aus <a href=\"http:\/\/publikative.org\/2008\/12\/18\/die-freien-nationalisten-und-die-npd\/\">M\u00fcnchen<\/a> und N\u00fcrnberg.<\/p>\n<p>Kai Zimmermann vertrat Matthias Fischer w\u00e4hrend seiner Haftzeit. Dieser wurde trotzdem von Fischer \u201eaus der Haft heraus schriftlich angewiesen und angespornt\u201c. Nachdem allerdings auch Zimmermann ins Gef\u00e4ngnis musste, \u201ewurde es f\u00fcr die verbliebenen FNS-Akteure offenbar schwierig, mit den schriftlichen Unterlagen sinnvoll weiterzuarbeiten\u201c. Zimmermann hoffte daher, bald sei \u201eja der Chef wieder da\u201c. Nach Auffassung des Gerichtes kann damit nur Matthias Fischer gemeint sein. Auch nach au\u00dfen trat dieser als Repr\u00e4sentant auf. Er h\u00e4tte \u201eals zentrale Verteilstation f\u00fcr das Propagandamaterial des FNS fungiert\u201c.<\/p>\n<p>Auch sonst erkennt das Gericht eine klare Aufgabenverteilung. Inhaber der E-Mail-Adresse war Tony Gentsch, der auch als Redner \u201ein seiner Eigenschaft als Vertreter\u201c des FNS aufgetreten sei. Gentsch, Roy Asmu\u00df und Simon Preisinger werden als \u201eoffizielle Betreiber der Homepage\u201c genannt, Tanja F., die Ehefrau des Hauptverantwortlichen des Kameradschaftsverbunds, stellte die Telefonnummer des Netzes. Presserechtlich verantwortlich f\u00fcr Flugbl\u00e4tter und andere Druckerzeugnisse gaben sich dem Urteil nach Norman Kempken, Matthias Bauerfeind, Stefan Friedmann, Sebastian Schmaus sowie Robin Siener.<\/p>\n<p>Laut den Beh\u00f6rdenakten wurde \u201eden Kameraden vom Freien Netz S\u00fcd\u201c im Juni 2011 f\u00fcr ihren \u201eEinsatz um Strukturaufbau und Vernetzung des nationalen Lagers\u201c ein F\u00f6rderpreis eines NPD-Presseorgans zuerkannt.<\/p>\n<p>Die Aktivit\u00e4ten des Netzwerkes au\u00dferhalb von Bayern seien zu unbedeutend und nicht kontinuierlich genug ausgefallen, um die Zust\u00e4ndigkeit der Landesbeh\u00f6rden zu verneinen.<\/p>\n<p><strong>\u201eDer III. Weg\u201c<\/strong><\/p>\n<p><figure id=\"attachment_20579\" aria-describedby=\"caption-attachment-20579\" style=\"width: 580px\" class=\"wp-caption aligncenter\"><img loading=\"lazy\" decoding=\"async\" class=\"size-full wp-image-20579\" src=\"https:\/\/blog.zeit.de\/stoerungsmelder\/files\/2015\/11\/Der-III.-Weg_20150523_2041-\u00a9-Christian-Martischius_head.jpg\" alt=\"Das Motto der Neonazi-Partei \u201eDer III. Weg\u201c\" width=\"580\" height=\"300\" \/><figcaption id=\"caption-attachment-20579\" class=\"wp-caption-text\">Das Motto der Neonazi-Partei \u201eDer III. Weg\u201c<\/figcaption><\/figure><\/p>\n<p>So wie, was der Fachjournalist Robert Andreasch betont, bereits das Verbot der FAF durch die Weiterf\u00fchrung der damaligen Aktivit\u00e4ten im FNS \u201eletztlich konsequenzlos f\u00fcr die bayerische Neonaziszene blieb\u201c, hatte die Szene dieses Mal sogar Vorlaufzeit, um weitere Strukturen aufzubauen.<\/p>\n<p>Selbst die aktuelle Klageabweisung stellt im Gegensatz zu damals direkt fest, \u201edass sich in den letzten Monaten vor dem Verbot einige [FNS] Aktivisten dem ebenfalls rechtsextremistisch ausgerichteten \u201aDritten Weg\u2019 (auch: \u201aIII. Weg\u2019) angeschlossen haben.\u201c Allerdings: \u201eDass der \u201aDritte Weg\u2019 die Organisationsstrukturen des FNS \u00fcbernommen h\u00e4tte und dessen Kampagnen unver\u00e4ndert fortf\u00fchren w\u00fcrde, ist jedenfalls f\u00fcr den hier ma\u00dfgeblichen Zeitpunkt der Verbotsverf\u00fcgung nicht ersichtlich.\u201c So k\u00f6nnte wie einst nach dem Verbot der FAF dem FNS auch dem \u201eDritten Weg\u201c einige Jahre neonazistischer Agitation und Aggression von den Beh\u00f6rden einger\u00e4umt werden. Schlimmer noch: Die Neonazis scheinen aus den den Vereinsverboten gelernt zu haben und organisieren sich jetzt explizit l\u00e4nder\u00fcbergreifend. Auch, dass die H\u00fcrden eines Parteiverbotes sehr viel h\u00f6her liegen als bei einem Verein, ist den Neonazis bewusst. Robert Andreasch von der <a href=\"http:\/\/aida-archiv.de\">antifaschistischen Informations-, Dokumentations- und Archivstelle M\u00fcnchen<\/a> kommentiert:<\/p>\n<blockquote><p>\u201e\u201aInszeniertes Durchgreifen\u2019 nennen die Fachjournalist_innen Torben Heine und Henrike Claus in einem im Herbst 2012 in der antifaschistischen Zeitschrift \u201aLotta\u2019 erschienenen Artikel solche pl\u00f6tzlichen staatlichen Repressionsma\u00dfnahmen, wie die jetztige Gro\u00dfrazzia gegen das FNS. Herrmann inszeniert sich als zentraler Akteur gegen rechts, will das Neonazi-Problem mit juristischen und polizeilichen Mitteln l\u00f6sen. \u201aLeitbild ist der &#8217;starke Staat&#8217;\u2019, wie Heine und Claus schreiben, und bei all den extremismustheoretischen und \u201aordnungspolitischen Deutungsmustern\u2019\u2009bleibt schlie\u00dflich kaum Raum f\u00fcr gesellschaftlichen Widerstand gegen Neonazis.\u201c<\/p><\/blockquote>\n<p><figure id=\"attachment_20602\" aria-describedby=\"caption-attachment-20602\" style=\"width: 148px\" class=\"wp-caption alignright\"><img loading=\"lazy\" decoding=\"async\" class=\"size-full wp-image-20602\" src=\"https:\/\/blog.zeit.de\/stoerungsmelder\/files\/2015\/11\/frbanner.jpg\" alt=\"Banner Final Resistance Versand (Screenshot)\" width=\"148\" height=\"247\" \/><figcaption id=\"caption-attachment-20602\" class=\"wp-caption-text\">Banner \u201eFinal Resistance\u201c Versand (Screenshot)<\/figcaption><\/figure><\/p>\n<p>Heute bezeichnet der Verfassungsschutz die Neonazipartei als \u201e<a href=\"http:\/\/www.zeit.de\/politik\/deutschland\/2015-08\/rassismus-rechtsextremismus-brandanschlag-fluechtlingsheim-reichersthofen\">geistige Brandstifter<\/a>\u201c und geht laut SWR von einer bedeutenden Rolle des \u201e<a href=\"https:\/\/www.aida-archiv.de\/index.php\/aktuelles-2\/hintergrund\/83-hintergrund-sueddeutschland\/3973-der-dritte-weg-als-ausweg\">III. Weges<\/a>\u201c f\u00fcr Brandanschl\u00e4ge aus.<\/p>\n<p>Das Urteil ist noch nicht rechtskr\u00e4ftig, die Kl\u00e4gergruppe pr\u00fcfe nach eigenen Angaben \u201eeine umfassende Verfassungsbeschwerde\u201c. Noch stehen ebenfalls Gerichtsentscheide zur Beschlagnahmung und Einziehung des Geb\u00e4udes \u201eNationales Zentrum Hochfranken\u201c in Oberprex und der Warenbest\u00e4nde des \u201eFinal Resistance\u201c Versandes (\u201eTrue NS Streetwear\u201c) aus. Beides rechnen die Beh\u00f6rden <a href=\"http:\/\/www.endstation-rechts-bayern.de\/2013\/12\/inhaberwechsel-bei-braunem-versand\/\">der Struktur des FNS zu<\/a>.<br \/>\n<img loading=\"lazy\" decoding=\"async\" src=\"http:\/\/vg08.met.vgwort.de\/na\/93b8b38a6afa408daf05db65a93aaa9b\" width=\"1\" height=\"1\" alt=\"\"><\/p>\n","protected":false},"excerpt":{"rendered":"<p>Am 2.7.2014 wurde der Kameradschaftsverbund \u201eFreies Netz S\u00fcd\u201c durch das bayerische Innenministerium verboten und aufgel\u00f6st. Es handele sich um eine Ersatzorganisation der bereits 2003 verbotenen \u201eFr\u00e4nkische Aktionsfront\u201c. 41 Personen legten gegen das Verbot Klagen ein. Diese scheiterten wenig \u00fcberraschend am 4. Senat des Bayerischen Verwaltungsgerichtshof. Die Urteilsbegr\u00fcndung ist aufschlussreich: Sie legt Teile der Struktur des [&hellip;]<\/p>\n","protected":false},"author":518,"featured_media":0,"comment_status":"open","ping_status":"open","sticky":false,"template":"","format":"standard","meta":{"_jetpack_memberships_contains_paid_content":false,"footnotes":""},"categories":[59],"tags":[17875,17876,31120,34213,32028,26534,24544,12719,32128,22919,34216,17824,34217,17826,17827,1754,12718,28124,26535,34215,32014,29319],"class_list":["post-20593","post","type-post","status-publish","format-standard","hentry","category-bayern","tag-bia","tag-burgerinitiative-auslanderstopp","tag-der-iii-weg","tag-faf","tag-final-resistance","tag-fns","tag-frankische-aktionsfront","tag-freies-netz-sud","tag-gerichtsurteil","tag-kai-zimmermann","tag-matthias-bauerfeind","tag-matthias-fischer","tag-nationales-zentrum-hochfranken","tag-norman-kempken","tag-oberprex","tag-razzia","tag-robin-siener","tag-roy-asmus","tag-sebastian-schmaus","tag-stefan-friedmann","tag-tanja-fischer","tag-tony-gentsch"],"yoast_head":"<!-- This site is optimized with the Yoast SEO plugin v21.0 - https:\/\/yoast.com\/wordpress\/plugins\/seo\/ -->\n<title>Gericht best\u00e4tigt FNS-Verbot und legt Teile der militanten Neonazistruktur offen - St\u00f6rungsmelder<\/title>\n<meta name=\"robots\" content=\"index, follow, max-snippet:-1, max-image-preview:large, max-video-preview:-1\" \/>\n<link rel=\"canonical\" href=\"https:\/\/blog.zeit.de\/stoerungsmelder\/2015\/11\/12\/gericht-bestatigt-fns-verbot-und-legt-teile-der-militanten-neonazistruktur-offen_20593\" \/>\n<meta property=\"og:locale\" content=\"de_DE\" \/>\n<meta property=\"og:type\" content=\"article\" \/>\n<meta property=\"og:title\" content=\"Gericht best\u00e4tigt FNS-Verbot und legt Teile der militanten Neonazistruktur offen - St\u00f6rungsmelder\" \/>\n<meta property=\"og:description\" content=\"Am 2.7.2014 wurde der Kameradschaftsverbund \u201eFreies Netz S\u00fcd\u201c durch das bayerische Innenministerium verboten und aufgel\u00f6st. Es handele sich um eine Ersatzorganisation der bereits 2003 verbotenen \u201eFr\u00e4nkische Aktionsfront\u201c. 41 Personen legten gegen das Verbot Klagen ein. Diese scheiterten wenig \u00fcberraschend am 4. Senat des Bayerischen Verwaltungsgerichtshof. Die Urteilsbegr\u00fcndung ist aufschlussreich: Sie legt Teile der Struktur des [&hellip;]\" \/>\n<meta property=\"og:url\" content=\"https:\/\/blog.zeit.de\/stoerungsmelder\/2015\/11\/12\/gericht-bestatigt-fns-verbot-und-legt-teile-der-militanten-neonazistruktur-offen_20593\" \/>\n<meta property=\"og:site_name\" content=\"St\u00f6rungsmelder\" \/>\n<meta property=\"article:published_time\" content=\"2015-11-12T17:51:45+00:00\" \/>\n<meta property=\"article:modified_time\" content=\"2016-01-19T13:01:43+00:00\" \/>\n<meta property=\"og:image\" content=\"https:\/\/blog.zeit.de\/stoerungsmelder\/files\/2015\/11\/2012-11-17_aufmarsch_fns_wunsiedel_klein_c_robert-andreasch.jpg\" \/>\n<meta name=\"author\" content=\"Sebastian Lipp\" \/>\n<meta name=\"twitter:card\" content=\"summary_large_image\" \/>\n<meta name=\"twitter:creator\" content=\"@SebastianLipp\" \/>\n<meta name=\"twitter:label1\" content=\"Geschrieben von\" \/>\n\t<meta name=\"twitter:data1\" content=\"Sebastian Lipp\" \/>\n\t<meta name=\"twitter:label2\" content=\"Gesch\u00e4tzte Lesezeit\" \/>\n\t<meta name=\"twitter:data2\" content=\"7\u00a0Minuten\" \/>\n<script type=\"application\/ld+json\" class=\"yoast-schema-graph\">{\"@context\":\"https:\/\/schema.org\",\"@graph\":[{\"@type\":\"WebPage\",\"@id\":\"https:\/\/blog.zeit.de\/stoerungsmelder\/2015\/11\/12\/gericht-bestatigt-fns-verbot-und-legt-teile-der-militanten-neonazistruktur-offen_20593\",\"url\":\"https:\/\/blog.zeit.de\/stoerungsmelder\/2015\/11\/12\/gericht-bestatigt-fns-verbot-und-legt-teile-der-militanten-neonazistruktur-offen_20593\",\"name\":\"Gericht best\u00e4tigt FNS-Verbot und legt Teile der militanten Neonazistruktur offen - St\u00f6rungsmelder\",\"isPartOf\":{\"@id\":\"https:\/\/blog.zeit.de\/stoerungsmelder\/#website\"},\"datePublished\":\"2015-11-12T17:51:45+00:00\",\"dateModified\":\"2016-01-19T13:01:43+00:00\",\"author\":{\"@id\":\"https:\/\/blog.zeit.de\/stoerungsmelder\/#\/schema\/person\/abf36269039573fecb7c7f814e987c29\"},\"breadcrumb\":{\"@id\":\"https:\/\/blog.zeit.de\/stoerungsmelder\/2015\/11\/12\/gericht-bestatigt-fns-verbot-und-legt-teile-der-militanten-neonazistruktur-offen_20593#breadcrumb\"},\"inLanguage\":\"de\",\"potentialAction\":[{\"@type\":\"ReadAction\",\"target\":[\"https:\/\/blog.zeit.de\/stoerungsmelder\/2015\/11\/12\/gericht-bestatigt-fns-verbot-und-legt-teile-der-militanten-neonazistruktur-offen_20593\"]}]},{\"@type\":\"BreadcrumbList\",\"@id\":\"https:\/\/blog.zeit.de\/stoerungsmelder\/2015\/11\/12\/gericht-bestatigt-fns-verbot-und-legt-teile-der-militanten-neonazistruktur-offen_20593#breadcrumb\",\"itemListElement\":[{\"@type\":\"ListItem\",\"position\":1,\"name\":\"Startseite\",\"item\":\"https:\/\/blog.zeit.de\/stoerungsmelder\"},{\"@type\":\"ListItem\",\"position\":2,\"name\":\"Gericht best\u00e4tigt FNS-Verbot und legt Teile der militanten Neonazistruktur offen\"}]},{\"@type\":\"WebSite\",\"@id\":\"https:\/\/blog.zeit.de\/stoerungsmelder\/#website\",\"url\":\"https:\/\/blog.zeit.de\/stoerungsmelder\/\",\"name\":\"St\u00f6rungsmelder\",\"description\":\"Recherchen und Analysen \u00fcber die extreme Rechte\",\"potentialAction\":[{\"@type\":\"SearchAction\",\"target\":{\"@type\":\"EntryPoint\",\"urlTemplate\":\"https:\/\/blog.zeit.de\/stoerungsmelder\/?s={search_term_string}\"},\"query-input\":\"required name=search_term_string\"}],\"inLanguage\":\"de\"},{\"@type\":\"Person\",\"@id\":\"https:\/\/blog.zeit.de\/stoerungsmelder\/#\/schema\/person\/abf36269039573fecb7c7f814e987c29\",\"name\":\"Sebastian Lipp\",\"image\":{\"@type\":\"ImageObject\",\"inLanguage\":\"de\",\"@id\":\"https:\/\/blog.zeit.de\/stoerungsmelder\/#\/schema\/person\/image\/\",\"url\":\"https:\/\/secure.gravatar.com\/avatar\/88a90014e1f1a5d93b03b4fd9a7643da248cc2335f5433c5b6e8ead7c24de4b8?s=96&d=mm&r=pg\",\"contentUrl\":\"https:\/\/secure.gravatar.com\/avatar\/88a90014e1f1a5d93b03b4fd9a7643da248cc2335f5433c5b6e8ead7c24de4b8?s=96&d=mm&r=pg\",\"caption\":\"Sebastian Lipp\"},\"sameAs\":[\"http:\/\/twitter.com\/SebastianLipp\",\"https:\/\/twitter.com\/SebastianLipp\"],\"url\":\"https:\/\/blog.zeit.de\/stoerungsmelder\/author\/sebastianl\"}]}<\/script>\n<!-- \/ Yoast SEO plugin. -->","yoast_head_json":{"title":"Gericht best\u00e4tigt FNS-Verbot und legt Teile der militanten Neonazistruktur offen - St\u00f6rungsmelder","robots":{"index":"index","follow":"follow","max-snippet":"max-snippet:-1","max-image-preview":"max-image-preview:large","max-video-preview":"max-video-preview:-1"},"canonical":"https:\/\/blog.zeit.de\/stoerungsmelder\/2015\/11\/12\/gericht-bestatigt-fns-verbot-und-legt-teile-der-militanten-neonazistruktur-offen_20593","og_locale":"de_DE","og_type":"article","og_title":"Gericht best\u00e4tigt FNS-Verbot und legt Teile der militanten Neonazistruktur offen - St\u00f6rungsmelder","og_description":"Am 2.7.2014 wurde der Kameradschaftsverbund \u201eFreies Netz S\u00fcd\u201c durch das bayerische Innenministerium verboten und aufgel\u00f6st. Es handele sich um eine Ersatzorganisation der bereits 2003 verbotenen \u201eFr\u00e4nkische Aktionsfront\u201c. 41 Personen legten gegen das Verbot Klagen ein. Diese scheiterten wenig \u00fcberraschend am 4. Senat des Bayerischen Verwaltungsgerichtshof. Die Urteilsbegr\u00fcndung ist aufschlussreich: Sie legt Teile der Struktur des [&hellip;]","og_url":"https:\/\/blog.zeit.de\/stoerungsmelder\/2015\/11\/12\/gericht-bestatigt-fns-verbot-und-legt-teile-der-militanten-neonazistruktur-offen_20593","og_site_name":"St\u00f6rungsmelder","article_published_time":"2015-11-12T17:51:45+00:00","article_modified_time":"2016-01-19T13:01:43+00:00","og_image":[{"url":"https:\/\/blog.zeit.de\/stoerungsmelder\/files\/2015\/11\/2012-11-17_aufmarsch_fns_wunsiedel_klein_c_robert-andreasch.jpg"}],"author":"Sebastian Lipp","twitter_card":"summary_large_image","twitter_creator":"@SebastianLipp","twitter_misc":{"Geschrieben von":"Sebastian Lipp","Gesch\u00e4tzte Lesezeit":"7\u00a0Minuten"},"schema":{"@context":"https:\/\/schema.org","@graph":[{"@type":"WebPage","@id":"https:\/\/blog.zeit.de\/stoerungsmelder\/2015\/11\/12\/gericht-bestatigt-fns-verbot-und-legt-teile-der-militanten-neonazistruktur-offen_20593","url":"https:\/\/blog.zeit.de\/stoerungsmelder\/2015\/11\/12\/gericht-bestatigt-fns-verbot-und-legt-teile-der-militanten-neonazistruktur-offen_20593","name":"Gericht best\u00e4tigt FNS-Verbot und legt Teile der militanten Neonazistruktur offen - St\u00f6rungsmelder","isPartOf":{"@id":"https:\/\/blog.zeit.de\/stoerungsmelder\/#website"},"datePublished":"2015-11-12T17:51:45+00:00","dateModified":"2016-01-19T13:01:43+00:00","author":{"@id":"https:\/\/blog.zeit.de\/stoerungsmelder\/#\/schema\/person\/abf36269039573fecb7c7f814e987c29"},"breadcrumb":{"@id":"https:\/\/blog.zeit.de\/stoerungsmelder\/2015\/11\/12\/gericht-bestatigt-fns-verbot-und-legt-teile-der-militanten-neonazistruktur-offen_20593#breadcrumb"},"inLanguage":"de","potentialAction":[{"@type":"ReadAction","target":["https:\/\/blog.zeit.de\/stoerungsmelder\/2015\/11\/12\/gericht-bestatigt-fns-verbot-und-legt-teile-der-militanten-neonazistruktur-offen_20593"]}]},{"@type":"BreadcrumbList","@id":"https:\/\/blog.zeit.de\/stoerungsmelder\/2015\/11\/12\/gericht-bestatigt-fns-verbot-und-legt-teile-der-militanten-neonazistruktur-offen_20593#breadcrumb","itemListElement":[{"@type":"ListItem","position":1,"name":"Startseite","item":"https:\/\/blog.zeit.de\/stoerungsmelder"},{"@type":"ListItem","position":2,"name":"Gericht best\u00e4tigt FNS-Verbot und legt Teile der militanten Neonazistruktur offen"}]},{"@type":"WebSite","@id":"https:\/\/blog.zeit.de\/stoerungsmelder\/#website","url":"https:\/\/blog.zeit.de\/stoerungsmelder\/","name":"St\u00f6rungsmelder","description":"Recherchen und Analysen \u00fcber die extreme Rechte","potentialAction":[{"@type":"SearchAction","target":{"@type":"EntryPoint","urlTemplate":"https:\/\/blog.zeit.de\/stoerungsmelder\/?s={search_term_string}"},"query-input":"required name=search_term_string"}],"inLanguage":"de"},{"@type":"Person","@id":"https:\/\/blog.zeit.de\/stoerungsmelder\/#\/schema\/person\/abf36269039573fecb7c7f814e987c29","name":"Sebastian Lipp","image":{"@type":"ImageObject","inLanguage":"de","@id":"https:\/\/blog.zeit.de\/stoerungsmelder\/#\/schema\/person\/image\/","url":"https:\/\/secure.gravatar.com\/avatar\/88a90014e1f1a5d93b03b4fd9a7643da248cc2335f5433c5b6e8ead7c24de4b8?s=96&d=mm&r=pg","contentUrl":"https:\/\/secure.gravatar.com\/avatar\/88a90014e1f1a5d93b03b4fd9a7643da248cc2335f5433c5b6e8ead7c24de4b8?s=96&d=mm&r=pg","caption":"Sebastian Lipp"},"sameAs":["http:\/\/twitter.com\/SebastianLipp","https:\/\/twitter.com\/SebastianLipp"],"url":"https:\/\/blog.zeit.de\/stoerungsmelder\/author\/sebastianl"}]}},"jetpack_featured_media_url":"","jetpack_sharing_enabled":true,"_links":{"self":[{"href":"https:\/\/blog.zeit.de\/stoerungsmelder\/wp-json\/wp\/v2\/posts\/20593","targetHints":{"allow":["GET"]}}],"collection":[{"href":"https:\/\/blog.zeit.de\/stoerungsmelder\/wp-json\/wp\/v2\/posts"}],"about":[{"href":"https:\/\/blog.zeit.de\/stoerungsmelder\/wp-json\/wp\/v2\/types\/post"}],"author":[{"embeddable":true,"href":"https:\/\/blog.zeit.de\/stoerungsmelder\/wp-json\/wp\/v2\/users\/518"}],"replies":[{"embeddable":true,"href":"https:\/\/blog.zeit.de\/stoerungsmelder\/wp-json\/wp\/v2\/comments?post=20593"}],"version-history":[{"count":11,"href":"https:\/\/blog.zeit.de\/stoerungsmelder\/wp-json\/wp\/v2\/posts\/20593\/revisions"}],"predecessor-version":[{"id":21110,"href":"https:\/\/blog.zeit.de\/stoerungsmelder\/wp-json\/wp\/v2\/posts\/20593\/revisions\/21110"}],"wp:attachment":[{"href":"https:\/\/blog.zeit.de\/stoerungsmelder\/wp-json\/wp\/v2\/media?parent=20593"}],"wp:term":[{"taxonomy":"category","embeddable":true,"href":"https:\/\/blog.zeit.de\/stoerungsmelder\/wp-json\/wp\/v2\/categories?post=20593"},{"taxonomy":"post_tag","embeddable":true,"href":"https:\/\/blog.zeit.de\/stoerungsmelder\/wp-json\/wp\/v2\/tags?post=20593"}],"curies":[{"name":"wp","href":"https:\/\/api.w.org\/{rel}","templated":true}]}}