{"id":20622,"date":"2015-11-16T15:19:22","date_gmt":"2015-11-16T14:19:22","guid":{"rendered":"http:\/\/blog.zeit.de\/stoerungsmelder\/?p=20622"},"modified":"2015-11-16T15:19:22","modified_gmt":"2015-11-16T14:19:22","slug":"wahlkampf-ohne-publikum","status":"publish","type":"post","link":"https:\/\/blog.zeit.de\/stoerungsmelder\/2015\/11\/16\/wahlkampf-ohne-publikum_20622","title":{"rendered":"Wahlkampf ohne Publikum"},"content":{"rendered":"<p><figure id=\"attachment_20619\" aria-describedby=\"caption-attachment-20619\" style=\"width: 620px\" class=\"wp-caption alignnone\"><img loading=\"lazy\" decoding=\"async\" class=\"wp-image-20619 size-medium\" src=\"https:\/\/blog.zeit.de\/stoerungsmelder\/files\/2015\/11\/Bonn-Pro-NRW-Mengersen-Dittmer-13.11.2015-620x349.jpg\" alt=\"Bonn, Pro NRW, Mengersen, Dittmer 13.11.2015 \u00a9Melanie Kuhn\" width=\"620\" height=\"349\" \/><figcaption id=\"caption-attachment-20619\" class=\"wp-caption-text\">Abgedr\u00e4ngt in eine Seitenstra\u00dfe: Christoph von Mengersen und Melanie Dittmer<\/figcaption><\/figure><\/p>\n<p>Die rechtspopulistische Partei Pro NRW hatte an diesem Freitag (13.11.2015) mehrere Veranstaltungen in Bonn und Umgebung angemeldet. Gegen die Infost\u00e4nde protestierten in K\u00f6nigswinter rund 50, in Meckenheim 150 und in Bonn mehr als 200 Menschen.<br \/>\n<!--more--><br \/>\nMit einer handvoll Personen wollte der Pro NRW-Kreisverband Bonn unter der Schirmherrschaft von Stadtrat Christoph von Mengersen ein Zeichen \u201egegen den massenhaften Asylmissbrauch\u201c setzten. In K\u00f6nigswinter machten starke Regenf\u00e4lle einen Strich durch die Rechnung und auch in Bonn war dieses Zeichen nur geringf\u00fcgig zu sp\u00fcren. Aufgrund der zahlreichen Gegendemonstranten fand der Infotisch nicht wie geplant auf dem Bonner Marktplatz, sondern in einer nahegelegenen Seitenstra\u00dfe statt. Gesch\u00fctzt und abgeschirmt von mehreren Mannschaftsbussen und Beamten der Polizei konnten nur wenige Passanten Notiz von der kleinen Versammlung am Infostand nehmen. Die Reden von Melanie Dittmer und Christoph von Mengersen waren mit keiner Silbe auf dem Bonner Marktplatz zu h\u00f6ren. Mengersen selbst bezeichnete sich selbst unter anderem als \u201eeinzige[n] von 86 Stadtr\u00e4ten [der] die Interessen der einheimischen Bev\u00f6lkerung im Bonner Stadtrat\u201c vertritt.<\/p>\n<p><figure id=\"attachment_20618\" aria-describedby=\"caption-attachment-20618\" style=\"width: 620px\" class=\"wp-caption alignright\"><img loading=\"lazy\" decoding=\"async\" class=\"wp-image-20618 size-medium\" src=\"https:\/\/blog.zeit.de\/stoerungsmelder\/files\/2015\/11\/Bonn-Pro-NRW-Melanie-Dittmer-13.11.2015-620x349.jpg\" alt=\"Bonn, Pro NRW, Melanie Dittmer 13.11.2015 \u00a9 Melanie Kuhn\" width=\"620\" height=\"349\" \/><figcaption id=\"caption-attachment-20618\" class=\"wp-caption-text\">Dittmer im Vorder-, Mengersen im Hintergrund<\/figcaption><\/figure><\/p>\n<p>Im gesamten Verlauf der Veranstaltungen blieb es fast vollkommen ruhig. Zur einzigen tumultartigen Szene kam es, als Melanie Dittmer versuchte, den Weg zur Veranstaltung von Pro NRW durch eine Gruppe von 50 bis 100 Gegendemonstranten zu betreten. Lautes Geschrei brach los. Sofort schritt die Polizei ein und geleitete Dittmar den restlichen Weg. Im Gespr\u00e4ch sagte sie sp\u00e4ter, sie sei angespuckt worden und die Polizei habe sich geweigert ihre Anzeige aufzunehmen. Aufgrund dessen k\u00fcndigte sie in ihrer Rede an sowohl Anzeige gegen die Polizei wegen Strafvereitelung im Amt und der \u201erechtswidrigen Verlegung des Infostandes als auch Beleidigung und der im Raum stehenden Spuck-Attacke zu stellen. Auf Nachfrage, warum sie den Weg durch die ungef\u00e4hr 200 Gegendemonstranten und nicht durch eine der beiden m\u00f6glichen Nebenstra\u00dfen gew\u00e4hlt hatte, gab die in Bornheim wohnende Frau an, sich in Bonn nicht gut genug auszukennen. Au\u00dferdem verriet sie, dass bereits ein \u201enationalistischer Aufmarsch\u201c im Dezember geplant sei, den Bonn \u201eso noch nicht gesehen hat.\u201c Als m\u00f6glichen Ort des Aufmarsches gab sie den Bonner Stadtteil Tannenbusch an. Damit geht sie eine Konfrontation mit den in Bonn stark vertretenen Salafisten ein<\/p>\n<p>Als die Veranstaltung bereits vorbei war, kam es laut Polizei gegen kurz vor 19.00 Uhr (die Veranstaltung endete kurz nach 18 Uhr) am Bonner Hauptbahnhof zu einem Angriff auf Melanie Dittmer. Sp\u00e4ter wurden die Personalien mehrerer Verd\u00e4chtiger am K\u00f6lner Hauptbahnhof festgestellt. Der Staatsschutz hat die Ermittlungen aufgenommen.<\/p>\n<p>Fotos:\u00a0\u00a9 Melanie Kuhn<\/p>\n<p><div id='gallery-1' class='gallery galleryid-20622 gallery-columns-1 gallery-size-medium'><figure class='gallery-item'>\n\t\t\t<div class='gallery-icon landscape'>\n\t\t\t\t<a href='https:\/\/blog.zeit.de\/stoerungsmelder\/konigswinter-pro-nrw-gegendemo-13-11-2015'><img loading=\"lazy\" decoding=\"async\" width=\"620\" height=\"349\" src=\"https:\/\/blog.zeit.de\/stoerungsmelder\/files\/2015\/11\/K\u00f6nigswinter-Pro-NRW-Gegendemo-13.11.2015-620x349.jpg\" class=\"attachment-medium size-medium\" alt=\"\" \/><\/a>\n\t\t\t<\/div><\/figure><figure class='gallery-item'>\n\t\t\t<div class='gallery-icon landscape'>\n\t\t\t\t<a href='https:\/\/blog.zeit.de\/stoerungsmelder\/konigswinter-pro-nrw-13-11-2015'><img loading=\"lazy\" decoding=\"async\" width=\"620\" height=\"349\" src=\"https:\/\/blog.zeit.de\/stoerungsmelder\/files\/2015\/11\/K\u00f6nigswinter-Pro-NRW-13.11.2015-620x349.jpg\" class=\"attachment-medium size-medium\" alt=\"\" \/><\/a>\n\t\t\t<\/div><\/figure><figure class='gallery-item'>\n\t\t\t<div class='gallery-icon landscape'>\n\t\t\t\t<a href='https:\/\/blog.zeit.de\/stoerungsmelder\/bonn-pro-nrw-gegendemo-transparent-13-11-2015'><img loading=\"lazy\" decoding=\"async\" width=\"620\" height=\"349\" src=\"https:\/\/blog.zeit.de\/stoerungsmelder\/files\/2015\/11\/Bonn-Pro-NRW-Gegendemo-Transparent-13.11.2015-620x349.jpg\" class=\"attachment-medium size-medium\" alt=\"\" \/><\/a>\n\t\t\t<\/div><\/figure><figure class='gallery-item'>\n\t\t\t<div class='gallery-icon landscape'>\n\t\t\t\t<a href='https:\/\/blog.zeit.de\/stoerungsmelder\/bonn-pro-nrw-gegendemo-13-11-2015'><img loading=\"lazy\" decoding=\"async\" width=\"620\" height=\"349\" src=\"https:\/\/blog.zeit.de\/stoerungsmelder\/files\/2015\/11\/Bonn-Pro-NRW-Gegendemo-13.11.2015-620x349.jpg\" class=\"attachment-medium size-medium\" alt=\"\" \/><\/a>\n\t\t\t<\/div><\/figure><figure class='gallery-item'>\n\t\t\t<div class='gallery-icon portrait'>\n\t\t\t\t<a href='https:\/\/blog.zeit.de\/stoerungsmelder\/bonn-pro-nrw-gegendemo-13-11-2015-3'><img loading=\"lazy\" decoding=\"async\" width=\"533\" height=\"800\" src=\"https:\/\/blog.zeit.de\/stoerungsmelder\/files\/2015\/11\/Bonn-Pro-NRW-Gegendemo-13.11.2015-3-533x800.jpg\" class=\"attachment-medium size-medium\" alt=\"\" srcset=\"https:\/\/blog.zeit.de\/stoerungsmelder\/files\/2015\/11\/Bonn-Pro-NRW-Gegendemo-13.11.2015-3-533x800.jpg 533w, https:\/\/blog.zeit.de\/stoerungsmelder\/files\/2015\/11\/Bonn-Pro-NRW-Gegendemo-13.11.2015-3.jpg 600w\" sizes=\"auto, (max-width: 533px) 100vw, 533px\" \/><\/a>\n\t\t\t<\/div><\/figure><figure class='gallery-item'>\n\t\t\t<div class='gallery-icon landscape'>\n\t\t\t\t<a href='https:\/\/blog.zeit.de\/stoerungsmelder\/bonn-pro-nrw-gegendemo-13-11-2015-2'><img loading=\"lazy\" decoding=\"async\" width=\"620\" height=\"349\" src=\"https:\/\/blog.zeit.de\/stoerungsmelder\/files\/2015\/11\/Bonn-Pro-NRW-Gegendemo-13.11.2015-2-620x349.jpg\" class=\"attachment-medium size-medium\" alt=\"\" \/><\/a>\n\t\t\t<\/div><\/figure>\n\t\t<\/div>\n<\/p>\n","protected":false},"excerpt":{"rendered":"<p>Die rechtspopulistische Partei Pro NRW hatte an diesem Freitag (13.11.2015) mehrere Veranstaltungen in Bonn und Umgebung angemeldet. Gegen die Infost\u00e4nde protestierten in K\u00f6nigswinter rund 50, in Meckenheim 150 und in Bonn mehr als 200 Menschen.<\/p>\n","protected":false},"author":569,"featured_media":20619,"comment_status":"open","ping_status":"open","sticky":false,"template":"","format":"standard","meta":{"_jetpack_memberships_contains_paid_content":false,"footnotes":""},"categories":[1291],"tags":[23615,34223,34220,34222,34218,34219,32232,34221,1750,1763],"class_list":["post-20622","post","type-post","status-publish","format-standard","has-post-thumbnail","hentry","category-nordrhein-westfalen","tag-bonn","tag-bundesstadt","tag-christoph","tag-identitare","tag-konigswinter","tag-meckenheim","tag-melanie-dittmer","tag-mengersen","tag-pro-nrw","tag-rechtspopulismus"],"yoast_head":"<!-- This site is optimized with the Yoast SEO plugin v21.0 - https:\/\/yoast.com\/wordpress\/plugins\/seo\/ -->\n<title>Wahlkampf ohne Publikum - St\u00f6rungsmelder<\/title>\n<meta name=\"robots\" content=\"index, follow, max-snippet:-1, max-image-preview:large, max-video-preview:-1\" \/>\n<link rel=\"canonical\" href=\"https:\/\/blog.zeit.de\/stoerungsmelder\/2015\/11\/16\/wahlkampf-ohne-publikum_20622\" \/>\n<meta property=\"og:locale\" content=\"de_DE\" \/>\n<meta property=\"og:type\" content=\"article\" \/>\n<meta property=\"og:title\" content=\"Wahlkampf ohne Publikum - St\u00f6rungsmelder\" \/>\n<meta property=\"og:description\" content=\"Die rechtspopulistische Partei Pro NRW hatte an diesem Freitag (13.11.2015) mehrere Veranstaltungen in Bonn und Umgebung angemeldet. Gegen die Infost\u00e4nde protestierten in K\u00f6nigswinter rund 50, in Meckenheim 150 und in Bonn mehr als 200 Menschen.\" \/>\n<meta property=\"og:url\" content=\"https:\/\/blog.zeit.de\/stoerungsmelder\/2015\/11\/16\/wahlkampf-ohne-publikum_20622\" \/>\n<meta property=\"og:site_name\" content=\"St\u00f6rungsmelder\" \/>\n<meta property=\"article:published_time\" content=\"2015-11-16T14:19:22+00:00\" \/>\n<meta property=\"og:image\" content=\"https:\/\/blog.zeit.de\/stoerungsmelder\/files\/2015\/11\/Bonn-Pro-NRW-Mengersen-Dittmer-13.11.2015.jpg\" \/>\n\t<meta property=\"og:image:width\" content=\"620\" \/>\n\t<meta property=\"og:image:height\" content=\"349\" \/>\n\t<meta property=\"og:image:type\" content=\"image\/jpeg\" \/>\n<meta name=\"author\" content=\"Marek Majewsky\" \/>\n<meta name=\"twitter:card\" content=\"summary_large_image\" \/>\n<meta name=\"twitter:label1\" content=\"Geschrieben von\" \/>\n\t<meta name=\"twitter:data1\" content=\"Marek Majewsky\" \/>\n\t<meta name=\"twitter:label2\" content=\"Gesch\u00e4tzte Lesezeit\" \/>\n\t<meta name=\"twitter:data2\" content=\"2\u00a0Minuten\" \/>\n<script type=\"application\/ld+json\" class=\"yoast-schema-graph\">{\"@context\":\"https:\/\/schema.org\",\"@graph\":[{\"@type\":\"WebPage\",\"@id\":\"https:\/\/blog.zeit.de\/stoerungsmelder\/2015\/11\/16\/wahlkampf-ohne-publikum_20622\",\"url\":\"https:\/\/blog.zeit.de\/stoerungsmelder\/2015\/11\/16\/wahlkampf-ohne-publikum_20622\",\"name\":\"Wahlkampf ohne Publikum - St\u00f6rungsmelder\",\"isPartOf\":{\"@id\":\"https:\/\/blog.zeit.de\/stoerungsmelder\/#website\"},\"datePublished\":\"2015-11-16T14:19:22+00:00\",\"dateModified\":\"2015-11-16T14:19:22+00:00\",\"author\":{\"@id\":\"https:\/\/blog.zeit.de\/stoerungsmelder\/#\/schema\/person\/dbc8759457f3fd7e8341efd185edaac8\"},\"breadcrumb\":{\"@id\":\"https:\/\/blog.zeit.de\/stoerungsmelder\/2015\/11\/16\/wahlkampf-ohne-publikum_20622#breadcrumb\"},\"inLanguage\":\"de\",\"potentialAction\":[{\"@type\":\"ReadAction\",\"target\":[\"https:\/\/blog.zeit.de\/stoerungsmelder\/2015\/11\/16\/wahlkampf-ohne-publikum_20622\"]}]},{\"@type\":\"BreadcrumbList\",\"@id\":\"https:\/\/blog.zeit.de\/stoerungsmelder\/2015\/11\/16\/wahlkampf-ohne-publikum_20622#breadcrumb\",\"itemListElement\":[{\"@type\":\"ListItem\",\"position\":1,\"name\":\"Startseite\",\"item\":\"https:\/\/blog.zeit.de\/stoerungsmelder\"},{\"@type\":\"ListItem\",\"position\":2,\"name\":\"Wahlkampf ohne Publikum\"}]},{\"@type\":\"WebSite\",\"@id\":\"https:\/\/blog.zeit.de\/stoerungsmelder\/#website\",\"url\":\"https:\/\/blog.zeit.de\/stoerungsmelder\/\",\"name\":\"St\u00f6rungsmelder\",\"description\":\"Recherchen und Analysen \u00fcber die extreme Rechte\",\"potentialAction\":[{\"@type\":\"SearchAction\",\"target\":{\"@type\":\"EntryPoint\",\"urlTemplate\":\"https:\/\/blog.zeit.de\/stoerungsmelder\/?s={search_term_string}\"},\"query-input\":\"required name=search_term_string\"}],\"inLanguage\":\"de\"},{\"@type\":\"Person\",\"@id\":\"https:\/\/blog.zeit.de\/stoerungsmelder\/#\/schema\/person\/dbc8759457f3fd7e8341efd185edaac8\",\"name\":\"Marek Majewsky\",\"image\":{\"@type\":\"ImageObject\",\"inLanguage\":\"de\",\"@id\":\"https:\/\/blog.zeit.de\/stoerungsmelder\/#\/schema\/person\/image\/\",\"url\":\"https:\/\/secure.gravatar.com\/avatar\/89b55b0902be2a33e5e0f779da3d66f828ec7e35ec4f0b1e8b82784a3a4f562c?s=96&d=mm&r=pg\",\"contentUrl\":\"https:\/\/secure.gravatar.com\/avatar\/89b55b0902be2a33e5e0f779da3d66f828ec7e35ec4f0b1e8b82784a3a4f562c?s=96&d=mm&r=pg\",\"caption\":\"Marek Majewsky\"},\"description\":\"Aufgewachsen in einem kleinen Dorf bei Aachen, habe ich schon fr\u00fch erfahren, wie Neonazis mit Menschen umgehen, die nicht in ihr Weltbild passen. Gerade weil ich aus einer Hochburg der Neonazis komme, habe ich mitbekommen, dass es wichtig ist, sich nicht einsch\u00fcchtern zu lassen und auf deren menschenverachtende Ideologie aufmerksam zu machen. Mittlerweile studiere ich in der N\u00e4he von K\u00f6ln Politikwissenschaften und Geschichte.\",\"url\":\"https:\/\/blog.zeit.de\/stoerungsmelder\/author\/marek\"}]}<\/script>\n<!-- \/ Yoast SEO plugin. -->","yoast_head_json":{"title":"Wahlkampf ohne Publikum - St\u00f6rungsmelder","robots":{"index":"index","follow":"follow","max-snippet":"max-snippet:-1","max-image-preview":"max-image-preview:large","max-video-preview":"max-video-preview:-1"},"canonical":"https:\/\/blog.zeit.de\/stoerungsmelder\/2015\/11\/16\/wahlkampf-ohne-publikum_20622","og_locale":"de_DE","og_type":"article","og_title":"Wahlkampf ohne Publikum - St\u00f6rungsmelder","og_description":"Die rechtspopulistische Partei Pro NRW hatte an diesem Freitag (13.11.2015) mehrere Veranstaltungen in Bonn und Umgebung angemeldet. Gegen die Infost\u00e4nde protestierten in K\u00f6nigswinter rund 50, in Meckenheim 150 und in Bonn mehr als 200 Menschen.","og_url":"https:\/\/blog.zeit.de\/stoerungsmelder\/2015\/11\/16\/wahlkampf-ohne-publikum_20622","og_site_name":"St\u00f6rungsmelder","article_published_time":"2015-11-16T14:19:22+00:00","og_image":[{"width":620,"height":349,"url":"https:\/\/blog.zeit.de\/stoerungsmelder\/files\/2015\/11\/Bonn-Pro-NRW-Mengersen-Dittmer-13.11.2015.jpg","type":"image\/jpeg"}],"author":"Marek Majewsky","twitter_card":"summary_large_image","twitter_misc":{"Geschrieben von":"Marek Majewsky","Gesch\u00e4tzte Lesezeit":"2\u00a0Minuten"},"schema":{"@context":"https:\/\/schema.org","@graph":[{"@type":"WebPage","@id":"https:\/\/blog.zeit.de\/stoerungsmelder\/2015\/11\/16\/wahlkampf-ohne-publikum_20622","url":"https:\/\/blog.zeit.de\/stoerungsmelder\/2015\/11\/16\/wahlkampf-ohne-publikum_20622","name":"Wahlkampf ohne Publikum - St\u00f6rungsmelder","isPartOf":{"@id":"https:\/\/blog.zeit.de\/stoerungsmelder\/#website"},"datePublished":"2015-11-16T14:19:22+00:00","dateModified":"2015-11-16T14:19:22+00:00","author":{"@id":"https:\/\/blog.zeit.de\/stoerungsmelder\/#\/schema\/person\/dbc8759457f3fd7e8341efd185edaac8"},"breadcrumb":{"@id":"https:\/\/blog.zeit.de\/stoerungsmelder\/2015\/11\/16\/wahlkampf-ohne-publikum_20622#breadcrumb"},"inLanguage":"de","potentialAction":[{"@type":"ReadAction","target":["https:\/\/blog.zeit.de\/stoerungsmelder\/2015\/11\/16\/wahlkampf-ohne-publikum_20622"]}]},{"@type":"BreadcrumbList","@id":"https:\/\/blog.zeit.de\/stoerungsmelder\/2015\/11\/16\/wahlkampf-ohne-publikum_20622#breadcrumb","itemListElement":[{"@type":"ListItem","position":1,"name":"Startseite","item":"https:\/\/blog.zeit.de\/stoerungsmelder"},{"@type":"ListItem","position":2,"name":"Wahlkampf ohne Publikum"}]},{"@type":"WebSite","@id":"https:\/\/blog.zeit.de\/stoerungsmelder\/#website","url":"https:\/\/blog.zeit.de\/stoerungsmelder\/","name":"St\u00f6rungsmelder","description":"Recherchen und Analysen \u00fcber die extreme Rechte","potentialAction":[{"@type":"SearchAction","target":{"@type":"EntryPoint","urlTemplate":"https:\/\/blog.zeit.de\/stoerungsmelder\/?s={search_term_string}"},"query-input":"required name=search_term_string"}],"inLanguage":"de"},{"@type":"Person","@id":"https:\/\/blog.zeit.de\/stoerungsmelder\/#\/schema\/person\/dbc8759457f3fd7e8341efd185edaac8","name":"Marek Majewsky","image":{"@type":"ImageObject","inLanguage":"de","@id":"https:\/\/blog.zeit.de\/stoerungsmelder\/#\/schema\/person\/image\/","url":"https:\/\/secure.gravatar.com\/avatar\/89b55b0902be2a33e5e0f779da3d66f828ec7e35ec4f0b1e8b82784a3a4f562c?s=96&d=mm&r=pg","contentUrl":"https:\/\/secure.gravatar.com\/avatar\/89b55b0902be2a33e5e0f779da3d66f828ec7e35ec4f0b1e8b82784a3a4f562c?s=96&d=mm&r=pg","caption":"Marek Majewsky"},"description":"Aufgewachsen in einem kleinen Dorf bei Aachen, habe ich schon fr\u00fch erfahren, wie Neonazis mit Menschen umgehen, die nicht in ihr Weltbild passen. Gerade weil ich aus einer Hochburg der Neonazis komme, habe ich mitbekommen, dass es wichtig ist, sich nicht einsch\u00fcchtern zu lassen und auf deren menschenverachtende Ideologie aufmerksam zu machen. Mittlerweile studiere ich in der N\u00e4he von K\u00f6ln Politikwissenschaften und Geschichte.","url":"https:\/\/blog.zeit.de\/stoerungsmelder\/author\/marek"}]}},"jetpack_featured_media_url":"https:\/\/blog.zeit.de\/stoerungsmelder\/files\/2015\/11\/Bonn-Pro-NRW-Mengersen-Dittmer-13.11.2015.jpg","jetpack_sharing_enabled":true,"_links":{"self":[{"href":"https:\/\/blog.zeit.de\/stoerungsmelder\/wp-json\/wp\/v2\/posts\/20622","targetHints":{"allow":["GET"]}}],"collection":[{"href":"https:\/\/blog.zeit.de\/stoerungsmelder\/wp-json\/wp\/v2\/posts"}],"about":[{"href":"https:\/\/blog.zeit.de\/stoerungsmelder\/wp-json\/wp\/v2\/types\/post"}],"author":[{"embeddable":true,"href":"https:\/\/blog.zeit.de\/stoerungsmelder\/wp-json\/wp\/v2\/users\/569"}],"replies":[{"embeddable":true,"href":"https:\/\/blog.zeit.de\/stoerungsmelder\/wp-json\/wp\/v2\/comments?post=20622"}],"version-history":[{"count":6,"href":"https:\/\/blog.zeit.de\/stoerungsmelder\/wp-json\/wp\/v2\/posts\/20622\/revisions"}],"predecessor-version":[{"id":20646,"href":"https:\/\/blog.zeit.de\/stoerungsmelder\/wp-json\/wp\/v2\/posts\/20622\/revisions\/20646"}],"wp:featuredmedia":[{"embeddable":true,"href":"https:\/\/blog.zeit.de\/stoerungsmelder\/wp-json\/wp\/v2\/media\/20619"}],"wp:attachment":[{"href":"https:\/\/blog.zeit.de\/stoerungsmelder\/wp-json\/wp\/v2\/media?parent=20622"}],"wp:term":[{"taxonomy":"category","embeddable":true,"href":"https:\/\/blog.zeit.de\/stoerungsmelder\/wp-json\/wp\/v2\/categories?post=20622"},{"taxonomy":"post_tag","embeddable":true,"href":"https:\/\/blog.zeit.de\/stoerungsmelder\/wp-json\/wp\/v2\/tags?post=20622"}],"curies":[{"name":"wp","href":"https:\/\/api.w.org\/{rel}","templated":true}]}}