{"id":20651,"date":"2015-11-17T19:33:43","date_gmt":"2015-11-17T18:33:43","guid":{"rendered":"http:\/\/blog.zeit.de\/stoerungsmelder\/?p=20651"},"modified":"2016-08-11T13:22:43","modified_gmt":"2016-08-11T11:22:43","slug":"remagen-neonazis-planen-erneut-gedenkmarsch","status":"publish","type":"post","link":"https:\/\/blog.zeit.de\/stoerungsmelder\/2015\/11\/17\/remagen-neonazis-planen-erneut-gedenkmarsch_20651","title":{"rendered":"Remagen: Neonazis planen erneut Gedenkmarsch"},"content":{"rendered":"<p><figure id=\"attachment_20655\" aria-describedby=\"caption-attachment-20655\" style=\"width: 619px\" class=\"wp-caption aligncenter\"><img loading=\"lazy\" decoding=\"async\" class=\"wp-image-20655 size-full\" src=\"https:\/\/blog.zeit.de\/stoerungsmelder\/files\/2015\/11\/IMG_14802.jpg\" alt=\"\" width=\"619\" height=\"271\" \/><figcaption id=\"caption-attachment-20655\" class=\"wp-caption-text\">2014 ganz vorne mit dabei: Neonazis, die sich im Prozess gegen das \u201eAktionsb\u00fcro Mittelrhein\u201c verantworten m\u00fcssen \u00a9 Philipp Reichert<\/figcaption><\/figure><\/p>\n<p>Am Samstag wollen erneut hunderte Neonazis durch Remagen ziehen. Weil dort ein Gefangenenlager der Alliierten existierte, treffen sich einmal im Jahr Rechtsextreme in dem Ort. Zuletzt waren es mehr als 150. In diesem Jahr soll es breiten Protest gegen den Aufmarsch geben. Insgesamt sind sechs Gegenveranstaltung angek\u00fcndigt.<!--more--><\/p>\n<p><strong>Die <\/strong><strong>\u201eRheinwiesenlager\u201c<\/strong><\/p>\n<p>Anlass des Naziaufmarsches sind die \u201eRheinwiesenlager\u201c, ehemalige Kriegsgefangenenlager der Alliierten. Sie wurden zum Ende des Zweiten Weltkrieges eingerichtet, um die gro\u00dfe Zahl deutscher Kriegsgefangener unterzubringen. Entlang des Rheins gab es etwa 20 solcher Lager, eines davon in Remagen im n\u00f6rdlichen Rheinland-Pfalz. Insgesamt waren in den \u201eRheinwiesenlagern\u201c etwa eine Million Kriegsgefangene untergebracht. Historikern zufolge sind etwa 5000 bis 10000 von ihnen gestorben, \u00fcberwiegend durch Krankheiten und aufgrund mangelnder Versorgung. Die Rechten glauben es waren mehr als eine Millionen.<\/p>\n<p><strong>J\u00e4hrlicher Gedenkmarsch<\/strong><\/p>\n<p>Seit 2009 organisieren Neonazis den Aufmarsch in Remagen j\u00e4hrlich. Dieser entwickelte sich schnell zur gr\u00f6\u00dften Naziveranstaltung in Rheinland-Pfalz. Zeitweise nahmen bis zu 250 Neonazis an der Veranstaltung teil. Bis 2012 organisierte das \u201eAktionsb\u00fcro Mittelrhein\u201c (ABMR) den Gedenkmarsch. Dann r\u00fcckte die Kameradschaft in den Fokus der Staatsanwaltschaft Koblenz. 26 Mitglieder und Unterst\u00fctzer des Aktionsb\u00fcros m\u00fcssen sich seitdem vor dem Landgericht Koblenz verantworten. Der Vorwurf: Bildung bzw. Unterst\u00fctzung einer kriminellen Vereinigung. Trotzdem fand der Gedenkmarsch auch in den Folgejahren statt. Neonazis aus dem Umfeld der Partei \u201eDie Rechte\u201c aus NRW veranstalteten fortan den Aufmarsch. Im letzten Jahr waren erstmals wieder Neonazis in den Ablauf der Veranstaltung eingebunden, die sich im Prozess gegen das Aktionsb\u00fcro mitverantworen m\u00fcssen.<\/p>\n<p><strong>Wenig Mobilisierung<\/strong><\/p>\n<p>In diesem Jahr setzen die Neonazis kaum auf \u00f6ffentliche Werbung. Auf der offiziellen Internetseite der Veranstalter findet sich nur ein Video, im sozialen Netzwerk Facebook gibt es nur wenige Eintr\u00e4ge mit Bezug auf den Aufmarsch. Besonders in den ersten Jahren des Gedenkmarsches war die Strategie der Nazis eine andere. Im Vorfeld des Gedenkmarsches hatten sie eine Vielzahl von Aktionen organisiert.<\/p>\n<p>Inzwischen scheinen sich die Veranstalter hingegen auf einen festen Unterst\u00fctzerkreis zu verlassen. Tats\u00e4chlich waren es meist die gleichen Neonazigruppen aus Nordrhein-Westfalen, Rheinland-Pfalz, Hessen und Baden-W\u00fcrttemberg, die an dem Aufmarsch teilnahmen. Trotzdem sind die Teilnehmerzahlen r\u00fcckl\u00e4ufig. Im letzten Jahr zogen nur etwa 150 Neonazis durch Remagen, etwa 100 weniger als im Vorjahr.<\/p>\n<p><strong>Sechs Gegenveranstaltung angek\u00fcndigt<\/strong><\/p>\n<p>Anders auf der Gegenseite: Antifaschisten organisieren in Remagen seit Jahren verst\u00e4rkt Protest. Auch in diesem Jahr, insgesamt sind sechs Veranstaltungen angek\u00fcndigt. Neben einer antifaschistischen Demonstration wird es einen Gedenkspaziergang geben, bei dem historische Orte in Remagen besucht werden sollen. Dar\u00fcber hinaus organisiert das \u201eB\u00fcndnis f\u00fcr Demokratie und Frieden\u201c wie in den Jahren zuvor eine \u201eMeile der Demokratie\u201c. Dort sind Parteien, Initiativen und Schulen mit Informationsst\u00e4nden und kreativem Programm vertreten. Au\u00dferdem organisiert das B\u00fcndnis erneut einen \u201eSpendenlauf gegen Rechts\u201c. F\u00fcr die ersten 100 Teilnehmer des Naziaufmarsches sollen je zehn Euro, f\u00fcr jeden weiteren 20 Euro an die Aussteigerhilfe Exit gespendet werden.<\/p>\n","protected":false},"excerpt":{"rendered":"<p>Am Samstag wollen erneut hunderte Neonazis durch Remagen ziehen. Weil dort ein Gefangenenlager der Alliierten existierte, treffen sich einmal im Jahr Rechtsextreme in dem Ort. Zuletzt waren es mehr als 150. In diesem Jahr soll es breiten Protest gegen den Aufmarsch geben. Insgesamt sind sechs Gegenveranstaltung angek\u00fcndigt.<\/p>\n","protected":false},"author":386,"featured_media":20655,"comment_status":"open","ping_status":"open","sticky":false,"template":"","format":"standard","meta":{"_jetpack_memberships_contains_paid_content":false,"footnotes":""},"categories":[1455],"tags":[22847,984,24535,32193,34229,1702,1707,1716,97,26420,39410,29315,24526],"class_list":["post-20651","post","type-post","status-publish","format-standard","has-post-thumbnail","hentry","category-rheinland-pfalz","tag-aktionsburo-mittelrhein","tag-demonstration","tag-die-rechte","tag-exit","tag-gedenkmarsch","tag-nationalsozialismus","tag-naziaufmarsch","tag-npd","tag-rassismus","tag-remagen","tag-rheinland-pfalz","tag-rheinwiesenlager","tag-trauermarsch"],"yoast_head":"<!-- This site is optimized with the Yoast SEO plugin v21.0 - https:\/\/yoast.com\/wordpress\/plugins\/seo\/ -->\n<title>Remagen: Neonazis planen erneut Gedenkmarsch - St\u00f6rungsmelder<\/title>\n<meta name=\"robots\" content=\"index, follow, max-snippet:-1, max-image-preview:large, max-video-preview:-1\" \/>\n<link rel=\"canonical\" href=\"https:\/\/blog.zeit.de\/stoerungsmelder\/2015\/11\/17\/remagen-neonazis-planen-erneut-gedenkmarsch_20651\" \/>\n<meta property=\"og:locale\" content=\"de_DE\" \/>\n<meta property=\"og:type\" content=\"article\" \/>\n<meta property=\"og:title\" content=\"Remagen: Neonazis planen erneut Gedenkmarsch - St\u00f6rungsmelder\" \/>\n<meta property=\"og:description\" content=\"Am Samstag wollen erneut hunderte Neonazis durch Remagen ziehen. Weil dort ein Gefangenenlager der Alliierten existierte, treffen sich einmal im Jahr Rechtsextreme in dem Ort. Zuletzt waren es mehr als 150. In diesem Jahr soll es breiten Protest gegen den Aufmarsch geben. Insgesamt sind sechs Gegenveranstaltung angek\u00fcndigt.\" \/>\n<meta property=\"og:url\" content=\"https:\/\/blog.zeit.de\/stoerungsmelder\/2015\/11\/17\/remagen-neonazis-planen-erneut-gedenkmarsch_20651\" \/>\n<meta property=\"og:site_name\" content=\"St\u00f6rungsmelder\" \/>\n<meta property=\"article:published_time\" content=\"2015-11-17T18:33:43+00:00\" \/>\n<meta property=\"article:modified_time\" content=\"2016-08-11T11:22:43+00:00\" \/>\n<meta property=\"og:image\" content=\"https:\/\/blog.zeit.de\/stoerungsmelder\/files\/2015\/11\/IMG_14802.jpg\" \/>\n\t<meta property=\"og:image:width\" content=\"619\" \/>\n\t<meta property=\"og:image:height\" content=\"271\" \/>\n\t<meta property=\"og:image:type\" content=\"image\/jpeg\" \/>\n<meta name=\"author\" content=\"Philipp Reichert\" \/>\n<meta name=\"twitter:card\" content=\"summary_large_image\" \/>\n<meta name=\"twitter:creator\" content=\"@ReichertPhil\" \/>\n<meta name=\"twitter:label1\" content=\"Geschrieben von\" \/>\n\t<meta name=\"twitter:data1\" content=\"Philipp Reichert\" \/>\n\t<meta name=\"twitter:label2\" content=\"Gesch\u00e4tzte Lesezeit\" \/>\n\t<meta name=\"twitter:data2\" content=\"3\u00a0Minuten\" \/>\n<script type=\"application\/ld+json\" class=\"yoast-schema-graph\">{\"@context\":\"https:\/\/schema.org\",\"@graph\":[{\"@type\":\"WebPage\",\"@id\":\"https:\/\/blog.zeit.de\/stoerungsmelder\/2015\/11\/17\/remagen-neonazis-planen-erneut-gedenkmarsch_20651\",\"url\":\"https:\/\/blog.zeit.de\/stoerungsmelder\/2015\/11\/17\/remagen-neonazis-planen-erneut-gedenkmarsch_20651\",\"name\":\"Remagen: Neonazis planen erneut Gedenkmarsch - St\u00f6rungsmelder\",\"isPartOf\":{\"@id\":\"https:\/\/blog.zeit.de\/stoerungsmelder\/#website\"},\"datePublished\":\"2015-11-17T18:33:43+00:00\",\"dateModified\":\"2016-08-11T11:22:43+00:00\",\"author\":{\"@id\":\"https:\/\/blog.zeit.de\/stoerungsmelder\/#\/schema\/person\/82d0ae3b06fd00052beda2711c39c022\"},\"breadcrumb\":{\"@id\":\"https:\/\/blog.zeit.de\/stoerungsmelder\/2015\/11\/17\/remagen-neonazis-planen-erneut-gedenkmarsch_20651#breadcrumb\"},\"inLanguage\":\"de\",\"potentialAction\":[{\"@type\":\"ReadAction\",\"target\":[\"https:\/\/blog.zeit.de\/stoerungsmelder\/2015\/11\/17\/remagen-neonazis-planen-erneut-gedenkmarsch_20651\"]}]},{\"@type\":\"BreadcrumbList\",\"@id\":\"https:\/\/blog.zeit.de\/stoerungsmelder\/2015\/11\/17\/remagen-neonazis-planen-erneut-gedenkmarsch_20651#breadcrumb\",\"itemListElement\":[{\"@type\":\"ListItem\",\"position\":1,\"name\":\"Startseite\",\"item\":\"https:\/\/blog.zeit.de\/stoerungsmelder\"},{\"@type\":\"ListItem\",\"position\":2,\"name\":\"Remagen: Neonazis planen erneut Gedenkmarsch\"}]},{\"@type\":\"WebSite\",\"@id\":\"https:\/\/blog.zeit.de\/stoerungsmelder\/#website\",\"url\":\"https:\/\/blog.zeit.de\/stoerungsmelder\/\",\"name\":\"St\u00f6rungsmelder\",\"description\":\"Recherchen und Analysen \u00fcber die extreme Rechte\",\"potentialAction\":[{\"@type\":\"SearchAction\",\"target\":{\"@type\":\"EntryPoint\",\"urlTemplate\":\"https:\/\/blog.zeit.de\/stoerungsmelder\/?s={search_term_string}\"},\"query-input\":\"required name=search_term_string\"}],\"inLanguage\":\"de\"},{\"@type\":\"Person\",\"@id\":\"https:\/\/blog.zeit.de\/stoerungsmelder\/#\/schema\/person\/82d0ae3b06fd00052beda2711c39c022\",\"name\":\"Philipp Reichert\",\"image\":{\"@type\":\"ImageObject\",\"inLanguage\":\"de\",\"@id\":\"https:\/\/blog.zeit.de\/stoerungsmelder\/#\/schema\/person\/image\/\",\"url\":\"https:\/\/secure.gravatar.com\/avatar\/212c8270fa24a06f57477d38cbad4da4ed9c169f8b54317835ba53bd576c27b4?s=96&d=mm&r=pg\",\"contentUrl\":\"https:\/\/secure.gravatar.com\/avatar\/212c8270fa24a06f57477d38cbad4da4ed9c169f8b54317835ba53bd576c27b4?s=96&d=mm&r=pg\",\"caption\":\"Philipp Reichert\"},\"sameAs\":[\"https:\/\/twitter.com\/ReichertPhil\"],\"url\":\"https:\/\/blog.zeit.de\/stoerungsmelder\/author\/philippreichert\"}]}<\/script>\n<!-- \/ Yoast SEO plugin. -->","yoast_head_json":{"title":"Remagen: Neonazis planen erneut Gedenkmarsch - St\u00f6rungsmelder","robots":{"index":"index","follow":"follow","max-snippet":"max-snippet:-1","max-image-preview":"max-image-preview:large","max-video-preview":"max-video-preview:-1"},"canonical":"https:\/\/blog.zeit.de\/stoerungsmelder\/2015\/11\/17\/remagen-neonazis-planen-erneut-gedenkmarsch_20651","og_locale":"de_DE","og_type":"article","og_title":"Remagen: Neonazis planen erneut Gedenkmarsch - St\u00f6rungsmelder","og_description":"Am Samstag wollen erneut hunderte Neonazis durch Remagen ziehen. Weil dort ein Gefangenenlager der Alliierten existierte, treffen sich einmal im Jahr Rechtsextreme in dem Ort. Zuletzt waren es mehr als 150. In diesem Jahr soll es breiten Protest gegen den Aufmarsch geben. Insgesamt sind sechs Gegenveranstaltung angek\u00fcndigt.","og_url":"https:\/\/blog.zeit.de\/stoerungsmelder\/2015\/11\/17\/remagen-neonazis-planen-erneut-gedenkmarsch_20651","og_site_name":"St\u00f6rungsmelder","article_published_time":"2015-11-17T18:33:43+00:00","article_modified_time":"2016-08-11T11:22:43+00:00","og_image":[{"width":619,"height":271,"url":"https:\/\/blog.zeit.de\/stoerungsmelder\/files\/2015\/11\/IMG_14802.jpg","type":"image\/jpeg"}],"author":"Philipp Reichert","twitter_card":"summary_large_image","twitter_creator":"@ReichertPhil","twitter_misc":{"Geschrieben von":"Philipp Reichert","Gesch\u00e4tzte Lesezeit":"3\u00a0Minuten"},"schema":{"@context":"https:\/\/schema.org","@graph":[{"@type":"WebPage","@id":"https:\/\/blog.zeit.de\/stoerungsmelder\/2015\/11\/17\/remagen-neonazis-planen-erneut-gedenkmarsch_20651","url":"https:\/\/blog.zeit.de\/stoerungsmelder\/2015\/11\/17\/remagen-neonazis-planen-erneut-gedenkmarsch_20651","name":"Remagen: Neonazis planen erneut Gedenkmarsch - St\u00f6rungsmelder","isPartOf":{"@id":"https:\/\/blog.zeit.de\/stoerungsmelder\/#website"},"datePublished":"2015-11-17T18:33:43+00:00","dateModified":"2016-08-11T11:22:43+00:00","author":{"@id":"https:\/\/blog.zeit.de\/stoerungsmelder\/#\/schema\/person\/82d0ae3b06fd00052beda2711c39c022"},"breadcrumb":{"@id":"https:\/\/blog.zeit.de\/stoerungsmelder\/2015\/11\/17\/remagen-neonazis-planen-erneut-gedenkmarsch_20651#breadcrumb"},"inLanguage":"de","potentialAction":[{"@type":"ReadAction","target":["https:\/\/blog.zeit.de\/stoerungsmelder\/2015\/11\/17\/remagen-neonazis-planen-erneut-gedenkmarsch_20651"]}]},{"@type":"BreadcrumbList","@id":"https:\/\/blog.zeit.de\/stoerungsmelder\/2015\/11\/17\/remagen-neonazis-planen-erneut-gedenkmarsch_20651#breadcrumb","itemListElement":[{"@type":"ListItem","position":1,"name":"Startseite","item":"https:\/\/blog.zeit.de\/stoerungsmelder"},{"@type":"ListItem","position":2,"name":"Remagen: Neonazis planen erneut Gedenkmarsch"}]},{"@type":"WebSite","@id":"https:\/\/blog.zeit.de\/stoerungsmelder\/#website","url":"https:\/\/blog.zeit.de\/stoerungsmelder\/","name":"St\u00f6rungsmelder","description":"Recherchen und Analysen \u00fcber die extreme Rechte","potentialAction":[{"@type":"SearchAction","target":{"@type":"EntryPoint","urlTemplate":"https:\/\/blog.zeit.de\/stoerungsmelder\/?s={search_term_string}"},"query-input":"required name=search_term_string"}],"inLanguage":"de"},{"@type":"Person","@id":"https:\/\/blog.zeit.de\/stoerungsmelder\/#\/schema\/person\/82d0ae3b06fd00052beda2711c39c022","name":"Philipp Reichert","image":{"@type":"ImageObject","inLanguage":"de","@id":"https:\/\/blog.zeit.de\/stoerungsmelder\/#\/schema\/person\/image\/","url":"https:\/\/secure.gravatar.com\/avatar\/212c8270fa24a06f57477d38cbad4da4ed9c169f8b54317835ba53bd576c27b4?s=96&d=mm&r=pg","contentUrl":"https:\/\/secure.gravatar.com\/avatar\/212c8270fa24a06f57477d38cbad4da4ed9c169f8b54317835ba53bd576c27b4?s=96&d=mm&r=pg","caption":"Philipp Reichert"},"sameAs":["https:\/\/twitter.com\/ReichertPhil"],"url":"https:\/\/blog.zeit.de\/stoerungsmelder\/author\/philippreichert"}]}},"jetpack_featured_media_url":"https:\/\/blog.zeit.de\/stoerungsmelder\/files\/2015\/11\/IMG_14802.jpg","jetpack_sharing_enabled":true,"_links":{"self":[{"href":"https:\/\/blog.zeit.de\/stoerungsmelder\/wp-json\/wp\/v2\/posts\/20651","targetHints":{"allow":["GET"]}}],"collection":[{"href":"https:\/\/blog.zeit.de\/stoerungsmelder\/wp-json\/wp\/v2\/posts"}],"about":[{"href":"https:\/\/blog.zeit.de\/stoerungsmelder\/wp-json\/wp\/v2\/types\/post"}],"author":[{"embeddable":true,"href":"https:\/\/blog.zeit.de\/stoerungsmelder\/wp-json\/wp\/v2\/users\/386"}],"replies":[{"embeddable":true,"href":"https:\/\/blog.zeit.de\/stoerungsmelder\/wp-json\/wp\/v2\/comments?post=20651"}],"version-history":[{"count":11,"href":"https:\/\/blog.zeit.de\/stoerungsmelder\/wp-json\/wp\/v2\/posts\/20651\/revisions"}],"predecessor-version":[{"id":22216,"href":"https:\/\/blog.zeit.de\/stoerungsmelder\/wp-json\/wp\/v2\/posts\/20651\/revisions\/22216"}],"wp:featuredmedia":[{"embeddable":true,"href":"https:\/\/blog.zeit.de\/stoerungsmelder\/wp-json\/wp\/v2\/media\/20655"}],"wp:attachment":[{"href":"https:\/\/blog.zeit.de\/stoerungsmelder\/wp-json\/wp\/v2\/media?parent=20651"}],"wp:term":[{"taxonomy":"category","embeddable":true,"href":"https:\/\/blog.zeit.de\/stoerungsmelder\/wp-json\/wp\/v2\/categories?post=20651"},{"taxonomy":"post_tag","embeddable":true,"href":"https:\/\/blog.zeit.de\/stoerungsmelder\/wp-json\/wp\/v2\/tags?post=20651"}],"curies":[{"name":"wp","href":"https:\/\/api.w.org\/{rel}","templated":true}]}}