{"id":207,"date":"2008-01-22T11:25:09","date_gmt":"2008-01-22T10:25:09","guid":{"rendered":"http:\/\/blog.zeit.de\/stoerungsmelder\/2008\/01\/22\/207_207"},"modified":"2008-01-22T11:25:09","modified_gmt":"2008-01-22T10:25:09","slug":"207","status":"publish","type":"post","link":"https:\/\/blog.zeit.de\/stoerungsmelder\/2008\/01\/22\/207_207","title":{"rendered":"Das englische Deutschlandbild"},"content":{"rendered":"<p>Bevor ich mich dazu entschlossen habe, als Autor beim St\u00f6rungsmelder mitzumachen, \u00fcberlegte ich mir, welche Erfahrungen ich mit Nazis und Ausl\u00e4nderfeindlichkeit bereits gemacht habe. F\u00fcnf Jahre meines Lebens verbrachte ich in England und ich war erstaunt, wie die Wahrnehmung der Deutschen in den Augen der Engl\u00e4nder ist.  Ich frage mich h\u00e4ufig, wie es dazu kommt, dass eine derart gro\u00dfe Anzahl an Menschen der Meinung ist, Deutschland sei Nazi-Land. <!--more--><\/p>\n<p>Dazu befragt, berichteten mir Mitspieler, dass im Schulunterricht der Zweite Weltkrieg ausf\u00fchrlich thematisiert wurde. Zudem sah ich im Fernsehen erstaunlich h\u00e4ufig  Dokumentationen \u00fcber Deutschland in der ersten H\u00e4lfte des 20. Jahrhunderts. Von der Zeit danach h\u00f6rt man dagegen wenig, so als sei nach dem Ende des Krieges nichts mehr passiert. Viele meiner Freunde und Bekannten stellten bei der Fu\u00dfball-Weltmeisterschaft in Deutschland fest, dass sich doch etwas getan haben muss. Viele lobten die Gastfreundschaft.  Doch auch die aktuellen politischen Diskussionen um &#8222;Ausl\u00e4nderkriminalit\u00e4t&#8220; in Deutschland <a href=\"http:\/\/www.telegraph.co.uk\/news\/main.jhtml?xml=\/news\/2008\/01\/05\/wgerman105.xml\">bleiben den Engl\u00e4ndern nicht verborgen.<\/a> Wer wei\u00df, wie lange der positive Eindruck noch vorhalten wird.<\/p>\n<p>Zwei Geschehnisse sind mir aus meiner England-Zeit besonders im Ged\u00e4chtnis geblieben.  Ich staunte nicht schlecht, als ich mich bei einem Premier-League-Spiel warmlief und im Publikum eine Fangruppe stand, die den Hitlergru\u00df zeigte. Noch mehr verwunderte mich, dass das, ausser mir, niemanden zu st\u00f6ren schien. Ich konnte lediglich den Kopf sch\u00fctteln und ignorierte die volltrunkenen Schwachk\u00f6pfe.<\/p>\n<p>Aber auch unter meinen Mitspielern gab es einen Spieler, der mir aufgrund seiner Dummheit im Ged\u00e4chtnis blieb. Kurz vor meinem Wechsel zur\u00fcck nach Deutschland lie\u00df ich ein von mir getragenes Trikot von allen Mannschaftskollegen zusammen mit einer Widmung signieren. Viele w\u00fcnschten mir alles Gute beim neuen Verein und f\u00fcr die weitere Zukunft. Einen Mitspieler jedoch \u00fcberforderte diese Aufgabe. Er schrieb: \u201e All the Best\u201c, signierte das Trikot und rundete das Ganze mit einem Hakenkreuz ab.<\/p>\n","protected":false},"excerpt":{"rendered":"<p>Bevor ich mich dazu entschlossen habe, als Autor beim St\u00f6rungsmelder mitzumachen, \u00fcberlegte ich mir, welche Erfahrungen ich mit Nazis und Ausl\u00e4nderfeindlichkeit bereits gemacht habe. F\u00fcnf Jahre meines Lebens verbrachte ich in England und ich war erstaunt, wie die Wahrnehmung der Deutschen in den Augen der Engl\u00e4nder ist. Ich frage mich h\u00e4ufig, wie es dazu kommt, [&hellip;]<\/p>\n","protected":false},"author":235,"featured_media":0,"comment_status":"open","ping_status":"open","sticky":false,"template":"","format":"standard","meta":{"_jetpack_memberships_contains_paid_content":false,"footnotes":""},"categories":[1515],"tags":[666],"class_list":["post-207","post","type-post","status-publish","format-standard","hentry","category-bundesweit","tag-fusball"],"yoast_head":"<!-- This site is optimized with the Yoast SEO plugin v21.0 - https:\/\/yoast.com\/wordpress\/plugins\/seo\/ -->\n<title>Das englische Deutschlandbild - St\u00f6rungsmelder<\/title>\n<meta name=\"robots\" content=\"index, follow, max-snippet:-1, max-image-preview:large, max-video-preview:-1\" \/>\n<link rel=\"canonical\" href=\"https:\/\/blog.zeit.de\/stoerungsmelder\/2008\/01\/22\/207_207\" \/>\n<meta property=\"og:locale\" content=\"de_DE\" \/>\n<meta property=\"og:type\" content=\"article\" \/>\n<meta property=\"og:title\" content=\"Das englische Deutschlandbild - St\u00f6rungsmelder\" \/>\n<meta property=\"og:description\" content=\"Bevor ich mich dazu entschlossen habe, als Autor beim St\u00f6rungsmelder mitzumachen, \u00fcberlegte ich mir, welche Erfahrungen ich mit Nazis und Ausl\u00e4nderfeindlichkeit bereits gemacht habe. F\u00fcnf Jahre meines Lebens verbrachte ich in England und ich war erstaunt, wie die Wahrnehmung der Deutschen in den Augen der Engl\u00e4nder ist. Ich frage mich h\u00e4ufig, wie es dazu kommt, [&hellip;]\" \/>\n<meta property=\"og:url\" content=\"https:\/\/blog.zeit.de\/stoerungsmelder\/2008\/01\/22\/207_207\" \/>\n<meta property=\"og:site_name\" content=\"St\u00f6rungsmelder\" \/>\n<meta property=\"article:published_time\" content=\"2008-01-22T10:25:09+00:00\" \/>\n<meta name=\"author\" content=\"Thomas Hitzlsperger\" \/>\n<meta name=\"twitter:card\" content=\"summary_large_image\" \/>\n<meta name=\"twitter:label1\" content=\"Geschrieben von\" \/>\n\t<meta name=\"twitter:data1\" content=\"Thomas Hitzlsperger\" \/>\n\t<meta name=\"twitter:label2\" content=\"Gesch\u00e4tzte Lesezeit\" \/>\n\t<meta name=\"twitter:data2\" content=\"2\u00a0Minuten\" \/>\n<script type=\"application\/ld+json\" class=\"yoast-schema-graph\">{\"@context\":\"https:\/\/schema.org\",\"@graph\":[{\"@type\":\"WebPage\",\"@id\":\"https:\/\/blog.zeit.de\/stoerungsmelder\/2008\/01\/22\/207_207\",\"url\":\"https:\/\/blog.zeit.de\/stoerungsmelder\/2008\/01\/22\/207_207\",\"name\":\"Das englische Deutschlandbild - St\u00f6rungsmelder\",\"isPartOf\":{\"@id\":\"https:\/\/blog.zeit.de\/stoerungsmelder\/#website\"},\"datePublished\":\"2008-01-22T10:25:09+00:00\",\"dateModified\":\"2008-01-22T10:25:09+00:00\",\"author\":{\"@id\":\"https:\/\/blog.zeit.de\/stoerungsmelder\/#\/schema\/person\/f00edd5a787a17b766716b34b3fb6d56\"},\"breadcrumb\":{\"@id\":\"https:\/\/blog.zeit.de\/stoerungsmelder\/2008\/01\/22\/207_207#breadcrumb\"},\"inLanguage\":\"de\",\"potentialAction\":[{\"@type\":\"ReadAction\",\"target\":[\"https:\/\/blog.zeit.de\/stoerungsmelder\/2008\/01\/22\/207_207\"]}]},{\"@type\":\"BreadcrumbList\",\"@id\":\"https:\/\/blog.zeit.de\/stoerungsmelder\/2008\/01\/22\/207_207#breadcrumb\",\"itemListElement\":[{\"@type\":\"ListItem\",\"position\":1,\"name\":\"Startseite\",\"item\":\"https:\/\/blog.zeit.de\/stoerungsmelder\"},{\"@type\":\"ListItem\",\"position\":2,\"name\":\"Das englische Deutschlandbild\"}]},{\"@type\":\"WebSite\",\"@id\":\"https:\/\/blog.zeit.de\/stoerungsmelder\/#website\",\"url\":\"https:\/\/blog.zeit.de\/stoerungsmelder\/\",\"name\":\"St\u00f6rungsmelder\",\"description\":\"Recherchen und Analysen \u00fcber die extreme Rechte\",\"potentialAction\":[{\"@type\":\"SearchAction\",\"target\":{\"@type\":\"EntryPoint\",\"urlTemplate\":\"https:\/\/blog.zeit.de\/stoerungsmelder\/?s={search_term_string}\"},\"query-input\":\"required name=search_term_string\"}],\"inLanguage\":\"de\"},{\"@type\":\"Person\",\"@id\":\"https:\/\/blog.zeit.de\/stoerungsmelder\/#\/schema\/person\/f00edd5a787a17b766716b34b3fb6d56\",\"name\":\"Thomas Hitzlsperger\",\"image\":{\"@type\":\"ImageObject\",\"inLanguage\":\"de\",\"@id\":\"https:\/\/blog.zeit.de\/stoerungsmelder\/#\/schema\/person\/image\/\",\"url\":\"https:\/\/secure.gravatar.com\/avatar\/302e97e92e7af782a610726384aeae742b0e168e418426880e2c48145c25f113?s=96&d=mm&r=pg\",\"contentUrl\":\"https:\/\/secure.gravatar.com\/avatar\/302e97e92e7af782a610726384aeae742b0e168e418426880e2c48145c25f113?s=96&d=mm&r=pg\",\"caption\":\"Thomas Hitzlsperger\"},\"url\":\"https:\/\/blog.zeit.de\/stoerungsmelder\/author\/thomas-hitzlsperger\"}]}<\/script>\n<!-- \/ Yoast SEO plugin. -->","yoast_head_json":{"title":"Das englische Deutschlandbild - St\u00f6rungsmelder","robots":{"index":"index","follow":"follow","max-snippet":"max-snippet:-1","max-image-preview":"max-image-preview:large","max-video-preview":"max-video-preview:-1"},"canonical":"https:\/\/blog.zeit.de\/stoerungsmelder\/2008\/01\/22\/207_207","og_locale":"de_DE","og_type":"article","og_title":"Das englische Deutschlandbild - St\u00f6rungsmelder","og_description":"Bevor ich mich dazu entschlossen habe, als Autor beim St\u00f6rungsmelder mitzumachen, \u00fcberlegte ich mir, welche Erfahrungen ich mit Nazis und Ausl\u00e4nderfeindlichkeit bereits gemacht habe. F\u00fcnf Jahre meines Lebens verbrachte ich in England und ich war erstaunt, wie die Wahrnehmung der Deutschen in den Augen der Engl\u00e4nder ist. Ich frage mich h\u00e4ufig, wie es dazu kommt, [&hellip;]","og_url":"https:\/\/blog.zeit.de\/stoerungsmelder\/2008\/01\/22\/207_207","og_site_name":"St\u00f6rungsmelder","article_published_time":"2008-01-22T10:25:09+00:00","author":"Thomas Hitzlsperger","twitter_card":"summary_large_image","twitter_misc":{"Geschrieben von":"Thomas Hitzlsperger","Gesch\u00e4tzte Lesezeit":"2\u00a0Minuten"},"schema":{"@context":"https:\/\/schema.org","@graph":[{"@type":"WebPage","@id":"https:\/\/blog.zeit.de\/stoerungsmelder\/2008\/01\/22\/207_207","url":"https:\/\/blog.zeit.de\/stoerungsmelder\/2008\/01\/22\/207_207","name":"Das englische Deutschlandbild - St\u00f6rungsmelder","isPartOf":{"@id":"https:\/\/blog.zeit.de\/stoerungsmelder\/#website"},"datePublished":"2008-01-22T10:25:09+00:00","dateModified":"2008-01-22T10:25:09+00:00","author":{"@id":"https:\/\/blog.zeit.de\/stoerungsmelder\/#\/schema\/person\/f00edd5a787a17b766716b34b3fb6d56"},"breadcrumb":{"@id":"https:\/\/blog.zeit.de\/stoerungsmelder\/2008\/01\/22\/207_207#breadcrumb"},"inLanguage":"de","potentialAction":[{"@type":"ReadAction","target":["https:\/\/blog.zeit.de\/stoerungsmelder\/2008\/01\/22\/207_207"]}]},{"@type":"BreadcrumbList","@id":"https:\/\/blog.zeit.de\/stoerungsmelder\/2008\/01\/22\/207_207#breadcrumb","itemListElement":[{"@type":"ListItem","position":1,"name":"Startseite","item":"https:\/\/blog.zeit.de\/stoerungsmelder"},{"@type":"ListItem","position":2,"name":"Das englische Deutschlandbild"}]},{"@type":"WebSite","@id":"https:\/\/blog.zeit.de\/stoerungsmelder\/#website","url":"https:\/\/blog.zeit.de\/stoerungsmelder\/","name":"St\u00f6rungsmelder","description":"Recherchen und Analysen \u00fcber die extreme Rechte","potentialAction":[{"@type":"SearchAction","target":{"@type":"EntryPoint","urlTemplate":"https:\/\/blog.zeit.de\/stoerungsmelder\/?s={search_term_string}"},"query-input":"required name=search_term_string"}],"inLanguage":"de"},{"@type":"Person","@id":"https:\/\/blog.zeit.de\/stoerungsmelder\/#\/schema\/person\/f00edd5a787a17b766716b34b3fb6d56","name":"Thomas Hitzlsperger","image":{"@type":"ImageObject","inLanguage":"de","@id":"https:\/\/blog.zeit.de\/stoerungsmelder\/#\/schema\/person\/image\/","url":"https:\/\/secure.gravatar.com\/avatar\/302e97e92e7af782a610726384aeae742b0e168e418426880e2c48145c25f113?s=96&d=mm&r=pg","contentUrl":"https:\/\/secure.gravatar.com\/avatar\/302e97e92e7af782a610726384aeae742b0e168e418426880e2c48145c25f113?s=96&d=mm&r=pg","caption":"Thomas Hitzlsperger"},"url":"https:\/\/blog.zeit.de\/stoerungsmelder\/author\/thomas-hitzlsperger"}]}},"jetpack_featured_media_url":"","jetpack_sharing_enabled":true,"_links":{"self":[{"href":"https:\/\/blog.zeit.de\/stoerungsmelder\/wp-json\/wp\/v2\/posts\/207","targetHints":{"allow":["GET"]}}],"collection":[{"href":"https:\/\/blog.zeit.de\/stoerungsmelder\/wp-json\/wp\/v2\/posts"}],"about":[{"href":"https:\/\/blog.zeit.de\/stoerungsmelder\/wp-json\/wp\/v2\/types\/post"}],"author":[{"embeddable":true,"href":"https:\/\/blog.zeit.de\/stoerungsmelder\/wp-json\/wp\/v2\/users\/235"}],"replies":[{"embeddable":true,"href":"https:\/\/blog.zeit.de\/stoerungsmelder\/wp-json\/wp\/v2\/comments?post=207"}],"version-history":[{"count":0,"href":"https:\/\/blog.zeit.de\/stoerungsmelder\/wp-json\/wp\/v2\/posts\/207\/revisions"}],"wp:attachment":[{"href":"https:\/\/blog.zeit.de\/stoerungsmelder\/wp-json\/wp\/v2\/media?parent=207"}],"wp:term":[{"taxonomy":"category","embeddable":true,"href":"https:\/\/blog.zeit.de\/stoerungsmelder\/wp-json\/wp\/v2\/categories?post=207"},{"taxonomy":"post_tag","embeddable":true,"href":"https:\/\/blog.zeit.de\/stoerungsmelder\/wp-json\/wp\/v2\/tags?post=207"}],"curies":[{"name":"wp","href":"https:\/\/api.w.org\/{rel}","templated":true}]}}