{"id":20825,"date":"2015-11-27T14:52:52","date_gmt":"2015-11-27T13:52:52","guid":{"rendered":"http:\/\/blog.zeit.de\/stoerungsmelder\/?p=20825"},"modified":"2015-11-27T14:52:52","modified_gmt":"2015-11-27T13:52:52","slug":"haftstrafe-nach-nazi-angriff-auf-wahlparty-in-dortmund","status":"publish","type":"post","link":"https:\/\/blog.zeit.de\/stoerungsmelder\/2015\/11\/27\/haftstrafe-nach-nazi-angriff-auf-wahlparty-in-dortmund_20825","title":{"rendered":"Haftstrafe nach Nazi-Angriff auf Wahlparty in Dortmund"},"content":{"rendered":"<p><figure id=\"attachment_37947\" aria-describedby=\"caption-attachment-37947\" style=\"width: 638px\" class=\"wp-caption aligncenter\"><a href=\"http:\/\/nordstadtblogger.de\/37933\/rathaussturm-prozess-wahlabend-daniel-grebe-christian-gebel_5800-nsb\" rel=\"attachment wp-att-37947\"><img loading=\"lazy\" decoding=\"async\" class=\"wp-image-37947\" src=\"http:\/\/nordstadtblogger.de\/wp-content\/uploads\/2015\/11\/Rathaussturm-Prozess-Wahlabend-Daniel-Grebe-Christian-Gebel_5800-NSB.jpg\" alt=\"Neonazi-Politiker Daniel Grebe wurde zu insgesamt 22 Monaten Freiheitsstrafe ohne Bew\u00e4hrung verurteilt.\" width=\"638\" height=\"436\" \/><\/a><figcaption id=\"caption-attachment-37947\" class=\"wp-caption-text\">Neonazi-Politiker Daniel Grebe wurde zu insgesamt 22 Monaten Freiheitsstrafe ohne Bew\u00e4hrung verurteilt.<\/figcaption><\/figure><\/p>\n<p>22 Monate Freiheitsstrafe ohne Bew\u00e4hrung: Dieses deutliche Urteil des Dortmunder Sch\u00f6ffengerichts d\u00fcrfte Daniel Grebe \u00fcberrascht haben. Der Neonazi, der f\u00fcr die Splitter-Partei \u201eDie Rechte\u201c in der Bezirksvertretung Scharnhorst sitzt, hat vor dem Amtsgericht in Dortmund gleich zwei Freiheitsstrafen kassiert. Im August war der erste Anlauf geplatzt \u2013 einer der Sch\u00f6ffen hatte selbst auf der Rathaustreppe gestanden.<!--more--><\/p>\n<p><em><a href=\"http:\/\/nordstadtblogger.de\/category\/rechtsextremismus\" target=\"_blank\">Ein Gastbeitrag von Nordstadtblogger.de <\/a><\/em><\/p>\n<p><b>Angeklagter stand unter Bew\u00e4hrung \u2013 daher wurden nun Haftstrafen verh\u00e4ngt<\/b><\/p>\n<p><figure id=\"attachment_37951\" aria-describedby=\"caption-attachment-37951\" style=\"width: 300px\" class=\"wp-caption alignleft\"><a href=\"http:\/\/nordstadtblogger.de\/37933\/rathaussturm-prozess-wahlabend-daniel-grebe-christian-gebel_5832-nsb\" rel=\"attachment wp-att-37951\"><img loading=\"lazy\" decoding=\"async\" class=\"wp-image-37951 size-medium\" src=\"http:\/\/nordstadtblogger.de\/wp-content\/uploads\/2015\/11\/Rathaussturm-Prozess-Wahlabend-Daniel-Grebe-Christian-Gebel_5832-NSB-300x181.jpg\" alt=\"Piraten-Politiker Christian Gebel wurde von der Bierflasche getroffen und am Kopf verletzt.\" width=\"300\" height=\"181\" \/><\/a><figcaption id=\"caption-attachment-37951\" class=\"wp-caption-text\">Piraten-Politiker Christian Gebel wurde von der Bierflasche getroffen und am Kopf verletzt.<\/figcaption><\/figure><\/p>\n<p>Zur Last gelegt wurde ihm ein Flaschenwurf am Wahlabend (25. Mai 2014) vor dem Dortmunder Rathaus, wo Grebe den Piraten-Politiker Christian Gebel am Kopf verletzte.<\/p>\n<p>Au\u00dferdem sah es das Sch\u00f6ffengericht f\u00fcr erwiesen an, dass Daniel Grebe in der Silvesternacht (1. Januar 2015) auf dem Wilhelmplatz in Dorstfeld gezielt einen B\u00f6ller auf Polizisten geschleudert hat.<\/p>\n<p>Entscheidend f\u00fcr das Urteil ohne Bew\u00e4hrung war allerdings der Umstand, dass der Verurteilte zumindest w\u00e4hrend der Tat in der Silvesternacht\u00a0noch unter Bew\u00e4hrungsauflagen stand.<\/p>\n<p><b>Vier einschl\u00e4gige Vorstrafen\u00a0 \u2013 u.a. wegen gef\u00e4hrlicher K\u00f6rperverletzung<\/b><\/p>\n<p>Insgesamt vier Vorstrafen, u.a. wegen gemeinschaftlicher gef\u00e4hrlicher und versuchter K\u00f6rperverletzung, uneidlicher Falschaussage, Bedrohung, Landfriedensbruchs und Verst\u00f6\u00dfen gegen das Versammlungsgesetz hat der aus dem nordhessischen Schwalmstadt stammende Rechtsextremist bereits kassiert.<\/p>\n<p>Anl\u00e4sslich des 66. Jahrestages der Bombardierung Dresdens im Jahr 2011 war Grebe mit rund 1000 teils vermummten Rechtsextremen in der s\u00e4chsischen Landeshauptstadt unterwegs.<\/p>\n<p>Die Dresdner Richter verurteilten Grebe 2014, weil er drei Jahre zuvor \u2013 vermummt und mit Kameraden \u2013 Polizeibeamte mit Pyrotechnik, Steinen, Betonresten und Zwillen attackiert hatte. Au\u00dferdem h\u00e4tten er und seine Kameraden massiven Widerstand gegen die Festnahme geleistet. \u201eB\u00fcrgerkriegs\u00e4hnliche Zust\u00e4nde\u201c h\u00e4tten in Dresden geherrscht.<\/p>\n<p><b>Dresdner Richter fielen auf angebliche Distanzierung von der Neonazis-Szene rein<\/b><\/p>\n<p><figure id=\"attachment_37949\" aria-describedby=\"caption-attachment-37949\" style=\"width: 300px\" class=\"wp-caption alignright\"><a href=\"http:\/\/nordstadtblogger.de\/37933\/rathaussturm-prozess-wahlabend-daniel-grebe-christian-gebel_5821-nsb\" rel=\"attachment wp-att-37949\"><img loading=\"lazy\" decoding=\"async\" class=\"wp-image-37949 size-medium\" src=\"http:\/\/nordstadtblogger.de\/wp-content\/uploads\/2015\/11\/Rathaussturm-Prozess-Wahlabend-Daniel-Grebe-Christian-Gebel_5821-NSB-300x225.jpg\" alt=\"Neonazi-Politiker Daniel Grebe wurde zu insgesamt 22 Monaten Freiheitsstrafe ohne Bew\u00e4hrung verurteilt.\" width=\"300\" height=\"225\" \/><\/a><figcaption id=\"caption-attachment-37949\" class=\"wp-caption-text\">Neonazi-Politiker Daniel Grebe wurde zu insgesamt 22 Monaten Freiheitsstrafe ohne Bew\u00e4hrung verurteilt.<\/figcaption><\/figure><\/p>\n<p>Trotz dieser massiven Vorw\u00fcrfe verh\u00e4ngte das Gericht damals \u201enur\u201c eine Bew\u00e4hrungsstrafe \u2013 u.a. auch deshalb, weil Grebe alle Vorw\u00fcrfe gestanden und sich vom Rechtsextremismus distanziert hatte.<\/p>\n<p>Denn der Neonazi hatte in Dresden behauptet, dass er sich von seinen damaligen Kameraden losgesagt habe und sogar extra von Schwalmstadt nach Dortmund umgezogen sei. Auf die Idee, dort einmal nachzuforschen, kamen die Richter damals wohl nicht.<\/p>\n<p>Seit 2012 lebt Daniel\u00a0Grebe in der Ruhr-Metropole \u2013 in Dorstfeld \u2013 \u00a0und studiert hier Wirtschaftswissenschaften. Mit dem Rechtsextremismus wolle er nichts mehr zu tun haben, sagte er den Dresdner Richtern. Dass er allerdings da schon zum harten Kern der Dortmunder Neonazis geh\u00f6rte, lie\u00df er unerw\u00e4hnt.<\/p>\n<p><b>Staatsanwaltschaft und Richter erkannten keine strafmildernden Umst\u00e4nde<\/b><\/p>\n<p>Seine einschl\u00e4gigen Vorstrafen holten den Politiker jetzt allerdings ein. Weder wollte das Gericht das Teilgest\u00e4ndnis noch seine Lebensumst\u00e4nde \u2013 er ist ein erfolgreicher Student der Wirtschaftswissenschaften und junger Familienvater \u2013 als mildernd anerkennen.<\/p>\n<p>Denn beim Gest\u00e4ndnis gab Grebe wenig glaubhaft vor, dass er ja mit seinem Flaschenwurf w\u00e4hrend des sogenannten \u201eRathaussturms\u201c niemanden habe verletzen wollen. Auch zeigte er weder Reue noch entschuldigte er sich bei dem Piraten-Politiker.<\/p>\n<p>Au\u00dferdem w\u00e4re ihm die Tat auch ohne Gest\u00e4ndnis nachzuweisen gewesen: Fotos, Videos und Zeugenaussagen machten deutlich, dass Grebe absichtlich, gezielt und mit voller Wucht die Bierflasche in die Gruppe vor sich geschleudert hatte.<\/p>\n<p><b>Keine Notwehrsituation als strafmildernder Umstand zu erkennen<\/b><\/p>\n<p><figure id=\"attachment_11936\" aria-describedby=\"caption-attachment-11936\" style=\"width: 379px\" class=\"wp-caption aligncenter\"><a href=\"http:\/\/nordstadtblogger.de\/11934\/wahlabend-25-05-2014-neonazi-ausschreitungen_3277-nsb\" rel=\"attachment wp-att-11936\"><img loading=\"lazy\" decoding=\"async\" class=\"wp-image-11936\" src=\"http:\/\/nordstadtblogger.de\/wp-content\/uploads\/2014\/05\/Wahlabend-25.05.2014-Neonazi-Ausschreitungen_3277-NSB-e1401067029269-300x144.jpg\" alt=\"Neonazi-Ausschreitungen \u00fcberschatteten den Wahlabend in Dortmund\" width=\"379\" height=\"182\" \/><\/a><figcaption id=\"caption-attachment-11936\" class=\"wp-caption-text\">Neonazi-Ausschreitungen \u00fcberschatteten den Wahlabend in Dortmund<\/figcaption><\/figure><\/p>\n<p>Dadurch, dass er aus nur drei Metern Entfernung die Flasche mit voller Wucht geschleudert hatte, habe er billigend auch schwere Verletzungen in Kauf genommen, betonte der Vorsitzende Richter Mattern. Es sei pures Gl\u00fcck, dass es keine schweren Verletzungen gegeben habe.<\/p>\n<p>Auch konnten weder Staatsanwalt noch Gericht eine irgendwie geartete Notwehrsituation erkennen.\u00a0Darauf hoben sowohl Grebe als auch sein Rechtsanwalt ab und versuchten, auch w\u00e4hrend der Zeugenaussagen, die Neonazis als Opfer eines gewaltt\u00e4tigen Mobs darzustellen.<\/p>\n<p>Gewisse Sch\u00fctzenhilfe bekamen sie dabei vom Leiter der Ermittlungsgruppe \u201eRathaus\u201c, der auf die N\u00f6tigungen abhob. Doch diese standen hier nicht vor Gericht. Es ging einzig und allein um die K\u00f6rperverletzungsvorw\u00fcrfe.<\/p>\n<p><b>B\u00f6llerwurf auf Polizisten in der Silvesternacht auf dem Wilhelmplatz<\/b><\/p>\n<p>Weniger eindeutig war die Situation in der Neujahrsnacht auf dem Wilhelmplatz: Dort wurde Grebe zur Last gelegt, gezielt einen B\u00f6ller in Richtung von Polizeibeamten geworfen zu haben. Mehrere Beamte best\u00e4tigten den Vorfall.<\/p>\n<p>Aber nur ein Beamter, der Grebe auch erkannt hatte, ihm nachgesetzt war und ihn auch festnahm, hatte ihn zweifelsfrei als Werfer identifiziert.\u00a0Obwohl hier Aussage gegen Aussage stand, glaubte das Gericht dem Polizisten. Dieser habe keinen Grund, die Unwahrheit zu sagen.<\/p>\n<p>Staatsanwalt und Gericht entschieden letztendlich so, weil Grebe genau wegen desselben Delikts (Einsatz von Pyrotechnik gegen Polizisten) schon sechs Monate zuvor verurteilt wurde. Deshalb stand er unter Bew\u00e4hrung.<\/p>\n<p>Bew\u00e4hrungshelfer, Staatsanwalt und Richter erkannten daher auch dieses Mal keine g\u00fcnstige Sozialprognose. Denn sowohl\u00a0das Studium als auch\u00a0der Umstand, dass\u00a0er ein einj\u00e4hriges Kind habe, h\u00e4tten Grebe nicht an seinen neuen Straftaten gehindert.<\/p>\n<p><b>Sch\u00f6ffengericht verh\u00e4ngt zwei Freiheitsstrafen ohne Bew\u00e4hrung<\/b><\/p>\n<p>F\u00fcr den Flaschenwurf gegen Christian Gebel bildete das Sch\u00f6ffengericht mit der Bew\u00e4hrungsstrafe aus Dresden eine Gesamtstrafe von einem Jahr und vier Monaten Freiheitsstrafe ohne Bew\u00e4hrung. Eine separat verh\u00e4ngte Freiheitsstrafe gab es f\u00fcr den B\u00f6llerwurf: Hierf\u00fcr wurde der 25-J\u00e4hrige zu sechs Monaten ohne Bew\u00e4hrung verurteilt. Das Urteil ist allerdings noch nicht rechtskr\u00e4ftig. Grebe hat jetzt eine Woche nach Zugang des schriftlichen Urteils Zeit, um in die Berufung zu gehen oder eine Revision zu beantragen.<\/p>\n<p><b>Bei einer Haftstrafe w\u00fcrde Grebe seinen Sitz in der BV Scharnhorst verlieren<\/b><\/p>\n<p><figure id=\"attachment_29595\" aria-describedby=\"caption-attachment-29595\" style=\"width: 300px\" class=\"wp-caption alignleft\"><a href=\"http:\/\/nordstadtblogger.de\/29566\/neonazi-demo-23-08-2015-andre-p_0380-nsb\" rel=\"attachment wp-att-29595\"><img loading=\"lazy\" decoding=\"async\" class=\"wp-image-29595 size-medium\" src=\"http:\/\/nordstadtblogger.de\/wp-content\/uploads\/2015\/06\/Neonazi-Demo-23.08.2015-Andre-P_0380-NSB-300x200.jpeg\" alt=\"Am 23. August 2014 hat P. Medienvertreter beschimpft und bedroht - und einen attackiert.\" width=\"300\" height=\"200\" \/><\/a><figcaption id=\"caption-attachment-29595\" class=\"wp-caption-text\">Am 23. August 2014 hat P. Medienvertreter beschimpft und bedroht &#8211; und einen attackiert.<\/figcaption><\/figure><\/p>\n<p>Sollte das Urteil gegen Grebe rechtskr\u00e4ftig werden, w\u00fcrde der Politiker der Partei \u201eDie Rechte\u201c wegen der\u00a0Freiheitsstrafe von mehr als einem Jahr kraft Gesetz seine Amtsf\u00e4higkeit und damit auch sein \u201eAmt\u201c als Bezirksvertreter in Scharnhorst verlieren.<\/p>\n<p>Wenn die Partei denn einen Nachfolger br\u00e4uchte, w\u00e4re Andr\u00e9 P. der gesetzte Nachfolger. Der Neonazi hat eine \u00e4hnlich \u201ezur\u00fcckhaltende\u201c Art wie Grebe: Der 24-j\u00e4hrige Skinhead musste sich im Juni an gleicher Stelle wegen K\u00f6rperverletzung und Beleidigung verantworten, weil er mehrfach Journalisten attackiert und beleidigt hatte.<\/p>\n<div class=\"pf-content\">\n<p><strong>Mehr zum Thema auf Nordstadtblogger.de:<\/strong><\/p>\n<ul>\n<li><a title=\"Erstes \u201eRathaus-Sturm\u201c-Verfahren: Neonazi wegen K\u00f6rperverletzung und versuchter N\u00f6tigung verurteilt\" href=\"http:\/\/nordstadtblogger.de\/31183\">Erstes \u201eRathaus-Sturm\u201c-Verfahren: Neonazi wegen K\u00f6rperverletzung und versuchter N\u00f6tigung verurteilt<\/a><\/li>\n<li><a title=\"Rathaussturm: Neonazi entging bei seiner zw\u00f6lften Verurteilung knapp einer Haftstrafe wegen K\u00f6rperverletzung\" href=\"http:\/\/nordstadtblogger.de\/31967\">Rathaussturm: Neonazi entging bei seiner zw\u00f6lften Verurteilung knapp einer Haftstrafe wegen K\u00f6rperverletzung<\/a><\/li>\n<li><a title=\"Staatsanwaltschaft zum Wahlabend: 17 Strafbefehle gegen Demokraten \u2013 sieben Strafverfahren gegen Neonazis\" href=\"http:\/\/nordstadtblogger.de\/25487\">Staatsanwaltschaft zum Wahlabend: 17 Strafbefehle gegen Demokraten \u2013 sieben Strafverfahren gegen Neonazis<\/a><\/li>\n<li><a title=\"Der dritte Rathaussturm-Prozess ist geplatzt: Ein Sch\u00f6ffe stand selbst am Wahlabend auf der Rathaustreppe\" href=\"http:\/\/nordstadtblogger.de\/32217\">Der dritte Rathaussturm-Prozess ist geplatzt: Ein Sch\u00f6ffe stand selbst am Wahlabend auf der Rathaustreppe<\/a><\/li>\n<li><a href=\"http:\/\/nordstadtblogger.de\/category\/rechtsextremismus\" target=\"_blank\">Weitere Berichte zum Thema Rechtsextremismus auf Nordstadtblogger.de gibt es hier<\/a><\/li>\n<\/ul>\n<\/div>\n","protected":false},"excerpt":{"rendered":"<p>22 Monate Freiheitsstrafe ohne Bew\u00e4hrung: Dieses deutliche Urteil des Dortmunder Sch\u00f6ffengerichts d\u00fcrfte Daniel Grebe \u00fcberrascht haben. Der Neonazi, der f\u00fcr die Splitter-Partei \u201eDie Rechte\u201c in der Bezirksvertretung Scharnhorst sitzt, hat vor dem Amtsgericht in Dortmund gleich zwei Freiheitsstrafen kassiert. Im August war der erste Anlauf geplatzt \u2013 einer der Sch\u00f6ffen hatte selbst auf der Rathaustreppe [&hellip;]<\/p>\n","protected":false},"author":229,"featured_media":16408,"comment_status":"open","ping_status":"open","sticky":false,"template":"","format":"standard","meta":{"_jetpack_memberships_contains_paid_content":false,"footnotes":""},"categories":[1291],"tags":[],"class_list":["post-20825","post","type-post","status-publish","format-standard","has-post-thumbnail","hentry","category-nordrhein-westfalen"],"yoast_head":"<!-- This site is optimized with the Yoast SEO plugin v21.0 - https:\/\/yoast.com\/wordpress\/plugins\/seo\/ -->\n<title>Haftstrafe nach Nazi-Angriff auf Wahlparty in Dortmund - St\u00f6rungsmelder<\/title>\n<meta name=\"robots\" content=\"index, follow, max-snippet:-1, max-image-preview:large, max-video-preview:-1\" \/>\n<link rel=\"canonical\" href=\"https:\/\/blog.zeit.de\/stoerungsmelder\/2015\/11\/27\/haftstrafe-nach-nazi-angriff-auf-wahlparty-in-dortmund_20825\" \/>\n<meta property=\"og:locale\" content=\"de_DE\" \/>\n<meta property=\"og:type\" content=\"article\" \/>\n<meta property=\"og:title\" content=\"Haftstrafe nach Nazi-Angriff auf Wahlparty in Dortmund - St\u00f6rungsmelder\" \/>\n<meta property=\"og:description\" content=\"22 Monate Freiheitsstrafe ohne Bew\u00e4hrung: Dieses deutliche Urteil des Dortmunder Sch\u00f6ffengerichts d\u00fcrfte Daniel Grebe \u00fcberrascht haben. Der Neonazi, der f\u00fcr die Splitter-Partei \u201eDie Rechte\u201c in der Bezirksvertretung Scharnhorst sitzt, hat vor dem Amtsgericht in Dortmund gleich zwei Freiheitsstrafen kassiert. Im August war der erste Anlauf geplatzt \u2013 einer der Sch\u00f6ffen hatte selbst auf der Rathaustreppe [&hellip;]\" \/>\n<meta property=\"og:url\" content=\"https:\/\/blog.zeit.de\/stoerungsmelder\/2015\/11\/27\/haftstrafe-nach-nazi-angriff-auf-wahlparty-in-dortmund_20825\" \/>\n<meta property=\"og:site_name\" content=\"St\u00f6rungsmelder\" \/>\n<meta property=\"article:published_time\" content=\"2015-11-27T13:52:52+00:00\" \/>\n<meta property=\"og:image\" content=\"https:\/\/blog.zeit.de\/stoerungsmelder\/files\/2014\/05\/Wahlabend-25.05.2014-Neonazi-Ausschreitungen_3277.jpeg\" \/>\n\t<meta property=\"og:image:width\" content=\"1280\" \/>\n\t<meta property=\"og:image:height\" content=\"785\" \/>\n\t<meta property=\"og:image:type\" content=\"image\/jpeg\" \/>\n<meta name=\"author\" content=\"St\u00f6rungsmelder\" \/>\n<meta name=\"twitter:card\" content=\"summary_large_image\" \/>\n<meta name=\"twitter:label1\" content=\"Geschrieben von\" \/>\n\t<meta name=\"twitter:data1\" content=\"St\u00f6rungsmelder\" \/>\n\t<meta name=\"twitter:label2\" content=\"Gesch\u00e4tzte Lesezeit\" \/>\n\t<meta name=\"twitter:data2\" content=\"6\u00a0Minuten\" \/>\n<script type=\"application\/ld+json\" class=\"yoast-schema-graph\">{\"@context\":\"https:\/\/schema.org\",\"@graph\":[{\"@type\":\"WebPage\",\"@id\":\"https:\/\/blog.zeit.de\/stoerungsmelder\/2015\/11\/27\/haftstrafe-nach-nazi-angriff-auf-wahlparty-in-dortmund_20825\",\"url\":\"https:\/\/blog.zeit.de\/stoerungsmelder\/2015\/11\/27\/haftstrafe-nach-nazi-angriff-auf-wahlparty-in-dortmund_20825\",\"name\":\"Haftstrafe nach Nazi-Angriff auf Wahlparty in Dortmund - St\u00f6rungsmelder\",\"isPartOf\":{\"@id\":\"https:\/\/blog.zeit.de\/stoerungsmelder\/#website\"},\"datePublished\":\"2015-11-27T13:52:52+00:00\",\"dateModified\":\"2015-11-27T13:52:52+00:00\",\"author\":{\"@id\":\"https:\/\/blog.zeit.de\/stoerungsmelder\/#\/schema\/person\/fdd0b9818f65738672810b6d6f037f71\"},\"breadcrumb\":{\"@id\":\"https:\/\/blog.zeit.de\/stoerungsmelder\/2015\/11\/27\/haftstrafe-nach-nazi-angriff-auf-wahlparty-in-dortmund_20825#breadcrumb\"},\"inLanguage\":\"de\",\"potentialAction\":[{\"@type\":\"ReadAction\",\"target\":[\"https:\/\/blog.zeit.de\/stoerungsmelder\/2015\/11\/27\/haftstrafe-nach-nazi-angriff-auf-wahlparty-in-dortmund_20825\"]}]},{\"@type\":\"BreadcrumbList\",\"@id\":\"https:\/\/blog.zeit.de\/stoerungsmelder\/2015\/11\/27\/haftstrafe-nach-nazi-angriff-auf-wahlparty-in-dortmund_20825#breadcrumb\",\"itemListElement\":[{\"@type\":\"ListItem\",\"position\":1,\"name\":\"Startseite\",\"item\":\"https:\/\/blog.zeit.de\/stoerungsmelder\"},{\"@type\":\"ListItem\",\"position\":2,\"name\":\"Haftstrafe nach Nazi-Angriff auf Wahlparty in Dortmund\"}]},{\"@type\":\"WebSite\",\"@id\":\"https:\/\/blog.zeit.de\/stoerungsmelder\/#website\",\"url\":\"https:\/\/blog.zeit.de\/stoerungsmelder\/\",\"name\":\"St\u00f6rungsmelder\",\"description\":\"Recherchen und Analysen \u00fcber die extreme Rechte\",\"potentialAction\":[{\"@type\":\"SearchAction\",\"target\":{\"@type\":\"EntryPoint\",\"urlTemplate\":\"https:\/\/blog.zeit.de\/stoerungsmelder\/?s={search_term_string}\"},\"query-input\":\"required name=search_term_string\"}],\"inLanguage\":\"de\"},{\"@type\":\"Person\",\"@id\":\"https:\/\/blog.zeit.de\/stoerungsmelder\/#\/schema\/person\/fdd0b9818f65738672810b6d6f037f71\",\"name\":\"St\u00f6rungsmelder\",\"image\":{\"@type\":\"ImageObject\",\"inLanguage\":\"de\",\"@id\":\"https:\/\/blog.zeit.de\/stoerungsmelder\/#\/schema\/person\/image\/\",\"url\":\"https:\/\/secure.gravatar.com\/avatar\/dfa4be514c3e82a71e4f9a0020035d38192d080ccaa5e4e6d7a1472c763535c5?s=96&d=mm&r=pg\",\"contentUrl\":\"https:\/\/secure.gravatar.com\/avatar\/dfa4be514c3e82a71e4f9a0020035d38192d080ccaa5e4e6d7a1472c763535c5?s=96&d=mm&r=pg\",\"caption\":\"St\u00f6rungsmelder\"},\"url\":\"https:\/\/blog.zeit.de\/stoerungsmelder\/author\/stoerungsmelder\"}]}<\/script>\n<!-- \/ Yoast SEO plugin. -->","yoast_head_json":{"title":"Haftstrafe nach Nazi-Angriff auf Wahlparty in Dortmund - St\u00f6rungsmelder","robots":{"index":"index","follow":"follow","max-snippet":"max-snippet:-1","max-image-preview":"max-image-preview:large","max-video-preview":"max-video-preview:-1"},"canonical":"https:\/\/blog.zeit.de\/stoerungsmelder\/2015\/11\/27\/haftstrafe-nach-nazi-angriff-auf-wahlparty-in-dortmund_20825","og_locale":"de_DE","og_type":"article","og_title":"Haftstrafe nach Nazi-Angriff auf Wahlparty in Dortmund - St\u00f6rungsmelder","og_description":"22 Monate Freiheitsstrafe ohne Bew\u00e4hrung: Dieses deutliche Urteil des Dortmunder Sch\u00f6ffengerichts d\u00fcrfte Daniel Grebe \u00fcberrascht haben. Der Neonazi, der f\u00fcr die Splitter-Partei \u201eDie Rechte\u201c in der Bezirksvertretung Scharnhorst sitzt, hat vor dem Amtsgericht in Dortmund gleich zwei Freiheitsstrafen kassiert. Im August war der erste Anlauf geplatzt \u2013 einer der Sch\u00f6ffen hatte selbst auf der Rathaustreppe [&hellip;]","og_url":"https:\/\/blog.zeit.de\/stoerungsmelder\/2015\/11\/27\/haftstrafe-nach-nazi-angriff-auf-wahlparty-in-dortmund_20825","og_site_name":"St\u00f6rungsmelder","article_published_time":"2015-11-27T13:52:52+00:00","og_image":[{"width":1280,"height":785,"url":"https:\/\/blog.zeit.de\/stoerungsmelder\/files\/2014\/05\/Wahlabend-25.05.2014-Neonazi-Ausschreitungen_3277.jpeg","type":"image\/jpeg"}],"author":"St\u00f6rungsmelder","twitter_card":"summary_large_image","twitter_misc":{"Geschrieben von":"St\u00f6rungsmelder","Gesch\u00e4tzte Lesezeit":"6\u00a0Minuten"},"schema":{"@context":"https:\/\/schema.org","@graph":[{"@type":"WebPage","@id":"https:\/\/blog.zeit.de\/stoerungsmelder\/2015\/11\/27\/haftstrafe-nach-nazi-angriff-auf-wahlparty-in-dortmund_20825","url":"https:\/\/blog.zeit.de\/stoerungsmelder\/2015\/11\/27\/haftstrafe-nach-nazi-angriff-auf-wahlparty-in-dortmund_20825","name":"Haftstrafe nach Nazi-Angriff auf Wahlparty in Dortmund - St\u00f6rungsmelder","isPartOf":{"@id":"https:\/\/blog.zeit.de\/stoerungsmelder\/#website"},"datePublished":"2015-11-27T13:52:52+00:00","dateModified":"2015-11-27T13:52:52+00:00","author":{"@id":"https:\/\/blog.zeit.de\/stoerungsmelder\/#\/schema\/person\/fdd0b9818f65738672810b6d6f037f71"},"breadcrumb":{"@id":"https:\/\/blog.zeit.de\/stoerungsmelder\/2015\/11\/27\/haftstrafe-nach-nazi-angriff-auf-wahlparty-in-dortmund_20825#breadcrumb"},"inLanguage":"de","potentialAction":[{"@type":"ReadAction","target":["https:\/\/blog.zeit.de\/stoerungsmelder\/2015\/11\/27\/haftstrafe-nach-nazi-angriff-auf-wahlparty-in-dortmund_20825"]}]},{"@type":"BreadcrumbList","@id":"https:\/\/blog.zeit.de\/stoerungsmelder\/2015\/11\/27\/haftstrafe-nach-nazi-angriff-auf-wahlparty-in-dortmund_20825#breadcrumb","itemListElement":[{"@type":"ListItem","position":1,"name":"Startseite","item":"https:\/\/blog.zeit.de\/stoerungsmelder"},{"@type":"ListItem","position":2,"name":"Haftstrafe nach Nazi-Angriff auf Wahlparty in Dortmund"}]},{"@type":"WebSite","@id":"https:\/\/blog.zeit.de\/stoerungsmelder\/#website","url":"https:\/\/blog.zeit.de\/stoerungsmelder\/","name":"St\u00f6rungsmelder","description":"Recherchen und Analysen \u00fcber die extreme Rechte","potentialAction":[{"@type":"SearchAction","target":{"@type":"EntryPoint","urlTemplate":"https:\/\/blog.zeit.de\/stoerungsmelder\/?s={search_term_string}"},"query-input":"required name=search_term_string"}],"inLanguage":"de"},{"@type":"Person","@id":"https:\/\/blog.zeit.de\/stoerungsmelder\/#\/schema\/person\/fdd0b9818f65738672810b6d6f037f71","name":"St\u00f6rungsmelder","image":{"@type":"ImageObject","inLanguage":"de","@id":"https:\/\/blog.zeit.de\/stoerungsmelder\/#\/schema\/person\/image\/","url":"https:\/\/secure.gravatar.com\/avatar\/dfa4be514c3e82a71e4f9a0020035d38192d080ccaa5e4e6d7a1472c763535c5?s=96&d=mm&r=pg","contentUrl":"https:\/\/secure.gravatar.com\/avatar\/dfa4be514c3e82a71e4f9a0020035d38192d080ccaa5e4e6d7a1472c763535c5?s=96&d=mm&r=pg","caption":"St\u00f6rungsmelder"},"url":"https:\/\/blog.zeit.de\/stoerungsmelder\/author\/stoerungsmelder"}]}},"jetpack_featured_media_url":"https:\/\/blog.zeit.de\/stoerungsmelder\/files\/2014\/05\/Wahlabend-25.05.2014-Neonazi-Ausschreitungen_3277.jpeg","jetpack_sharing_enabled":true,"_links":{"self":[{"href":"https:\/\/blog.zeit.de\/stoerungsmelder\/wp-json\/wp\/v2\/posts\/20825","targetHints":{"allow":["GET"]}}],"collection":[{"href":"https:\/\/blog.zeit.de\/stoerungsmelder\/wp-json\/wp\/v2\/posts"}],"about":[{"href":"https:\/\/blog.zeit.de\/stoerungsmelder\/wp-json\/wp\/v2\/types\/post"}],"author":[{"embeddable":true,"href":"https:\/\/blog.zeit.de\/stoerungsmelder\/wp-json\/wp\/v2\/users\/229"}],"replies":[{"embeddable":true,"href":"https:\/\/blog.zeit.de\/stoerungsmelder\/wp-json\/wp\/v2\/comments?post=20825"}],"version-history":[{"count":1,"href":"https:\/\/blog.zeit.de\/stoerungsmelder\/wp-json\/wp\/v2\/posts\/20825\/revisions"}],"predecessor-version":[{"id":20826,"href":"https:\/\/blog.zeit.de\/stoerungsmelder\/wp-json\/wp\/v2\/posts\/20825\/revisions\/20826"}],"wp:featuredmedia":[{"embeddable":true,"href":"https:\/\/blog.zeit.de\/stoerungsmelder\/wp-json\/wp\/v2\/media\/16408"}],"wp:attachment":[{"href":"https:\/\/blog.zeit.de\/stoerungsmelder\/wp-json\/wp\/v2\/media?parent=20825"}],"wp:term":[{"taxonomy":"category","embeddable":true,"href":"https:\/\/blog.zeit.de\/stoerungsmelder\/wp-json\/wp\/v2\/categories?post=20825"},{"taxonomy":"post_tag","embeddable":true,"href":"https:\/\/blog.zeit.de\/stoerungsmelder\/wp-json\/wp\/v2\/tags?post=20825"}],"curies":[{"name":"wp","href":"https:\/\/api.w.org\/{rel}","templated":true}]}}