{"id":20866,"date":"2015-12-28T12:45:22","date_gmt":"2015-12-28T11:45:22","guid":{"rendered":"http:\/\/blog.zeit.de\/stoerungsmelder\/?p=20866"},"modified":"2015-12-30T14:59:51","modified_gmt":"2015-12-30T13:59:51","slug":"vordenker-der-volkischen","status":"publish","type":"post","link":"https:\/\/blog.zeit.de\/stoerungsmelder\/2015\/12\/28\/vordenker-der-volkischen_20866","title":{"rendered":"Vordenker der V\u00f6lkischen"},"content":{"rendered":"<p><figure id=\"attachment_17822\" aria-describedby=\"caption-attachment-17822\" style=\"width: 540px\" class=\"wp-caption aligncenter\"><img loading=\"lazy\" decoding=\"async\" class=\"wp-image-17822 size-full\" src=\"https:\/\/blog.zeit.de\/stoerungsmelder\/files\/2014\/11\/pegida-header.jpg\" alt=\"Die Vordenker von Pegida\" width=\"540\" height=\"322\" srcset=\"https:\/\/blog.zeit.de\/stoerungsmelder\/files\/2014\/11\/pegida-header.jpg 540w, https:\/\/blog.zeit.de\/stoerungsmelder\/files\/2014\/11\/pegida-header-300x178.jpg 300w\" sizes=\"auto, (max-width: 540px) 100vw, 540px\" \/><figcaption id=\"caption-attachment-17822\" class=\"wp-caption-text\">Mittlerweile sind es rund 15.000 Menschen, die in Dresden auf die Stra\u00dfe gehen.<\/figcaption><\/figure><\/p>\n<p><em>Das Institut f\u00fcr Staatspolitik, gegr\u00fcndet von den neurechten Publizisten Karlheinz Wei\u00dfmann und G\u00f6tz Kubitschek, legte Anfang des Jahrtausends den ideologischen Grundstein f\u00fcr Pegida und seine Ableger. Kubitschek und die Anh\u00e4nger von Pegida eint die Ablehnung von Islam und Migration, das Festhalten an einem v\u00f6lkischen Deutschlandbild und der Glaube an die linke Dominanz in Politik und Medien.<\/em> <!--more--><\/p>\n<p><em>Von Robert Fisher<\/em><\/p>\n<blockquote><p>&#8222;Wir leben in lauten Zeiten, wer nur leise ist, verzichtet von vornherein auf Einflussnahme. Es besteht kein Bedarf an mehr Beh\u00e4bigkeit. Was wir brauchen, sind rechte Spontis und eine konservative Spa\u00dfguerilla, also: Die Phantasie an die Macht!&#8220;<\/p><\/blockquote>\n<p>Diesen Appell formulierte der neurechte Historiker Karlheinz Wei\u00dfmann in seinem 2009 erschienenen &#8222;Konservativen Katechismus&#8220;. Was damals wie eine dunkle, aber unrealistische Zukunftsvision gewirkt haben mag, ist heute in Pegida und seinen Ablegern verwirklicht. Woche f\u00fcr Woche versammeln sie sich seit Oktober 2014, um lautstark und ohne R\u00fccksicht auf demokratische Gepflogenheiten ihr Gedankengut zu verbreiten.<\/p>\n<p>Auch aufmerksame Pegida-Beobachter d\u00fcrften in der Regel noch nie von Karlheinz Wei\u00dfmann geh\u00f6rt haben. Weder trat er bislang auf einer Veranstaltung der Bewegung auf noch solidarisierte er sich \u00f6ffentlich mit ihr. Trotzdem hat er einen wichtigen Beitrag zu ihrer Entstehung geleistet: Gemeinsam mit dem Publizisten G\u00f6tz Kubitschek gr\u00fcndete er im Jahr 2000 das <a href=\"http:\/\/www.netz-gegen-nazis.de\/lexikontext\/institut-fuer-staatspolitik-ifs\" target=\"_blank\">Institut f\u00fcr Staatspolitik<\/a> (IfS), seiner Wahrnehmung nach ein &#8222;Reemtsma-Instituts von rechts&#8220;. Unter dem Dach der rechtsintellektuellen Denkfabrik vernetzen sich seither Protagonisten der neurechten Szene und entwickeln politische Konzepte, die heute die Rhetorik von Pegida pr\u00e4gen.<\/p>\n<p>Die Institutsgr\u00fcnder z\u00e4hlen seit langer Zeit zu den Identifikationsfiguren der Szene: Kubitschek, vor der Gr\u00fcndung Redakteur der <em>Jungen Freiheit<\/em>, trat zuletzt selbst als Redner f\u00fcr Pegida und Legida sowie neben Compact-Chefredakteur J\u00fcrgen Els\u00e4sser als Unterst\u00fctzer der selbsternannten Widerstandsplattform &#8218;Ein Prozent f\u00fcr unser Land&#8216; auf. Dar\u00fcber hinaus leitet er den dem IfS nahestehenden Antaios-Verlag. Wei\u00dfmann, der sich im April 2014 aus unbekannten Gr\u00fcnden aus dem Institut zur\u00fcckzog, ist hauptberuflich Religions- und Geschichtslehrer an einem s\u00fcdnieders\u00e4chsischen Gymnasium. Seit 1989 ver\u00f6ffentlicht er historische Fachliteratur, zuletzt das im Junge-Freiheit-Verlag erschienene <em>Deutsche Geschichte f\u00fcr junge Leser<\/em>, das laut Wei\u00dfmann &#8222;den Heranwachsenden mit Stolz auf die Vergangenheit seines Volkes&#8220; erf\u00fcllen soll.<\/p>\n<p>Das IfS und die ihm nahestehende <em>Junge Freiheit<\/em> sind damit wichtiger Teil einer neurechten Gegen\u00f6ffentlichkeit fernab von Mainstream-Medien und etablierter Politik. Mit ihren Veranstaltungen und Ver\u00f6ffentlichungen vernetzen sie seit 15 Jahren die Identifikationsfiguren der Szene und beeinflussen ihre Agenda.<\/p>\n<p><strong>Erlesene G\u00e4steliste<\/strong><\/p>\n<p>Das Institut richtet mehrmals j\u00e4hrlich Themenkongresse aus, seit 2003 erscheint au\u00dferdem die hauseigene Zeitschrift <em>Sezession<\/em>. Bei Betrachtung der Beteiligten zeigen sich inhaltlich wie personell gro\u00dfe \u00dcberschneidungen mit dem Pegida-Milieu.<\/p>\n<p>Unter den Kongressg\u00e4sten waren bislang etwa der ehemalige CDU-Bundestagsabgeordnete Martin Hohmann, der im Jahr 2003 wegen der Relativierung der deutschen Kriegsschuld aus der Unionsfraktion ausgeschlossen wurde, sowie im Jahr zuvor der rechtskonservative Historiker Arnulf Baring, der schon damals in einem <em>FAZ<\/em>-Beitrag mit dem Titel <em>B\u00fcrger, auf die Barrikaden<\/em> zum b\u00fcrgerlichen Widerstand gegen die vermeintliche Ausbeutung aufrief.<\/p>\n<p>Der ehemalige <em>FAZ<\/em>-Redakteur <a href=\"http:\/\/www.zeit.de\/2014\/44\/medien-qualitaet-journalismus-vertrauen\" target=\"_blank\">Udo Ulfkotte<\/a>, der heute bei Pegida auftritt und zuletzt im Kopp-Verlag den Bestseller <em>Gekaufte Journalisten<\/em> ver\u00f6ffentlichte, hielt 2007 einen Vortrag mit dem Titel <em>Vorsto\u00df in die L\u00fccke \u2013 ein neues konservatives Programm<\/em>. Gast der diesj\u00e4hrigen Sommerakademie war auch der Staatsrechtler Karl Albrecht Schachtschneider, der aktuell eine Massenklage gegen die Asylpolitik der Bundesregierung vorbereitet.<\/p>\n<p>F\u00fcr die <em>Sezession<\/em> schrieb bislang unter anderem der rechte Anwalt und Publizist Thor von Waldstein, der auf der Onlineplattform der Zeitschrift seine Abhandlung <em>Zum politischen Widerstandsrecht der Deutschen<\/em> ver\u00f6ffentlichte. Der Pegida- und D\u00fcgida-Redner Baal M\u00fcller war mehrere Jahre lang Redaktionsmitglied und Institutsreferent.<\/p>\n<p><strong>Graswurzelrevolution und Vorb\u00fcrgerkrieg<\/strong><\/p>\n<p>Wirft man einen Blick in die Werke Kubitscheks und Wei\u00dfmanns gewinnt man den Eindruck, die beiden m\u00fcssten in Pegida einen lang ersehnten Wunsch verwirklicht sehen: Bereits 1989 forderte Letzterer eine &#8222;Graswurzelrevolution von rechts&#8220;. Kubitschek prognostizierte 2007 in einem Blogeintrag gar den &#8222;Vorb\u00fcrgerkrieg&#8220;, der sich entlang ethnischer, kultureller und religi\u00f6ser Bruchlinien andeute. Wer den B\u00fcrgerkrieg vermeiden wolle, m\u00fcsse demnach den Vorb\u00fcrgerkrieg annehmen und gewinnen.<\/p>\n<p>Ein Jahr sp\u00e4ter bekannte er sich zum Vorsatz, &#8222;die Substanz unserer Nation zu retten und ihr die M\u00f6glichkeit zu bewahren, wieder zu sich selbst zu gelangen und als die Mitte Europas auszustrahlen&#8220;. Gegner in diesem &#8222;geistigen B\u00fcrgerkrieg&#8220; w\u00e4ren demnach die &#8222;Lobbyisten der Zersetzung&#8220;. In dem 2006 unter dem Titel <em>Unsere Zeit kommt<\/em> ver\u00f6ffentlichten Zwiegespr\u00e4ch der beiden offenbart auch Wei\u00dfmann seine Angst vor dem Verlust der nationalen Identit\u00e4t: Als einzige Chance gegen die &#8222;Gefahr des Verl\u00f6schens oder der \u00e4u\u00dferen Zerst\u00f6rung&#8220; sieht er den Widerstand.<\/p>\n<p>Hier wird deutlich, dass die heute bestimmenden Narrative der Pegida-Bewegung bei Kubitschek und Wei\u00dfmann schon lange im Zentrum stehen. Dazu geh\u00f6rt auch die v\u00f6lkisch fundierte Ablehnung der multikulturellen Gesellschaft. Im Interview mit dem NPD-Organ <em>Deutsche Stimme<\/em> argumentierte Kubitschek 2007, der deutsche Staat &#8222;f\u00f6rdere eine Entwicklung, die der deutschen Nation nicht dient&#8220;. Durch seine Familien-, Bev\u00f6lkerungs- und Geschichtspolitik verhindere dieser, dass besagte Deutsche Nation &#8222;ihren besonderen Charakter beh\u00e4lt und souver\u00e4n \u00fcber ihren weiteren Weg entscheidet&#8220;. Die Berliner Bezirke Wedding, Kreuzberg und Neuk\u00f6lln sieht er als Ergebnis des von ihm 2006 in der <em>Jungen Freiheit<\/em> beschworenen Kulturkampfes bereits als &#8222;f\u00fcr Deutschland verloren&#8220; und das Ziel der gemeinsamen deutschen Zukunft verfehlt.<\/p>\n<p><strong>Ideologieproduktion und linke Gesinnungskontrolle<\/strong><\/p>\n<p>Mit Pegida eint die beiden dar\u00fcber hinaus der Glaube an die vermeintliche Vereinnahmung der Gesellschaft durch eine linke Mehrheit: Wei\u00dfmann bezeichnete das Grundgesetz in einem 2009 erschienenen Interview als &#8222;beliebige Konstruktion und nicht die Verfassung des deutschen Volkes&#8220;, die sich in Gefangenschaft von Linken und Liberalen befinde. Er selbst betrachtet sich demnach als K\u00e4mpfer nicht etwa gegen, sondern um die Verfassung.<\/p>\n<p>Auch der linke Gleichheitsgedanke st\u00f6\u00dft Wei\u00dfmann \u00fcbel auf: Als Ergebnis der linken &#8222;Ideologieproduktion&#8220; sieht er das vermeintlich widernat\u00fcrliche Erzwingen der Gleichheit der Geschlechter und der Nationalit\u00e4ten. Menschen wie sich selbst, denen &#8222;die offensichtliche Ungleichheit bewu\u00dft werden k\u00f6nnte&#8220;, sieht er als Ziel linker Gesinnungskontrolle.<\/p>\n<p>Die Arbeit des IfS erfreute sich zwar au\u00dferhalb der neurechten Szene nie nennenswerter Aufmerksamkeit, blieb aber von staatlicher Seite nicht unbeachtet: Der nordrhein-westf\u00e4lische Verfassungsschutz warnte bereits 2002 in seinem j\u00e4hrlichen Bericht vor der Denkfabrik als Teil des Umfelds der <em>Jungen Freiheit<\/em>. Unterstellt wird der Leitung dort das Ziel der Bildung geistiger Eliten und der R\u00fcckbezug auf antidemokratische Ideologien mit dem Ziel ihrer Weiterentwicklung. Sp\u00e4ter tauchten nach einer juristischen Auseinandersetzung die Zeitung und das IfS nicht mehr in Verfassungsschutzberichten auf.<\/p>\n<p>Auch wenn das Institut der \u00fcberw\u00e4ltigenden Mehrheit der Pegida-Teilnehmer weiterhin nicht bekannt sein d\u00fcrfte, hat sich f\u00fcr die Vordenker der V\u00f6lkischen mit der Entstehung der Bewegung etwas Entscheidendes ge\u00e4ndert: Die Gruppe von Menschen, die sich f\u00fcr ihr Denken offen empf\u00e4nglich zeigt und an seiner Verbreitung arbeitet, ist nicht l\u00e4nger ein kleiner Kreis rechtsintellektueller Demagogen, der sich ein paarmal im Jahr zum Austausch trifft. Ihr Kulturkampf wird heute auf dem Dresdener Rathausplatz ausgetragen.<\/p>\n","protected":false},"excerpt":{"rendered":"<p>Das Institut f\u00fcr Staatspolitik, gegr\u00fcndet von den neurechten Publizisten Karlheinz Wei\u00dfmann und G\u00f6tz Kubitschek, legte Anfang des Jahrtausends den ideologischen Grundstein f\u00fcr Pegida und seine Ableger. Kubitschek und die Anh\u00e4nger von Pegida eint die Ablehnung von Islam und Migration, das Festhalten an einem v\u00f6lkischen Deutschlandbild und der Glaube an die linke Dominanz in Politik und [&hellip;]<\/p>\n","protected":false},"author":229,"featured_media":0,"comment_status":"open","ping_status":"open","sticky":false,"template":"","format":"standard","meta":{"_jetpack_memberships_contains_paid_content":false,"footnotes":""},"categories":[1515],"tags":[],"class_list":["post-20866","post","type-post","status-publish","format-standard","hentry","category-bundesweit"],"yoast_head":"<!-- This site is optimized with the Yoast SEO plugin v21.0 - https:\/\/yoast.com\/wordpress\/plugins\/seo\/ -->\n<title>Die Vordenker von Pegida<\/title>\n<meta name=\"description\" content=\"Mit der Gr\u00fcndung des &quot;Instituts f\u00fcr Staatspolitik&quot; legten Karlheinz Wei\u00dfmann und G\u00f6tz Kubitschek den gedanklichen Grundstein f\u00fcr Pegida.\" \/>\n<meta name=\"robots\" content=\"index, follow, max-snippet:-1, max-image-preview:large, max-video-preview:-1\" \/>\n<link rel=\"canonical\" href=\"https:\/\/blog.zeit.de\/stoerungsmelder\/2015\/12\/28\/vordenker-der-volkischen_20866\" \/>\n<meta property=\"og:locale\" content=\"de_DE\" \/>\n<meta property=\"og:type\" content=\"article\" \/>\n<meta property=\"og:title\" content=\"Die Vordenker von Pegida\" \/>\n<meta property=\"og:description\" content=\"Mit der Gr\u00fcndung des &quot;Instituts f\u00fcr Staatspolitik&quot; legten Karlheinz Wei\u00dfmann und G\u00f6tz Kubitschek den gedanklichen Grundstein f\u00fcr Pegida.\" \/>\n<meta property=\"og:url\" content=\"https:\/\/blog.zeit.de\/stoerungsmelder\/2015\/12\/28\/vordenker-der-volkischen_20866\" \/>\n<meta property=\"og:site_name\" content=\"St\u00f6rungsmelder\" \/>\n<meta property=\"article:published_time\" content=\"2015-12-28T11:45:22+00:00\" \/>\n<meta property=\"article:modified_time\" content=\"2015-12-30T13:59:51+00:00\" \/>\n<meta property=\"og:image\" content=\"https:\/\/blog.zeit.de\/stoerungsmelder\/files\/2014\/11\/pegida-header.jpg\" \/>\n<meta name=\"author\" content=\"St\u00f6rungsmelder\" \/>\n<meta name=\"twitter:card\" content=\"summary_large_image\" \/>\n<meta name=\"twitter:label1\" content=\"Geschrieben von\" \/>\n\t<meta name=\"twitter:data1\" content=\"St\u00f6rungsmelder\" \/>\n\t<meta name=\"twitter:label2\" content=\"Gesch\u00e4tzte Lesezeit\" \/>\n\t<meta name=\"twitter:data2\" content=\"6\u00a0Minuten\" \/>\n<script type=\"application\/ld+json\" class=\"yoast-schema-graph\">{\"@context\":\"https:\/\/schema.org\",\"@graph\":[{\"@type\":\"WebPage\",\"@id\":\"https:\/\/blog.zeit.de\/stoerungsmelder\/2015\/12\/28\/vordenker-der-volkischen_20866\",\"url\":\"https:\/\/blog.zeit.de\/stoerungsmelder\/2015\/12\/28\/vordenker-der-volkischen_20866\",\"name\":\"Die Vordenker von Pegida\",\"isPartOf\":{\"@id\":\"https:\/\/blog.zeit.de\/stoerungsmelder\/#website\"},\"datePublished\":\"2015-12-28T11:45:22+00:00\",\"dateModified\":\"2015-12-30T13:59:51+00:00\",\"author\":{\"@id\":\"https:\/\/blog.zeit.de\/stoerungsmelder\/#\/schema\/person\/fdd0b9818f65738672810b6d6f037f71\"},\"description\":\"Mit der Gr\u00fcndung des \\\"Instituts f\u00fcr Staatspolitik\\\" legten Karlheinz Wei\u00dfmann und G\u00f6tz Kubitschek den gedanklichen Grundstein f\u00fcr Pegida.\",\"breadcrumb\":{\"@id\":\"https:\/\/blog.zeit.de\/stoerungsmelder\/2015\/12\/28\/vordenker-der-volkischen_20866#breadcrumb\"},\"inLanguage\":\"de\",\"potentialAction\":[{\"@type\":\"ReadAction\",\"target\":[\"https:\/\/blog.zeit.de\/stoerungsmelder\/2015\/12\/28\/vordenker-der-volkischen_20866\"]}]},{\"@type\":\"BreadcrumbList\",\"@id\":\"https:\/\/blog.zeit.de\/stoerungsmelder\/2015\/12\/28\/vordenker-der-volkischen_20866#breadcrumb\",\"itemListElement\":[{\"@type\":\"ListItem\",\"position\":1,\"name\":\"Startseite\",\"item\":\"https:\/\/blog.zeit.de\/stoerungsmelder\"},{\"@type\":\"ListItem\",\"position\":2,\"name\":\"Vordenker der V\u00f6lkischen\"}]},{\"@type\":\"WebSite\",\"@id\":\"https:\/\/blog.zeit.de\/stoerungsmelder\/#website\",\"url\":\"https:\/\/blog.zeit.de\/stoerungsmelder\/\",\"name\":\"St\u00f6rungsmelder\",\"description\":\"Recherchen und Analysen \u00fcber die extreme Rechte\",\"potentialAction\":[{\"@type\":\"SearchAction\",\"target\":{\"@type\":\"EntryPoint\",\"urlTemplate\":\"https:\/\/blog.zeit.de\/stoerungsmelder\/?s={search_term_string}\"},\"query-input\":\"required name=search_term_string\"}],\"inLanguage\":\"de\"},{\"@type\":\"Person\",\"@id\":\"https:\/\/blog.zeit.de\/stoerungsmelder\/#\/schema\/person\/fdd0b9818f65738672810b6d6f037f71\",\"name\":\"St\u00f6rungsmelder\",\"image\":{\"@type\":\"ImageObject\",\"inLanguage\":\"de\",\"@id\":\"https:\/\/blog.zeit.de\/stoerungsmelder\/#\/schema\/person\/image\/\",\"url\":\"https:\/\/secure.gravatar.com\/avatar\/dfa4be514c3e82a71e4f9a0020035d38192d080ccaa5e4e6d7a1472c763535c5?s=96&d=mm&r=pg\",\"contentUrl\":\"https:\/\/secure.gravatar.com\/avatar\/dfa4be514c3e82a71e4f9a0020035d38192d080ccaa5e4e6d7a1472c763535c5?s=96&d=mm&r=pg\",\"caption\":\"St\u00f6rungsmelder\"},\"url\":\"https:\/\/blog.zeit.de\/stoerungsmelder\/author\/stoerungsmelder\"}]}<\/script>\n<!-- \/ Yoast SEO plugin. -->","yoast_head_json":{"title":"Die Vordenker von Pegida","description":"Mit der Gr\u00fcndung des \"Instituts f\u00fcr Staatspolitik\" legten Karlheinz Wei\u00dfmann und G\u00f6tz Kubitschek den gedanklichen Grundstein f\u00fcr Pegida.","robots":{"index":"index","follow":"follow","max-snippet":"max-snippet:-1","max-image-preview":"max-image-preview:large","max-video-preview":"max-video-preview:-1"},"canonical":"https:\/\/blog.zeit.de\/stoerungsmelder\/2015\/12\/28\/vordenker-der-volkischen_20866","og_locale":"de_DE","og_type":"article","og_title":"Die Vordenker von Pegida","og_description":"Mit der Gr\u00fcndung des \"Instituts f\u00fcr Staatspolitik\" legten Karlheinz Wei\u00dfmann und G\u00f6tz Kubitschek den gedanklichen Grundstein f\u00fcr Pegida.","og_url":"https:\/\/blog.zeit.de\/stoerungsmelder\/2015\/12\/28\/vordenker-der-volkischen_20866","og_site_name":"St\u00f6rungsmelder","article_published_time":"2015-12-28T11:45:22+00:00","article_modified_time":"2015-12-30T13:59:51+00:00","og_image":[{"url":"https:\/\/blog.zeit.de\/stoerungsmelder\/files\/2014\/11\/pegida-header.jpg"}],"author":"St\u00f6rungsmelder","twitter_card":"summary_large_image","twitter_misc":{"Geschrieben von":"St\u00f6rungsmelder","Gesch\u00e4tzte Lesezeit":"6\u00a0Minuten"},"schema":{"@context":"https:\/\/schema.org","@graph":[{"@type":"WebPage","@id":"https:\/\/blog.zeit.de\/stoerungsmelder\/2015\/12\/28\/vordenker-der-volkischen_20866","url":"https:\/\/blog.zeit.de\/stoerungsmelder\/2015\/12\/28\/vordenker-der-volkischen_20866","name":"Die Vordenker von Pegida","isPartOf":{"@id":"https:\/\/blog.zeit.de\/stoerungsmelder\/#website"},"datePublished":"2015-12-28T11:45:22+00:00","dateModified":"2015-12-30T13:59:51+00:00","author":{"@id":"https:\/\/blog.zeit.de\/stoerungsmelder\/#\/schema\/person\/fdd0b9818f65738672810b6d6f037f71"},"description":"Mit der Gr\u00fcndung des \"Instituts f\u00fcr Staatspolitik\" legten Karlheinz Wei\u00dfmann und G\u00f6tz Kubitschek den gedanklichen Grundstein f\u00fcr Pegida.","breadcrumb":{"@id":"https:\/\/blog.zeit.de\/stoerungsmelder\/2015\/12\/28\/vordenker-der-volkischen_20866#breadcrumb"},"inLanguage":"de","potentialAction":[{"@type":"ReadAction","target":["https:\/\/blog.zeit.de\/stoerungsmelder\/2015\/12\/28\/vordenker-der-volkischen_20866"]}]},{"@type":"BreadcrumbList","@id":"https:\/\/blog.zeit.de\/stoerungsmelder\/2015\/12\/28\/vordenker-der-volkischen_20866#breadcrumb","itemListElement":[{"@type":"ListItem","position":1,"name":"Startseite","item":"https:\/\/blog.zeit.de\/stoerungsmelder"},{"@type":"ListItem","position":2,"name":"Vordenker der V\u00f6lkischen"}]},{"@type":"WebSite","@id":"https:\/\/blog.zeit.de\/stoerungsmelder\/#website","url":"https:\/\/blog.zeit.de\/stoerungsmelder\/","name":"St\u00f6rungsmelder","description":"Recherchen und Analysen \u00fcber die extreme Rechte","potentialAction":[{"@type":"SearchAction","target":{"@type":"EntryPoint","urlTemplate":"https:\/\/blog.zeit.de\/stoerungsmelder\/?s={search_term_string}"},"query-input":"required name=search_term_string"}],"inLanguage":"de"},{"@type":"Person","@id":"https:\/\/blog.zeit.de\/stoerungsmelder\/#\/schema\/person\/fdd0b9818f65738672810b6d6f037f71","name":"St\u00f6rungsmelder","image":{"@type":"ImageObject","inLanguage":"de","@id":"https:\/\/blog.zeit.de\/stoerungsmelder\/#\/schema\/person\/image\/","url":"https:\/\/secure.gravatar.com\/avatar\/dfa4be514c3e82a71e4f9a0020035d38192d080ccaa5e4e6d7a1472c763535c5?s=96&d=mm&r=pg","contentUrl":"https:\/\/secure.gravatar.com\/avatar\/dfa4be514c3e82a71e4f9a0020035d38192d080ccaa5e4e6d7a1472c763535c5?s=96&d=mm&r=pg","caption":"St\u00f6rungsmelder"},"url":"https:\/\/blog.zeit.de\/stoerungsmelder\/author\/stoerungsmelder"}]}},"jetpack_featured_media_url":"","jetpack_sharing_enabled":true,"_links":{"self":[{"href":"https:\/\/blog.zeit.de\/stoerungsmelder\/wp-json\/wp\/v2\/posts\/20866","targetHints":{"allow":["GET"]}}],"collection":[{"href":"https:\/\/blog.zeit.de\/stoerungsmelder\/wp-json\/wp\/v2\/posts"}],"about":[{"href":"https:\/\/blog.zeit.de\/stoerungsmelder\/wp-json\/wp\/v2\/types\/post"}],"author":[{"embeddable":true,"href":"https:\/\/blog.zeit.de\/stoerungsmelder\/wp-json\/wp\/v2\/users\/229"}],"replies":[{"embeddable":true,"href":"https:\/\/blog.zeit.de\/stoerungsmelder\/wp-json\/wp\/v2\/comments?post=20866"}],"version-history":[{"count":20,"href":"https:\/\/blog.zeit.de\/stoerungsmelder\/wp-json\/wp\/v2\/posts\/20866\/revisions"}],"predecessor-version":[{"id":20981,"href":"https:\/\/blog.zeit.de\/stoerungsmelder\/wp-json\/wp\/v2\/posts\/20866\/revisions\/20981"}],"wp:attachment":[{"href":"https:\/\/blog.zeit.de\/stoerungsmelder\/wp-json\/wp\/v2\/media?parent=20866"}],"wp:term":[{"taxonomy":"category","embeddable":true,"href":"https:\/\/blog.zeit.de\/stoerungsmelder\/wp-json\/wp\/v2\/categories?post=20866"},{"taxonomy":"post_tag","embeddable":true,"href":"https:\/\/blog.zeit.de\/stoerungsmelder\/wp-json\/wp\/v2\/tags?post=20866"}],"curies":[{"name":"wp","href":"https:\/\/api.w.org\/{rel}","templated":true}]}}