{"id":20882,"date":"2015-12-14T20:37:04","date_gmt":"2015-12-14T19:37:04","guid":{"rendered":"http:\/\/blog.zeit.de\/stoerungsmelder\/?p=20882"},"modified":"2015-12-15T00:17:19","modified_gmt":"2015-12-14T23:17:19","slug":"pegida-nurnberg-rasiert-geldstrafen-fur-aktivisten","status":"publish","type":"post","link":"https:\/\/blog.zeit.de\/stoerungsmelder\/2015\/12\/14\/pegida-nurnberg-rasiert-geldstrafen-fur-aktivisten_20882","title":{"rendered":"\u201ePegida N\u00fcrnberg rasiert\u201c: Geldstrafen f\u00fcr Aktivisten"},"content":{"rendered":"<p><figure id=\"attachment_20883\" aria-describedby=\"caption-attachment-20883\" style=\"width: 562px\" class=\"wp-caption aligncenter\"><img loading=\"lazy\" decoding=\"async\" class=\"wp-image-20883 size-full\" src=\"https:\/\/blog.zeit.de\/stoerungsmelder\/files\/2015\/12\/screen_yt_1.jpg\" alt=\"Der Plakatklau wurde auf Video aufgezeichnet \u00a9 Screenshot: youtube.com\" width=\"562\" height=\"300\" \/><figcaption id=\"caption-attachment-20883\" class=\"wp-caption-text\">Der Plakatklau wurde auf Video aufgezeichnet \u00a9 Screenshot: youtube.com<\/figcaption><\/figure><\/p>\n<p>Zwei junge M\u00e4nner sind wegen Sachbesch\u00e4digung, Beleidigung und fahrl\u00e4ssiger K\u00f6rperverletzung vom Amtsgericht N\u00fcrnberg zu Geldstrafen verurteilt worden. Die beiden 21-j\u00e4hrigen haben bei einem Aufmarsch des N\u00fcrnberger Pegida-Ablegers das Fronttransparent weggerissen und wurden daf\u00fcr im Internet gefeiert.<!--more--><\/p>\n<p>\u201ePegida N\u00fcrnberg rasiert\u201c hie\u00df das Video, das im Netz viral ging. Zu sehen sind zwei junge M\u00e4nner, die w\u00e4hrend eines Aufmarsches des N\u00fcrnberger Pegida-Ablegers das Fronttransparent wegrissen. Das Video wurde wegen Urheberrechtsverletzungen gel\u00f6scht, ist aber an anderer Stelle noch aufrufbar:<\/p>\n<p>[youtube http:\/\/www.youtube.com\/watch?v=FxMoNPqFY6M]<\/p>\n<p>Marius K.* ist einer der der Beschuldigten. Vor Gericht gab der 21-j\u00e4hrige eine Einlassung ab und erkl\u00e4rte: \u201eIch bin in einer Familie mit gro\u00dfen politischen Differenzen aufgewachsen, (\u2026) kulturelle Hintergr\u00fcnde spielten f\u00fcr mich nie eine Rolle, ich stehe immer auf der Seite der Schw\u00e4cheren und setze mich f\u00fcr Fl\u00fcchtlinge ein\u201c. Deshalb war es f\u00fcr den Anlagenmechaniker auch klar, sich gegen Pegida und \u201emenschenverachtende Hetze\u201c zu engagieren. Die Aktion bezeichnete er als \u201ezivilen Ungehorsam\u201c.<\/p>\n<p>Der zweite Angeklagte, Johann W.*, ein 21-j\u00e4hriger Auszubildender aus N\u00fcrnberg, schwieg zu den Vorw\u00fcrfen, lie\u00df aber durch seinen Anwalt erkl\u00e4ren, der zweite Beteiligte in dem Video zu sein. Neben Sachbesch\u00e4digung und K\u00f6rperverletzung wurde ihm aber zus\u00e4tzlich Beleidigung zur Last gelegt. Noch vor dem Beginn des Pegida-Aufmarsches soll er einen Polizisten des \u201eUnterst\u00fctzungskommandos\u201c (USK) angeschaut und dabei auf den Boden gespuckt haben. Au\u00dferdem, so der Vorwurf, habe er sich umgedreht und in Richtung der Beamten den Stinkefinger gezeigt.<\/p>\n<p><strong>Pegida N\u00fcrnberg Chef als Gesch\u00e4digter<\/strong><\/p>\n<p>Der Gesch\u00e4digte,<a href=\"http:\/\/www.fuerther-freiheit.info\/2014\/11\/16\/fuerther-spricht-bei-hooligan-kundgebung-in-hannover\/\" target=\"_blank\"> Gernot Tegetmeyer<\/a>, bezeichnete sich selbst als Verantwortlicher von <a href=\"http:\/\/www.br.de\/nachrichten\/mittelfranken\/inhalt\/pegida-nuernberg-rassismus-analyse-100.html\" target=\"_blank\">Pegida N\u00fcrnberg<\/a> und trat als Eigent\u00fcmer des zerst\u00f6rten Banners auf. Der 58-J\u00e4hrige gab an, durch den Wegriss des Transparentes zwei Tage lang Schmerzen in beiden H\u00e4nden versp\u00fcrt zu haben, \u00e4hnlich \u201eeinem Muskelkater\u201c. Die Staatsanwaltschaft ging deshalb von einer gef\u00e4hrlichen Kopfverletzung aus, was von den N\u00fcrnberger Nachrichten als \u201eskurrile Anklage\u201c bezeichnet wurde.<\/p>\n<p>Die Staatsanwaltschaft forderte f\u00fcr den Angeklagten Marius K. eine Bestrafung im Sinne einer Geldstrafe von 40 Tagess\u00e4tzen zu 15 Euro, f\u00fcr den Angeklagten W. eine Geldstrafe von 45 Tagess\u00e4tzen <span class=\"st\"><em>\u00e1<\/em><\/span> 15 Euro. I\u00f1igo Schmitt-Reinholtz, Verteidiger von W., las in seinem Pl\u00e4doyer <a href=\"http:\/\/www.faz.net\/aktuell\/politik\/inland\/afd-die-neue-voelkische-bewegung-13937439.html\" target=\"_blank\">aus einem kritischen Artikel der Frankfurter Allgemeinen Sonntagszeitung vor<\/a>, um die Gef\u00e4hrlichkeit der Pegida-Gruppen zu verdeutlichen. F\u00fcr seinen Mandanten forderte er eine Geldstrafe in H\u00f6he von 300 Euro.<\/p>\n<p><strong>\u201eK\u00f6rperverletzung nicht billigend in Kauf genommen\u201c<\/strong><\/p>\n<p>Rechtsanwalt Yunus Ziyal, Verteidiger von Johann W., pl\u00e4dierte f\u00fcr eine Verurteilung von 15 Tagess\u00e4tzen oder Arbeitsstunden bei einer Fl\u00fcchtlingshilfeeinrichtung. Er konnte keine K\u00f6rperverletzung erkennen und bezweifelte Tegetmeyers Aussage. Zudem seien weder sein Mandant noch der Gesch\u00e4digte davon ausgegangen, dass das Banner h\u00e4tte rei\u00dfen k\u00f6nnen.<\/p>\n<p>Der Vorsitzende Richter, Richard Pruy, sprach die beiden Jugendlichen schuldig und verurteile Marius K. zu einer Geldstrafe von 450 Euro wegen fahrl\u00e4ssiger K\u00f6rperverletzung und Sachbesch\u00e4digung und Johann W. zu 675 Euro wegen Beleidigung und Sachbesch\u00e4digung.. Laut dem Richter habe sich der Sachverhalt so zugetragen wie in der Anklageschrift beschrieben. Allerdings sei es keine gef\u00e4hrliche K\u00f6rperverletzung, sondern eine fahrl\u00e4ssige, da die Angeklagten \u201enicht billigend in Kauf genommen\u201c h\u00e4tten, jemanden zu verletzen.<\/p>\n<p><strong>R\u00fcckhalt f\u00fcr die Angeklagten<\/strong><\/p>\n<p>Vor der Verhandlung riefen linke Gruppen zu einer Kundgebung auf, um sich mit den Angeklagten zu solidarisieren. Schon im Vorfeld bezeichnete die linke Solidarit\u00e4tsorganisation \u201eRote Hilfe\u201c die Vorw\u00fcrfe als \u201etraurigen H\u00f6hepunkt in einer Vielzahl von Verfahren\u201c gegen Nazigegner. Das N\u00fcrnberger B\u00fcndnis Nazistopp sieht in der Verurteilung eine \u201eabgeschw\u00e4chte juristische Keule\u201c gegen Pegida-Gegner. Das Antifaschistische Aktionsb\u00fcndnis N\u00fcrnberg teilte in einer Presseerkl\u00e4rung mit, sich mit den Angeklagten zu solidarisieren: \u201eWenn sich der Staat der rechten Hetze und Gewalt mit dem sch\u00e4rfsten Asylrecht aller Zeiten beugt, dann sehen wir es als unsere Pflicht eine praktische Alternative zu Polizei und Staat in der Solidarit\u00e4t mit Fl\u00fcchtlingen und Aktivisten aufzubauen\u201c. Die Rote Hilfe hat derweil ein Spendenkonto eingerichtet, um \u201eBetroffene von Repression zu unterst\u00fctzen\u201c.<\/p>\n<p>&nbsp;<\/p>\n<p><em>*Name ge\u00e4ndert<\/em><\/p>\n","protected":false},"excerpt":{"rendered":"<p>Zwei junge M\u00e4nner sind wegen Sachbesch\u00e4digung, Beleidigung und fahrl\u00e4ssiger K\u00f6rperverletzung vom Amtsgericht N\u00fcrnberg zu Geldstrafen verurteilt worden. Die beiden 21-j\u00e4hrigen haben bei einem Aufmarsch des N\u00fcrnberger Pegida-Ablegers das Fronttransparent weggerissen und wurden daf\u00fcr im Internet gefeiert.<\/p>\n","protected":false},"author":363,"featured_media":0,"comment_status":"open","ping_status":"open","sticky":false,"template":"","format":"standard","meta":{"_jetpack_memberships_contains_paid_content":false,"footnotes":""},"categories":[59],"tags":[34240,31127,34239,698,32209,34118,34237,479,99,28,34238],"class_list":["post-20882","post","type-post","status-publish","format-standard","hentry","category-bayern","tag-antifa-nurnberg","tag-gernot-tegetmeyer","tag-inigo-schmitt-reinholtz","tag-nurnberg","tag-pegida","tag-pegida-nuernberg","tag-pegida-rasiert","tag-prozess","tag-rechtsextremismus","tag-video","tag-yunus-ziyal"],"yoast_head":"<!-- This site is optimized with the Yoast SEO plugin v21.0 - https:\/\/yoast.com\/wordpress\/plugins\/seo\/ -->\n<title>\u201ePegida N\u00fcrnberg rasiert\u201c: Geldstrafen f\u00fcr Aktivisten - St\u00f6rungsmelder<\/title>\n<meta name=\"robots\" content=\"index, follow, max-snippet:-1, max-image-preview:large, max-video-preview:-1\" \/>\n<link rel=\"canonical\" href=\"https:\/\/blog.zeit.de\/stoerungsmelder\/2015\/12\/14\/pegida-nurnberg-rasiert-geldstrafen-fur-aktivisten_20882\" \/>\n<meta property=\"og:locale\" content=\"de_DE\" \/>\n<meta property=\"og:type\" content=\"article\" \/>\n<meta property=\"og:title\" content=\"\u201ePegida N\u00fcrnberg rasiert\u201c: Geldstrafen f\u00fcr Aktivisten - St\u00f6rungsmelder\" \/>\n<meta property=\"og:description\" content=\"Zwei junge M\u00e4nner sind wegen Sachbesch\u00e4digung, Beleidigung und fahrl\u00e4ssiger K\u00f6rperverletzung vom Amtsgericht N\u00fcrnberg zu Geldstrafen verurteilt worden. Die beiden 21-j\u00e4hrigen haben bei einem Aufmarsch des N\u00fcrnberger Pegida-Ablegers das Fronttransparent weggerissen und wurden daf\u00fcr im Internet gefeiert.\" \/>\n<meta property=\"og:url\" content=\"https:\/\/blog.zeit.de\/stoerungsmelder\/2015\/12\/14\/pegida-nurnberg-rasiert-geldstrafen-fur-aktivisten_20882\" \/>\n<meta property=\"og:site_name\" content=\"St\u00f6rungsmelder\" \/>\n<meta property=\"article:published_time\" content=\"2015-12-14T19:37:04+00:00\" \/>\n<meta property=\"article:modified_time\" content=\"2015-12-14T23:17:19+00:00\" \/>\n<meta property=\"og:image\" content=\"https:\/\/blog.zeit.de\/stoerungsmelder\/files\/2015\/12\/screen_yt_1.jpg\" \/>\n<meta name=\"author\" content=\"Jonas Miller\" \/>\n<meta name=\"twitter:card\" content=\"summary_large_image\" \/>\n<meta name=\"twitter:label1\" content=\"Geschrieben von\" \/>\n\t<meta name=\"twitter:data1\" content=\"Jonas Miller\" \/>\n\t<meta name=\"twitter:label2\" content=\"Gesch\u00e4tzte Lesezeit\" \/>\n\t<meta name=\"twitter:data2\" content=\"4\u00a0Minuten\" \/>\n<script type=\"application\/ld+json\" class=\"yoast-schema-graph\">{\"@context\":\"https:\/\/schema.org\",\"@graph\":[{\"@type\":\"WebPage\",\"@id\":\"https:\/\/blog.zeit.de\/stoerungsmelder\/2015\/12\/14\/pegida-nurnberg-rasiert-geldstrafen-fur-aktivisten_20882\",\"url\":\"https:\/\/blog.zeit.de\/stoerungsmelder\/2015\/12\/14\/pegida-nurnberg-rasiert-geldstrafen-fur-aktivisten_20882\",\"name\":\"\u201ePegida N\u00fcrnberg rasiert\u201c: Geldstrafen f\u00fcr Aktivisten - St\u00f6rungsmelder\",\"isPartOf\":{\"@id\":\"https:\/\/blog.zeit.de\/stoerungsmelder\/#website\"},\"datePublished\":\"2015-12-14T19:37:04+00:00\",\"dateModified\":\"2015-12-14T23:17:19+00:00\",\"author\":{\"@id\":\"https:\/\/blog.zeit.de\/stoerungsmelder\/#\/schema\/person\/abb0b5e2ae04ea00291f461511cf0e6b\"},\"breadcrumb\":{\"@id\":\"https:\/\/blog.zeit.de\/stoerungsmelder\/2015\/12\/14\/pegida-nurnberg-rasiert-geldstrafen-fur-aktivisten_20882#breadcrumb\"},\"inLanguage\":\"de\",\"potentialAction\":[{\"@type\":\"ReadAction\",\"target\":[\"https:\/\/blog.zeit.de\/stoerungsmelder\/2015\/12\/14\/pegida-nurnberg-rasiert-geldstrafen-fur-aktivisten_20882\"]}]},{\"@type\":\"BreadcrumbList\",\"@id\":\"https:\/\/blog.zeit.de\/stoerungsmelder\/2015\/12\/14\/pegida-nurnberg-rasiert-geldstrafen-fur-aktivisten_20882#breadcrumb\",\"itemListElement\":[{\"@type\":\"ListItem\",\"position\":1,\"name\":\"Startseite\",\"item\":\"https:\/\/blog.zeit.de\/stoerungsmelder\"},{\"@type\":\"ListItem\",\"position\":2,\"name\":\"\u201ePegida N\u00fcrnberg rasiert\u201c: Geldstrafen f\u00fcr Aktivisten\"}]},{\"@type\":\"WebSite\",\"@id\":\"https:\/\/blog.zeit.de\/stoerungsmelder\/#website\",\"url\":\"https:\/\/blog.zeit.de\/stoerungsmelder\/\",\"name\":\"St\u00f6rungsmelder\",\"description\":\"Recherchen und Analysen \u00fcber die extreme Rechte\",\"potentialAction\":[{\"@type\":\"SearchAction\",\"target\":{\"@type\":\"EntryPoint\",\"urlTemplate\":\"https:\/\/blog.zeit.de\/stoerungsmelder\/?s={search_term_string}\"},\"query-input\":\"required name=search_term_string\"}],\"inLanguage\":\"de\"},{\"@type\":\"Person\",\"@id\":\"https:\/\/blog.zeit.de\/stoerungsmelder\/#\/schema\/person\/abb0b5e2ae04ea00291f461511cf0e6b\",\"name\":\"Jonas Miller\",\"image\":{\"@type\":\"ImageObject\",\"inLanguage\":\"de\",\"@id\":\"https:\/\/blog.zeit.de\/stoerungsmelder\/#\/schema\/person\/image\/\",\"url\":\"https:\/\/secure.gravatar.com\/avatar\/c86a48d8af5f6cb474e5792b625c0051659345670c87ad1d34ce5dc50fecf79f?s=96&d=mm&r=pg\",\"contentUrl\":\"https:\/\/secure.gravatar.com\/avatar\/c86a48d8af5f6cb474e5792b625c0051659345670c87ad1d34ce5dc50fecf79f?s=96&d=mm&r=pg\",\"caption\":\"Jonas Miller\"},\"url\":\"https:\/\/blog.zeit.de\/stoerungsmelder\/author\/timomueller\"}]}<\/script>\n<!-- \/ Yoast SEO plugin. -->","yoast_head_json":{"title":"\u201ePegida N\u00fcrnberg rasiert\u201c: Geldstrafen f\u00fcr Aktivisten - St\u00f6rungsmelder","robots":{"index":"index","follow":"follow","max-snippet":"max-snippet:-1","max-image-preview":"max-image-preview:large","max-video-preview":"max-video-preview:-1"},"canonical":"https:\/\/blog.zeit.de\/stoerungsmelder\/2015\/12\/14\/pegida-nurnberg-rasiert-geldstrafen-fur-aktivisten_20882","og_locale":"de_DE","og_type":"article","og_title":"\u201ePegida N\u00fcrnberg rasiert\u201c: Geldstrafen f\u00fcr Aktivisten - St\u00f6rungsmelder","og_description":"Zwei junge M\u00e4nner sind wegen Sachbesch\u00e4digung, Beleidigung und fahrl\u00e4ssiger K\u00f6rperverletzung vom Amtsgericht N\u00fcrnberg zu Geldstrafen verurteilt worden. Die beiden 21-j\u00e4hrigen haben bei einem Aufmarsch des N\u00fcrnberger Pegida-Ablegers das Fronttransparent weggerissen und wurden daf\u00fcr im Internet gefeiert.","og_url":"https:\/\/blog.zeit.de\/stoerungsmelder\/2015\/12\/14\/pegida-nurnberg-rasiert-geldstrafen-fur-aktivisten_20882","og_site_name":"St\u00f6rungsmelder","article_published_time":"2015-12-14T19:37:04+00:00","article_modified_time":"2015-12-14T23:17:19+00:00","og_image":[{"url":"https:\/\/blog.zeit.de\/stoerungsmelder\/files\/2015\/12\/screen_yt_1.jpg"}],"author":"Jonas Miller","twitter_card":"summary_large_image","twitter_misc":{"Geschrieben von":"Jonas Miller","Gesch\u00e4tzte Lesezeit":"4\u00a0Minuten"},"schema":{"@context":"https:\/\/schema.org","@graph":[{"@type":"WebPage","@id":"https:\/\/blog.zeit.de\/stoerungsmelder\/2015\/12\/14\/pegida-nurnberg-rasiert-geldstrafen-fur-aktivisten_20882","url":"https:\/\/blog.zeit.de\/stoerungsmelder\/2015\/12\/14\/pegida-nurnberg-rasiert-geldstrafen-fur-aktivisten_20882","name":"\u201ePegida N\u00fcrnberg rasiert\u201c: Geldstrafen f\u00fcr Aktivisten - St\u00f6rungsmelder","isPartOf":{"@id":"https:\/\/blog.zeit.de\/stoerungsmelder\/#website"},"datePublished":"2015-12-14T19:37:04+00:00","dateModified":"2015-12-14T23:17:19+00:00","author":{"@id":"https:\/\/blog.zeit.de\/stoerungsmelder\/#\/schema\/person\/abb0b5e2ae04ea00291f461511cf0e6b"},"breadcrumb":{"@id":"https:\/\/blog.zeit.de\/stoerungsmelder\/2015\/12\/14\/pegida-nurnberg-rasiert-geldstrafen-fur-aktivisten_20882#breadcrumb"},"inLanguage":"de","potentialAction":[{"@type":"ReadAction","target":["https:\/\/blog.zeit.de\/stoerungsmelder\/2015\/12\/14\/pegida-nurnberg-rasiert-geldstrafen-fur-aktivisten_20882"]}]},{"@type":"BreadcrumbList","@id":"https:\/\/blog.zeit.de\/stoerungsmelder\/2015\/12\/14\/pegida-nurnberg-rasiert-geldstrafen-fur-aktivisten_20882#breadcrumb","itemListElement":[{"@type":"ListItem","position":1,"name":"Startseite","item":"https:\/\/blog.zeit.de\/stoerungsmelder"},{"@type":"ListItem","position":2,"name":"\u201ePegida N\u00fcrnberg rasiert\u201c: Geldstrafen f\u00fcr Aktivisten"}]},{"@type":"WebSite","@id":"https:\/\/blog.zeit.de\/stoerungsmelder\/#website","url":"https:\/\/blog.zeit.de\/stoerungsmelder\/","name":"St\u00f6rungsmelder","description":"Recherchen und Analysen \u00fcber die extreme Rechte","potentialAction":[{"@type":"SearchAction","target":{"@type":"EntryPoint","urlTemplate":"https:\/\/blog.zeit.de\/stoerungsmelder\/?s={search_term_string}"},"query-input":"required name=search_term_string"}],"inLanguage":"de"},{"@type":"Person","@id":"https:\/\/blog.zeit.de\/stoerungsmelder\/#\/schema\/person\/abb0b5e2ae04ea00291f461511cf0e6b","name":"Jonas Miller","image":{"@type":"ImageObject","inLanguage":"de","@id":"https:\/\/blog.zeit.de\/stoerungsmelder\/#\/schema\/person\/image\/","url":"https:\/\/secure.gravatar.com\/avatar\/c86a48d8af5f6cb474e5792b625c0051659345670c87ad1d34ce5dc50fecf79f?s=96&d=mm&r=pg","contentUrl":"https:\/\/secure.gravatar.com\/avatar\/c86a48d8af5f6cb474e5792b625c0051659345670c87ad1d34ce5dc50fecf79f?s=96&d=mm&r=pg","caption":"Jonas Miller"},"url":"https:\/\/blog.zeit.de\/stoerungsmelder\/author\/timomueller"}]}},"jetpack_featured_media_url":"","jetpack_sharing_enabled":true,"_links":{"self":[{"href":"https:\/\/blog.zeit.de\/stoerungsmelder\/wp-json\/wp\/v2\/posts\/20882","targetHints":{"allow":["GET"]}}],"collection":[{"href":"https:\/\/blog.zeit.de\/stoerungsmelder\/wp-json\/wp\/v2\/posts"}],"about":[{"href":"https:\/\/blog.zeit.de\/stoerungsmelder\/wp-json\/wp\/v2\/types\/post"}],"author":[{"embeddable":true,"href":"https:\/\/blog.zeit.de\/stoerungsmelder\/wp-json\/wp\/v2\/users\/363"}],"replies":[{"embeddable":true,"href":"https:\/\/blog.zeit.de\/stoerungsmelder\/wp-json\/wp\/v2\/comments?post=20882"}],"version-history":[{"count":7,"href":"https:\/\/blog.zeit.de\/stoerungsmelder\/wp-json\/wp\/v2\/posts\/20882\/revisions"}],"predecessor-version":[{"id":20890,"href":"https:\/\/blog.zeit.de\/stoerungsmelder\/wp-json\/wp\/v2\/posts\/20882\/revisions\/20890"}],"wp:attachment":[{"href":"https:\/\/blog.zeit.de\/stoerungsmelder\/wp-json\/wp\/v2\/media?parent=20882"}],"wp:term":[{"taxonomy":"category","embeddable":true,"href":"https:\/\/blog.zeit.de\/stoerungsmelder\/wp-json\/wp\/v2\/categories?post=20882"},{"taxonomy":"post_tag","embeddable":true,"href":"https:\/\/blog.zeit.de\/stoerungsmelder\/wp-json\/wp\/v2\/tags?post=20882"}],"curies":[{"name":"wp","href":"https:\/\/api.w.org\/{rel}","templated":true}]}}