{"id":2089,"date":"2009-12-04T11:36:19","date_gmt":"2009-12-04T09:36:19","guid":{"rendered":"http:\/\/blog.zeit.de\/stoerungsmelder\/?p=2089"},"modified":"2017-07-08T16:46:45","modified_gmt":"2017-07-08T14:46:45","slug":"das-vorbildliche-resozialisierungsprogramm-der-npd","status":"publish","type":"post","link":"https:\/\/blog.zeit.de\/stoerungsmelder\/2009\/12\/04\/das-vorbildliche-resozialisierungsprogramm-der-npd_2089","title":{"rendered":"Das vorbildliche Resozialisierungsprogramm der NPD"},"content":{"rendered":"<p><a href=\"https:\/\/blog.zeit.de\/stoerungsmelder\/files\/2009\/12\/npd_karte.jpg\"><img loading=\"lazy\" decoding=\"async\" class=\"aligncenter size-full wp-image-2090\" src=\"https:\/\/blog.zeit.de\/stoerungsmelder\/files\/2009\/12\/npd_karte.jpg\" alt=\"\" width=\"410\" height=\"579\" srcset=\"https:\/\/blog.zeit.de\/stoerungsmelder\/files\/2009\/12\/npd_karte.jpg 582w, https:\/\/blog.zeit.de\/stoerungsmelder\/files\/2009\/12\/npd_karte-212x300.jpg 212w\" sizes=\"auto, (max-width: 410px) 100vw, 410px\" \/><\/a><\/p>\n<p>K\u00f6rperverletzung, N\u00f6tigung, Brandstiftung. Die NPD hat viele <a title=\"Internet-Link (in neuem Fenster): Video bei Extra3\" href=\"http:\/\/www3.ndr.de\/sendungen\/extra_3\/media\/extra1502.html\" target=\"_blank\">schlimme Finger <\/a>in ihren Reihen \u2013 und alle wieder auf den rechten Weg gebracht. Eine sehr sch\u00f6ne, aber leider <strong>unvollst\u00e4ndige Auswahl<\/strong> zum Thema hat das <a href=\"http:\/\/extra3.blog.ndr.de\/2009\/11\/29\/npd-resozialisierungsprogramm\/\">Magazin Extra 3<\/a> zusammengestellt, <a title=\"Internet-Link (in neuem Fenster): PDF bei extra 3\" href=\"http:\/\/www3.ndr.de\/sendungen\/extra_3\/npdkarte100.pdf\" target=\"_blank\">hier als PDF<\/a> und <a title=\"Internet-Link (in neuem Fenster): Grafik von extra3\" href=\"http:\/\/www3.ndr.de\/sendungen\/extra_3\/media\/npdkarte102_v-original.jpg\" target=\"_blank\">hier in gro\u00dfer Aufl\u00f6sung<\/a>. Kann auch als Poster ausgedruckt werden. Viel Spa\u00df!<\/p>\n","protected":false},"excerpt":{"rendered":"<p>K\u00f6rperverletzung, N\u00f6tigung, Brandstiftung. Die NPD hat viele schlimme Finger in ihren Reihen \u2013 und alle wieder auf den rechten Weg gebracht. Eine sehr sch\u00f6ne, aber leider unvollst\u00e4ndige Auswahl zum Thema hat das Magazin Extra 3 zusammengestellt, hier als PDF und hier in gro\u00dfer Aufl\u00f6sung. Kann auch als Poster ausgedruckt werden. Viel Spa\u00df!<\/p>\n","protected":false},"author":229,"featured_media":0,"comment_status":"open","ping_status":"open","sticky":false,"template":"","format":"standard","meta":{"_jetpack_memberships_contains_paid_content":false,"footnotes":""},"categories":[1515],"tags":[1587,1716],"class_list":["post-2089","post","type-post","status-publish","format-standard","hentry","category-bundesweit","tag-gewalt","tag-npd"],"yoast_head":"<!-- This site is optimized with the Yoast SEO plugin v21.0 - https:\/\/yoast.com\/wordpress\/plugins\/seo\/ -->\n<title>Das vorbildliche Resozialisierungsprogramm der NPD - St\u00f6rungsmelder<\/title>\n<meta name=\"robots\" content=\"index, follow, max-snippet:-1, max-image-preview:large, max-video-preview:-1\" \/>\n<link rel=\"canonical\" href=\"https:\/\/blog.zeit.de\/stoerungsmelder\/2009\/12\/04\/das-vorbildliche-resozialisierungsprogramm-der-npd_2089\" \/>\n<meta property=\"og:locale\" content=\"de_DE\" \/>\n<meta property=\"og:type\" content=\"article\" \/>\n<meta property=\"og:title\" content=\"Das vorbildliche Resozialisierungsprogramm der NPD - St\u00f6rungsmelder\" \/>\n<meta property=\"og:description\" content=\"K\u00f6rperverletzung, N\u00f6tigung, Brandstiftung. Die NPD hat viele schlimme Finger in ihren Reihen \u2013 und alle wieder auf den rechten Weg gebracht. Eine sehr sch\u00f6ne, aber leider unvollst\u00e4ndige Auswahl zum Thema hat das Magazin Extra 3 zusammengestellt, hier als PDF und hier in gro\u00dfer Aufl\u00f6sung. Kann auch als Poster ausgedruckt werden. Viel Spa\u00df!\" \/>\n<meta property=\"og:url\" content=\"https:\/\/blog.zeit.de\/stoerungsmelder\/2009\/12\/04\/das-vorbildliche-resozialisierungsprogramm-der-npd_2089\" \/>\n<meta property=\"og:site_name\" content=\"St\u00f6rungsmelder\" \/>\n<meta property=\"article:published_time\" content=\"2009-12-04T09:36:19+00:00\" \/>\n<meta property=\"article:modified_time\" content=\"2017-07-08T14:46:45+00:00\" \/>\n<meta property=\"og:image\" content=\"https:\/\/blog.zeit.de\/stoerungsmelder\/files\/2009\/12\/npd_karte.jpg\" \/>\n<meta name=\"author\" content=\"St\u00f6rungsmelder\" \/>\n<meta name=\"twitter:card\" content=\"summary_large_image\" \/>\n<meta name=\"twitter:label1\" content=\"Geschrieben von\" \/>\n\t<meta name=\"twitter:data1\" content=\"St\u00f6rungsmelder\" \/>\n<script type=\"application\/ld+json\" class=\"yoast-schema-graph\">{\"@context\":\"https:\/\/schema.org\",\"@graph\":[{\"@type\":\"WebPage\",\"@id\":\"https:\/\/blog.zeit.de\/stoerungsmelder\/2009\/12\/04\/das-vorbildliche-resozialisierungsprogramm-der-npd_2089\",\"url\":\"https:\/\/blog.zeit.de\/stoerungsmelder\/2009\/12\/04\/das-vorbildliche-resozialisierungsprogramm-der-npd_2089\",\"name\":\"Das vorbildliche Resozialisierungsprogramm der NPD - St\u00f6rungsmelder\",\"isPartOf\":{\"@id\":\"https:\/\/blog.zeit.de\/stoerungsmelder\/#website\"},\"datePublished\":\"2009-12-04T09:36:19+00:00\",\"dateModified\":\"2017-07-08T14:46:45+00:00\",\"author\":{\"@id\":\"https:\/\/blog.zeit.de\/stoerungsmelder\/#\/schema\/person\/fdd0b9818f65738672810b6d6f037f71\"},\"breadcrumb\":{\"@id\":\"https:\/\/blog.zeit.de\/stoerungsmelder\/2009\/12\/04\/das-vorbildliche-resozialisierungsprogramm-der-npd_2089#breadcrumb\"},\"inLanguage\":\"de\",\"potentialAction\":[{\"@type\":\"ReadAction\",\"target\":[\"https:\/\/blog.zeit.de\/stoerungsmelder\/2009\/12\/04\/das-vorbildliche-resozialisierungsprogramm-der-npd_2089\"]}]},{\"@type\":\"BreadcrumbList\",\"@id\":\"https:\/\/blog.zeit.de\/stoerungsmelder\/2009\/12\/04\/das-vorbildliche-resozialisierungsprogramm-der-npd_2089#breadcrumb\",\"itemListElement\":[{\"@type\":\"ListItem\",\"position\":1,\"name\":\"Startseite\",\"item\":\"https:\/\/blog.zeit.de\/stoerungsmelder\"},{\"@type\":\"ListItem\",\"position\":2,\"name\":\"Das vorbildliche Resozialisierungsprogramm der NPD\"}]},{\"@type\":\"WebSite\",\"@id\":\"https:\/\/blog.zeit.de\/stoerungsmelder\/#website\",\"url\":\"https:\/\/blog.zeit.de\/stoerungsmelder\/\",\"name\":\"St\u00f6rungsmelder\",\"description\":\"Recherchen und Analysen \u00fcber die extreme Rechte\",\"potentialAction\":[{\"@type\":\"SearchAction\",\"target\":{\"@type\":\"EntryPoint\",\"urlTemplate\":\"https:\/\/blog.zeit.de\/stoerungsmelder\/?s={search_term_string}\"},\"query-input\":\"required name=search_term_string\"}],\"inLanguage\":\"de\"},{\"@type\":\"Person\",\"@id\":\"https:\/\/blog.zeit.de\/stoerungsmelder\/#\/schema\/person\/fdd0b9818f65738672810b6d6f037f71\",\"name\":\"St\u00f6rungsmelder\",\"image\":{\"@type\":\"ImageObject\",\"inLanguage\":\"de\",\"@id\":\"https:\/\/blog.zeit.de\/stoerungsmelder\/#\/schema\/person\/image\/\",\"url\":\"https:\/\/secure.gravatar.com\/avatar\/dfa4be514c3e82a71e4f9a0020035d38192d080ccaa5e4e6d7a1472c763535c5?s=96&d=mm&r=pg\",\"contentUrl\":\"https:\/\/secure.gravatar.com\/avatar\/dfa4be514c3e82a71e4f9a0020035d38192d080ccaa5e4e6d7a1472c763535c5?s=96&d=mm&r=pg\",\"caption\":\"St\u00f6rungsmelder\"},\"url\":\"https:\/\/blog.zeit.de\/stoerungsmelder\/author\/stoerungsmelder\"}]}<\/script>\n<!-- \/ Yoast SEO plugin. -->","yoast_head_json":{"title":"Das vorbildliche Resozialisierungsprogramm der NPD - St\u00f6rungsmelder","robots":{"index":"index","follow":"follow","max-snippet":"max-snippet:-1","max-image-preview":"max-image-preview:large","max-video-preview":"max-video-preview:-1"},"canonical":"https:\/\/blog.zeit.de\/stoerungsmelder\/2009\/12\/04\/das-vorbildliche-resozialisierungsprogramm-der-npd_2089","og_locale":"de_DE","og_type":"article","og_title":"Das vorbildliche Resozialisierungsprogramm der NPD - St\u00f6rungsmelder","og_description":"K\u00f6rperverletzung, N\u00f6tigung, Brandstiftung. Die NPD hat viele schlimme Finger in ihren Reihen \u2013 und alle wieder auf den rechten Weg gebracht. Eine sehr sch\u00f6ne, aber leider unvollst\u00e4ndige Auswahl zum Thema hat das Magazin Extra 3 zusammengestellt, hier als PDF und hier in gro\u00dfer Aufl\u00f6sung. Kann auch als Poster ausgedruckt werden. Viel Spa\u00df!","og_url":"https:\/\/blog.zeit.de\/stoerungsmelder\/2009\/12\/04\/das-vorbildliche-resozialisierungsprogramm-der-npd_2089","og_site_name":"St\u00f6rungsmelder","article_published_time":"2009-12-04T09:36:19+00:00","article_modified_time":"2017-07-08T14:46:45+00:00","og_image":[{"url":"https:\/\/blog.zeit.de\/stoerungsmelder\/files\/2009\/12\/npd_karte.jpg"}],"author":"St\u00f6rungsmelder","twitter_card":"summary_large_image","twitter_misc":{"Geschrieben von":"St\u00f6rungsmelder"},"schema":{"@context":"https:\/\/schema.org","@graph":[{"@type":"WebPage","@id":"https:\/\/blog.zeit.de\/stoerungsmelder\/2009\/12\/04\/das-vorbildliche-resozialisierungsprogramm-der-npd_2089","url":"https:\/\/blog.zeit.de\/stoerungsmelder\/2009\/12\/04\/das-vorbildliche-resozialisierungsprogramm-der-npd_2089","name":"Das vorbildliche Resozialisierungsprogramm der NPD - St\u00f6rungsmelder","isPartOf":{"@id":"https:\/\/blog.zeit.de\/stoerungsmelder\/#website"},"datePublished":"2009-12-04T09:36:19+00:00","dateModified":"2017-07-08T14:46:45+00:00","author":{"@id":"https:\/\/blog.zeit.de\/stoerungsmelder\/#\/schema\/person\/fdd0b9818f65738672810b6d6f037f71"},"breadcrumb":{"@id":"https:\/\/blog.zeit.de\/stoerungsmelder\/2009\/12\/04\/das-vorbildliche-resozialisierungsprogramm-der-npd_2089#breadcrumb"},"inLanguage":"de","potentialAction":[{"@type":"ReadAction","target":["https:\/\/blog.zeit.de\/stoerungsmelder\/2009\/12\/04\/das-vorbildliche-resozialisierungsprogramm-der-npd_2089"]}]},{"@type":"BreadcrumbList","@id":"https:\/\/blog.zeit.de\/stoerungsmelder\/2009\/12\/04\/das-vorbildliche-resozialisierungsprogramm-der-npd_2089#breadcrumb","itemListElement":[{"@type":"ListItem","position":1,"name":"Startseite","item":"https:\/\/blog.zeit.de\/stoerungsmelder"},{"@type":"ListItem","position":2,"name":"Das vorbildliche Resozialisierungsprogramm der NPD"}]},{"@type":"WebSite","@id":"https:\/\/blog.zeit.de\/stoerungsmelder\/#website","url":"https:\/\/blog.zeit.de\/stoerungsmelder\/","name":"St\u00f6rungsmelder","description":"Recherchen und Analysen \u00fcber die extreme Rechte","potentialAction":[{"@type":"SearchAction","target":{"@type":"EntryPoint","urlTemplate":"https:\/\/blog.zeit.de\/stoerungsmelder\/?s={search_term_string}"},"query-input":"required name=search_term_string"}],"inLanguage":"de"},{"@type":"Person","@id":"https:\/\/blog.zeit.de\/stoerungsmelder\/#\/schema\/person\/fdd0b9818f65738672810b6d6f037f71","name":"St\u00f6rungsmelder","image":{"@type":"ImageObject","inLanguage":"de","@id":"https:\/\/blog.zeit.de\/stoerungsmelder\/#\/schema\/person\/image\/","url":"https:\/\/secure.gravatar.com\/avatar\/dfa4be514c3e82a71e4f9a0020035d38192d080ccaa5e4e6d7a1472c763535c5?s=96&d=mm&r=pg","contentUrl":"https:\/\/secure.gravatar.com\/avatar\/dfa4be514c3e82a71e4f9a0020035d38192d080ccaa5e4e6d7a1472c763535c5?s=96&d=mm&r=pg","caption":"St\u00f6rungsmelder"},"url":"https:\/\/blog.zeit.de\/stoerungsmelder\/author\/stoerungsmelder"}]}},"jetpack_featured_media_url":"","jetpack_sharing_enabled":true,"_links":{"self":[{"href":"https:\/\/blog.zeit.de\/stoerungsmelder\/wp-json\/wp\/v2\/posts\/2089","targetHints":{"allow":["GET"]}}],"collection":[{"href":"https:\/\/blog.zeit.de\/stoerungsmelder\/wp-json\/wp\/v2\/posts"}],"about":[{"href":"https:\/\/blog.zeit.de\/stoerungsmelder\/wp-json\/wp\/v2\/types\/post"}],"author":[{"embeddable":true,"href":"https:\/\/blog.zeit.de\/stoerungsmelder\/wp-json\/wp\/v2\/users\/229"}],"replies":[{"embeddable":true,"href":"https:\/\/blog.zeit.de\/stoerungsmelder\/wp-json\/wp\/v2\/comments?post=2089"}],"version-history":[{"count":1,"href":"https:\/\/blog.zeit.de\/stoerungsmelder\/wp-json\/wp\/v2\/posts\/2089\/revisions"}],"predecessor-version":[{"id":24254,"href":"https:\/\/blog.zeit.de\/stoerungsmelder\/wp-json\/wp\/v2\/posts\/2089\/revisions\/24254"}],"wp:attachment":[{"href":"https:\/\/blog.zeit.de\/stoerungsmelder\/wp-json\/wp\/v2\/media?parent=2089"}],"wp:term":[{"taxonomy":"category","embeddable":true,"href":"https:\/\/blog.zeit.de\/stoerungsmelder\/wp-json\/wp\/v2\/categories?post=2089"},{"taxonomy":"post_tag","embeddable":true,"href":"https:\/\/blog.zeit.de\/stoerungsmelder\/wp-json\/wp\/v2\/tags?post=2089"}],"curies":[{"name":"wp","href":"https:\/\/api.w.org\/{rel}","templated":true}]}}