{"id":2166,"date":"2009-12-15T13:54:02","date_gmt":"2009-12-15T11:54:02","guid":{"rendered":"http:\/\/blog.zeit.de\/stoerungsmelder\/?p=2166"},"modified":"2017-07-08T16:46:45","modified_gmt":"2017-07-08T14:46:45","slug":"kirchen-setzen-zeichen-gegen-neonazis","status":"publish","type":"post","link":"https:\/\/blog.zeit.de\/stoerungsmelder\/2009\/12\/15\/kirchen-setzen-zeichen-gegen-neonazis_2166","title":{"rendered":"Kirchen setzen Zeichen gegen Neonazis"},"content":{"rendered":"<p><img loading=\"lazy\" decoding=\"async\" class=\"aligncenter\" src=\"http:\/\/nlarchiv.israel.de\/2008_html\/Dateien\/_04\/290408\/ASF-Logo-2farbig-normal.jpg\" alt=\"\" width=\"215\" height=\"216\" \/><\/p>\n<p>Die Kirchen in Deutschland wollen sich in Zukunft st\u00e4rker gegen Rechtsextremismus engagieren. Die <a href=\"http:\/\/www.asf-ev.de\/\">Aktion S\u00fchnezeichen<\/a> ruft gemeinsam mit Vertretern von Kirchen und zivilgesellschaftlichen Initiativen zur Gr\u00fcndung einer bundesweiten \u201eArbeitsgemeinschaft Kirche f\u00fcr Demokratie \u2013 gegen Rechtsextremismus\u201c auf. Ziel sei es bestehende kirchliche Initiativen gegen Rechts besser zu vernetzen und neue Projekte anzusto\u00dfen. Rassistische und demokratiefeindliche Einstellungen seien mit dem christlichen Glauben unvereinbar, hei\u00dft es in dem Aufruf.<!--more--><\/p>\n<p>\u201eWir wollen ein klares Zeichen setzen, dass die Kirchen sich verl\u00e4sslich und langfristig engagieren und konsequent gegen die menschenverachtende Ideologie der Rechtsextremisten einsetzen\u201c, sagte Heike Kleffner von Aktion S\u00fchnezeichen am Montag bei einer Podiumsdiskussion in Berlin mit rund 100 Teilnehmern. \u201eImmer \u00f6fter melden sich kirchliche Einrichtungen aufgrund rechtsextremer Vorf\u00e4lle bei den mobilen Beratungsstellen.\u201c Dadurch werde deutlich, dass es einen gro\u00dfen Bedarf gebe, sich mit dem Thema auseinanderzusetzen.<\/p>\n<p>Unterzeichnet wurde der Aufruf unter anderem vom Landesbischof der Evangelisch-Lutherischen Landeskirche Sachsen, Jochen Bohl, dem s\u00e4chsischen SPD-Landesvorsitzenden Martin Dulig und dem CDU-Bundestagsabgeordneten Thomas Feist. Das Gr\u00fcndungstreffen soll symboltr\u00e4chtig am 12. Februar 2010 in Dresden stattfinden. F\u00fcr den n\u00e4chsten Tag ist der europaweit gr\u00f6\u00dfte Aufmarsch der Neonaziszene angek\u00fcndigt zu dem mehrere tausend Rechtsextremisten erwartet werden. Laut Kleffner haben sich schon zahlreiche Kirchengemeinden und christliche Initiativen f\u00fcr das Gr\u00fcndungstreffen angemeldet. Am 13. Februar will das B\u00fcndnis gleich ein erstes Zeichen setzen und sich an den Protesten gegen den Naziaufmarsch beteiligen. \u201eDie Zivilgesellschaft ist aufgerufen auf diesen Aufmarsch angemessen zu reagieren\u201c, so Kleffner. Es sei wichtig, dass sich auch kirchliche Initiativen ihrer Verantwortung stellen w\u00fcrden. Erstmals rufe daher die s\u00e4chsische Arbeitsgemeinschaft Kirche f\u00fcr Demokratie gegen Rechtsextremismus, Aktion S\u00fchnezeichen sowie das Kulturb\u00fcro Sachsen und die Amadeu-Antonio-Stiftung unter dem Motto \u201eGehen-Denken-Handeln\u201c zu einem interreligi\u00f6sen Friedensgebet gegen die Nazigro\u00dfveranstaltung auf.<\/p>\n","protected":false},"excerpt":{"rendered":"<p>Die Kirchen in Deutschland wollen sich in Zukunft st\u00e4rker gegen Rechtsextremismus engagieren. Die Aktion S\u00fchnezeichen ruft gemeinsam mit Vertretern von Kirchen und zivilgesellschaftlichen Initiativen zur Gr\u00fcndung einer bundesweiten \u201eArbeitsgemeinschaft Kirche f\u00fcr Demokratie \u2013 gegen Rechtsextremismus\u201c auf. Ziel sei es bestehende kirchliche Initiativen gegen Rechts besser zu vernetzen und neue Projekte anzusto\u00dfen. Rassistische und demokratiefeindliche Einstellungen [&hellip;]<\/p>\n","protected":false},"author":229,"featured_media":0,"comment_status":"open","ping_status":"open","sticky":false,"template":"","format":"standard","meta":{"_jetpack_memberships_contains_paid_content":false,"footnotes":""},"categories":[1515],"tags":[1648,1752],"class_list":["post-2166","post","type-post","status-publish","format-standard","hentry","category-bundesweit","tag-kirche","tag-protest"],"yoast_head":"<!-- This site is optimized with the Yoast SEO plugin v21.0 - https:\/\/yoast.com\/wordpress\/plugins\/seo\/ -->\n<title>Kirchen setzen Zeichen gegen Neonazis - St\u00f6rungsmelder<\/title>\n<meta name=\"robots\" content=\"index, follow, max-snippet:-1, max-image-preview:large, max-video-preview:-1\" \/>\n<link rel=\"canonical\" href=\"https:\/\/blog.zeit.de\/stoerungsmelder\/2009\/12\/15\/kirchen-setzen-zeichen-gegen-neonazis_2166\" \/>\n<meta property=\"og:locale\" content=\"de_DE\" \/>\n<meta property=\"og:type\" content=\"article\" \/>\n<meta property=\"og:title\" content=\"Kirchen setzen Zeichen gegen Neonazis - St\u00f6rungsmelder\" \/>\n<meta property=\"og:description\" content=\"Die Kirchen in Deutschland wollen sich in Zukunft st\u00e4rker gegen Rechtsextremismus engagieren. Die Aktion S\u00fchnezeichen ruft gemeinsam mit Vertretern von Kirchen und zivilgesellschaftlichen Initiativen zur Gr\u00fcndung einer bundesweiten \u201eArbeitsgemeinschaft Kirche f\u00fcr Demokratie \u2013 gegen Rechtsextremismus\u201c auf. Ziel sei es bestehende kirchliche Initiativen gegen Rechts besser zu vernetzen und neue Projekte anzusto\u00dfen. Rassistische und demokratiefeindliche Einstellungen [&hellip;]\" \/>\n<meta property=\"og:url\" content=\"https:\/\/blog.zeit.de\/stoerungsmelder\/2009\/12\/15\/kirchen-setzen-zeichen-gegen-neonazis_2166\" \/>\n<meta property=\"og:site_name\" content=\"St\u00f6rungsmelder\" \/>\n<meta property=\"article:published_time\" content=\"2009-12-15T11:54:02+00:00\" \/>\n<meta property=\"article:modified_time\" content=\"2017-07-08T14:46:45+00:00\" \/>\n<meta property=\"og:image\" content=\"http:\/\/nlarchiv.israel.de\/2008_html\/Dateien\/_04\/290408\/ASF-Logo-2farbig-normal.jpg\" \/>\n<meta name=\"author\" content=\"St\u00f6rungsmelder\" \/>\n<meta name=\"twitter:card\" content=\"summary_large_image\" \/>\n<meta name=\"twitter:label1\" content=\"Geschrieben von\" \/>\n\t<meta name=\"twitter:data1\" content=\"St\u00f6rungsmelder\" \/>\n\t<meta name=\"twitter:label2\" content=\"Gesch\u00e4tzte Lesezeit\" \/>\n\t<meta name=\"twitter:data2\" content=\"1\u00a0Minute\" \/>\n<script type=\"application\/ld+json\" class=\"yoast-schema-graph\">{\"@context\":\"https:\/\/schema.org\",\"@graph\":[{\"@type\":\"WebPage\",\"@id\":\"https:\/\/blog.zeit.de\/stoerungsmelder\/2009\/12\/15\/kirchen-setzen-zeichen-gegen-neonazis_2166\",\"url\":\"https:\/\/blog.zeit.de\/stoerungsmelder\/2009\/12\/15\/kirchen-setzen-zeichen-gegen-neonazis_2166\",\"name\":\"Kirchen setzen Zeichen gegen Neonazis - St\u00f6rungsmelder\",\"isPartOf\":{\"@id\":\"https:\/\/blog.zeit.de\/stoerungsmelder\/#website\"},\"datePublished\":\"2009-12-15T11:54:02+00:00\",\"dateModified\":\"2017-07-08T14:46:45+00:00\",\"author\":{\"@id\":\"https:\/\/blog.zeit.de\/stoerungsmelder\/#\/schema\/person\/fdd0b9818f65738672810b6d6f037f71\"},\"breadcrumb\":{\"@id\":\"https:\/\/blog.zeit.de\/stoerungsmelder\/2009\/12\/15\/kirchen-setzen-zeichen-gegen-neonazis_2166#breadcrumb\"},\"inLanguage\":\"de\",\"potentialAction\":[{\"@type\":\"ReadAction\",\"target\":[\"https:\/\/blog.zeit.de\/stoerungsmelder\/2009\/12\/15\/kirchen-setzen-zeichen-gegen-neonazis_2166\"]}]},{\"@type\":\"BreadcrumbList\",\"@id\":\"https:\/\/blog.zeit.de\/stoerungsmelder\/2009\/12\/15\/kirchen-setzen-zeichen-gegen-neonazis_2166#breadcrumb\",\"itemListElement\":[{\"@type\":\"ListItem\",\"position\":1,\"name\":\"Startseite\",\"item\":\"https:\/\/blog.zeit.de\/stoerungsmelder\"},{\"@type\":\"ListItem\",\"position\":2,\"name\":\"Kirchen setzen Zeichen gegen Neonazis\"}]},{\"@type\":\"WebSite\",\"@id\":\"https:\/\/blog.zeit.de\/stoerungsmelder\/#website\",\"url\":\"https:\/\/blog.zeit.de\/stoerungsmelder\/\",\"name\":\"St\u00f6rungsmelder\",\"description\":\"Recherchen und Analysen \u00fcber die extreme Rechte\",\"potentialAction\":[{\"@type\":\"SearchAction\",\"target\":{\"@type\":\"EntryPoint\",\"urlTemplate\":\"https:\/\/blog.zeit.de\/stoerungsmelder\/?s={search_term_string}\"},\"query-input\":\"required name=search_term_string\"}],\"inLanguage\":\"de\"},{\"@type\":\"Person\",\"@id\":\"https:\/\/blog.zeit.de\/stoerungsmelder\/#\/schema\/person\/fdd0b9818f65738672810b6d6f037f71\",\"name\":\"St\u00f6rungsmelder\",\"image\":{\"@type\":\"ImageObject\",\"inLanguage\":\"de\",\"@id\":\"https:\/\/blog.zeit.de\/stoerungsmelder\/#\/schema\/person\/image\/\",\"url\":\"https:\/\/secure.gravatar.com\/avatar\/dfa4be514c3e82a71e4f9a0020035d38192d080ccaa5e4e6d7a1472c763535c5?s=96&d=mm&r=pg\",\"contentUrl\":\"https:\/\/secure.gravatar.com\/avatar\/dfa4be514c3e82a71e4f9a0020035d38192d080ccaa5e4e6d7a1472c763535c5?s=96&d=mm&r=pg\",\"caption\":\"St\u00f6rungsmelder\"},\"url\":\"https:\/\/blog.zeit.de\/stoerungsmelder\/author\/stoerungsmelder\"}]}<\/script>\n<!-- \/ Yoast SEO plugin. -->","yoast_head_json":{"title":"Kirchen setzen Zeichen gegen Neonazis - St\u00f6rungsmelder","robots":{"index":"index","follow":"follow","max-snippet":"max-snippet:-1","max-image-preview":"max-image-preview:large","max-video-preview":"max-video-preview:-1"},"canonical":"https:\/\/blog.zeit.de\/stoerungsmelder\/2009\/12\/15\/kirchen-setzen-zeichen-gegen-neonazis_2166","og_locale":"de_DE","og_type":"article","og_title":"Kirchen setzen Zeichen gegen Neonazis - St\u00f6rungsmelder","og_description":"Die Kirchen in Deutschland wollen sich in Zukunft st\u00e4rker gegen Rechtsextremismus engagieren. Die Aktion S\u00fchnezeichen ruft gemeinsam mit Vertretern von Kirchen und zivilgesellschaftlichen Initiativen zur Gr\u00fcndung einer bundesweiten \u201eArbeitsgemeinschaft Kirche f\u00fcr Demokratie \u2013 gegen Rechtsextremismus\u201c auf. Ziel sei es bestehende kirchliche Initiativen gegen Rechts besser zu vernetzen und neue Projekte anzusto\u00dfen. Rassistische und demokratiefeindliche Einstellungen [&hellip;]","og_url":"https:\/\/blog.zeit.de\/stoerungsmelder\/2009\/12\/15\/kirchen-setzen-zeichen-gegen-neonazis_2166","og_site_name":"St\u00f6rungsmelder","article_published_time":"2009-12-15T11:54:02+00:00","article_modified_time":"2017-07-08T14:46:45+00:00","og_image":[{"url":"http:\/\/nlarchiv.israel.de\/2008_html\/Dateien\/_04\/290408\/ASF-Logo-2farbig-normal.jpg"}],"author":"St\u00f6rungsmelder","twitter_card":"summary_large_image","twitter_misc":{"Geschrieben von":"St\u00f6rungsmelder","Gesch\u00e4tzte Lesezeit":"1\u00a0Minute"},"schema":{"@context":"https:\/\/schema.org","@graph":[{"@type":"WebPage","@id":"https:\/\/blog.zeit.de\/stoerungsmelder\/2009\/12\/15\/kirchen-setzen-zeichen-gegen-neonazis_2166","url":"https:\/\/blog.zeit.de\/stoerungsmelder\/2009\/12\/15\/kirchen-setzen-zeichen-gegen-neonazis_2166","name":"Kirchen setzen Zeichen gegen Neonazis - St\u00f6rungsmelder","isPartOf":{"@id":"https:\/\/blog.zeit.de\/stoerungsmelder\/#website"},"datePublished":"2009-12-15T11:54:02+00:00","dateModified":"2017-07-08T14:46:45+00:00","author":{"@id":"https:\/\/blog.zeit.de\/stoerungsmelder\/#\/schema\/person\/fdd0b9818f65738672810b6d6f037f71"},"breadcrumb":{"@id":"https:\/\/blog.zeit.de\/stoerungsmelder\/2009\/12\/15\/kirchen-setzen-zeichen-gegen-neonazis_2166#breadcrumb"},"inLanguage":"de","potentialAction":[{"@type":"ReadAction","target":["https:\/\/blog.zeit.de\/stoerungsmelder\/2009\/12\/15\/kirchen-setzen-zeichen-gegen-neonazis_2166"]}]},{"@type":"BreadcrumbList","@id":"https:\/\/blog.zeit.de\/stoerungsmelder\/2009\/12\/15\/kirchen-setzen-zeichen-gegen-neonazis_2166#breadcrumb","itemListElement":[{"@type":"ListItem","position":1,"name":"Startseite","item":"https:\/\/blog.zeit.de\/stoerungsmelder"},{"@type":"ListItem","position":2,"name":"Kirchen setzen Zeichen gegen Neonazis"}]},{"@type":"WebSite","@id":"https:\/\/blog.zeit.de\/stoerungsmelder\/#website","url":"https:\/\/blog.zeit.de\/stoerungsmelder\/","name":"St\u00f6rungsmelder","description":"Recherchen und Analysen \u00fcber die extreme Rechte","potentialAction":[{"@type":"SearchAction","target":{"@type":"EntryPoint","urlTemplate":"https:\/\/blog.zeit.de\/stoerungsmelder\/?s={search_term_string}"},"query-input":"required name=search_term_string"}],"inLanguage":"de"},{"@type":"Person","@id":"https:\/\/blog.zeit.de\/stoerungsmelder\/#\/schema\/person\/fdd0b9818f65738672810b6d6f037f71","name":"St\u00f6rungsmelder","image":{"@type":"ImageObject","inLanguage":"de","@id":"https:\/\/blog.zeit.de\/stoerungsmelder\/#\/schema\/person\/image\/","url":"https:\/\/secure.gravatar.com\/avatar\/dfa4be514c3e82a71e4f9a0020035d38192d080ccaa5e4e6d7a1472c763535c5?s=96&d=mm&r=pg","contentUrl":"https:\/\/secure.gravatar.com\/avatar\/dfa4be514c3e82a71e4f9a0020035d38192d080ccaa5e4e6d7a1472c763535c5?s=96&d=mm&r=pg","caption":"St\u00f6rungsmelder"},"url":"https:\/\/blog.zeit.de\/stoerungsmelder\/author\/stoerungsmelder"}]}},"jetpack_featured_media_url":"","jetpack_sharing_enabled":true,"_links":{"self":[{"href":"https:\/\/blog.zeit.de\/stoerungsmelder\/wp-json\/wp\/v2\/posts\/2166","targetHints":{"allow":["GET"]}}],"collection":[{"href":"https:\/\/blog.zeit.de\/stoerungsmelder\/wp-json\/wp\/v2\/posts"}],"about":[{"href":"https:\/\/blog.zeit.de\/stoerungsmelder\/wp-json\/wp\/v2\/types\/post"}],"author":[{"embeddable":true,"href":"https:\/\/blog.zeit.de\/stoerungsmelder\/wp-json\/wp\/v2\/users\/229"}],"replies":[{"embeddable":true,"href":"https:\/\/blog.zeit.de\/stoerungsmelder\/wp-json\/wp\/v2\/comments?post=2166"}],"version-history":[{"count":1,"href":"https:\/\/blog.zeit.de\/stoerungsmelder\/wp-json\/wp\/v2\/posts\/2166\/revisions"}],"predecessor-version":[{"id":24253,"href":"https:\/\/blog.zeit.de\/stoerungsmelder\/wp-json\/wp\/v2\/posts\/2166\/revisions\/24253"}],"wp:attachment":[{"href":"https:\/\/blog.zeit.de\/stoerungsmelder\/wp-json\/wp\/v2\/media?parent=2166"}],"wp:term":[{"taxonomy":"category","embeddable":true,"href":"https:\/\/blog.zeit.de\/stoerungsmelder\/wp-json\/wp\/v2\/categories?post=2166"},{"taxonomy":"post_tag","embeddable":true,"href":"https:\/\/blog.zeit.de\/stoerungsmelder\/wp-json\/wp\/v2\/tags?post=2166"}],"curies":[{"name":"wp","href":"https:\/\/api.w.org\/{rel}","templated":true}]}}