{"id":21884,"date":"2016-06-13T16:18:49","date_gmt":"2016-06-13T14:18:49","guid":{"rendered":"http:\/\/blog.zeit.de\/stoerungsmelder\/?p=21884"},"modified":"2016-06-13T19:53:53","modified_gmt":"2016-06-13T17:53:53","slug":"protest-gegen-die-afd-fuer-ein-weltoffenes-allgaeu","status":"publish","type":"post","link":"https:\/\/blog.zeit.de\/stoerungsmelder\/2016\/06\/13\/protest-gegen-die-afd-fuer-ein-weltoffenes-allgaeu_21884","title":{"rendered":"Protest gegen die AfD &#8211; \u201ef\u00fcr ein weltoffenes Allg\u00e4u\u201c"},"content":{"rendered":"<p><figure id=\"attachment_21886\" aria-describedby=\"caption-attachment-21886\" style=\"width: 620px\" class=\"wp-caption alignnone\"><a href=\"https:\/\/blog.zeit.de\/stoerungsmelder\/files\/2016\/06\/afdlindenberg_head.jpg\"><img loading=\"lazy\" decoding=\"async\" class=\"size-full wp-image-21886\" src=\"https:\/\/blog.zeit.de\/stoerungsmelder\/files\/2016\/06\/afdlindenberg_head.jpg\" alt=\"Proteste gegen AfD in Lindberg am 13.7.2016\" width=\"620\" height=\"300\" \/><\/a><figcaption id=\"caption-attachment-21886\" class=\"wp-caption-text\">Proteste gegen AfD in Lindberg am 13.6.2016<\/figcaption><\/figure><\/p>\n<p>Mit etwa 300 Besuchern konnten AfD-Bundessprecherin Frauke Petry und Landeschef Petr Bystron im L\u00f6wensaal der Stadt Lindenberg im Allg\u00e4u weniger G\u00e4ste als erwartet begeistern. Daf\u00fcr zogen sie bei weitem mehr Gegner als erwartet an. Etwa 700 Personen trafen sich zu Kundgebung, Demonstration und Blockadeversuchen.<!--more--><\/p>\n<p>F\u00fcr den 11. Juni lud der Kreisverband Lindau-Kempten-Oberallg\u00e4u der AfD zu einem Auftritt der Budessprecherin ihrer Partei Frauke Petry in den L\u00f6wensaal der Stadt Lindenberg. Der bayerische Landesvorsitzende Petr Bytron und der Vorsitzende des lokalen Kreisverbandes sprachen ebenfalls. Trotzdem \u201eaus Sicherheitsgr\u00fcnden\u201c nur eingelassen wurde, wer sich im Vorfeld mit Name und Anschrift registrieren lie\u00df, blieben einige St\u00fchle leer und die Besucherzahlen mit nur 300 G\u00e4sten hinter den Erwartungen zur\u00fcck. Beim Auftritt in der 11.000-Einwohner-Stadt musste die Partei keine <a href=\"https:\/\/www.jungewelt.de\/2016\/05-18\/103.php\">peinlichen G\u00e4ste aus der neonazistischen Rechten wie im M\u00fcnchner Hofbr\u00e4ukeller<\/a> beklagen. F\u00fcr die Durchsuchung und Vorkontrolle wurde der \u201eDSSD Sicherheitsdienst\u201c aus Pfullendorf engagiert, im Saal war zus\u00e4tzlich eine Vielzahl AfD-eigener Ordner eingesetzt.<\/p>\n<p>Bereits vor Einlass um 14 Uhr postierten sich einige AfD-Kritiker direkt vor dem Eingang des L\u00f6wensaales, um gegen den Auftritt von Frauke Petry zu demonstrieren. Ohne die bereits anwesenden Protestierenden zu entfernen sperrte die Polizei kurz darauf den Bereich unmittelbar vor dem Eingang des Veranstaltungssaales f\u00fcr AfD-Kritiker. Diese sammelten sich nunmehr an den Sperrpunkten und empfingen die Besucher der AfD-Veranstaltung lautstark protestierend &#8211; f\u00fcr die AfD ein \u00bbSpei\u00dfrutenlaufen vor dem Saal\u00ab (Fehler im Original). Laut Augenzeugen wurden dadurch sogar einige Interessierte dazu bewegt, die Veranstaltung doch nicht zu besuchen.<\/p>\n\n<div class=\"embed-wrapper embed-wrapper--blocked js-embed-consent\" data-method=\"embed\">\n<script class=\"raw__source\" type=\"text\/template\"><a data-flickr-embed='true' href='https:\/\/www.flickr.com\/photos\/fromoutback2\/albums\/72157668755704120' title='Afd-Veranstaltung mit Frauke Petry in Lindenberg 11.06.2016 by fromoutback2, on Flickr'><img src='https:\/\/live.staticflickr.com\/7586\/27619672665_e35b36537c_z.jpg' width='800' height='600' alt='IMGP1174'><\/a><scr+ipt async src='https:\/\/embedr.flickr.com\/assets\/client-code.js' charset='utf-8'><\/scr+ipt><\/script>\n<div class=\"embed-wrapper__inner\">\n<div class=\"embed-wrapper__text\">\n<h3>Empfohlener redaktioneller Inhalt<\/h3>\n<p data-replace=\"no\">An dieser Stelle finden Sie externen Inhalt, der den Artikel erg\u00e4nzt. Sie k\u00f6nnen sich externe Inhalte mit einem Klick anzeigen lassen und wieder ausblenden.<noscript>Bitte aktivieren Sie JavaScript damit Sie diesen Inhalt anzeigen k\u00f6nnen.<\/noscript><\/p>\n<\/div>\n<div class=\"embed-consent\">\n<label class=\"embed-consent__toggle\">\n<input class=\"js-embed-consent__toggle\" type=\"checkbox\" autocomplete=\"off\">\n<span><\/span>\nExterner Inhalt\n<\/label>\n<a href=\"https:\/\/www.zeit.de\/hilfe\/datenschutz\" target=\"_blank\" class=\"embed-consent__datalink-when-active\">Datenschutzerkl\u00e4rung<\/a>\n<\/div>\n<div class=\"embed-wrapper__footer\">\n<p data-replace=\"no\">\nIch bin damit einverstanden, dass mir externe Inhalte angezeigt werden. Damit k\u00f6nnen personenbezogene Daten an Drittplattformen \u00fcbermittelt werden. <a href=\"https:\/\/www.zeit.de\/hilfe\/datenschutz\" target=\"_blank\">Mehr dazu in unserer Datenschutzerkl\u00e4rung.<\/a>\n<\/p>\n<\/div>\n<\/div>\n<\/div>\n<p>Gleichzeitig begann unter dem Motto \u201eLindenberg bleibt bunt! Gemeinsam gegen Rassismus und Rechtspopulismus\u201c um 14:30 eine erste Kundgebung von SPD, Jusos und Gr\u00fcnen auf dem Stadtplatz unweit des L\u00f6wensaales. Anschlie\u00dfend umkreiste eine Demonstration den Veranstaltungsort der AfD. Lautstark umrundeten die AfD-Kritiker den Veranstaltungsort der Partei zwei Mal, was zeitweise bis in den L\u00f6wensaal hinein zu vernehmen war, ohne allerdings eine St\u00f6rung der Versammlung darzustellen. Hierzu eingeladen hatten einige antirassistische Gruppen, darunter die <a href=\"https:\/\/initiative-gegen-rassismus.com\/\">\u201eInitiative gegen Rassismus Westallg\u00e4u\u201c<\/a>, das \u201e<a href=\"https:\/\/react.or.ke\/\">Antirassistische Jugendaktionsb\u00fcr<\/a>\u201c im react!OR und \u201e<a href=\"https:\/\/www.facebook.com\/GegenRassismusimAllgaeu\/\">Gegen Rassismus im Allg\u00e4u und sonstwo<\/a>\u201c. Unter dem Motto \u201eKein Platz f\u00fcr Rassismus &#8211; Grenzenose Solidarit\u00e4t statt rechter Hetze\u201c positionierte sich der Aufruf mit folgenden Worten \u201ef\u00fcr ein weltoffenes Allg\u00e4u\u201c.<\/p>\n<p>\u201eAnstatt [\u2026] die unzureichenden Vorkehrungen zur Aufnahme und Versorgung von Gefl\u00fcchteten und die katastrophalen Bedingungen an den EU-Au\u00dfengrenzen und in vielen Erstaufnahmel\u00e4ndern der EU zu kritisieren, richtet die AfD ihre Propaganda gegen eben jene Menschen, die in ihren Herkunftsl\u00e4ndern, auf der Flucht und auch in der BRD bereits genug Leid erfahren mussten. Es ist aus unserer Sicht ein Fehler, dass die Lindenberger Stadtverwaltung der AfD ihre R\u00e4umlichkeiten zur Verf\u00fcgung stellen will und damit eine Plattform f\u00fcr ihre rassistische Stimmungsmache bietet. Dass auf dieser Veranstaltung nun ausgerechnet Frauke Petry auftreten soll, die mit ihrer Forderung nach einem Schie\u00dfbefehl an deutschen Grenzen f\u00fcr bundesweites Aufsehen gesorgt hat, versch\u00e4rft diese Problematik noch zus\u00e4tzlich. [\u2026] Bei uns gibt es genug Platz f\u00fcr gefl\u00fcchtete Menschen, nicht aber f\u00fcr rassistische Hetze.\u201c<\/p>\n<p>In einem Offenen Brief kritisierte die \u201eInitiative Gegen Rassismus Westallg\u00e4u\u201c die Stadtverwaltung daf\u00fcr, den L\u00f6wensaal zur Verf\u00fcgung zu stellen. Die Partei sch\u00fcre \u201emit ihren populistischen \u00c4u\u00dferungen eine gef\u00e4hrliche rassistische Grundstimmung\u201c und biete somit einen \u201efruchtbaren N\u00e4hrboden\u201c f\u00fcr Gewalttaten wie die <a href=\"https:\/\/blog.zeit.de\/stoerungsmelder\/2016\/01\/11\/uber-300-zeigen-solidaritat-nach-brandanschlag-in-marktoberdorf_20995\">Brandaschl\u00e4ge in Marktoberdorf<\/a> und <a href=\"https:\/\/blog.zeit.de\/stoerungsmelder\/2016\/02\/14\/1000-solidarisieren-sich-nach-brandanschlag-in-kaufbeuren_21266\">Kaufbeuren<\/a>. Wenn man den Auftritt schon nicht verhindern k\u00f6nne, solle man als Stadtverwaltung wenigstens \u201eein deutliches AfD- und rassismuskritisches \u00f6ffentliches Statement in Erw\u00e4gung ziehen.\u201c Eine Reaktion erhielt die Initiative, wie ein Mitglied erkl\u00e4rt, nicht. Im Interview mit der Lokalzeitung h\u00e4lt Lindenbergs B\u00fcrgermeister Eric Ballerstedt dagegen, es g\u00e4be keine gesetzeskonforme L\u00f6sung, den Saal nicht an eine zugelassene Partei zu vermieten. \u201eDas Podium und die Aufmerksamkeit haben andere geschaffen\u201c, sagt er und spielt damit offenbar auf die Gegenproteste an.<\/p>\n<p>\u201eOhne nennenswerte St\u00f6rungen\u201c verlief der Tag laut Polizei. Diese hielt den Demonstrationszug mehrmals an und fertigte Videoaufnamen der Versammlung. Zur Erkl\u00e4rung wurde angef\u00fchrt, es l\u00e4ge der Anfangsverdacht auf Straftaten vor. Nach Beendigung der Versammlungen hie\u00df es dann, die Aufnahmen seien gel\u00f6scht worden, weil sich der Verdacht jeweils nicht best\u00e4tigt h\u00e4tte. Allerdings ermittelt die Polizei gegen Unbekannt. Einige Tage vor dem Auftritt von Frauke Petry wurde in Lidenberg ein Handzettel in Briefk\u00e4sten eingeworfen, auf dem die B\u00fcrger Lindenbergs dazu aufgerufen wurden, die \u00f6ffentliche Parkpl\u00e4tze um den L\u00f6wensaal zu beparken um zu zeigen, \u201edass sie keine rechte Hetze in ihrer Stadt dulden.\u201c Als Verantwortlicher f\u00fcr den Aufruf wurde ein lindenberger AfD-Mitglied benannt, das f\u00fcr die Organisation der Veranstaltung mit Frauke Petry verantwortlich ist. Dieses hat Anzeige erstattet, weswegen nun wegen Urkundenf\u00e4lschung ermittelt wird.<\/p>\n<p>W\u00e4hrend eines der Redebeitr\u00e4ge wurde darauf hingewiesen, dass sich in Kempten erneut eine rassistische Bewegung zu etablieren versucht. Nachdem <a href=\"https:\/\/blog.zeit.de\/stoerungsmelder\/2016\/04\/01\/allgida-ein-rohrkrepierer_21468\">\u201eAllg\u00e4uer gegen die Islamisierung des Abendlandes\u201c (\u201eAllgida\u201c) bereits einmal scheiterten<\/a>, <a href=\"https:\/\/blog.zeit.de\/stoerungsmelder\/2016\/05\/19\/allgida-2-0-alter-wein-in-neuen-schlauchen_21704\">k\u00fcndigte ein T\u00e4towieren ohne Studio vor einem Monat an, es als \u201eDivision Kempten &#8211; Nationaler Widerstand\u201c erneut zu versuchen<\/a>. Er wollte als \u201eAllgida Kempten\u201c unter dem Motto \u201eDeutsche zu erst Asyl Flut stopen\u201c durch Kempten marschieren und k\u00fcndigte als Redner die Neonazis Viktor Seibel und Daniel K\u00f6ckert an. Nachdem der Verfassungsschutz die \u00dcberwachung des Projekts begann und Antifaschisten gegen das Event zu mobilisieren begannen, zog der Initiator seine Ank\u00fcndigung auch mit Verweis auf Antifaschistische Aktivit\u00e4ten zur\u00fcck &#8211; ohne dass Antifaschisten tats\u00e4chlich agieren mussten. Trotzdem wird weiter zu Gegenaktivit\u00e4ten aufgerufen: <a href=\"https:\/\/www.facebook.com\/GegenRassismusimAllgaeu\/?fref=nf\">\u201eJetzt erst recht! Allgida? Nein Danke!\u201c<\/a>. Weiterhin sei die Gefahr Rechter Kundgebungen und Demonstrationen durch \u201eAllgida\u201c oder andere Gruppierungen nicht gebannt. Um f\u00fcr eine m\u00f6glicherweise \u00fcberraschende Neuanmeldung ger\u00fcstet zu sein wird vorerst f\u00fcr den zuletzt von \u201eAllgida\u201c angek\u00fcndigten Termin der \u201eAllgida\u201c am 2.7.2016 mobilisiert. Nach eigenen Angaben ist der Gr\u00fcnder der Gruppierung zwar ausgestiegen, sie w\u00fcrde jedoch weiter von \u201eguten Patrioten\u201c gef\u00fchrt.<br \/>\n<img loading=\"lazy\" decoding=\"async\" src=\"http:\/\/vg03.met.vgwort.de\/na\/ec41376924f343b29899a56e2604d069\" alt=\"\" width=\"1\" height=\"1\" \/><\/p>\n","protected":false},"excerpt":{"rendered":"<p>Mit etwa 300 Besuchern konnten AfD-Bundessprecherin Frauke Petry und Landeschef Petr Bystron im L\u00f6wensaal der Stadt Lindenberg im Allg\u00e4u weniger G\u00e4ste als erwartet begeistern. Daf\u00fcr zogen sie bei weitem mehr Gegner als erwartet an. Etwa 700 Personen trafen sich zu Kundgebung, Demonstration und Blockadeversuchen.<\/p>\n","protected":false},"author":518,"featured_media":21886,"comment_status":"open","ping_status":"open","sticky":false,"template":"","format":"standard","meta":{"_jetpack_memberships_contains_paid_content":false,"footnotes":""},"categories":[59],"tags":[28267,34242,39418],"class_list":["post-21884","post","type-post","status-publish","format-standard","has-post-thumbnail","hentry","category-bayern","tag-afd","tag-allgau","tag-petry"],"yoast_head":"<!-- This site is optimized with the Yoast SEO plugin v21.0 - https:\/\/yoast.com\/wordpress\/plugins\/seo\/ -->\n<title>Protest gegen die AfD - \u201ef\u00fcr ein weltoffenes Allg\u00e4u\u201c - St\u00f6rungsmelder<\/title>\n<meta name=\"robots\" content=\"index, follow, max-snippet:-1, max-image-preview:large, max-video-preview:-1\" \/>\n<link rel=\"canonical\" href=\"https:\/\/blog.zeit.de\/stoerungsmelder\/2016\/06\/13\/protest-gegen-die-afd-fuer-ein-weltoffenes-allgaeu_21884\" \/>\n<meta property=\"og:locale\" content=\"de_DE\" \/>\n<meta property=\"og:type\" content=\"article\" \/>\n<meta property=\"og:title\" content=\"Protest gegen die AfD - \u201ef\u00fcr ein weltoffenes Allg\u00e4u\u201c - St\u00f6rungsmelder\" \/>\n<meta property=\"og:description\" content=\"Mit etwa 300 Besuchern konnten AfD-Bundessprecherin Frauke Petry und Landeschef Petr Bystron im L\u00f6wensaal der Stadt Lindenberg im Allg\u00e4u weniger G\u00e4ste als erwartet begeistern. Daf\u00fcr zogen sie bei weitem mehr Gegner als erwartet an. Etwa 700 Personen trafen sich zu Kundgebung, Demonstration und Blockadeversuchen.\" \/>\n<meta property=\"og:url\" content=\"https:\/\/blog.zeit.de\/stoerungsmelder\/2016\/06\/13\/protest-gegen-die-afd-fuer-ein-weltoffenes-allgaeu_21884\" \/>\n<meta property=\"og:site_name\" content=\"St\u00f6rungsmelder\" \/>\n<meta property=\"article:published_time\" content=\"2016-06-13T14:18:49+00:00\" \/>\n<meta property=\"article:modified_time\" content=\"2016-06-13T17:53:53+00:00\" \/>\n<meta property=\"og:image\" content=\"https:\/\/blog.zeit.de\/stoerungsmelder\/files\/2016\/06\/afdlindenberg_head.jpg\" \/>\n\t<meta property=\"og:image:width\" content=\"620\" \/>\n\t<meta property=\"og:image:height\" content=\"300\" \/>\n\t<meta property=\"og:image:type\" content=\"image\/jpeg\" \/>\n<meta name=\"author\" content=\"Sebastian Lipp\" \/>\n<meta name=\"twitter:card\" content=\"summary_large_image\" \/>\n<meta name=\"twitter:creator\" content=\"@SebastianLipp\" \/>\n<meta name=\"twitter:label1\" content=\"Geschrieben von\" \/>\n\t<meta name=\"twitter:data1\" content=\"Sebastian Lipp\" \/>\n\t<meta name=\"twitter:label2\" content=\"Gesch\u00e4tzte Lesezeit\" \/>\n\t<meta name=\"twitter:data2\" content=\"5\u00a0Minuten\" \/>\n<script type=\"application\/ld+json\" class=\"yoast-schema-graph\">{\"@context\":\"https:\/\/schema.org\",\"@graph\":[{\"@type\":\"WebPage\",\"@id\":\"https:\/\/blog.zeit.de\/stoerungsmelder\/2016\/06\/13\/protest-gegen-die-afd-fuer-ein-weltoffenes-allgaeu_21884\",\"url\":\"https:\/\/blog.zeit.de\/stoerungsmelder\/2016\/06\/13\/protest-gegen-die-afd-fuer-ein-weltoffenes-allgaeu_21884\",\"name\":\"Protest gegen die AfD - \u201ef\u00fcr ein weltoffenes Allg\u00e4u\u201c - St\u00f6rungsmelder\",\"isPartOf\":{\"@id\":\"https:\/\/blog.zeit.de\/stoerungsmelder\/#website\"},\"datePublished\":\"2016-06-13T14:18:49+00:00\",\"dateModified\":\"2016-06-13T17:53:53+00:00\",\"author\":{\"@id\":\"https:\/\/blog.zeit.de\/stoerungsmelder\/#\/schema\/person\/abf36269039573fecb7c7f814e987c29\"},\"breadcrumb\":{\"@id\":\"https:\/\/blog.zeit.de\/stoerungsmelder\/2016\/06\/13\/protest-gegen-die-afd-fuer-ein-weltoffenes-allgaeu_21884#breadcrumb\"},\"inLanguage\":\"de\",\"potentialAction\":[{\"@type\":\"ReadAction\",\"target\":[\"https:\/\/blog.zeit.de\/stoerungsmelder\/2016\/06\/13\/protest-gegen-die-afd-fuer-ein-weltoffenes-allgaeu_21884\"]}]},{\"@type\":\"BreadcrumbList\",\"@id\":\"https:\/\/blog.zeit.de\/stoerungsmelder\/2016\/06\/13\/protest-gegen-die-afd-fuer-ein-weltoffenes-allgaeu_21884#breadcrumb\",\"itemListElement\":[{\"@type\":\"ListItem\",\"position\":1,\"name\":\"Startseite\",\"item\":\"https:\/\/blog.zeit.de\/stoerungsmelder\"},{\"@type\":\"ListItem\",\"position\":2,\"name\":\"Protest gegen die AfD &#8211; \u201ef\u00fcr ein weltoffenes Allg\u00e4u\u201c\"}]},{\"@type\":\"WebSite\",\"@id\":\"https:\/\/blog.zeit.de\/stoerungsmelder\/#website\",\"url\":\"https:\/\/blog.zeit.de\/stoerungsmelder\/\",\"name\":\"St\u00f6rungsmelder\",\"description\":\"Recherchen und Analysen \u00fcber die extreme Rechte\",\"potentialAction\":[{\"@type\":\"SearchAction\",\"target\":{\"@type\":\"EntryPoint\",\"urlTemplate\":\"https:\/\/blog.zeit.de\/stoerungsmelder\/?s={search_term_string}\"},\"query-input\":\"required name=search_term_string\"}],\"inLanguage\":\"de\"},{\"@type\":\"Person\",\"@id\":\"https:\/\/blog.zeit.de\/stoerungsmelder\/#\/schema\/person\/abf36269039573fecb7c7f814e987c29\",\"name\":\"Sebastian Lipp\",\"image\":{\"@type\":\"ImageObject\",\"inLanguage\":\"de\",\"@id\":\"https:\/\/blog.zeit.de\/stoerungsmelder\/#\/schema\/person\/image\/\",\"url\":\"https:\/\/secure.gravatar.com\/avatar\/88a90014e1f1a5d93b03b4fd9a7643da248cc2335f5433c5b6e8ead7c24de4b8?s=96&d=mm&r=pg\",\"contentUrl\":\"https:\/\/secure.gravatar.com\/avatar\/88a90014e1f1a5d93b03b4fd9a7643da248cc2335f5433c5b6e8ead7c24de4b8?s=96&d=mm&r=pg\",\"caption\":\"Sebastian Lipp\"},\"sameAs\":[\"http:\/\/twitter.com\/SebastianLipp\",\"https:\/\/twitter.com\/SebastianLipp\"],\"url\":\"https:\/\/blog.zeit.de\/stoerungsmelder\/author\/sebastianl\"}]}<\/script>\n<!-- \/ Yoast SEO plugin. -->","yoast_head_json":{"title":"Protest gegen die AfD - \u201ef\u00fcr ein weltoffenes Allg\u00e4u\u201c - St\u00f6rungsmelder","robots":{"index":"index","follow":"follow","max-snippet":"max-snippet:-1","max-image-preview":"max-image-preview:large","max-video-preview":"max-video-preview:-1"},"canonical":"https:\/\/blog.zeit.de\/stoerungsmelder\/2016\/06\/13\/protest-gegen-die-afd-fuer-ein-weltoffenes-allgaeu_21884","og_locale":"de_DE","og_type":"article","og_title":"Protest gegen die AfD - \u201ef\u00fcr ein weltoffenes Allg\u00e4u\u201c - St\u00f6rungsmelder","og_description":"Mit etwa 300 Besuchern konnten AfD-Bundessprecherin Frauke Petry und Landeschef Petr Bystron im L\u00f6wensaal der Stadt Lindenberg im Allg\u00e4u weniger G\u00e4ste als erwartet begeistern. Daf\u00fcr zogen sie bei weitem mehr Gegner als erwartet an. Etwa 700 Personen trafen sich zu Kundgebung, Demonstration und Blockadeversuchen.","og_url":"https:\/\/blog.zeit.de\/stoerungsmelder\/2016\/06\/13\/protest-gegen-die-afd-fuer-ein-weltoffenes-allgaeu_21884","og_site_name":"St\u00f6rungsmelder","article_published_time":"2016-06-13T14:18:49+00:00","article_modified_time":"2016-06-13T17:53:53+00:00","og_image":[{"width":620,"height":300,"url":"https:\/\/blog.zeit.de\/stoerungsmelder\/files\/2016\/06\/afdlindenberg_head.jpg","type":"image\/jpeg"}],"author":"Sebastian Lipp","twitter_card":"summary_large_image","twitter_creator":"@SebastianLipp","twitter_misc":{"Geschrieben von":"Sebastian Lipp","Gesch\u00e4tzte Lesezeit":"5\u00a0Minuten"},"schema":{"@context":"https:\/\/schema.org","@graph":[{"@type":"WebPage","@id":"https:\/\/blog.zeit.de\/stoerungsmelder\/2016\/06\/13\/protest-gegen-die-afd-fuer-ein-weltoffenes-allgaeu_21884","url":"https:\/\/blog.zeit.de\/stoerungsmelder\/2016\/06\/13\/protest-gegen-die-afd-fuer-ein-weltoffenes-allgaeu_21884","name":"Protest gegen die AfD - \u201ef\u00fcr ein weltoffenes Allg\u00e4u\u201c - St\u00f6rungsmelder","isPartOf":{"@id":"https:\/\/blog.zeit.de\/stoerungsmelder\/#website"},"datePublished":"2016-06-13T14:18:49+00:00","dateModified":"2016-06-13T17:53:53+00:00","author":{"@id":"https:\/\/blog.zeit.de\/stoerungsmelder\/#\/schema\/person\/abf36269039573fecb7c7f814e987c29"},"breadcrumb":{"@id":"https:\/\/blog.zeit.de\/stoerungsmelder\/2016\/06\/13\/protest-gegen-die-afd-fuer-ein-weltoffenes-allgaeu_21884#breadcrumb"},"inLanguage":"de","potentialAction":[{"@type":"ReadAction","target":["https:\/\/blog.zeit.de\/stoerungsmelder\/2016\/06\/13\/protest-gegen-die-afd-fuer-ein-weltoffenes-allgaeu_21884"]}]},{"@type":"BreadcrumbList","@id":"https:\/\/blog.zeit.de\/stoerungsmelder\/2016\/06\/13\/protest-gegen-die-afd-fuer-ein-weltoffenes-allgaeu_21884#breadcrumb","itemListElement":[{"@type":"ListItem","position":1,"name":"Startseite","item":"https:\/\/blog.zeit.de\/stoerungsmelder"},{"@type":"ListItem","position":2,"name":"Protest gegen die AfD &#8211; \u201ef\u00fcr ein weltoffenes Allg\u00e4u\u201c"}]},{"@type":"WebSite","@id":"https:\/\/blog.zeit.de\/stoerungsmelder\/#website","url":"https:\/\/blog.zeit.de\/stoerungsmelder\/","name":"St\u00f6rungsmelder","description":"Recherchen und Analysen \u00fcber die extreme Rechte","potentialAction":[{"@type":"SearchAction","target":{"@type":"EntryPoint","urlTemplate":"https:\/\/blog.zeit.de\/stoerungsmelder\/?s={search_term_string}"},"query-input":"required name=search_term_string"}],"inLanguage":"de"},{"@type":"Person","@id":"https:\/\/blog.zeit.de\/stoerungsmelder\/#\/schema\/person\/abf36269039573fecb7c7f814e987c29","name":"Sebastian Lipp","image":{"@type":"ImageObject","inLanguage":"de","@id":"https:\/\/blog.zeit.de\/stoerungsmelder\/#\/schema\/person\/image\/","url":"https:\/\/secure.gravatar.com\/avatar\/88a90014e1f1a5d93b03b4fd9a7643da248cc2335f5433c5b6e8ead7c24de4b8?s=96&d=mm&r=pg","contentUrl":"https:\/\/secure.gravatar.com\/avatar\/88a90014e1f1a5d93b03b4fd9a7643da248cc2335f5433c5b6e8ead7c24de4b8?s=96&d=mm&r=pg","caption":"Sebastian Lipp"},"sameAs":["http:\/\/twitter.com\/SebastianLipp","https:\/\/twitter.com\/SebastianLipp"],"url":"https:\/\/blog.zeit.de\/stoerungsmelder\/author\/sebastianl"}]}},"jetpack_featured_media_url":"https:\/\/blog.zeit.de\/stoerungsmelder\/files\/2016\/06\/afdlindenberg_head.jpg","jetpack_sharing_enabled":true,"_links":{"self":[{"href":"https:\/\/blog.zeit.de\/stoerungsmelder\/wp-json\/wp\/v2\/posts\/21884","targetHints":{"allow":["GET"]}}],"collection":[{"href":"https:\/\/blog.zeit.de\/stoerungsmelder\/wp-json\/wp\/v2\/posts"}],"about":[{"href":"https:\/\/blog.zeit.de\/stoerungsmelder\/wp-json\/wp\/v2\/types\/post"}],"author":[{"embeddable":true,"href":"https:\/\/blog.zeit.de\/stoerungsmelder\/wp-json\/wp\/v2\/users\/518"}],"replies":[{"embeddable":true,"href":"https:\/\/blog.zeit.de\/stoerungsmelder\/wp-json\/wp\/v2\/comments?post=21884"}],"version-history":[{"count":7,"href":"https:\/\/blog.zeit.de\/stoerungsmelder\/wp-json\/wp\/v2\/posts\/21884\/revisions"}],"predecessor-version":[{"id":21911,"href":"https:\/\/blog.zeit.de\/stoerungsmelder\/wp-json\/wp\/v2\/posts\/21884\/revisions\/21911"}],"wp:featuredmedia":[{"embeddable":true,"href":"https:\/\/blog.zeit.de\/stoerungsmelder\/wp-json\/wp\/v2\/media\/21886"}],"wp:attachment":[{"href":"https:\/\/blog.zeit.de\/stoerungsmelder\/wp-json\/wp\/v2\/media?parent=21884"}],"wp:term":[{"taxonomy":"category","embeddable":true,"href":"https:\/\/blog.zeit.de\/stoerungsmelder\/wp-json\/wp\/v2\/categories?post=21884"},{"taxonomy":"post_tag","embeddable":true,"href":"https:\/\/blog.zeit.de\/stoerungsmelder\/wp-json\/wp\/v2\/tags?post=21884"}],"curies":[{"name":"wp","href":"https:\/\/api.w.org\/{rel}","templated":true}]}}