{"id":21918,"date":"2016-06-20T09:56:05","date_gmt":"2016-06-20T07:56:05","guid":{"rendered":"http:\/\/blog.zeit.de\/stoerungsmelder\/?p=21918"},"modified":"2016-06-29T18:01:05","modified_gmt":"2016-06-29T16:01:05","slug":"sonnwendfeier-npd-scheune-fliegt-auf","status":"publish","type":"post","link":"https:\/\/blog.zeit.de\/stoerungsmelder\/2016\/06\/20\/sonnwendfeier-npd-scheune-fliegt-auf_21918","title":{"rendered":"\u201eSonnwendfeier\u201c in Scheune fliegt auf"},"content":{"rendered":"<p><figure id=\"attachment_21925\" aria-describedby=\"caption-attachment-21925\" style=\"width: 620px\" class=\"wp-caption alignnone\"><img loading=\"lazy\" decoding=\"async\" class=\"size-full wp-image-21925\" src=\"https:\/\/blog.zeit.de\/stoerungsmelder\/files\/2016\/06\/20160618-Tiefenbach-NPD_Sonnenwende-c_S._Lipp-banner.jpg\" alt=\"NPD-\u201eSonnwendfeier\u201c am 18.6.16 in Tiefenbach \u00a9 S. Lipp\" width=\"620\" height=\"300\" \/><figcaption id=\"caption-attachment-21925\" class=\"wp-caption-text\">NPD-\u201eSonnwendfeier\u201c am 18.6.16 in Tiefenbach<\/figcaption><\/figure><\/p>\n<p>Wie im letzten Jahr veranstaltete der Kreisverband Neu-Ulm\/G\u00fcnzburg der NPD am 18.6. sein Sommerfest in einer Scheune bei Illertissen. Trotz aller Konspirativit\u00e4t &#8211; die G\u00e4ste wurden \u00fcber einen Schleusungspunkt an der Autobahn zur Veranstaltung geleitet &#8211; gelang es den \u00fcber 50 Neonazis nicht unentdeckt zu bleiben.<!--more--><\/p>\n<p><figure id=\"attachment_21924\" aria-describedby=\"caption-attachment-21924\" style=\"width: 220px\" class=\"wp-caption alignright\"><a href=\"https:\/\/blog.zeit.de\/stoerungsmelder\/files\/2016\/06\/20160618-Tiefenbach-NPD_Sonnenwende-c_S._Lipp_2195.jpg\"><img loading=\"lazy\" decoding=\"async\" class=\"size-thumbnail wp-image-21924\" src=\"https:\/\/blog.zeit.de\/stoerungsmelder\/files\/2016\/06\/20160618-Tiefenbach-NPD_Sonnenwende-c_S._Lipp_2195-220x220.jpg\" alt=\"Sonst Stellplatz f\u00fcr landwitschaftliches Ger\u00e4t: Die von der NPD genutzte Scheune bei Tiefenbach\" width=\"220\" height=\"220\" \/><\/a><figcaption id=\"caption-attachment-21924\" class=\"wp-caption-text\">Sonst Stellplatz f\u00fcr landwitschaftliches Ger\u00e4t: Die von der NPD genutzte Scheune bei Tiefenbach<\/figcaption><\/figure><\/p>\n<p>Direkt am Entw\u00e4sserungsgraben, wenige hundert Meter \u00f6stlich vom Illertissener Ortsteil Tiefenbach im schw\u00e4bischen Landkreis Neu-Ulm, liegt die Scheune eines \u00f6rtlichen Landwirtes. Das Geb\u00e4ude, das dieser sonst als Unterstand f\u00fcr landwirtschaftliches Ger\u00e4t nutzt, stand bereits im vergangenen Jahr f\u00fcr das Sommerfest der NPD zur Verf\u00fcgung. Zur diesj\u00e4hrigen \u201eSonnwendfeier\u201c begr\u00fc\u00dfte dort der Kreisvorsitzende Stefan Winkler seine \u00fcber 50 G\u00e4ste. F\u00fcr deren Unterhaltung sollten erneut der braune Liedermacher Frank Rennicke und als Redner <a href=\"https:\/\/blog.zeit.de\/stoerungsmelder\/2010\/03\/04\/der-braune-biker-aus-der-pfalz_2857\">Sascha Ro\u00dfm\u00fcller<\/a> sorgen. Wohl um sich familienfreundlich pr\u00e4sentieren zu k\u00f6nnen, errichtete man eine H\u00fcpfburg f\u00fcr die Kinder. Abends wollten die extremen Rechten gemeinsam am Lagerfeuer sitzen.<\/p>\n<p><figure id=\"attachment_21919\" aria-describedby=\"caption-attachment-21919\" style=\"width: 620px\" class=\"wp-caption aligncenter\"><a href=\"https:\/\/blog.zeit.de\/stoerungsmelder\/files\/2016\/06\/20160618-Tiefenbach-NPD_Sonnenwende-c_S._Lipp9793.jpg\"><img loading=\"lazy\" decoding=\"async\" class=\"size-medium wp-image-21919\" src=\"https:\/\/blog.zeit.de\/stoerungsmelder\/files\/2016\/06\/20160618-Tiefenbach-NPD_Sonnenwende-c_S._Lipp9793-620x412.jpg\" alt=\"NPD-\u201eSonnwendfeier\u201c am 18.6.16 in Tiefenbach \u00a9 S. Lipp\" width=\"620\" height=\"412\" srcset=\"https:\/\/blog.zeit.de\/stoerungsmelder\/files\/2016\/06\/20160618-Tiefenbach-NPD_Sonnenwende-c_S._Lipp9793-620x412.jpg 620w, https:\/\/blog.zeit.de\/stoerungsmelder\/files\/2016\/06\/20160618-Tiefenbach-NPD_Sonnenwende-c_S._Lipp9793-768x510.jpg 768w, https:\/\/blog.zeit.de\/stoerungsmelder\/files\/2016\/06\/20160618-Tiefenbach-NPD_Sonnenwende-c_S._Lipp9793-1024x680.jpg 1024w, https:\/\/blog.zeit.de\/stoerungsmelder\/files\/2016\/06\/20160618-Tiefenbach-NPD_Sonnenwende-c_S._Lipp9793.jpg 1200w\" sizes=\"auto, (max-width: 620px) 100vw, 620px\" \/><\/a><figcaption id=\"caption-attachment-21919\" class=\"wp-caption-text\">NPD-\u201eSonnwendfeier\u201c noch im Aufbau &#8211; \u201eVoice of Anger\u201c ist schon dabei<\/figcaption><\/figure><\/p>\n<p>Die NPD im Bezirk Schwaben tritt j\u00fcngst vermehrt mit Aktivit\u00e4ten an die \u00d6ffentlichkeit. Am 28.10.2015 etwa <a href=\"https:\/\/www.aida-archiv.de\/index.php\/chronik\/5294-28-oktober-2015\">versuchten 20 der Neonazis einen Vortrag der Gr\u00fcnen-Politikerin Claudia Roth in Tannhausen im Landkreis G\u00fcnzburg mit \u201erassistischen und provozierenden Fragen\u201c zu st\u00f6ren und die Diskussion zu dominieren<\/a>. <a href=\"http:\/\/www.swp.de\/ulm\/lokales\/alb_donau\/Blaubeuren-bekennt-Farbe-Buerger-schirmen-NPD-Stand-ab;art1158552,3511085\">W\u00e4hrend eines Infostandes des NPD-Kreisverbandes wenige Tage sp\u00e4ter in Blaubeuren fuhr der st\u00e4dtische Bauhof zur \u201espontanten Leistungsschau\u201c auf<\/a>. Rund 50 Nazigegner begleiteten die Szenerie. <a href=\"https:\/\/blog.zeit.de\/stoerungsmelder\/2016\/01\/04\/kerzenabend-der-npd-in-memmingen_20906\">Weihnachten will die NPD \u00fcber 100 Besucher zum \u201eKerzenabend\u201c in Memmingen gelockt haben<\/a>. Am 9.3.2016 waren Mitglieder des Bezirksverbandes zu Gast auf einem Vortrag des Kreisverbandes Unterallg\u00e4u\/Memmingen der AfD in Babenhausen zu \u201eMerkels Asylpolitik\u201c. Der Inhalt war dabei so angelegt, dass Winkler seine Zustimmung formulieren konnte, wenn er auch die Parteispitze stellenweise zu lasch finde. Auch Mitglieder von \u201eVoice of Anger\u201c und andere Neonazis waren im Saal anzutreffen.<\/p>\n<p><figure id=\"attachment_21923\" aria-describedby=\"caption-attachment-21923\" style=\"width: 220px\" class=\"wp-caption alignright\"><a href=\"https:\/\/blog.zeit.de\/stoerungsmelder\/files\/2016\/06\/20160618-Tiefenbach-NPD_Sonnenwende-c_S._Lipp98131.jpg\"><img loading=\"lazy\" decoding=\"async\" class=\"wp-image-21923 size-thumbnail\" src=\"https:\/\/blog.zeit.de\/stoerungsmelder\/files\/2016\/06\/20160618-Tiefenbach-NPD_Sonnenwende-c_S._Lipp98131-220x220.jpg\" alt=\"NPD-\u201eSonnwendfeier\u201c am 18.6.16 in Tiefenbach \u00a9 S. Lipp\" width=\"220\" height=\"220\" \/><\/a><figcaption id=\"caption-attachment-21923\" class=\"wp-caption-text\">Stefan Winkler spricht, Hinter ihm Anh\u00e4nger von \u201eVoice of Anger\u201c<\/figcaption><\/figure><\/p>\n<p>Auch zur \u201eSonnwendfeier\u201c am Samstag zeigten sich die \u00dcberschneidungen und Sympathien der verschiedenen Szenen in Schwaben. Unter den G\u00e4sten in Tiefenbach befanden sich auff\u00e4llig viele Skinheads. Mit dabei: Mitglieder von der <a href=\"https:\/\/blog.zeit.de\/stoerungsmelder\/2014\/11\/07\/razzia-gegen-bayerischen-neonazi-versand_17472\">neonazistischen \u201eVoice of Anger\u201c<\/a> (VoA). Die Skinheadkameradschaft ist noch immer eine der gr\u00f6\u00dften aktiven ihrer Sorte in Bayern.<\/p>\n<p>Stefan Winkler wurde diesen April als Bezirksvorsitzender der schw\u00e4bischen NPD best\u00e4tigt, womit er diese nach eigener Darstellung seit zehn Jahren anf\u00fchre. Der <a href=\"http:\/\/www.taz.de\/1\/archiv\/?dig=2004\/05\/17\/a0114\">ehemalige Gartenmarktverk\u00e4ufer<\/a> ist zudem Vorsitzender in seinem Kreisverband Neu-Ulm\/G\u00fcnzburg. Neben seinem Engagement f\u00fcr die \u201eNationaldemokraten\u201c betreibt er im Nebenerwerb ein Imkergewerbe im 2012 erbauten Einfamilienhaus am Rande eines Neubaugebietes in Holzheim bei Neu-Ulm.<\/p>\n<p><figure id=\"attachment_21979\" aria-describedby=\"caption-attachment-21979\" style=\"width: 220px\" class=\"wp-caption alignright\"><a href=\"https:\/\/blog.zeit.de\/stoerungsmelder\/files\/2016\/06\/20160618-Tiefenbach-NPD_Sonnenwende-c_S._Lipp9824-1.jpg\"><img loading=\"lazy\" decoding=\"async\" class=\"size-thumbnail wp-image-21979\" src=\"https:\/\/blog.zeit.de\/stoerungsmelder\/files\/2016\/06\/20160618-Tiefenbach-NPD_Sonnenwende-c_S._Lipp9824-1-220x220.jpg\" alt=\"NPD-\u201eSonnwendfeier\u201c am 18.6.16 in Tiefenbach \u00a9 S. Lipp\" width=\"220\" height=\"220\" \/><\/a><figcaption id=\"caption-attachment-21979\" class=\"wp-caption-text\">NPD-\u201eSonnwendfeier\u201c am 18.6.16 in Tiefenbach \u00a9 S. Lipp<\/figcaption><\/figure><\/p>\n<p>Ro\u00dfm\u00fcller bekleidete diverse hohe \u00c4mter in der Bayern- und Bundes-NPD und war Mitarbeiter der s\u00e4chsischen Landtagsfraktion der Partei. Heute ist er stellvertretender Landesvorsitzender in Bayern. Der Neonazi war <a href=\"http:\/\/www.netz-gegen-nazis.de\/artikel\/der-rocker-aus-bayern-9673\">Gr\u00fcndungsmitglied des 1993 verbotenen \u201eNationalen Block\u201c<\/a>. Au\u00dferdem war er zeitweise <a href=\"https:\/\/blog.zeit.de\/stoerungsmelder\/2010\/03\/04\/der-braune-biker-aus-der-pfalz_2857\">Teil der F\u00fchrungsriege der inzwischen aufgel\u00f6sten \u201eBandidos\u201c\u00a0 Regensburg<\/a>. <img loading=\"lazy\" decoding=\"async\" src=\"http:\/\/vg03.met.vgwort.de\/na\/734846a191864527b662a3e66248e512\" alt=\"\" width=\"1\" height=\"1\" \/>Dieses Chapter hat sich inzwischen allerdings aufgel\u00f6st.<\/p>\n","protected":false},"excerpt":{"rendered":"<p>Wie im letzten Jahr veranstaltete der Kreisverband Neu-Ulm\/G\u00fcnzburg der NPD am 18.6. sein Sommerfest in einer Scheune bei Illertissen. Trotz aller Konspirativit\u00e4t &#8211; die G\u00e4ste wurden \u00fcber einen Schleusungspunkt an der Autobahn zur Veranstaltung geleitet &#8211; gelang es den \u00fcber 50 Neonazis nicht unentdeckt zu bleiben.<\/p>\n","protected":false},"author":518,"featured_media":21925,"comment_status":"open","ping_status":"open","sticky":false,"template":"","format":"standard","meta":{"_jetpack_memberships_contains_paid_content":false,"footnotes":""},"categories":[59],"tags":[7271,11413,39421,39419,34241,39420,1716,1779,23658,39422,39423,32041,32040],"class_list":["post-21918","post","type-post","status-publish","format-standard","has-post-thumbnail","hentry","category-bayern","tag-claudia-roth","tag-frank-rennicke","tag-guenzburg","tag-illertissen","tag-memmingen","tag-neu-ulm","tag-npd","tag-sascha-rosmuller","tag-schwaben","tag-sonnwendfeier","tag-stefan-winkler","tag-voa","tag-voice-of-anger"],"yoast_head":"<!-- This site is optimized with the Yoast SEO plugin v21.0 - https:\/\/yoast.com\/wordpress\/plugins\/seo\/ -->\n<title>\u201eSonnwendfeier\u201c in Scheune fliegt auf - St\u00f6rungsmelder<\/title>\n<meta name=\"robots\" content=\"index, follow, max-snippet:-1, max-image-preview:large, max-video-preview:-1\" \/>\n<link rel=\"canonical\" href=\"https:\/\/blog.zeit.de\/stoerungsmelder\/2016\/06\/20\/sonnwendfeier-npd-scheune-fliegt-auf_21918\" \/>\n<meta property=\"og:locale\" content=\"de_DE\" \/>\n<meta property=\"og:type\" content=\"article\" \/>\n<meta property=\"og:title\" content=\"\u201eSonnwendfeier\u201c in Scheune fliegt auf - St\u00f6rungsmelder\" \/>\n<meta property=\"og:description\" content=\"Wie im letzten Jahr veranstaltete der Kreisverband Neu-Ulm\/G\u00fcnzburg der NPD am 18.6. sein Sommerfest in einer Scheune bei Illertissen. Trotz aller Konspirativit\u00e4t &#8211; die G\u00e4ste wurden \u00fcber einen Schleusungspunkt an der Autobahn zur Veranstaltung geleitet &#8211; gelang es den \u00fcber 50 Neonazis nicht unentdeckt zu bleiben.\" \/>\n<meta property=\"og:url\" content=\"https:\/\/blog.zeit.de\/stoerungsmelder\/2016\/06\/20\/sonnwendfeier-npd-scheune-fliegt-auf_21918\" \/>\n<meta property=\"og:site_name\" content=\"St\u00f6rungsmelder\" \/>\n<meta property=\"article:published_time\" content=\"2016-06-20T07:56:05+00:00\" \/>\n<meta property=\"article:modified_time\" content=\"2016-06-29T16:01:05+00:00\" \/>\n<meta property=\"og:image\" content=\"https:\/\/blog.zeit.de\/stoerungsmelder\/files\/2016\/06\/20160618-Tiefenbach-NPD_Sonnenwende-c_S._Lipp-banner.jpg\" \/>\n\t<meta property=\"og:image:width\" content=\"620\" \/>\n\t<meta property=\"og:image:height\" content=\"300\" \/>\n\t<meta property=\"og:image:type\" content=\"image\/jpeg\" \/>\n<meta name=\"author\" content=\"Sebastian Lipp\" \/>\n<meta name=\"twitter:card\" content=\"summary_large_image\" \/>\n<meta name=\"twitter:creator\" content=\"@SebastianLipp\" \/>\n<meta name=\"twitter:label1\" content=\"Geschrieben von\" \/>\n\t<meta name=\"twitter:data1\" content=\"Sebastian Lipp\" \/>\n\t<meta name=\"twitter:label2\" content=\"Gesch\u00e4tzte Lesezeit\" \/>\n\t<meta name=\"twitter:data2\" content=\"3\u00a0Minuten\" \/>\n<script type=\"application\/ld+json\" class=\"yoast-schema-graph\">{\"@context\":\"https:\/\/schema.org\",\"@graph\":[{\"@type\":\"WebPage\",\"@id\":\"https:\/\/blog.zeit.de\/stoerungsmelder\/2016\/06\/20\/sonnwendfeier-npd-scheune-fliegt-auf_21918\",\"url\":\"https:\/\/blog.zeit.de\/stoerungsmelder\/2016\/06\/20\/sonnwendfeier-npd-scheune-fliegt-auf_21918\",\"name\":\"\u201eSonnwendfeier\u201c in Scheune fliegt auf - St\u00f6rungsmelder\",\"isPartOf\":{\"@id\":\"https:\/\/blog.zeit.de\/stoerungsmelder\/#website\"},\"datePublished\":\"2016-06-20T07:56:05+00:00\",\"dateModified\":\"2016-06-29T16:01:05+00:00\",\"author\":{\"@id\":\"https:\/\/blog.zeit.de\/stoerungsmelder\/#\/schema\/person\/abf36269039573fecb7c7f814e987c29\"},\"breadcrumb\":{\"@id\":\"https:\/\/blog.zeit.de\/stoerungsmelder\/2016\/06\/20\/sonnwendfeier-npd-scheune-fliegt-auf_21918#breadcrumb\"},\"inLanguage\":\"de\",\"potentialAction\":[{\"@type\":\"ReadAction\",\"target\":[\"https:\/\/blog.zeit.de\/stoerungsmelder\/2016\/06\/20\/sonnwendfeier-npd-scheune-fliegt-auf_21918\"]}]},{\"@type\":\"BreadcrumbList\",\"@id\":\"https:\/\/blog.zeit.de\/stoerungsmelder\/2016\/06\/20\/sonnwendfeier-npd-scheune-fliegt-auf_21918#breadcrumb\",\"itemListElement\":[{\"@type\":\"ListItem\",\"position\":1,\"name\":\"Startseite\",\"item\":\"https:\/\/blog.zeit.de\/stoerungsmelder\"},{\"@type\":\"ListItem\",\"position\":2,\"name\":\"\u201eSonnwendfeier\u201c in Scheune fliegt auf\"}]},{\"@type\":\"WebSite\",\"@id\":\"https:\/\/blog.zeit.de\/stoerungsmelder\/#website\",\"url\":\"https:\/\/blog.zeit.de\/stoerungsmelder\/\",\"name\":\"St\u00f6rungsmelder\",\"description\":\"Recherchen und Analysen \u00fcber die extreme Rechte\",\"potentialAction\":[{\"@type\":\"SearchAction\",\"target\":{\"@type\":\"EntryPoint\",\"urlTemplate\":\"https:\/\/blog.zeit.de\/stoerungsmelder\/?s={search_term_string}\"},\"query-input\":\"required name=search_term_string\"}],\"inLanguage\":\"de\"},{\"@type\":\"Person\",\"@id\":\"https:\/\/blog.zeit.de\/stoerungsmelder\/#\/schema\/person\/abf36269039573fecb7c7f814e987c29\",\"name\":\"Sebastian Lipp\",\"image\":{\"@type\":\"ImageObject\",\"inLanguage\":\"de\",\"@id\":\"https:\/\/blog.zeit.de\/stoerungsmelder\/#\/schema\/person\/image\/\",\"url\":\"https:\/\/secure.gravatar.com\/avatar\/88a90014e1f1a5d93b03b4fd9a7643da248cc2335f5433c5b6e8ead7c24de4b8?s=96&d=mm&r=pg\",\"contentUrl\":\"https:\/\/secure.gravatar.com\/avatar\/88a90014e1f1a5d93b03b4fd9a7643da248cc2335f5433c5b6e8ead7c24de4b8?s=96&d=mm&r=pg\",\"caption\":\"Sebastian Lipp\"},\"sameAs\":[\"http:\/\/twitter.com\/SebastianLipp\",\"https:\/\/twitter.com\/SebastianLipp\"],\"url\":\"https:\/\/blog.zeit.de\/stoerungsmelder\/author\/sebastianl\"}]}<\/script>\n<!-- \/ Yoast SEO plugin. -->","yoast_head_json":{"title":"\u201eSonnwendfeier\u201c in Scheune fliegt auf - St\u00f6rungsmelder","robots":{"index":"index","follow":"follow","max-snippet":"max-snippet:-1","max-image-preview":"max-image-preview:large","max-video-preview":"max-video-preview:-1"},"canonical":"https:\/\/blog.zeit.de\/stoerungsmelder\/2016\/06\/20\/sonnwendfeier-npd-scheune-fliegt-auf_21918","og_locale":"de_DE","og_type":"article","og_title":"\u201eSonnwendfeier\u201c in Scheune fliegt auf - St\u00f6rungsmelder","og_description":"Wie im letzten Jahr veranstaltete der Kreisverband Neu-Ulm\/G\u00fcnzburg der NPD am 18.6. sein Sommerfest in einer Scheune bei Illertissen. Trotz aller Konspirativit\u00e4t &#8211; die G\u00e4ste wurden \u00fcber einen Schleusungspunkt an der Autobahn zur Veranstaltung geleitet &#8211; gelang es den \u00fcber 50 Neonazis nicht unentdeckt zu bleiben.","og_url":"https:\/\/blog.zeit.de\/stoerungsmelder\/2016\/06\/20\/sonnwendfeier-npd-scheune-fliegt-auf_21918","og_site_name":"St\u00f6rungsmelder","article_published_time":"2016-06-20T07:56:05+00:00","article_modified_time":"2016-06-29T16:01:05+00:00","og_image":[{"width":620,"height":300,"url":"https:\/\/blog.zeit.de\/stoerungsmelder\/files\/2016\/06\/20160618-Tiefenbach-NPD_Sonnenwende-c_S._Lipp-banner.jpg","type":"image\/jpeg"}],"author":"Sebastian Lipp","twitter_card":"summary_large_image","twitter_creator":"@SebastianLipp","twitter_misc":{"Geschrieben von":"Sebastian Lipp","Gesch\u00e4tzte Lesezeit":"3\u00a0Minuten"},"schema":{"@context":"https:\/\/schema.org","@graph":[{"@type":"WebPage","@id":"https:\/\/blog.zeit.de\/stoerungsmelder\/2016\/06\/20\/sonnwendfeier-npd-scheune-fliegt-auf_21918","url":"https:\/\/blog.zeit.de\/stoerungsmelder\/2016\/06\/20\/sonnwendfeier-npd-scheune-fliegt-auf_21918","name":"\u201eSonnwendfeier\u201c in Scheune fliegt auf - St\u00f6rungsmelder","isPartOf":{"@id":"https:\/\/blog.zeit.de\/stoerungsmelder\/#website"},"datePublished":"2016-06-20T07:56:05+00:00","dateModified":"2016-06-29T16:01:05+00:00","author":{"@id":"https:\/\/blog.zeit.de\/stoerungsmelder\/#\/schema\/person\/abf36269039573fecb7c7f814e987c29"},"breadcrumb":{"@id":"https:\/\/blog.zeit.de\/stoerungsmelder\/2016\/06\/20\/sonnwendfeier-npd-scheune-fliegt-auf_21918#breadcrumb"},"inLanguage":"de","potentialAction":[{"@type":"ReadAction","target":["https:\/\/blog.zeit.de\/stoerungsmelder\/2016\/06\/20\/sonnwendfeier-npd-scheune-fliegt-auf_21918"]}]},{"@type":"BreadcrumbList","@id":"https:\/\/blog.zeit.de\/stoerungsmelder\/2016\/06\/20\/sonnwendfeier-npd-scheune-fliegt-auf_21918#breadcrumb","itemListElement":[{"@type":"ListItem","position":1,"name":"Startseite","item":"https:\/\/blog.zeit.de\/stoerungsmelder"},{"@type":"ListItem","position":2,"name":"\u201eSonnwendfeier\u201c in Scheune fliegt auf"}]},{"@type":"WebSite","@id":"https:\/\/blog.zeit.de\/stoerungsmelder\/#website","url":"https:\/\/blog.zeit.de\/stoerungsmelder\/","name":"St\u00f6rungsmelder","description":"Recherchen und Analysen \u00fcber die extreme Rechte","potentialAction":[{"@type":"SearchAction","target":{"@type":"EntryPoint","urlTemplate":"https:\/\/blog.zeit.de\/stoerungsmelder\/?s={search_term_string}"},"query-input":"required name=search_term_string"}],"inLanguage":"de"},{"@type":"Person","@id":"https:\/\/blog.zeit.de\/stoerungsmelder\/#\/schema\/person\/abf36269039573fecb7c7f814e987c29","name":"Sebastian Lipp","image":{"@type":"ImageObject","inLanguage":"de","@id":"https:\/\/blog.zeit.de\/stoerungsmelder\/#\/schema\/person\/image\/","url":"https:\/\/secure.gravatar.com\/avatar\/88a90014e1f1a5d93b03b4fd9a7643da248cc2335f5433c5b6e8ead7c24de4b8?s=96&d=mm&r=pg","contentUrl":"https:\/\/secure.gravatar.com\/avatar\/88a90014e1f1a5d93b03b4fd9a7643da248cc2335f5433c5b6e8ead7c24de4b8?s=96&d=mm&r=pg","caption":"Sebastian Lipp"},"sameAs":["http:\/\/twitter.com\/SebastianLipp","https:\/\/twitter.com\/SebastianLipp"],"url":"https:\/\/blog.zeit.de\/stoerungsmelder\/author\/sebastianl"}]}},"jetpack_featured_media_url":"https:\/\/blog.zeit.de\/stoerungsmelder\/files\/2016\/06\/20160618-Tiefenbach-NPD_Sonnenwende-c_S._Lipp-banner.jpg","jetpack_sharing_enabled":true,"_links":{"self":[{"href":"https:\/\/blog.zeit.de\/stoerungsmelder\/wp-json\/wp\/v2\/posts\/21918","targetHints":{"allow":["GET"]}}],"collection":[{"href":"https:\/\/blog.zeit.de\/stoerungsmelder\/wp-json\/wp\/v2\/posts"}],"about":[{"href":"https:\/\/blog.zeit.de\/stoerungsmelder\/wp-json\/wp\/v2\/types\/post"}],"author":[{"embeddable":true,"href":"https:\/\/blog.zeit.de\/stoerungsmelder\/wp-json\/wp\/v2\/users\/518"}],"replies":[{"embeddable":true,"href":"https:\/\/blog.zeit.de\/stoerungsmelder\/wp-json\/wp\/v2\/comments?post=21918"}],"version-history":[{"count":18,"href":"https:\/\/blog.zeit.de\/stoerungsmelder\/wp-json\/wp\/v2\/posts\/21918\/revisions"}],"predecessor-version":[{"id":21980,"href":"https:\/\/blog.zeit.de\/stoerungsmelder\/wp-json\/wp\/v2\/posts\/21918\/revisions\/21980"}],"wp:featuredmedia":[{"embeddable":true,"href":"https:\/\/blog.zeit.de\/stoerungsmelder\/wp-json\/wp\/v2\/media\/21925"}],"wp:attachment":[{"href":"https:\/\/blog.zeit.de\/stoerungsmelder\/wp-json\/wp\/v2\/media?parent=21918"}],"wp:term":[{"taxonomy":"category","embeddable":true,"href":"https:\/\/blog.zeit.de\/stoerungsmelder\/wp-json\/wp\/v2\/categories?post=21918"},{"taxonomy":"post_tag","embeddable":true,"href":"https:\/\/blog.zeit.de\/stoerungsmelder\/wp-json\/wp\/v2\/tags?post=21918"}],"curies":[{"name":"wp","href":"https:\/\/api.w.org\/{rel}","templated":true}]}}