{"id":21942,"date":"2016-06-20T16:07:29","date_gmt":"2016-06-20T14:07:29","guid":{"rendered":"http:\/\/blog.zeit.de\/stoerungsmelder\/?p=21942"},"modified":"2016-06-20T16:08:42","modified_gmt":"2016-06-20T14:08:42","slug":"russlanddeutsche-und-die-extreme-rechte","status":"publish","type":"post","link":"https:\/\/blog.zeit.de\/stoerungsmelder\/2016\/06\/20\/russlanddeutsche-und-die-extreme-rechte_21942","title":{"rendered":"\u201eRusslanddeutsche\u201c und die extreme Rechte"},"content":{"rendered":"<p>Assja J\u00fcnnemann verliest die g\u00e4ngigen Beschr\u00e4nkungen die von der Polizei einer politischen Versammlung auferlegt werden. Anschlie\u00dfend er\u00f6ffnet sie ihren Redebeitrag mit den Worten: \u201eUm allen Ungeister gleich den Wind aus ihren hasserf\u00fcllten Segeln zu nehmen, ich verachte alle extremistischen Gesinnungen\/Haltungen, denn ich habe selbst Migrationshintergrund\u201c. \u00c4hnliches ist auch in den folgenden Redebeitr\u00e4gen an diesem Sonntag, 15.05.2016, in Hildesheim finden, wo die \u201eB\u00fcrgerinitiative Hildesheim, Sichere Heimat\u2019\u201c zu einer Versammlung aufgerufen hatte.<!--more--><\/p>\n<p><em>Von Mikkel Hansen<\/em><\/p>\n<p>Nachdem in Berlin Anfang des Jahres eine 13-j\u00e4hrige Sch\u00fclerin zeitweise verschwunden war, kam es bundesweit zu rassistischen Mobilisierungen in der russlanddeutschen Community. In sozialen Netzwerken und im russischen Fernsehen war das Ger\u00fccht aufgekommen, dass das aus einer russlandeutschen Familie stammende M\u00e4dchen von Asylbewerbern missbraucht worden sei. Unter anderem fand in Hannover auf den Stufen vor dem Rathaus eine Kundgebung unter dem Motto \u201eF\u00fcr Lisa und unsere Frauen\u201c statt. Es blieb nicht bei einer Veranstaltung. Dennoch musste ein neues Hauptthema gefunden werden, denn zwischenzeitlich hatte die Polizei den Fall um die Sch\u00fclerin dementiert. Die folgenden vier Versammlungen liefen unter dem Titel \u201eGegen Asylpolitik &#8211; F\u00fcr Sicherheit und Ordnung\u201c. Als Redner trat unter anderem der hannoversche Kreiverbandsvorsitzende der Alternative f\u00fcr Deutschland (AfD) J\u00f6rn K\u00f6nig auf. Er sch\u00fcrte in seiner Rede Ressentiments: \u201eIhr musstet euch alle eure H\u00e4user selber erarbeiten und diejenigen, die Heute kommen, denen soll das alles geschenkt werden\u201c. Zudem sprach \u201ePeter\u201c im Namen von \u201ePegida Hannover\u201c (mittlerweile \u201eB\u00fcrgerprotest Hannover\u201c). Als Gastredner wurden auch immer wieder Mitglieder von \u201eM\u00e4nner sch\u00fctzen Familien\u201c (MSF) eingeladen.<\/p>\n<p>Auch in Hildesheim ist am 15.05.2016 mit Wladimir Gebel ein Aktivist von MSF aufgetreten. Die Gruppe gr\u00fcndete sich am 23.01.2016 in K\u00f6ln. Nach eigenen Angaben sollen die sexuellen \u00dcbergriffe in der Silvesternacht in K\u00f6ln Anlass der Organisierung gewesen sein. Sie organisierten in mehreren St\u00e4dten Kundgebungen und sind als Gastredner gern gesehen. Immer dabei: ein schwarzes Transparent, worauf in roter und wei\u00dfer Schrift geschrieben steht \u201eMSF &#8211; M\u00e4nner sch\u00fctzen Familien. Gemeinsam sind wir stark\u201c. Ein Slogan der an \u201eGemeinsam Stark Deutschland\u201c (GSD), einer extrem rechten Hooligangruppierung, erinnert. Nicht nur der Spruch l\u00e4sst Assoziationen an GSD zu, sondern auch das Auftreten in einheitlichen T-Shirts und gewaltaffine, martialische Auftreten im Internet. \u201eMSF\u201c besteht laut eigenen Angaben nur aus M\u00e4nnern, wovon etliche professionell Kampfsport betreiben, erkenntlich auf ihrer Facebookseite. Offiziell distanzieren sich MSF von Gewalt. Wladimir Geben betonte in Hildesheim ausdr\u00fccklich sie seien \u201e\u00fcberwiegend Sp\u00e4taussiedler, sportliche Jugendliche\u201c. Des Weiteren brachte er antiziganistische Stereotype vor.<\/p>\n<p>&nbsp;<\/p>\n<p>Wie auch der \u201eB\u00fcrgerprotest Hannover\u201c, deklarieren die Organisator_innen der russlanddeutschen Veranstaltungen f\u00fcr sich eine \u201eB\u00fcrgerbewegung zu sein\u201c. Wie auch beim \u201eAbendspaziergang\u201c in Hannover finden sich rassistische, antiamerikiansche und verschw\u00f6rungstheroretische Ideologien wieder. Die verbale Distanzierung von jeglichem Extremismus kann als reines Lippenbekenntnis gewertet werden. Neben Rednern aus der extrem Rechten sind auch immer wieder organisierte Neonazis vor Ort anzutreffen. Neben Aktivsten der \u201eLegion Hildesheim\u201c &#8211; \u201eDivision\u201c der extrem rechten und islamfeindlichen \u201eGerman Defence League\u201c &#8211; nahmen der ehemalige Hildesheimer Kreisvorsitzende der Partei \u201eDie Rechte\u201c Johannes Welge und Joachim H. aus Almstedt, Gr\u00fcndungsmitglied der neonazistischen Gruppierung \u201eSauberes Hannover\u201c heute \u201eAktionsgruppe Hannover\u201c, teil. Aktivisten der \u201eB\u00fcrgerinitiative Hildesheim\u201c marschierten beim neonazistischen Aufmarsch am 07.05.2016 in Berlin mit, wie auch Organisatoren vom \u201eB\u00fcrgerprotest Hannover\u201c.<\/p>\n<p>Sollten die Teilnehmer_innenzahlen der jeweiligen Veranstaltungen weiterhin sinken bzw. bei rund 50 Personen stagnieren, w\u00e4re eine engere Zusammenarbeit der selbsternannten B\u00fcrgerbewegungen m\u00f6glich: Hat man doch die selben Vorurteile und \u00e4hnliche Ziele.<\/p>\n","protected":false},"excerpt":{"rendered":"<p>Assja J\u00fcnnemann verliest die g\u00e4ngigen Beschr\u00e4nkungen die von der Polizei einer politischen Versammlung auferlegt werden. Anschlie\u00dfend er\u00f6ffnet sie ihren Redebeitrag mit den Worten: \u201eUm allen Ungeister gleich den Wind aus ihren hasserf\u00fcllten Segeln zu nehmen, ich verachte alle extremistischen Gesinnungen\/Haltungen, denn ich habe selbst Migrationshintergrund\u201c. \u00c4hnliches ist auch in den folgenden Redebeitr\u00e4gen an diesem Sonntag, [&hellip;]<\/p>\n","protected":false},"author":229,"featured_media":0,"comment_status":"open","ping_status":"open","sticky":false,"template":"","format":"standard","meta":{"_jetpack_memberships_contains_paid_content":false,"footnotes":""},"categories":[1454],"tags":[],"class_list":["post-21942","post","type-post","status-publish","format-standard","hentry","category-niedersachsen"],"yoast_head":"<!-- This site is optimized with the Yoast SEO plugin v21.0 - https:\/\/yoast.com\/wordpress\/plugins\/seo\/ -->\n<title>\u201eRusslanddeutsche\u201c und die extreme Rechte - St\u00f6rungsmelder<\/title>\n<meta name=\"robots\" content=\"index, follow, max-snippet:-1, max-image-preview:large, max-video-preview:-1\" \/>\n<link rel=\"canonical\" href=\"https:\/\/blog.zeit.de\/stoerungsmelder\/2016\/06\/20\/russlanddeutsche-und-die-extreme-rechte_21942\" \/>\n<meta property=\"og:locale\" content=\"de_DE\" \/>\n<meta property=\"og:type\" content=\"article\" \/>\n<meta property=\"og:title\" content=\"\u201eRusslanddeutsche\u201c und die extreme Rechte - St\u00f6rungsmelder\" \/>\n<meta property=\"og:description\" content=\"Assja J\u00fcnnemann verliest die g\u00e4ngigen Beschr\u00e4nkungen die von der Polizei einer politischen Versammlung auferlegt werden. Anschlie\u00dfend er\u00f6ffnet sie ihren Redebeitrag mit den Worten: \u201eUm allen Ungeister gleich den Wind aus ihren hasserf\u00fcllten Segeln zu nehmen, ich verachte alle extremistischen Gesinnungen\/Haltungen, denn ich habe selbst Migrationshintergrund\u201c. \u00c4hnliches ist auch in den folgenden Redebeitr\u00e4gen an diesem Sonntag, [&hellip;]\" \/>\n<meta property=\"og:url\" content=\"https:\/\/blog.zeit.de\/stoerungsmelder\/2016\/06\/20\/russlanddeutsche-und-die-extreme-rechte_21942\" \/>\n<meta property=\"og:site_name\" content=\"St\u00f6rungsmelder\" \/>\n<meta property=\"article:published_time\" content=\"2016-06-20T14:07:29+00:00\" \/>\n<meta property=\"article:modified_time\" content=\"2016-06-20T14:08:42+00:00\" \/>\n<meta name=\"author\" content=\"St\u00f6rungsmelder\" \/>\n<meta name=\"twitter:card\" content=\"summary_large_image\" \/>\n<meta name=\"twitter:label1\" content=\"Geschrieben von\" \/>\n\t<meta name=\"twitter:data1\" content=\"St\u00f6rungsmelder\" \/>\n\t<meta name=\"twitter:label2\" content=\"Gesch\u00e4tzte Lesezeit\" \/>\n\t<meta name=\"twitter:data2\" content=\"3\u00a0Minuten\" \/>\n<script type=\"application\/ld+json\" class=\"yoast-schema-graph\">{\"@context\":\"https:\/\/schema.org\",\"@graph\":[{\"@type\":\"WebPage\",\"@id\":\"https:\/\/blog.zeit.de\/stoerungsmelder\/2016\/06\/20\/russlanddeutsche-und-die-extreme-rechte_21942\",\"url\":\"https:\/\/blog.zeit.de\/stoerungsmelder\/2016\/06\/20\/russlanddeutsche-und-die-extreme-rechte_21942\",\"name\":\"\u201eRusslanddeutsche\u201c und die extreme Rechte - St\u00f6rungsmelder\",\"isPartOf\":{\"@id\":\"https:\/\/blog.zeit.de\/stoerungsmelder\/#website\"},\"datePublished\":\"2016-06-20T14:07:29+00:00\",\"dateModified\":\"2016-06-20T14:08:42+00:00\",\"author\":{\"@id\":\"https:\/\/blog.zeit.de\/stoerungsmelder\/#\/schema\/person\/fdd0b9818f65738672810b6d6f037f71\"},\"breadcrumb\":{\"@id\":\"https:\/\/blog.zeit.de\/stoerungsmelder\/2016\/06\/20\/russlanddeutsche-und-die-extreme-rechte_21942#breadcrumb\"},\"inLanguage\":\"de\",\"potentialAction\":[{\"@type\":\"ReadAction\",\"target\":[\"https:\/\/blog.zeit.de\/stoerungsmelder\/2016\/06\/20\/russlanddeutsche-und-die-extreme-rechte_21942\"]}]},{\"@type\":\"BreadcrumbList\",\"@id\":\"https:\/\/blog.zeit.de\/stoerungsmelder\/2016\/06\/20\/russlanddeutsche-und-die-extreme-rechte_21942#breadcrumb\",\"itemListElement\":[{\"@type\":\"ListItem\",\"position\":1,\"name\":\"Startseite\",\"item\":\"https:\/\/blog.zeit.de\/stoerungsmelder\"},{\"@type\":\"ListItem\",\"position\":2,\"name\":\"\u201eRusslanddeutsche\u201c und die extreme Rechte\"}]},{\"@type\":\"WebSite\",\"@id\":\"https:\/\/blog.zeit.de\/stoerungsmelder\/#website\",\"url\":\"https:\/\/blog.zeit.de\/stoerungsmelder\/\",\"name\":\"St\u00f6rungsmelder\",\"description\":\"Recherchen und Analysen \u00fcber die extreme Rechte\",\"potentialAction\":[{\"@type\":\"SearchAction\",\"target\":{\"@type\":\"EntryPoint\",\"urlTemplate\":\"https:\/\/blog.zeit.de\/stoerungsmelder\/?s={search_term_string}\"},\"query-input\":\"required name=search_term_string\"}],\"inLanguage\":\"de\"},{\"@type\":\"Person\",\"@id\":\"https:\/\/blog.zeit.de\/stoerungsmelder\/#\/schema\/person\/fdd0b9818f65738672810b6d6f037f71\",\"name\":\"St\u00f6rungsmelder\",\"image\":{\"@type\":\"ImageObject\",\"inLanguage\":\"de\",\"@id\":\"https:\/\/blog.zeit.de\/stoerungsmelder\/#\/schema\/person\/image\/\",\"url\":\"https:\/\/secure.gravatar.com\/avatar\/dfa4be514c3e82a71e4f9a0020035d38192d080ccaa5e4e6d7a1472c763535c5?s=96&d=mm&r=pg\",\"contentUrl\":\"https:\/\/secure.gravatar.com\/avatar\/dfa4be514c3e82a71e4f9a0020035d38192d080ccaa5e4e6d7a1472c763535c5?s=96&d=mm&r=pg\",\"caption\":\"St\u00f6rungsmelder\"},\"url\":\"https:\/\/blog.zeit.de\/stoerungsmelder\/author\/stoerungsmelder\"}]}<\/script>\n<!-- \/ Yoast SEO plugin. -->","yoast_head_json":{"title":"\u201eRusslanddeutsche\u201c und die extreme Rechte - St\u00f6rungsmelder","robots":{"index":"index","follow":"follow","max-snippet":"max-snippet:-1","max-image-preview":"max-image-preview:large","max-video-preview":"max-video-preview:-1"},"canonical":"https:\/\/blog.zeit.de\/stoerungsmelder\/2016\/06\/20\/russlanddeutsche-und-die-extreme-rechte_21942","og_locale":"de_DE","og_type":"article","og_title":"\u201eRusslanddeutsche\u201c und die extreme Rechte - St\u00f6rungsmelder","og_description":"Assja J\u00fcnnemann verliest die g\u00e4ngigen Beschr\u00e4nkungen die von der Polizei einer politischen Versammlung auferlegt werden. Anschlie\u00dfend er\u00f6ffnet sie ihren Redebeitrag mit den Worten: \u201eUm allen Ungeister gleich den Wind aus ihren hasserf\u00fcllten Segeln zu nehmen, ich verachte alle extremistischen Gesinnungen\/Haltungen, denn ich habe selbst Migrationshintergrund\u201c. \u00c4hnliches ist auch in den folgenden Redebeitr\u00e4gen an diesem Sonntag, [&hellip;]","og_url":"https:\/\/blog.zeit.de\/stoerungsmelder\/2016\/06\/20\/russlanddeutsche-und-die-extreme-rechte_21942","og_site_name":"St\u00f6rungsmelder","article_published_time":"2016-06-20T14:07:29+00:00","article_modified_time":"2016-06-20T14:08:42+00:00","author":"St\u00f6rungsmelder","twitter_card":"summary_large_image","twitter_misc":{"Geschrieben von":"St\u00f6rungsmelder","Gesch\u00e4tzte Lesezeit":"3\u00a0Minuten"},"schema":{"@context":"https:\/\/schema.org","@graph":[{"@type":"WebPage","@id":"https:\/\/blog.zeit.de\/stoerungsmelder\/2016\/06\/20\/russlanddeutsche-und-die-extreme-rechte_21942","url":"https:\/\/blog.zeit.de\/stoerungsmelder\/2016\/06\/20\/russlanddeutsche-und-die-extreme-rechte_21942","name":"\u201eRusslanddeutsche\u201c und die extreme Rechte - St\u00f6rungsmelder","isPartOf":{"@id":"https:\/\/blog.zeit.de\/stoerungsmelder\/#website"},"datePublished":"2016-06-20T14:07:29+00:00","dateModified":"2016-06-20T14:08:42+00:00","author":{"@id":"https:\/\/blog.zeit.de\/stoerungsmelder\/#\/schema\/person\/fdd0b9818f65738672810b6d6f037f71"},"breadcrumb":{"@id":"https:\/\/blog.zeit.de\/stoerungsmelder\/2016\/06\/20\/russlanddeutsche-und-die-extreme-rechte_21942#breadcrumb"},"inLanguage":"de","potentialAction":[{"@type":"ReadAction","target":["https:\/\/blog.zeit.de\/stoerungsmelder\/2016\/06\/20\/russlanddeutsche-und-die-extreme-rechte_21942"]}]},{"@type":"BreadcrumbList","@id":"https:\/\/blog.zeit.de\/stoerungsmelder\/2016\/06\/20\/russlanddeutsche-und-die-extreme-rechte_21942#breadcrumb","itemListElement":[{"@type":"ListItem","position":1,"name":"Startseite","item":"https:\/\/blog.zeit.de\/stoerungsmelder"},{"@type":"ListItem","position":2,"name":"\u201eRusslanddeutsche\u201c und die extreme Rechte"}]},{"@type":"WebSite","@id":"https:\/\/blog.zeit.de\/stoerungsmelder\/#website","url":"https:\/\/blog.zeit.de\/stoerungsmelder\/","name":"St\u00f6rungsmelder","description":"Recherchen und Analysen \u00fcber die extreme Rechte","potentialAction":[{"@type":"SearchAction","target":{"@type":"EntryPoint","urlTemplate":"https:\/\/blog.zeit.de\/stoerungsmelder\/?s={search_term_string}"},"query-input":"required name=search_term_string"}],"inLanguage":"de"},{"@type":"Person","@id":"https:\/\/blog.zeit.de\/stoerungsmelder\/#\/schema\/person\/fdd0b9818f65738672810b6d6f037f71","name":"St\u00f6rungsmelder","image":{"@type":"ImageObject","inLanguage":"de","@id":"https:\/\/blog.zeit.de\/stoerungsmelder\/#\/schema\/person\/image\/","url":"https:\/\/secure.gravatar.com\/avatar\/dfa4be514c3e82a71e4f9a0020035d38192d080ccaa5e4e6d7a1472c763535c5?s=96&d=mm&r=pg","contentUrl":"https:\/\/secure.gravatar.com\/avatar\/dfa4be514c3e82a71e4f9a0020035d38192d080ccaa5e4e6d7a1472c763535c5?s=96&d=mm&r=pg","caption":"St\u00f6rungsmelder"},"url":"https:\/\/blog.zeit.de\/stoerungsmelder\/author\/stoerungsmelder"}]}},"jetpack_featured_media_url":"","jetpack_sharing_enabled":true,"_links":{"self":[{"href":"https:\/\/blog.zeit.de\/stoerungsmelder\/wp-json\/wp\/v2\/posts\/21942","targetHints":{"allow":["GET"]}}],"collection":[{"href":"https:\/\/blog.zeit.de\/stoerungsmelder\/wp-json\/wp\/v2\/posts"}],"about":[{"href":"https:\/\/blog.zeit.de\/stoerungsmelder\/wp-json\/wp\/v2\/types\/post"}],"author":[{"embeddable":true,"href":"https:\/\/blog.zeit.de\/stoerungsmelder\/wp-json\/wp\/v2\/users\/229"}],"replies":[{"embeddable":true,"href":"https:\/\/blog.zeit.de\/stoerungsmelder\/wp-json\/wp\/v2\/comments?post=21942"}],"version-history":[{"count":1,"href":"https:\/\/blog.zeit.de\/stoerungsmelder\/wp-json\/wp\/v2\/posts\/21942\/revisions"}],"predecessor-version":[{"id":21943,"href":"https:\/\/blog.zeit.de\/stoerungsmelder\/wp-json\/wp\/v2\/posts\/21942\/revisions\/21943"}],"wp:attachment":[{"href":"https:\/\/blog.zeit.de\/stoerungsmelder\/wp-json\/wp\/v2\/media?parent=21942"}],"wp:term":[{"taxonomy":"category","embeddable":true,"href":"https:\/\/blog.zeit.de\/stoerungsmelder\/wp-json\/wp\/v2\/categories?post=21942"},{"taxonomy":"post_tag","embeddable":true,"href":"https:\/\/blog.zeit.de\/stoerungsmelder\/wp-json\/wp\/v2\/tags?post=21942"}],"curies":[{"name":"wp","href":"https:\/\/api.w.org\/{rel}","templated":true}]}}