{"id":21962,"date":"2016-06-29T13:21:57","date_gmt":"2016-06-29T11:21:57","guid":{"rendered":"http:\/\/blog.zeit.de\/stoerungsmelder\/?p=21962"},"modified":"2016-06-29T13:21:57","modified_gmt":"2016-06-29T11:21:57","slug":"allgida-reloaded","status":"publish","type":"post","link":"https:\/\/blog.zeit.de\/stoerungsmelder\/2016\/06\/29\/allgida-reloaded_21962","title":{"rendered":"\u201eAllgida\u201c reloaded?"},"content":{"rendered":"<p><figure id=\"attachment_21291\" aria-describedby=\"caption-attachment-21291\" style=\"width: 620px\" class=\"wp-caption aligncenter\"><a href=\"https:\/\/blog.zeit.de\/stoerungsmelder\/files\/2016\/02\/obgbg-titel.jpg\"><img loading=\"lazy\" decoding=\"async\" class=\"size-full wp-image-21291\" src=\"https:\/\/blog.zeit.de\/stoerungsmelder\/files\/2016\/02\/obgbg-titel.jpg\" alt=\"\u201eAllgida\u201c: Neonazis demonstrieren in Oberg\u00fcnzburg\" width=\"620\" height=\"300\" \/><\/a><figcaption id=\"caption-attachment-21291\" class=\"wp-caption-text\">\u201eAllgida\u201c: Neonazis demonstrieren in Oberg\u00fcnzburg<\/figcaption><\/figure><\/p>\n<p>Beim <a href=\"https:\/\/blog.zeit.de\/stoerungsmelder\/2016\/04\/01\/allgida-ein-rohrkrepierer_21468\">ersten Versuch der Etablierung eines Pegida-Ablegers im Allg\u00e4u<\/a> entpuppte sich \u201eAllgida\u201c dank antifaschistischer Intervention Anfang des Jahres als Rohrkrepierer. <a href=\"https:\/\/blog.zeit.de\/stoerungsmelder\/2016\/05\/19\/allgida-2-0-alter-wein-in-neuen-schlauchen_21704\">Beim zweiten Versuch durch einen selbstst\u00e4ndigen T\u00e4towierer als selbsernannter \u201eDivision Kempten \u2013 Nationaler Widerstand\u201c war das nicht einmal n\u00f6tig<\/a>: Das Projekt \u201eAllgida Kempten\u201c scheiterte an sich selbst und sagte die geplante Versammlung am 2.7. ab. <a href=\"https:\/\/www.facebook.com\/GegenRassismusimAllgaeu\/\">Nazigegner mobilisieren trotzdem weiterhin zur Demonstration \u201eKein Platz f\u00fcr Rassimus\u201c<\/a> an diesem Tag. Nun wollen es die Initiatoren der ersten \u201eAllgida\u201c nochmal wissen und locken ihr Klientel zu St\u00f6raktionen &#8211; und kolportieren \u201eschwere Unruhen\u201c durch gewaltbereite Nazigegner \u201emit Rohrbomben oder Schusswaffen\u201c.<!--more--><\/p>\n<p><b><b>\u201eAllgida\u201c 1.0 \u2026<\/b><\/b><\/p>\n<p><a href=\"https:\/\/blog.zeit.de\/stoerungsmelder\/2016\/03\/01\/allgida-neonazis-mobilisieren-in-die-provinz-1500-dagegen_21290\">Im Februar mobilisierten Neonazis rund 150 Rechte zu einer unangemeldeten Kundgebung in die s\u00fcdbayerische Provinz Allg\u00e4u<\/a>. Auf dem Marktplatz der Gemeinde Oberg\u00fcnzburg im Landkreis Ostallg\u00e4u wurden sie bereits von Antifaschisten erwartet, deren spontante Gegenkundgebung schnell auf etwa 50 Teilnehmer anwuchs. Mit einem Banner mit der Aufschrift \u201eRassismus aus den K\u00f6pfen \u2013 Nazis von der Stra\u00dfe jagen!\u201c stellten die sich dem Aufmarsch der teils bewaffneten und vermummten Neonazis entgegen. Unter den Rechten befanden sich Anh\u00e4nger von \u201e<a href=\"https:\/\/blog.zeit.de\/stoerungsmelder\/2014\/11\/07\/razzia-gegen-bayerischen-neonazi-versand_17472\">Voice of Anger<\/a>\u201c und der <a href=\"https:\/\/blog.zeit.de\/stoerungsmelder\/2016\/06\/20\/sonnwendfeier-npd-scheune-fliegt-auf_21918#more-21918\">lokalen NPD<\/a> &#8211; aber auch \u201eAfD, AfD, \u2026\u201c wurde skandiert. Trotzdem der Aufmarsch der \u201eAllgida\u201c lange im Vorfeld angek\u00fcndigt wurde, war die Polizei hoffnungslos unterbesetzt. Sie konnte weder die Versammlung aufl\u00f6sen noch Personalien feststellen. So musste sie wegen des Verwendens von Kennzeichen verfassungswidriger Organisationen und Verst\u00f6\u00dfen gegen das Versammlungsgesetz gegen Unbekannt ermitteln. Offenbar wurde mehrmals der Hitlergru\u00df gezeigt. Zum Schluss wurde gedroht: \u201eWir kommen wieder!\u201c<\/p>\n\n<div class=\"embed-wrapper embed-wrapper--blocked js-embed-consent\" data-method=\"embed\">\n<script class=\"raw__source\" type=\"text\/template\"><a data-flickr-embed='true' href='https:\/\/www.flickr.com\/photos\/fromoutback2\/albums\/72157664713972192' title='Allgida Oberg\u00fcnzburg 20.02.2016 by fromoutback2, on Flickr'><img src='https:\/\/live.staticflickr.com\/1662\/25061628151_63e79df00c_z.jpg' width='800' height='600' alt='_IMG8833'><\/a><scr+ipt async src='https:\/\/embedr.flickr.com\/assets\/client-code.js' charset='utf-8'><\/scr+ipt><\/script>\n<div class=\"embed-wrapper__inner\">\n<div class=\"embed-wrapper__text\">\n<h3>Empfohlener redaktioneller Inhalt<\/h3>\n<p data-replace=\"no\">An dieser Stelle finden Sie externen Inhalt, der den Artikel erg\u00e4nzt. Sie k\u00f6nnen sich externe Inhalte mit einem Klick anzeigen lassen und wieder ausblenden.<noscript>Bitte aktivieren Sie JavaScript damit Sie diesen Inhalt anzeigen k\u00f6nnen.<\/noscript><\/p>\n<\/div>\n<div class=\"embed-consent\">\n<label class=\"embed-consent__toggle\">\n<input class=\"js-embed-consent__toggle\" type=\"checkbox\" autocomplete=\"off\">\n<span><\/span>\nExterner Inhalt\n<\/label>\n<a href=\"https:\/\/www.zeit.de\/hilfe\/datenschutz\" target=\"_blank\" class=\"embed-consent__datalink-when-active\">Datenschutzerkl\u00e4rung<\/a>\n<\/div>\n<div class=\"embed-wrapper__footer\">\n<p data-replace=\"no\">\nIch bin damit einverstanden, dass mir externe Inhalte angezeigt werden. Damit k\u00f6nnen personenbezogene Daten an Drittplattformen \u00fcbermittelt werden. <a href=\"https:\/\/www.zeit.de\/hilfe\/datenschutz\" target=\"_blank\">Mehr dazu in unserer Datenschutzerkl\u00e4rung.<\/a>\n<\/p>\n<\/div>\n<\/div>\n<\/div>\n<p>Eine Woche sp\u00e4ter zeigten 1500 Menschen den Rassisten, dass sie in der Marktgemeinde mit 6000 Einwohnern unerw\u00fcnscht sind und hielten einen \u201eLichterzug\u201c unter dem Motto \u201eHand in Hand f\u00fcr Menschlichkeit\u201c ab. Ein Vertreter der B\u00fcrgerschaft stellte w\u00e4hrend der Abschlusskundgebung einen Bezug der \u201eAllgida\u201c-Versammlung zum historischen Nationalsozialismus her indem er unterstrich, er wolle sich \u201eklar von Fackelz\u00fcgen distanzieren, deren Bezug zur Nazizeit unverkennbar ist. Und wir distanzieren uns von den simplen Wahrheiten einiger Schreih\u00e4lse.\u201c<\/p>\n\n<div class=\"embed-wrapper embed-wrapper--blocked js-embed-consent\" data-method=\"embed\">\n<script class=\"raw__source\" type=\"text\/template\"><a data-flickr-embed='true' href='https:\/\/www.flickr.com\/photos\/fromoutback2\/albums\/72157665221108135' title='Lichterzug Oberg\u00fcnzburg 27.02.2016 by fromoutback2, on Flickr'><img src='https:\/\/live.staticflickr.com\/1450\/25347997585_87bf73b01d_z.jpg' width='800' height='600' alt='P1050512'><\/a><scr+ipt async src='https:\/\/embedr.flickr.com\/assets\/client-code.js' charset='utf-8'><\/scr+ipt><\/script>\n<div class=\"embed-wrapper__inner\">\n<div class=\"embed-wrapper__text\">\n<h3>Empfohlener redaktioneller Inhalt<\/h3>\n<p data-replace=\"no\">An dieser Stelle finden Sie externen Inhalt, der den Artikel erg\u00e4nzt. Sie k\u00f6nnen sich externe Inhalte mit einem Klick anzeigen lassen und wieder ausblenden.<noscript>Bitte aktivieren Sie JavaScript damit Sie diesen Inhalt anzeigen k\u00f6nnen.<\/noscript><\/p>\n<\/div>\n<div class=\"embed-consent\">\n<label class=\"embed-consent__toggle\">\n<input class=\"js-embed-consent__toggle\" type=\"checkbox\" autocomplete=\"off\">\n<span><\/span>\nExterner Inhalt\n<\/label>\n<a href=\"https:\/\/www.zeit.de\/hilfe\/datenschutz\" target=\"_blank\" class=\"embed-consent__datalink-when-active\">Datenschutzerkl\u00e4rung<\/a>\n<\/div>\n<div class=\"embed-wrapper__footer\">\n<p data-replace=\"no\">\nIch bin damit einverstanden, dass mir externe Inhalte angezeigt werden. Damit k\u00f6nnen personenbezogene Daten an Drittplattformen \u00fcbermittelt werden. <a href=\"https:\/\/www.zeit.de\/hilfe\/datenschutz\" target=\"_blank\">Mehr dazu in unserer Datenschutzerkl\u00e4rung.<\/a>\n<\/p>\n<\/div>\n<\/div>\n<\/div>\n<p><b><b>\u2026 als Rohrkrepierer<\/b><\/b><\/p>\n<p>Ihren zweiten Aufmarksch plante die \u201eAllgida\u201c offenbar am 12.3. und mobilisierte nach Aitrach im Landkreis Ravensburg. So interpretierten Antifaschisten und die Polizei einen kryptischen Aufruf auf Facebook, der von 600 Teilnehmern phantasierte. Die Polizei, die bereits im Vorfeld stark vertreten war, und etwa 60 Nazigegner \u201ebesetzten\u201c den Ort, die Rassisten lie\u00dfen sich nicht blicken. Statt dessen behaupteten die Neonazis einen stillen \u201eFackelmarsch\u201c durch Aitrang im Landkreis Ostallg\u00e4u. Falls dieser stattgefunden haben sollte \u2013 wof\u00fcr nichts spricht \u2013 war dieser derart still, dass in Aitrang offenbar kein Mensch Notiz davon nahm.<\/p>\n\n<div class=\"embed-wrapper embed-wrapper--blocked js-embed-consent\" data-method=\"embed\">\n<script class=\"raw__source\" type=\"text\/template\"><a data-flickr-embed='true' href='https:\/\/www.flickr.com\/photos\/fromoutback2\/albums\/72157666042677370' title='Allgida in Aitrach bleibt aus by fromoutback2, on Flickr'><img src='https:\/\/live.staticflickr.com\/1516\/25536846734_9039c55043_z.jpg' width='800' height='600' alt='Allgida bleibt aus'><\/a><scr+ipt async src='https:\/\/embedr.flickr.com\/assets\/client-code.js' charset='utf-8'><\/scr+ipt><\/script>\n<div class=\"embed-wrapper__inner\">\n<div class=\"embed-wrapper__text\">\n<h3>Empfohlener redaktioneller Inhalt<\/h3>\n<p data-replace=\"no\">An dieser Stelle finden Sie externen Inhalt, der den Artikel erg\u00e4nzt. Sie k\u00f6nnen sich externe Inhalte mit einem Klick anzeigen lassen und wieder ausblenden.<noscript>Bitte aktivieren Sie JavaScript damit Sie diesen Inhalt anzeigen k\u00f6nnen.<\/noscript><\/p>\n<\/div>\n<div class=\"embed-consent\">\n<label class=\"embed-consent__toggle\">\n<input class=\"js-embed-consent__toggle\" type=\"checkbox\" autocomplete=\"off\">\n<span><\/span>\nExterner Inhalt\n<\/label>\n<a href=\"https:\/\/www.zeit.de\/hilfe\/datenschutz\" target=\"_blank\" class=\"embed-consent__datalink-when-active\">Datenschutzerkl\u00e4rung<\/a>\n<\/div>\n<div class=\"embed-wrapper__footer\">\n<p data-replace=\"no\">\nIch bin damit einverstanden, dass mir externe Inhalte angezeigt werden. Damit k\u00f6nnen personenbezogene Daten an Drittplattformen \u00fcbermittelt werden. <a href=\"https:\/\/www.zeit.de\/hilfe\/datenschutz\" target=\"_blank\">Mehr dazu in unserer Datenschutzerkl\u00e4rung.<\/a>\n<\/p>\n<\/div>\n<\/div>\n<\/div>\n<p><a class=\"dfromytb\" href=\"https:\/\/www.youtube.com\/watch?v=mJHdYFlm5FI?t=53s\">Einen vorerst letzten letzten Anlauf unternahm die \u201eAllgida\u201c am 19.3. gegen eine antirassistische Demonstration<\/a>. \u201eHand in Hand gegen Rassismus\u201c demonstrierten etwa 450 Personen am 19.3. durch die Kemptener Innenstadt, \u201eweil jeder Mensch das Recht hat, egal wo er leben m\u00f6chte leben darf\u201c, wie es eine Teilnehmerin ausdr\u00fcckte. \u201eAllgida\u201c-Kreise riefen \u201ezur Gegendemo auf!!! [\u2026] Wir w\u00fcrden uns \u00fcber ein zahlreiches erscheinen von euch freuen [\u2026] Danke Kameraden\u201c. Gesichtet wurde statt einer Gegendemo nur einer der Aufrufenden.<\/p>\n\n<div class=\"embed-wrapper embed-wrapper--blocked js-embed-consent\" data-method=\"embed\">\n<script class=\"raw__source\" type=\"text\/template\"><a data-flickr-embed='true' href='https:\/\/www.flickr.com\/photos\/fromoutback2\/albums\/72157663795694744' title='Hand in Hand gegen Rassismus 19.3.16 by fromoutback2, on Flickr'><img src='https:\/\/live.staticflickr.com\/1596\/25912058485_2f682b0928_z.jpg' width='800' height='600' alt='P1050751'><\/a><scr+ipt async src='https:\/\/embedr.flickr.com\/assets\/client-code.js' charset='utf-8'><\/scr+ipt><\/script>\n<div class=\"embed-wrapper__inner\">\n<div class=\"embed-wrapper__text\">\n<h3>Empfohlener redaktioneller Inhalt<\/h3>\n<p data-replace=\"no\">An dieser Stelle finden Sie externen Inhalt, der den Artikel erg\u00e4nzt. Sie k\u00f6nnen sich externe Inhalte mit einem Klick anzeigen lassen und wieder ausblenden.<noscript>Bitte aktivieren Sie JavaScript damit Sie diesen Inhalt anzeigen k\u00f6nnen.<\/noscript><\/p>\n<\/div>\n<div class=\"embed-consent\">\n<label class=\"embed-consent__toggle\">\n<input class=\"js-embed-consent__toggle\" type=\"checkbox\" autocomplete=\"off\">\n<span><\/span>\nExterner Inhalt\n<\/label>\n<a href=\"https:\/\/www.zeit.de\/hilfe\/datenschutz\" target=\"_blank\" class=\"embed-consent__datalink-when-active\">Datenschutzerkl\u00e4rung<\/a>\n<\/div>\n<div class=\"embed-wrapper__footer\">\n<p data-replace=\"no\">\nIch bin damit einverstanden, dass mir externe Inhalte angezeigt werden. Damit k\u00f6nnen personenbezogene Daten an Drittplattformen \u00fcbermittelt werden. <a href=\"https:\/\/www.zeit.de\/hilfe\/datenschutz\" target=\"_blank\">Mehr dazu in unserer Datenschutzerkl\u00e4rung.<\/a>\n<\/p>\n<\/div>\n<\/div>\n<\/div>\n<p><b><b>\u201eAllgida\u201c 2.0: Alter Wein in neuen Schl\u00e4uchen<\/b><\/b><\/p>\n<p><figure id=\"attachment_21710\" aria-describedby=\"caption-attachment-21710\" style=\"width: 220px\" class=\"wp-caption alignright\"><a href=\"https:\/\/blog.zeit.de\/stoerungsmelder\/files\/2016\/05\/schlagring.jpg\"><img loading=\"lazy\" decoding=\"async\" class=\"size-thumbnail wp-image-21710\" src=\"https:\/\/blog.zeit.de\/stoerungsmelder\/files\/2016\/05\/schlagring-220x220.jpg\" alt=\"\u201eAllgida Division Kempten\u201c - Schlagring \u00a9Screenshot\" width=\"220\" height=\"220\" \/><\/a><figcaption id=\"caption-attachment-21710\" class=\"wp-caption-text\">\u201eAllgida Division Kempten\u201c &#8211; Schlagring \u00a9Screenshot<\/figcaption><\/figure><\/p>\n<p>Danach wurde es zun\u00e4chst still um die Versuche, im Allg\u00e4u einen \u201ePegida\u201c-Ableger zu etablieren &#8211; <a href=\"https:\/\/blog.zeit.de\/stoerungsmelder\/2016\/05\/19\/allgida-2-0-alter-wein-in-neuen-schlauchen_21704\">bis sich ein T\u00e4towierer ohne Studio zur \u201eDivision Kempten &#8211; Nationaler Widerstand\u201c aufspielte und zun\u00e4chst f\u00fcr den 25.6., dann f\u00fcr den 2.7. eine Demonstration \u201eDeutsche zu erst Asyl Flut stopen\u201c ank\u00fcndigte<\/a>. Michael Kleemann tritt augenscheinlich seit dem 12.4. \u00f6ffentlich auf Facebook als \u201eMobiles Tattoo Studio\u201c auf. Am 16.5. k\u00fcndigte er dort eine Demonstration durch Kempten \u201eGegen die \u00dcberfremdung unserer Heimat\u201c an. Wenige Tage darauf gr\u00fcndete er online seinen eigenen Pegida-Ableger \u201eAllgida Kempten\u201c, der fortan zur Mobilisierung genutzt wurde. Auf selbst ver\u00f6ffentlichten Bildern droht er mit einem Schlagring in seiner geballten Faust vor einer schwarz-wei\u00df-roten Fahne. In den selben Farben werden die Umrisse des des Deutschen Reiches in den Grenzen von 1937 in einem Bild zur Demonstration dargestellt. Am Hals tr\u00e4gt der 37-j\u00e4hrige ein Tattoo \u201eKeine Gnade\u201c. Auf Facebook l\u00e4sst sich nachlesen, dass er sowohl die NPD als auch die AfD mag. Weil \u201easilanten\u201c einem alles weg n\u00e4hmen meint er, \u201edas, das viehzeug ausgerottet geh\u00f6rt heil heil heil\u201c. Damit hat er sich ein Ermittlungsverfahren wegen Volksverhetzung eingehandelt. Auch wegen anderer Delikte wird gegen ihn ermittelt.<\/p>\n<p><figure id=\"attachment_21708\" aria-describedby=\"caption-attachment-21708\" style=\"width: 620px\" class=\"wp-caption aligncenter\"><a href=\"https:\/\/blog.zeit.de\/stoerungsmelder\/files\/2016\/05\/divisionkempten.jpg\"><img loading=\"lazy\" decoding=\"async\" class=\"size-medium wp-image-21708\" src=\"https:\/\/blog.zeit.de\/stoerungsmelder\/files\/2016\/05\/divisionkempten-620x231.jpg\" alt=\"\u201eAllgida Division Kempten\u201c \u00a9Screenshot\" width=\"620\" height=\"231\" srcset=\"https:\/\/blog.zeit.de\/stoerungsmelder\/files\/2016\/05\/divisionkempten-620x231.jpg 620w, https:\/\/blog.zeit.de\/stoerungsmelder\/files\/2016\/05\/divisionkempten.jpg 674w\" sizes=\"auto, (max-width: 620px) 100vw, 620px\" \/><\/a><figcaption id=\"caption-attachment-21708\" class=\"wp-caption-text\">\u201eAllgida Division Kempten\u201c \u00a9Screenshot<\/figcaption><\/figure><\/p>\n<p>Nachdem der St\u00f6rungsmelder den neuen Versuch bekannt machte, einen Pegida-Ableger im Allg\u00e4u zu gr\u00fcnden, verk\u00fcndete der Bayerische Verfassungsschutz die Beobachtung der Gruppe. Eine <a href=\"https:\/\/www.facebook.com\/GegenRassismusimAllgaeu\/\">Initiative gegen Rassismus<\/a> teilte au\u00dferdem mit, gegen den rechten Aufmarsch demonstrieren zu wollen. Am 16.6. lie\u00df der als Servicekraft t\u00e4tige Kleemann dann via Facebook wissen, er trete als \u201eerster Vorstand\u201c der \u201eAllgida Kempten\u201c zur\u00fcck und sagte die Versammlung ab. Er stellte dabei einen Bezug zu den angek\u00fcndigten Gegenaktivit\u00e4ten her. Telefonisch gibt Kleemann er zu verstehen, sein R\u00fccktritt sei nur \u201evorl\u00e4ufig\u201c und meint, zu den n\u00e4chsten Stadtratswahlen als \u201eAllgida Kempten\u201c antreten zu wollen.<\/p>\n<p><b><b>\u201eAllgida\u201c reloaded?<\/b><\/b><\/p>\n<p><figure id=\"attachment_21969\" aria-describedby=\"caption-attachment-21969\" style=\"width: 220px\" class=\"wp-caption alignleft\"><a href=\"https:\/\/blog.zeit.de\/stoerungsmelder\/files\/2016\/06\/mylive.png\"><img loading=\"lazy\" decoding=\"async\" class=\"size-thumbnail wp-image-21969\" src=\"https:\/\/blog.zeit.de\/stoerungsmelder\/files\/2016\/06\/mylive-220x220.png\" alt=\"Rechtschreibschwierigkeiten bei einem Anh\u00e4nger von \u201eVoice of Anger\u201c... \u00a9Screenshot\" width=\"220\" height=\"220\" \/><\/a><figcaption id=\"caption-attachment-21969\" class=\"wp-caption-text\">Rechtschreibschwierigkeiten bei einem Anh\u00e4nger von \u201eVoice of Anger\u201c&#8230; \u00a9Screenshot<\/figcaption><\/figure><\/p>\n<p><figure id=\"attachment_21970\" aria-describedby=\"caption-attachment-21970\" style=\"width: 220px\" class=\"wp-caption alignleft\"><a href=\"https:\/\/blog.zeit.de\/stoerungsmelder\/files\/2016\/06\/judgme.png\"><img loading=\"lazy\" decoding=\"async\" class=\"size-thumbnail wp-image-21970\" src=\"https:\/\/blog.zeit.de\/stoerungsmelder\/files\/2016\/06\/judgme-220x220.png\" alt=\"... und Kleemann's Studio \u00a9Screenshot\" width=\"220\" height=\"220\" \/><\/a><figcaption id=\"caption-attachment-21970\" class=\"wp-caption-text\">&#8230; und Kleemann&#8217;s Studio \u00a9Screenshot<\/figcaption><\/figure><\/p>\n<p>Daraufhin wurde die \u201eAllgida\u201c, die urspr\u00fcnglich nach Oberg\u00fcnzburg mobilisierte online wieder aktiv. Seit dem 22.6. wird dort mit Horrorszenarien gedroht. Man bef\u00fcrchte \u201ePl\u00fcnderungen\u201c und \u201eschwere Unruhen\u201c. Nazigegner k\u00f6nnten am 2.7. \u201emit Rohrbomben oder Schusswaffen in Kempten auftreten.\u201c Es h\u00e4tten \u201ediverse Gruppen\u201c der Rechten ihr Erscheinen angek\u00fcndigt, darunter: \u201e&#8220;German Defence League&#8220;, &#8222;Identit\u00e4re Bewegung Allg\u00e4u&#8220;, &#8222;HoGeSa Ulm \/ Neu-Ulm&#8220;, &#8222;Freikorps \u2013 JS&#8220;, diverse Rocker, PEGIDA-Aktivisten, und nat\u00fcrlich auch Anh\u00e4nger und Aktivisten diverser bekannter Parteien.\u201c Gemeint sein d\u00fcrfte genau jenes Klientel, dass bereits zur ebenso unangemeldeten Versammlung in Oberg\u00fcnzburg erschien. Die Polizei will diesmal allerdings angemessen vorbereitet sein.<\/p>\n<p><b><b>\u201eEtz isch g&#8217;stuhlet!\u201c<\/b><\/b><\/p>\n<p><figure id=\"attachment_21964\" aria-describedby=\"caption-attachment-21964\" style=\"width: 620px\" class=\"wp-caption alignright\"><a href=\"https:\/\/blog.zeit.de\/stoerungsmelder\/files\/2016\/06\/allgidaneindanke_c_s._lipp.jpg\"><img loading=\"lazy\" decoding=\"async\" class=\"wp-image-21964 size-medium\" src=\"https:\/\/blog.zeit.de\/stoerungsmelder\/files\/2016\/06\/allgidaneindanke_c_s._lipp-620x410.jpg\" alt=\"Aufkleber in Kempten \u201eAllgida? Nein danke\u201c \u00a9 S. Lipp\" width=\"620\" height=\"410\" srcset=\"https:\/\/blog.zeit.de\/stoerungsmelder\/files\/2016\/06\/allgidaneindanke_c_s._lipp-620x410.jpg 620w, https:\/\/blog.zeit.de\/stoerungsmelder\/files\/2016\/06\/allgidaneindanke_c_s._lipp-768x508.jpg 768w, https:\/\/blog.zeit.de\/stoerungsmelder\/files\/2016\/06\/allgidaneindanke_c_s._lipp.jpg 960w\" sizes=\"auto, (max-width: 620px) 100vw, 620px\" \/><\/a><figcaption id=\"caption-attachment-21964\" class=\"wp-caption-text\">Aufkleber in Kempten: \u201eAllgida? Nein danke\u201c \u00a9 S. Lipp<\/figcaption><\/figure><\/p>\n<p>Unter dem Motto \u201eEtz isch g&#8217;stuhlet! (Hochdeutsch: Es reicht!)\u201c rufen Antifaschisten weiter zur Demonstration \u201eKein Platz f\u00fcr Rassismus\u201c auf. Sollten \u201eAllgidas\u201c tats\u00e4chlich versuchen durch Kempten marschieren, werde man sich ihnen \u201eentschlossen entgegenstellen\u201c. Geplant ist kommenden Samstag eine Demonstration ab 14 Uhr vom August-Fischer-Platz in Kempten abzuhalten.<img loading=\"lazy\" decoding=\"async\" src=\"http:\/\/vg03.met.vgwort.de\/na\/f9aba36bba414153b257ae76dfd2c0de\" alt=\"\" width=\"1\" height=\"1\" \/><\/p>\n","protected":false},"excerpt":{"rendered":"<p>Beim ersten Versuch der Etablierung eines Pegida-Ablegers im Allg\u00e4u entpuppte sich \u201eAllgida\u201c dank antifaschistischer Intervention Anfang des Jahres als Rohrkrepierer. Beim zweiten Versuch durch einen selbstst\u00e4ndigen T\u00e4towierer als selbsernannter \u201eDivision Kempten \u2013 Nationaler Widerstand\u201c war das nicht einmal n\u00f6tig: Das Projekt \u201eAllgida Kempten\u201c scheiterte an sich selbst und sagte die geplante Versammlung am 2.7. ab. [&hellip;]<\/p>\n","protected":false},"author":518,"featured_media":21291,"comment_status":"open","ping_status":"open","sticky":false,"template":"","format":"standard","meta":{"_jetpack_memberships_contains_paid_content":false,"footnotes":""},"categories":[59],"tags":[34242,34296,31043,1716,32209,32041,32040],"class_list":["post-21962","post","type-post","status-publish","format-standard","has-post-thumbnail","hentry","category-bayern","tag-allgau","tag-allgida","tag-kempten","tag-npd","tag-pegida","tag-voa","tag-voice-of-anger"],"yoast_head":"<!-- This site is optimized with the Yoast SEO plugin v21.0 - https:\/\/yoast.com\/wordpress\/plugins\/seo\/ -->\n<title>\u201eAllgida\u201c reloaded? - St\u00f6rungsmelder<\/title>\n<meta name=\"robots\" content=\"index, follow, max-snippet:-1, max-image-preview:large, max-video-preview:-1\" \/>\n<link rel=\"canonical\" href=\"https:\/\/blog.zeit.de\/stoerungsmelder\/2016\/06\/29\/allgida-reloaded_21962\" \/>\n<meta property=\"og:locale\" content=\"de_DE\" \/>\n<meta property=\"og:type\" content=\"article\" \/>\n<meta property=\"og:title\" content=\"\u201eAllgida\u201c reloaded? - St\u00f6rungsmelder\" \/>\n<meta property=\"og:description\" content=\"Beim ersten Versuch der Etablierung eines Pegida-Ablegers im Allg\u00e4u entpuppte sich \u201eAllgida\u201c dank antifaschistischer Intervention Anfang des Jahres als Rohrkrepierer. Beim zweiten Versuch durch einen selbstst\u00e4ndigen T\u00e4towierer als selbsernannter \u201eDivision Kempten \u2013 Nationaler Widerstand\u201c war das nicht einmal n\u00f6tig: Das Projekt \u201eAllgida Kempten\u201c scheiterte an sich selbst und sagte die geplante Versammlung am 2.7. ab. [&hellip;]\" \/>\n<meta property=\"og:url\" content=\"https:\/\/blog.zeit.de\/stoerungsmelder\/2016\/06\/29\/allgida-reloaded_21962\" \/>\n<meta property=\"og:site_name\" content=\"St\u00f6rungsmelder\" \/>\n<meta property=\"article:published_time\" content=\"2016-06-29T11:21:57+00:00\" \/>\n<meta property=\"og:image\" content=\"https:\/\/blog.zeit.de\/stoerungsmelder\/files\/2016\/02\/obgbg-titel.jpg\" \/>\n\t<meta property=\"og:image:width\" content=\"620\" \/>\n\t<meta property=\"og:image:height\" content=\"300\" \/>\n\t<meta property=\"og:image:type\" content=\"image\/jpeg\" \/>\n<meta name=\"author\" content=\"Sebastian Lipp\" \/>\n<meta name=\"twitter:card\" content=\"summary_large_image\" \/>\n<meta name=\"twitter:creator\" content=\"@SebastianLipp\" \/>\n<meta name=\"twitter:label1\" content=\"Geschrieben von\" \/>\n\t<meta name=\"twitter:data1\" content=\"Sebastian Lipp\" \/>\n\t<meta name=\"twitter:label2\" content=\"Gesch\u00e4tzte Lesezeit\" \/>\n\t<meta name=\"twitter:data2\" content=\"5\u00a0Minuten\" \/>\n<script type=\"application\/ld+json\" class=\"yoast-schema-graph\">{\"@context\":\"https:\/\/schema.org\",\"@graph\":[{\"@type\":\"WebPage\",\"@id\":\"https:\/\/blog.zeit.de\/stoerungsmelder\/2016\/06\/29\/allgida-reloaded_21962\",\"url\":\"https:\/\/blog.zeit.de\/stoerungsmelder\/2016\/06\/29\/allgida-reloaded_21962\",\"name\":\"\u201eAllgida\u201c reloaded? - St\u00f6rungsmelder\",\"isPartOf\":{\"@id\":\"https:\/\/blog.zeit.de\/stoerungsmelder\/#website\"},\"datePublished\":\"2016-06-29T11:21:57+00:00\",\"dateModified\":\"2016-06-29T11:21:57+00:00\",\"author\":{\"@id\":\"https:\/\/blog.zeit.de\/stoerungsmelder\/#\/schema\/person\/abf36269039573fecb7c7f814e987c29\"},\"breadcrumb\":{\"@id\":\"https:\/\/blog.zeit.de\/stoerungsmelder\/2016\/06\/29\/allgida-reloaded_21962#breadcrumb\"},\"inLanguage\":\"de\",\"potentialAction\":[{\"@type\":\"ReadAction\",\"target\":[\"https:\/\/blog.zeit.de\/stoerungsmelder\/2016\/06\/29\/allgida-reloaded_21962\"]}]},{\"@type\":\"BreadcrumbList\",\"@id\":\"https:\/\/blog.zeit.de\/stoerungsmelder\/2016\/06\/29\/allgida-reloaded_21962#breadcrumb\",\"itemListElement\":[{\"@type\":\"ListItem\",\"position\":1,\"name\":\"Startseite\",\"item\":\"https:\/\/blog.zeit.de\/stoerungsmelder\"},{\"@type\":\"ListItem\",\"position\":2,\"name\":\"\u201eAllgida\u201c reloaded?\"}]},{\"@type\":\"WebSite\",\"@id\":\"https:\/\/blog.zeit.de\/stoerungsmelder\/#website\",\"url\":\"https:\/\/blog.zeit.de\/stoerungsmelder\/\",\"name\":\"St\u00f6rungsmelder\",\"description\":\"Recherchen und Analysen \u00fcber die extreme Rechte\",\"potentialAction\":[{\"@type\":\"SearchAction\",\"target\":{\"@type\":\"EntryPoint\",\"urlTemplate\":\"https:\/\/blog.zeit.de\/stoerungsmelder\/?s={search_term_string}\"},\"query-input\":\"required name=search_term_string\"}],\"inLanguage\":\"de\"},{\"@type\":\"Person\",\"@id\":\"https:\/\/blog.zeit.de\/stoerungsmelder\/#\/schema\/person\/abf36269039573fecb7c7f814e987c29\",\"name\":\"Sebastian Lipp\",\"image\":{\"@type\":\"ImageObject\",\"inLanguage\":\"de\",\"@id\":\"https:\/\/blog.zeit.de\/stoerungsmelder\/#\/schema\/person\/image\/\",\"url\":\"https:\/\/secure.gravatar.com\/avatar\/88a90014e1f1a5d93b03b4fd9a7643da248cc2335f5433c5b6e8ead7c24de4b8?s=96&d=mm&r=pg\",\"contentUrl\":\"https:\/\/secure.gravatar.com\/avatar\/88a90014e1f1a5d93b03b4fd9a7643da248cc2335f5433c5b6e8ead7c24de4b8?s=96&d=mm&r=pg\",\"caption\":\"Sebastian Lipp\"},\"sameAs\":[\"http:\/\/twitter.com\/SebastianLipp\",\"https:\/\/twitter.com\/SebastianLipp\"],\"url\":\"https:\/\/blog.zeit.de\/stoerungsmelder\/author\/sebastianl\"}]}<\/script>\n<!-- \/ Yoast SEO plugin. -->","yoast_head_json":{"title":"\u201eAllgida\u201c reloaded? - St\u00f6rungsmelder","robots":{"index":"index","follow":"follow","max-snippet":"max-snippet:-1","max-image-preview":"max-image-preview:large","max-video-preview":"max-video-preview:-1"},"canonical":"https:\/\/blog.zeit.de\/stoerungsmelder\/2016\/06\/29\/allgida-reloaded_21962","og_locale":"de_DE","og_type":"article","og_title":"\u201eAllgida\u201c reloaded? - St\u00f6rungsmelder","og_description":"Beim ersten Versuch der Etablierung eines Pegida-Ablegers im Allg\u00e4u entpuppte sich \u201eAllgida\u201c dank antifaschistischer Intervention Anfang des Jahres als Rohrkrepierer. Beim zweiten Versuch durch einen selbstst\u00e4ndigen T\u00e4towierer als selbsernannter \u201eDivision Kempten \u2013 Nationaler Widerstand\u201c war das nicht einmal n\u00f6tig: Das Projekt \u201eAllgida Kempten\u201c scheiterte an sich selbst und sagte die geplante Versammlung am 2.7. ab. [&hellip;]","og_url":"https:\/\/blog.zeit.de\/stoerungsmelder\/2016\/06\/29\/allgida-reloaded_21962","og_site_name":"St\u00f6rungsmelder","article_published_time":"2016-06-29T11:21:57+00:00","og_image":[{"width":620,"height":300,"url":"https:\/\/blog.zeit.de\/stoerungsmelder\/files\/2016\/02\/obgbg-titel.jpg","type":"image\/jpeg"}],"author":"Sebastian Lipp","twitter_card":"summary_large_image","twitter_creator":"@SebastianLipp","twitter_misc":{"Geschrieben von":"Sebastian Lipp","Gesch\u00e4tzte Lesezeit":"5\u00a0Minuten"},"schema":{"@context":"https:\/\/schema.org","@graph":[{"@type":"WebPage","@id":"https:\/\/blog.zeit.de\/stoerungsmelder\/2016\/06\/29\/allgida-reloaded_21962","url":"https:\/\/blog.zeit.de\/stoerungsmelder\/2016\/06\/29\/allgida-reloaded_21962","name":"\u201eAllgida\u201c reloaded? - St\u00f6rungsmelder","isPartOf":{"@id":"https:\/\/blog.zeit.de\/stoerungsmelder\/#website"},"datePublished":"2016-06-29T11:21:57+00:00","dateModified":"2016-06-29T11:21:57+00:00","author":{"@id":"https:\/\/blog.zeit.de\/stoerungsmelder\/#\/schema\/person\/abf36269039573fecb7c7f814e987c29"},"breadcrumb":{"@id":"https:\/\/blog.zeit.de\/stoerungsmelder\/2016\/06\/29\/allgida-reloaded_21962#breadcrumb"},"inLanguage":"de","potentialAction":[{"@type":"ReadAction","target":["https:\/\/blog.zeit.de\/stoerungsmelder\/2016\/06\/29\/allgida-reloaded_21962"]}]},{"@type":"BreadcrumbList","@id":"https:\/\/blog.zeit.de\/stoerungsmelder\/2016\/06\/29\/allgida-reloaded_21962#breadcrumb","itemListElement":[{"@type":"ListItem","position":1,"name":"Startseite","item":"https:\/\/blog.zeit.de\/stoerungsmelder"},{"@type":"ListItem","position":2,"name":"\u201eAllgida\u201c reloaded?"}]},{"@type":"WebSite","@id":"https:\/\/blog.zeit.de\/stoerungsmelder\/#website","url":"https:\/\/blog.zeit.de\/stoerungsmelder\/","name":"St\u00f6rungsmelder","description":"Recherchen und Analysen \u00fcber die extreme Rechte","potentialAction":[{"@type":"SearchAction","target":{"@type":"EntryPoint","urlTemplate":"https:\/\/blog.zeit.de\/stoerungsmelder\/?s={search_term_string}"},"query-input":"required name=search_term_string"}],"inLanguage":"de"},{"@type":"Person","@id":"https:\/\/blog.zeit.de\/stoerungsmelder\/#\/schema\/person\/abf36269039573fecb7c7f814e987c29","name":"Sebastian Lipp","image":{"@type":"ImageObject","inLanguage":"de","@id":"https:\/\/blog.zeit.de\/stoerungsmelder\/#\/schema\/person\/image\/","url":"https:\/\/secure.gravatar.com\/avatar\/88a90014e1f1a5d93b03b4fd9a7643da248cc2335f5433c5b6e8ead7c24de4b8?s=96&d=mm&r=pg","contentUrl":"https:\/\/secure.gravatar.com\/avatar\/88a90014e1f1a5d93b03b4fd9a7643da248cc2335f5433c5b6e8ead7c24de4b8?s=96&d=mm&r=pg","caption":"Sebastian Lipp"},"sameAs":["http:\/\/twitter.com\/SebastianLipp","https:\/\/twitter.com\/SebastianLipp"],"url":"https:\/\/blog.zeit.de\/stoerungsmelder\/author\/sebastianl"}]}},"jetpack_featured_media_url":"https:\/\/blog.zeit.de\/stoerungsmelder\/files\/2016\/02\/obgbg-titel.jpg","jetpack_sharing_enabled":true,"_links":{"self":[{"href":"https:\/\/blog.zeit.de\/stoerungsmelder\/wp-json\/wp\/v2\/posts\/21962","targetHints":{"allow":["GET"]}}],"collection":[{"href":"https:\/\/blog.zeit.de\/stoerungsmelder\/wp-json\/wp\/v2\/posts"}],"about":[{"href":"https:\/\/blog.zeit.de\/stoerungsmelder\/wp-json\/wp\/v2\/types\/post"}],"author":[{"embeddable":true,"href":"https:\/\/blog.zeit.de\/stoerungsmelder\/wp-json\/wp\/v2\/users\/518"}],"replies":[{"embeddable":true,"href":"https:\/\/blog.zeit.de\/stoerungsmelder\/wp-json\/wp\/v2\/comments?post=21962"}],"version-history":[{"count":6,"href":"https:\/\/blog.zeit.de\/stoerungsmelder\/wp-json\/wp\/v2\/posts\/21962\/revisions"}],"predecessor-version":[{"id":21973,"href":"https:\/\/blog.zeit.de\/stoerungsmelder\/wp-json\/wp\/v2\/posts\/21962\/revisions\/21973"}],"wp:featuredmedia":[{"embeddable":true,"href":"https:\/\/blog.zeit.de\/stoerungsmelder\/wp-json\/wp\/v2\/media\/21291"}],"wp:attachment":[{"href":"https:\/\/blog.zeit.de\/stoerungsmelder\/wp-json\/wp\/v2\/media?parent=21962"}],"wp:term":[{"taxonomy":"category","embeddable":true,"href":"https:\/\/blog.zeit.de\/stoerungsmelder\/wp-json\/wp\/v2\/categories?post=21962"},{"taxonomy":"post_tag","embeddable":true,"href":"https:\/\/blog.zeit.de\/stoerungsmelder\/wp-json\/wp\/v2\/tags?post=21962"}],"curies":[{"name":"wp","href":"https:\/\/api.w.org\/{rel}","templated":true}]}}