{"id":2199,"date":"2009-12-21T12:08:34","date_gmt":"2009-12-21T10:08:34","guid":{"rendered":"http:\/\/blog.zeit.de\/stoerungsmelder\/?p=2199"},"modified":"2009-12-21T12:08:34","modified_gmt":"2009-12-21T10:08:34","slug":"wir-werden-das-nicht-weiter-mit-anschauen","status":"publish","type":"post","link":"https:\/\/blog.zeit.de\/stoerungsmelder\/2009\/12\/21\/wir-werden-das-nicht-weiter-mit-anschauen_2199","title":{"rendered":"&#8222;Wir werden das nicht weiter mit anschauen&#8220;"},"content":{"rendered":"<p><a href=\"https:\/\/blog.zeit.de\/stoerungsmelder\/files\/2009\/12\/564px-1006_motor_fmsvg.png\"><img loading=\"lazy\" decoding=\"async\" class=\"aligncenter size-full wp-image-2210\" title=\"564px-1006_motor_fmsvg\" src=\"https:\/\/blog.zeit.de\/stoerungsmelder\/files\/2009\/12\/564px-1006_motor_fmsvg.png\" alt=\"\" width=\"324\" height=\"269\" srcset=\"https:\/\/blog.zeit.de\/stoerungsmelder\/files\/2009\/12\/564px-1006_motor_fmsvg.png 564w, https:\/\/blog.zeit.de\/stoerungsmelder\/files\/2009\/12\/564px-1006_motor_fmsvg-300x250.png 300w\" sizes=\"auto, (max-width: 324px) 100vw, 324px\" \/><\/a><\/p>\n<p>Wie berichtet, gibt es derzeit im Berliner Bezirk Neuk\u00f6lln eine <a href=\"https:\/\/blog.zeit.de\/stoerungsmelder\/2009\/12\/19\/nazigewalt-im-multikulti-kiez_2174\">Welle von Nazi-Aktivit\u00e4ten<\/a>. Wie jetzt bekannt wurde, hatte die Polizei einige der angegriffenen Kneipen und Galerien sogar vor den Neonazis gewarnt. Die L\u00e4den werden alle im Internet auf einer <a href=\"http:\/\/www.netz-gegen-nazis.de\/lexikontext\/anti-antifa\">Anti-Antifa-Liste<\/a> als Angriffsziele aufgelistet. Erfreulicherweise <a href=\"http:\/\/de.indymedia.org\/2009\/12\/269401.shtml\">Demonstrierten am Sonntag trotz Schneesturms rund 1000 Menschen<\/a> im Bezirk gegen rechte Gewalt.<\/p>\n<p>Hier ein spannendes Audio-Feature zum Thema:<\/p>\n<p><a href=\"http:\/\/media.de.indymedia.org\/media\/2009\/12\/269308.mp3\">Nazigewalt in Neuk\u00f6lln von MotorFM<\/a><br \/>\n(zum Download rechter Klick &#8222;Datei speichern unter&#8220;)<\/p>\n","protected":false},"excerpt":{"rendered":"<p>Wie berichtet, gibt es derzeit im Berliner Bezirk Neuk\u00f6lln eine Welle von Nazi-Aktivit\u00e4ten. Wie jetzt bekannt wurde, hatte die Polizei einige der angegriffenen Kneipen und Galerien sogar vor den Neonazis gewarnt. Die L\u00e4den werden alle im Internet auf einer Anti-Antifa-Liste als Angriffsziele aufgelistet. Erfreulicherweise Demonstrierten am Sonntag trotz Schneesturms rund 1000 Menschen im Bezirk gegen [&hellip;]<\/p>\n","protected":false},"author":229,"featured_media":0,"comment_status":"open","ping_status":"open","sticky":false,"template":"","format":"standard","meta":{"_jetpack_memberships_contains_paid_content":false,"footnotes":""},"categories":[249],"tags":[1475,1486,1587,1752],"class_list":["post-2199","post","type-post","status-publish","format-standard","hentry","category-berlin","tag-anti-antifa","tag-audio","tag-gewalt","tag-protest"],"yoast_head":"<!-- This site is optimized with the Yoast SEO plugin v21.0 - https:\/\/yoast.com\/wordpress\/plugins\/seo\/ -->\n<title>&quot;Wir werden das nicht weiter mit anschauen&quot; - St\u00f6rungsmelder<\/title>\n<meta name=\"robots\" content=\"index, follow, max-snippet:-1, max-image-preview:large, max-video-preview:-1\" \/>\n<link rel=\"canonical\" href=\"https:\/\/blog.zeit.de\/stoerungsmelder\/2009\/12\/21\/wir-werden-das-nicht-weiter-mit-anschauen_2199\" \/>\n<meta property=\"og:locale\" content=\"de_DE\" \/>\n<meta property=\"og:type\" content=\"article\" \/>\n<meta property=\"og:title\" content=\"&quot;Wir werden das nicht weiter mit anschauen&quot; - St\u00f6rungsmelder\" \/>\n<meta property=\"og:description\" content=\"Wie berichtet, gibt es derzeit im Berliner Bezirk Neuk\u00f6lln eine Welle von Nazi-Aktivit\u00e4ten. Wie jetzt bekannt wurde, hatte die Polizei einige der angegriffenen Kneipen und Galerien sogar vor den Neonazis gewarnt. Die L\u00e4den werden alle im Internet auf einer Anti-Antifa-Liste als Angriffsziele aufgelistet. Erfreulicherweise Demonstrierten am Sonntag trotz Schneesturms rund 1000 Menschen im Bezirk gegen [&hellip;]\" \/>\n<meta property=\"og:url\" content=\"https:\/\/blog.zeit.de\/stoerungsmelder\/2009\/12\/21\/wir-werden-das-nicht-weiter-mit-anschauen_2199\" \/>\n<meta property=\"og:site_name\" content=\"St\u00f6rungsmelder\" \/>\n<meta property=\"article:published_time\" content=\"2009-12-21T10:08:34+00:00\" \/>\n<meta property=\"og:image\" content=\"https:\/\/blog.zeit.de\/stoerungsmelder\/files\/2009\/12\/564px-1006_motor_fmsvg.png\" \/>\n<meta name=\"author\" content=\"St\u00f6rungsmelder\" \/>\n<meta name=\"twitter:card\" content=\"summary_large_image\" \/>\n<meta name=\"twitter:label1\" content=\"Geschrieben von\" \/>\n\t<meta name=\"twitter:data1\" content=\"St\u00f6rungsmelder\" \/>\n<script type=\"application\/ld+json\" class=\"yoast-schema-graph\">{\"@context\":\"https:\/\/schema.org\",\"@graph\":[{\"@type\":\"WebPage\",\"@id\":\"https:\/\/blog.zeit.de\/stoerungsmelder\/2009\/12\/21\/wir-werden-das-nicht-weiter-mit-anschauen_2199\",\"url\":\"https:\/\/blog.zeit.de\/stoerungsmelder\/2009\/12\/21\/wir-werden-das-nicht-weiter-mit-anschauen_2199\",\"name\":\"\\\"Wir werden das nicht weiter mit anschauen\\\" - St\u00f6rungsmelder\",\"isPartOf\":{\"@id\":\"https:\/\/blog.zeit.de\/stoerungsmelder\/#website\"},\"datePublished\":\"2009-12-21T10:08:34+00:00\",\"dateModified\":\"2009-12-21T10:08:34+00:00\",\"author\":{\"@id\":\"https:\/\/blog.zeit.de\/stoerungsmelder\/#\/schema\/person\/fdd0b9818f65738672810b6d6f037f71\"},\"breadcrumb\":{\"@id\":\"https:\/\/blog.zeit.de\/stoerungsmelder\/2009\/12\/21\/wir-werden-das-nicht-weiter-mit-anschauen_2199#breadcrumb\"},\"inLanguage\":\"de\",\"potentialAction\":[{\"@type\":\"ReadAction\",\"target\":[\"https:\/\/blog.zeit.de\/stoerungsmelder\/2009\/12\/21\/wir-werden-das-nicht-weiter-mit-anschauen_2199\"]}]},{\"@type\":\"BreadcrumbList\",\"@id\":\"https:\/\/blog.zeit.de\/stoerungsmelder\/2009\/12\/21\/wir-werden-das-nicht-weiter-mit-anschauen_2199#breadcrumb\",\"itemListElement\":[{\"@type\":\"ListItem\",\"position\":1,\"name\":\"Startseite\",\"item\":\"https:\/\/blog.zeit.de\/stoerungsmelder\"},{\"@type\":\"ListItem\",\"position\":2,\"name\":\"&#8222;Wir werden das nicht weiter mit anschauen&#8220;\"}]},{\"@type\":\"WebSite\",\"@id\":\"https:\/\/blog.zeit.de\/stoerungsmelder\/#website\",\"url\":\"https:\/\/blog.zeit.de\/stoerungsmelder\/\",\"name\":\"St\u00f6rungsmelder\",\"description\":\"Recherchen und Analysen \u00fcber die extreme Rechte\",\"potentialAction\":[{\"@type\":\"SearchAction\",\"target\":{\"@type\":\"EntryPoint\",\"urlTemplate\":\"https:\/\/blog.zeit.de\/stoerungsmelder\/?s={search_term_string}\"},\"query-input\":\"required name=search_term_string\"}],\"inLanguage\":\"de\"},{\"@type\":\"Person\",\"@id\":\"https:\/\/blog.zeit.de\/stoerungsmelder\/#\/schema\/person\/fdd0b9818f65738672810b6d6f037f71\",\"name\":\"St\u00f6rungsmelder\",\"image\":{\"@type\":\"ImageObject\",\"inLanguage\":\"de\",\"@id\":\"https:\/\/blog.zeit.de\/stoerungsmelder\/#\/schema\/person\/image\/\",\"url\":\"https:\/\/secure.gravatar.com\/avatar\/dfa4be514c3e82a71e4f9a0020035d38192d080ccaa5e4e6d7a1472c763535c5?s=96&d=mm&r=pg\",\"contentUrl\":\"https:\/\/secure.gravatar.com\/avatar\/dfa4be514c3e82a71e4f9a0020035d38192d080ccaa5e4e6d7a1472c763535c5?s=96&d=mm&r=pg\",\"caption\":\"St\u00f6rungsmelder\"},\"url\":\"https:\/\/blog.zeit.de\/stoerungsmelder\/author\/stoerungsmelder\"}]}<\/script>\n<!-- \/ Yoast SEO plugin. -->","yoast_head_json":{"title":"\"Wir werden das nicht weiter mit anschauen\" - St\u00f6rungsmelder","robots":{"index":"index","follow":"follow","max-snippet":"max-snippet:-1","max-image-preview":"max-image-preview:large","max-video-preview":"max-video-preview:-1"},"canonical":"https:\/\/blog.zeit.de\/stoerungsmelder\/2009\/12\/21\/wir-werden-das-nicht-weiter-mit-anschauen_2199","og_locale":"de_DE","og_type":"article","og_title":"\"Wir werden das nicht weiter mit anschauen\" - St\u00f6rungsmelder","og_description":"Wie berichtet, gibt es derzeit im Berliner Bezirk Neuk\u00f6lln eine Welle von Nazi-Aktivit\u00e4ten. Wie jetzt bekannt wurde, hatte die Polizei einige der angegriffenen Kneipen und Galerien sogar vor den Neonazis gewarnt. Die L\u00e4den werden alle im Internet auf einer Anti-Antifa-Liste als Angriffsziele aufgelistet. Erfreulicherweise Demonstrierten am Sonntag trotz Schneesturms rund 1000 Menschen im Bezirk gegen [&hellip;]","og_url":"https:\/\/blog.zeit.de\/stoerungsmelder\/2009\/12\/21\/wir-werden-das-nicht-weiter-mit-anschauen_2199","og_site_name":"St\u00f6rungsmelder","article_published_time":"2009-12-21T10:08:34+00:00","og_image":[{"url":"https:\/\/blog.zeit.de\/stoerungsmelder\/files\/2009\/12\/564px-1006_motor_fmsvg.png"}],"author":"St\u00f6rungsmelder","twitter_card":"summary_large_image","twitter_misc":{"Geschrieben von":"St\u00f6rungsmelder"},"schema":{"@context":"https:\/\/schema.org","@graph":[{"@type":"WebPage","@id":"https:\/\/blog.zeit.de\/stoerungsmelder\/2009\/12\/21\/wir-werden-das-nicht-weiter-mit-anschauen_2199","url":"https:\/\/blog.zeit.de\/stoerungsmelder\/2009\/12\/21\/wir-werden-das-nicht-weiter-mit-anschauen_2199","name":"\"Wir werden das nicht weiter mit anschauen\" - St\u00f6rungsmelder","isPartOf":{"@id":"https:\/\/blog.zeit.de\/stoerungsmelder\/#website"},"datePublished":"2009-12-21T10:08:34+00:00","dateModified":"2009-12-21T10:08:34+00:00","author":{"@id":"https:\/\/blog.zeit.de\/stoerungsmelder\/#\/schema\/person\/fdd0b9818f65738672810b6d6f037f71"},"breadcrumb":{"@id":"https:\/\/blog.zeit.de\/stoerungsmelder\/2009\/12\/21\/wir-werden-das-nicht-weiter-mit-anschauen_2199#breadcrumb"},"inLanguage":"de","potentialAction":[{"@type":"ReadAction","target":["https:\/\/blog.zeit.de\/stoerungsmelder\/2009\/12\/21\/wir-werden-das-nicht-weiter-mit-anschauen_2199"]}]},{"@type":"BreadcrumbList","@id":"https:\/\/blog.zeit.de\/stoerungsmelder\/2009\/12\/21\/wir-werden-das-nicht-weiter-mit-anschauen_2199#breadcrumb","itemListElement":[{"@type":"ListItem","position":1,"name":"Startseite","item":"https:\/\/blog.zeit.de\/stoerungsmelder"},{"@type":"ListItem","position":2,"name":"&#8222;Wir werden das nicht weiter mit anschauen&#8220;"}]},{"@type":"WebSite","@id":"https:\/\/blog.zeit.de\/stoerungsmelder\/#website","url":"https:\/\/blog.zeit.de\/stoerungsmelder\/","name":"St\u00f6rungsmelder","description":"Recherchen und Analysen \u00fcber die extreme Rechte","potentialAction":[{"@type":"SearchAction","target":{"@type":"EntryPoint","urlTemplate":"https:\/\/blog.zeit.de\/stoerungsmelder\/?s={search_term_string}"},"query-input":"required name=search_term_string"}],"inLanguage":"de"},{"@type":"Person","@id":"https:\/\/blog.zeit.de\/stoerungsmelder\/#\/schema\/person\/fdd0b9818f65738672810b6d6f037f71","name":"St\u00f6rungsmelder","image":{"@type":"ImageObject","inLanguage":"de","@id":"https:\/\/blog.zeit.de\/stoerungsmelder\/#\/schema\/person\/image\/","url":"https:\/\/secure.gravatar.com\/avatar\/dfa4be514c3e82a71e4f9a0020035d38192d080ccaa5e4e6d7a1472c763535c5?s=96&d=mm&r=pg","contentUrl":"https:\/\/secure.gravatar.com\/avatar\/dfa4be514c3e82a71e4f9a0020035d38192d080ccaa5e4e6d7a1472c763535c5?s=96&d=mm&r=pg","caption":"St\u00f6rungsmelder"},"url":"https:\/\/blog.zeit.de\/stoerungsmelder\/author\/stoerungsmelder"}]}},"jetpack_featured_media_url":"","jetpack_sharing_enabled":true,"_links":{"self":[{"href":"https:\/\/blog.zeit.de\/stoerungsmelder\/wp-json\/wp\/v2\/posts\/2199","targetHints":{"allow":["GET"]}}],"collection":[{"href":"https:\/\/blog.zeit.de\/stoerungsmelder\/wp-json\/wp\/v2\/posts"}],"about":[{"href":"https:\/\/blog.zeit.de\/stoerungsmelder\/wp-json\/wp\/v2\/types\/post"}],"author":[{"embeddable":true,"href":"https:\/\/blog.zeit.de\/stoerungsmelder\/wp-json\/wp\/v2\/users\/229"}],"replies":[{"embeddable":true,"href":"https:\/\/blog.zeit.de\/stoerungsmelder\/wp-json\/wp\/v2\/comments?post=2199"}],"version-history":[{"count":0,"href":"https:\/\/blog.zeit.de\/stoerungsmelder\/wp-json\/wp\/v2\/posts\/2199\/revisions"}],"wp:attachment":[{"href":"https:\/\/blog.zeit.de\/stoerungsmelder\/wp-json\/wp\/v2\/media?parent=2199"}],"wp:term":[{"taxonomy":"category","embeddable":true,"href":"https:\/\/blog.zeit.de\/stoerungsmelder\/wp-json\/wp\/v2\/categories?post=2199"},{"taxonomy":"post_tag","embeddable":true,"href":"https:\/\/blog.zeit.de\/stoerungsmelder\/wp-json\/wp\/v2\/tags?post=2199"}],"curies":[{"name":"wp","href":"https:\/\/api.w.org\/{rel}","templated":true}]}}