{"id":22486,"date":"2016-10-15T20:23:30","date_gmt":"2016-10-15T18:23:30","guid":{"rendered":"http:\/\/blog.zeit.de\/stoerungsmelder\/?p=22486"},"modified":"2016-10-17T19:12:23","modified_gmt":"2016-10-17T17:12:23","slug":"protest-gegen-afd-oberbuergermeister","status":"publish","type":"post","link":"https:\/\/blog.zeit.de\/stoerungsmelder\/2016\/10\/15\/protest-gegen-afd-oberbuergermeister_22486","title":{"rendered":"Protest gegen AfD Oberb\u00fcrgermeisterkandidatur"},"content":{"rendered":"<p><figure id=\"attachment_22487\" aria-describedby=\"caption-attachment-22487\" style=\"width: 620px\" class=\"wp-caption aligncenter\"><a href=\"https:\/\/blog.zeit.de\/stoerungsmelder\/files\/2016\/10\/20161007T183004-085-AfD_OB_Wahlkampf_Stadthalle-cS.Lipp_.jpg\"><img loading=\"lazy\" decoding=\"async\" class=\"size-full wp-image-22487\" src=\"https:\/\/blog.zeit.de\/stoerungsmelder\/files\/2016\/10\/20161007T183004-085-AfD_OB_Wahlkampf_Stadthalle-cS.Lipp_.jpg\" alt=\"Protest gegen AfD Oberb\u00fcrgermeister Kandidat am 7.10.2016 \u00a9S. Lipp\" width=\"620\" height=\"300\" \/><\/a><figcaption id=\"caption-attachment-22487\" class=\"wp-caption-text\">Protest gegen AfD Oberb\u00fcrgermeister Kandidat am 7.10.2016 \u00a9S. Lipp<\/figcaption><\/figure><\/p>\n<p>Gegen \u201eAusgrenzung, soziale Spaltung, Hass und Homophobie\u201c demonstrierten vergangenen Freitag rund 100 Gegner der Oberb\u00fcrgermeisterkandidatur der AfD f\u00fcr Memmingen.<!--more--><\/p>\n<p>\u201eDas Problem hei\u00dft Rassismus\u201c &#8211; hinter diesem Banner versammelten sich am Abend des 7.10. etwa 100 Personen auf dem Platz der Deutschen Einheit im Memmingen. Sie demonstrierten damit erneut gegen die AfD und insbesondere die Kandidatur von Christoph Maier zur Wahl von Memmingens neuem Oberb\u00fcrgermeister, nachdem sie ihre Kritik bereits rund drei Wochen zuvor <a href=\"https:\/\/blog.zeit.de\/stoerungsmelder\/2016\/09\/26\/afd-politiker-als-oberbuergermeister_22363\">artikulierten<\/a>.<\/p>\n\n<div class=\"embed-wrapper embed-wrapper--blocked js-embed-consent\" data-method=\"embed\">\n<script class=\"raw__source\" type=\"text\/template\"><a data-flickr-embed='true' href='https:\/\/www.flickr.com\/photos\/fromoutback2\/albums\/72157671592869004' title='AfD OB-Wahlkampf Stadthalle Memmingen by fromoutback2, on Flickr'><img src='https:\/\/live.staticflickr.com\/5552\/29632908444_ac0d63db95_z.jpg' width='800' height='600' alt='AfD OB-Wahlkampf Stadthalle Memmingen'><\/a><scr+ipt async src='https:\/\/embedr.flickr.com\/assets\/client-code.js' charset='utf-8'><\/scr+ipt><\/script>\n<div class=\"embed-wrapper__inner\">\n<div class=\"embed-wrapper__text\">\n<h3>Empfohlener redaktioneller Inhalt<\/h3>\n<p data-replace=\"no\">An dieser Stelle finden Sie externen Inhalt, der den Artikel erg\u00e4nzt. Sie k\u00f6nnen sich externe Inhalte mit einem Klick anzeigen lassen und wieder ausblenden.<noscript>Bitte aktivieren Sie JavaScript damit Sie diesen Inhalt anzeigen k\u00f6nnen.<\/noscript><\/p>\n<\/div>\n<div class=\"embed-consent\">\n<label class=\"embed-consent__toggle\">\n<input class=\"js-embed-consent__toggle\" type=\"checkbox\" autocomplete=\"off\">\n<span><\/span>\nExterner Inhalt\n<\/label>\n<a href=\"https:\/\/www.zeit.de\/hilfe\/datenschutz\" target=\"_blank\" class=\"embed-consent__datalink-when-active\">Datenschutzerkl\u00e4rung<\/a>\n<\/div>\n<div class=\"embed-wrapper__footer\">\n<p data-replace=\"no\">\nIch bin damit einverstanden, dass mir externe Inhalte angezeigt werden. Damit k\u00f6nnen personenbezogene Daten an Drittplattformen \u00fcbermittelt werden. <a href=\"https:\/\/www.zeit.de\/hilfe\/datenschutz\" target=\"_blank\">Mehr dazu in unserer Datenschutzerkl\u00e4rung.<\/a>\n<\/p>\n<\/div>\n<\/div>\n<\/div>\n<p>Konkreter Anlass der Versammlung war eine von AfD-Kandidat Maier moderierte Podiumsdiskussion im Rahmen seines Wahlkampfes, die in der angrenzenden Memminger Stadthalle stattfand. Maier k\u00fcndigte AfD-Bundessprecher J\u00f6rg Meuthen f\u00fcr die Veranstaltung an, der aber laut Pressemitteilung aus pers\u00f6nlichen Gr\u00fcnden kurzfristig absagen musste. Tats\u00e4chlich gewinnen konnte Maier seine Parteikolleginnen Claudia Martin und Alice Weidel.<\/p>\n<p>Weidel irritiert als homosexuelle Frau mit Partnerin und Kind als Mitglied im Bundesvorstand der <a href=\"http:\/\/www.queer.de\/detail.php?article_id=25787\">laut Kritikern<\/a> \u201eextrem homophoben\u201c AfD. Ihre homophobe Haltung zeigten Besucher der Veranstaltung indem sie die Teilnehmer der Gegenkundgebung als \u201eSchwuchteln\u201c beschimpften.<\/p>\n<p><figure id=\"attachment_22491\" aria-describedby=\"caption-attachment-22491\" style=\"width: 220px\" class=\"wp-caption alignright\"><a href=\"https:\/\/blog.zeit.de\/stoerungsmelder\/files\/2016\/10\/20161007T194757-181-AfD_OB_Wahlkampf_Stadthalle-cS.Lipp_.jpg\"><img loading=\"lazy\" decoding=\"async\" class=\"size-thumbnail wp-image-22491\" src=\"https:\/\/blog.zeit.de\/stoerungsmelder\/files\/2016\/10\/20161007T194757-181-AfD_OB_Wahlkampf_Stadthalle-cS.Lipp_-220x220.jpg\" alt=\"Viele St\u00fchle bleiben leer bei der AfD Veranstaltung am 7.10. in Memmingen \u00a9S. Lipp\" width=\"220\" height=\"220\" \/><\/a><figcaption id=\"caption-attachment-22491\" class=\"wp-caption-text\">Viele St\u00fchle bleiben leer bei der AfD Veranstaltung am 7.10. in Memmingen \u00a9S. Lipp<\/figcaption><\/figure><\/p>\n<p>In der Stadthalle wurde darauf das Veranstaltungsprogramm \u00e4hnlich rau<br \/>\ner\u00f6ffnet. Man w\u00fcnschte sich Maier werde B\u00fcrgermeister, damit k\u00fcnftig<br \/>\ndas \u201elinksversiffte Gesocks\u201c der Stadt fern bleibe. Die an Akif Pirin\u00e7ci<br \/>\nangelehnte Beleidigung richtete sich gegen die Teilnehmer der<br \/>\nantirassistischen Kundgebung. Die Besucherzahl blieb deutlich hinter den Erwartungen der Veranstalter zur\u00fcck; viele St\u00fchle blieben unbesetzt.<\/p>\n<p>Der 32-j\u00e4hrige Oberb\u00fcrgermeisterkandidat Maier ist Gr\u00fcndungsmitglied und Vorsitzender des Schiedsgerichts im Landesverband Bayern der AfD und Chef des Kreisverbandes Memmingen\/Unterallg\u00e4u seiner Partei, dessen Veranstaltungen von Anh\u00e4ngern der Neonazikameradschaft \u201eVoice of Anger\u201c und der NPD <a href=\"https:\/\/blog.zeit.de\/stoerungsmelder\/2016\/07\/12\/voice-of-anger-neues-nazi-clubhaus_22029\">besucht wurden<\/a>. Auch Maiers OB-Wahlkampfveranstlatung vor rund zwei Wochen <a href=\"https:\/\/blog.zeit.de\/stoerungsmelder\/2016\/09\/26\/afd-politiker-als-oberbuergermeister_22363\">lockte Vertreter der extremen Rechten<\/a>. Solcher Besuch blieb auch in der Stadthalle nicht aus.<\/p>\n<p>Themen f\u00fcr die ihm Rassismus vorgeworfen werden k\u00f6nnte, vermeidet Meier wenn er kann. Er gibt sich lieber betont kommunalpolitisch und spricht auf Veranstaltungen \u00fcber Fahrradwege und das \u00f6ffentliche Verkehrsnetz. Auf die Frage einer B\u00fcrgerin, wie er \u201edie Integration der Fl\u00fcchtlinge fortf\u00fchren\u201c m\u00f6chte, antwortet der AfDler, Migranten h\u00e4tten eine \u201eBringschuld gegen\u00fcber der hier lebenden Bev\u00f6lkerung\u201c. Den Bau eines Minaretts in Memmingen lehnt er ab. Er sieht darin \u201eeine Form der Okkupation\u201c.<\/p>\n<p><img loading=\"lazy\" decoding=\"async\" src=\"http:\/\/vg03.met.vgwort.de\/na\/e01518dd2b80469da365d9a5120660e0\" alt=\"\" width=\"1\" height=\"1\" \/><\/p>\n<p><em>(Es wurde eine \u00c4nderung am Text durchgef\u00fchrt, da eine Formulierung missverst\u00e4ndlich h\u00e4tte aufgefasst werden k\u00f6nnen.)<\/em><\/p>\n","protected":false},"excerpt":{"rendered":"<p>Gegen \u201eAusgrenzung, soziale Spaltung, Hass und Homophobie\u201c demonstrierten vergangenen Freitag rund 100 Gegner der Oberb\u00fcrgermeisterkandidatur der AfD f\u00fcr Memmingen.<\/p>\n","protected":false},"author":518,"featured_media":22487,"comment_status":"open","ping_status":"open","sticky":false,"template":"","format":"standard","meta":{"_jetpack_memberships_contains_paid_content":false,"footnotes":""},"categories":[59],"tags":[28267,1716,32041,32040],"class_list":["post-22486","post","type-post","status-publish","format-standard","has-post-thumbnail","hentry","category-bayern","tag-afd","tag-npd","tag-voa","tag-voice-of-anger"],"yoast_head":"<!-- This site is optimized with the Yoast SEO plugin v21.0 - https:\/\/yoast.com\/wordpress\/plugins\/seo\/ -->\n<title>Protest gegen AfD Oberb\u00fcrgermeisterkandidatur - St\u00f6rungsmelder<\/title>\n<meta name=\"description\" content=\"Gegen \u201eAusgrenzung, soziale Spaltung, Hass und Homophobie\u201c demonstrierten rund 100 Gegner der Oberb\u00fcrgermeisterkandidatur der AfD f\u00fcr Memmingen\" \/>\n<meta name=\"robots\" content=\"index, follow, max-snippet:-1, max-image-preview:large, max-video-preview:-1\" \/>\n<link rel=\"canonical\" href=\"https:\/\/blog.zeit.de\/stoerungsmelder\/2016\/10\/15\/protest-gegen-afd-oberbuergermeister_22486\" \/>\n<meta property=\"og:locale\" content=\"de_DE\" \/>\n<meta property=\"og:type\" content=\"article\" \/>\n<meta property=\"og:title\" content=\"Protest gegen AfD Oberb\u00fcrgermeisterkandidatur - St\u00f6rungsmelder\" \/>\n<meta property=\"og:description\" content=\"Gegen \u201eAusgrenzung, soziale Spaltung, Hass und Homophobie\u201c demonstrierten rund 100 Gegner der Oberb\u00fcrgermeisterkandidatur der AfD f\u00fcr Memmingen\" \/>\n<meta property=\"og:url\" content=\"https:\/\/blog.zeit.de\/stoerungsmelder\/2016\/10\/15\/protest-gegen-afd-oberbuergermeister_22486\" \/>\n<meta property=\"og:site_name\" content=\"St\u00f6rungsmelder\" \/>\n<meta property=\"article:published_time\" content=\"2016-10-15T18:23:30+00:00\" \/>\n<meta property=\"article:modified_time\" content=\"2016-10-17T17:12:23+00:00\" \/>\n<meta property=\"og:image\" content=\"https:\/\/blog.zeit.de\/stoerungsmelder\/files\/2016\/10\/20161007T183004-085-AfD_OB_Wahlkampf_Stadthalle-cS.Lipp_.jpg\" \/>\n\t<meta property=\"og:image:width\" content=\"620\" \/>\n\t<meta property=\"og:image:height\" content=\"300\" \/>\n\t<meta property=\"og:image:type\" content=\"image\/jpeg\" \/>\n<meta name=\"author\" content=\"Sebastian Lipp\" \/>\n<meta name=\"twitter:card\" content=\"summary_large_image\" \/>\n<meta name=\"twitter:creator\" content=\"@SebastianLipp\" \/>\n<meta name=\"twitter:label1\" content=\"Geschrieben von\" \/>\n\t<meta name=\"twitter:data1\" content=\"Sebastian Lipp\" \/>\n\t<meta name=\"twitter:label2\" content=\"Gesch\u00e4tzte Lesezeit\" \/>\n\t<meta name=\"twitter:data2\" content=\"2\u00a0Minuten\" \/>\n<script type=\"application\/ld+json\" class=\"yoast-schema-graph\">{\"@context\":\"https:\/\/schema.org\",\"@graph\":[{\"@type\":\"WebPage\",\"@id\":\"https:\/\/blog.zeit.de\/stoerungsmelder\/2016\/10\/15\/protest-gegen-afd-oberbuergermeister_22486\",\"url\":\"https:\/\/blog.zeit.de\/stoerungsmelder\/2016\/10\/15\/protest-gegen-afd-oberbuergermeister_22486\",\"name\":\"Protest gegen AfD Oberb\u00fcrgermeisterkandidatur - St\u00f6rungsmelder\",\"isPartOf\":{\"@id\":\"https:\/\/blog.zeit.de\/stoerungsmelder\/#website\"},\"datePublished\":\"2016-10-15T18:23:30+00:00\",\"dateModified\":\"2016-10-17T17:12:23+00:00\",\"author\":{\"@id\":\"https:\/\/blog.zeit.de\/stoerungsmelder\/#\/schema\/person\/abf36269039573fecb7c7f814e987c29\"},\"description\":\"Gegen \u201eAusgrenzung, soziale Spaltung, Hass und Homophobie\u201c demonstrierten rund 100 Gegner der Oberb\u00fcrgermeisterkandidatur der AfD f\u00fcr Memmingen\",\"breadcrumb\":{\"@id\":\"https:\/\/blog.zeit.de\/stoerungsmelder\/2016\/10\/15\/protest-gegen-afd-oberbuergermeister_22486#breadcrumb\"},\"inLanguage\":\"de\",\"potentialAction\":[{\"@type\":\"ReadAction\",\"target\":[\"https:\/\/blog.zeit.de\/stoerungsmelder\/2016\/10\/15\/protest-gegen-afd-oberbuergermeister_22486\"]}]},{\"@type\":\"BreadcrumbList\",\"@id\":\"https:\/\/blog.zeit.de\/stoerungsmelder\/2016\/10\/15\/protest-gegen-afd-oberbuergermeister_22486#breadcrumb\",\"itemListElement\":[{\"@type\":\"ListItem\",\"position\":1,\"name\":\"Startseite\",\"item\":\"https:\/\/blog.zeit.de\/stoerungsmelder\"},{\"@type\":\"ListItem\",\"position\":2,\"name\":\"Protest gegen AfD Oberb\u00fcrgermeisterkandidatur\"}]},{\"@type\":\"WebSite\",\"@id\":\"https:\/\/blog.zeit.de\/stoerungsmelder\/#website\",\"url\":\"https:\/\/blog.zeit.de\/stoerungsmelder\/\",\"name\":\"St\u00f6rungsmelder\",\"description\":\"Recherchen und Analysen \u00fcber die extreme Rechte\",\"potentialAction\":[{\"@type\":\"SearchAction\",\"target\":{\"@type\":\"EntryPoint\",\"urlTemplate\":\"https:\/\/blog.zeit.de\/stoerungsmelder\/?s={search_term_string}\"},\"query-input\":\"required name=search_term_string\"}],\"inLanguage\":\"de\"},{\"@type\":\"Person\",\"@id\":\"https:\/\/blog.zeit.de\/stoerungsmelder\/#\/schema\/person\/abf36269039573fecb7c7f814e987c29\",\"name\":\"Sebastian Lipp\",\"image\":{\"@type\":\"ImageObject\",\"inLanguage\":\"de\",\"@id\":\"https:\/\/blog.zeit.de\/stoerungsmelder\/#\/schema\/person\/image\/\",\"url\":\"https:\/\/secure.gravatar.com\/avatar\/88a90014e1f1a5d93b03b4fd9a7643da248cc2335f5433c5b6e8ead7c24de4b8?s=96&d=mm&r=pg\",\"contentUrl\":\"https:\/\/secure.gravatar.com\/avatar\/88a90014e1f1a5d93b03b4fd9a7643da248cc2335f5433c5b6e8ead7c24de4b8?s=96&d=mm&r=pg\",\"caption\":\"Sebastian Lipp\"},\"sameAs\":[\"http:\/\/twitter.com\/SebastianLipp\",\"https:\/\/twitter.com\/SebastianLipp\"],\"url\":\"https:\/\/blog.zeit.de\/stoerungsmelder\/author\/sebastianl\"}]}<\/script>\n<!-- \/ Yoast SEO plugin. -->","yoast_head_json":{"title":"Protest gegen AfD Oberb\u00fcrgermeisterkandidatur - St\u00f6rungsmelder","description":"Gegen \u201eAusgrenzung, soziale Spaltung, Hass und Homophobie\u201c demonstrierten rund 100 Gegner der Oberb\u00fcrgermeisterkandidatur der AfD f\u00fcr Memmingen","robots":{"index":"index","follow":"follow","max-snippet":"max-snippet:-1","max-image-preview":"max-image-preview:large","max-video-preview":"max-video-preview:-1"},"canonical":"https:\/\/blog.zeit.de\/stoerungsmelder\/2016\/10\/15\/protest-gegen-afd-oberbuergermeister_22486","og_locale":"de_DE","og_type":"article","og_title":"Protest gegen AfD Oberb\u00fcrgermeisterkandidatur - St\u00f6rungsmelder","og_description":"Gegen \u201eAusgrenzung, soziale Spaltung, Hass und Homophobie\u201c demonstrierten rund 100 Gegner der Oberb\u00fcrgermeisterkandidatur der AfD f\u00fcr Memmingen","og_url":"https:\/\/blog.zeit.de\/stoerungsmelder\/2016\/10\/15\/protest-gegen-afd-oberbuergermeister_22486","og_site_name":"St\u00f6rungsmelder","article_published_time":"2016-10-15T18:23:30+00:00","article_modified_time":"2016-10-17T17:12:23+00:00","og_image":[{"width":620,"height":300,"url":"https:\/\/blog.zeit.de\/stoerungsmelder\/files\/2016\/10\/20161007T183004-085-AfD_OB_Wahlkampf_Stadthalle-cS.Lipp_.jpg","type":"image\/jpeg"}],"author":"Sebastian Lipp","twitter_card":"summary_large_image","twitter_creator":"@SebastianLipp","twitter_misc":{"Geschrieben von":"Sebastian Lipp","Gesch\u00e4tzte Lesezeit":"2\u00a0Minuten"},"schema":{"@context":"https:\/\/schema.org","@graph":[{"@type":"WebPage","@id":"https:\/\/blog.zeit.de\/stoerungsmelder\/2016\/10\/15\/protest-gegen-afd-oberbuergermeister_22486","url":"https:\/\/blog.zeit.de\/stoerungsmelder\/2016\/10\/15\/protest-gegen-afd-oberbuergermeister_22486","name":"Protest gegen AfD Oberb\u00fcrgermeisterkandidatur - St\u00f6rungsmelder","isPartOf":{"@id":"https:\/\/blog.zeit.de\/stoerungsmelder\/#website"},"datePublished":"2016-10-15T18:23:30+00:00","dateModified":"2016-10-17T17:12:23+00:00","author":{"@id":"https:\/\/blog.zeit.de\/stoerungsmelder\/#\/schema\/person\/abf36269039573fecb7c7f814e987c29"},"description":"Gegen \u201eAusgrenzung, soziale Spaltung, Hass und Homophobie\u201c demonstrierten rund 100 Gegner der Oberb\u00fcrgermeisterkandidatur der AfD f\u00fcr Memmingen","breadcrumb":{"@id":"https:\/\/blog.zeit.de\/stoerungsmelder\/2016\/10\/15\/protest-gegen-afd-oberbuergermeister_22486#breadcrumb"},"inLanguage":"de","potentialAction":[{"@type":"ReadAction","target":["https:\/\/blog.zeit.de\/stoerungsmelder\/2016\/10\/15\/protest-gegen-afd-oberbuergermeister_22486"]}]},{"@type":"BreadcrumbList","@id":"https:\/\/blog.zeit.de\/stoerungsmelder\/2016\/10\/15\/protest-gegen-afd-oberbuergermeister_22486#breadcrumb","itemListElement":[{"@type":"ListItem","position":1,"name":"Startseite","item":"https:\/\/blog.zeit.de\/stoerungsmelder"},{"@type":"ListItem","position":2,"name":"Protest gegen AfD Oberb\u00fcrgermeisterkandidatur"}]},{"@type":"WebSite","@id":"https:\/\/blog.zeit.de\/stoerungsmelder\/#website","url":"https:\/\/blog.zeit.de\/stoerungsmelder\/","name":"St\u00f6rungsmelder","description":"Recherchen und Analysen \u00fcber die extreme Rechte","potentialAction":[{"@type":"SearchAction","target":{"@type":"EntryPoint","urlTemplate":"https:\/\/blog.zeit.de\/stoerungsmelder\/?s={search_term_string}"},"query-input":"required name=search_term_string"}],"inLanguage":"de"},{"@type":"Person","@id":"https:\/\/blog.zeit.de\/stoerungsmelder\/#\/schema\/person\/abf36269039573fecb7c7f814e987c29","name":"Sebastian Lipp","image":{"@type":"ImageObject","inLanguage":"de","@id":"https:\/\/blog.zeit.de\/stoerungsmelder\/#\/schema\/person\/image\/","url":"https:\/\/secure.gravatar.com\/avatar\/88a90014e1f1a5d93b03b4fd9a7643da248cc2335f5433c5b6e8ead7c24de4b8?s=96&d=mm&r=pg","contentUrl":"https:\/\/secure.gravatar.com\/avatar\/88a90014e1f1a5d93b03b4fd9a7643da248cc2335f5433c5b6e8ead7c24de4b8?s=96&d=mm&r=pg","caption":"Sebastian Lipp"},"sameAs":["http:\/\/twitter.com\/SebastianLipp","https:\/\/twitter.com\/SebastianLipp"],"url":"https:\/\/blog.zeit.de\/stoerungsmelder\/author\/sebastianl"}]}},"jetpack_featured_media_url":"https:\/\/blog.zeit.de\/stoerungsmelder\/files\/2016\/10\/20161007T183004-085-AfD_OB_Wahlkampf_Stadthalle-cS.Lipp_.jpg","jetpack_sharing_enabled":true,"_links":{"self":[{"href":"https:\/\/blog.zeit.de\/stoerungsmelder\/wp-json\/wp\/v2\/posts\/22486","targetHints":{"allow":["GET"]}}],"collection":[{"href":"https:\/\/blog.zeit.de\/stoerungsmelder\/wp-json\/wp\/v2\/posts"}],"about":[{"href":"https:\/\/blog.zeit.de\/stoerungsmelder\/wp-json\/wp\/v2\/types\/post"}],"author":[{"embeddable":true,"href":"https:\/\/blog.zeit.de\/stoerungsmelder\/wp-json\/wp\/v2\/users\/518"}],"replies":[{"embeddable":true,"href":"https:\/\/blog.zeit.de\/stoerungsmelder\/wp-json\/wp\/v2\/comments?post=22486"}],"version-history":[{"count":11,"href":"https:\/\/blog.zeit.de\/stoerungsmelder\/wp-json\/wp\/v2\/posts\/22486\/revisions"}],"predecessor-version":[{"id":22559,"href":"https:\/\/blog.zeit.de\/stoerungsmelder\/wp-json\/wp\/v2\/posts\/22486\/revisions\/22559"}],"wp:featuredmedia":[{"embeddable":true,"href":"https:\/\/blog.zeit.de\/stoerungsmelder\/wp-json\/wp\/v2\/media\/22487"}],"wp:attachment":[{"href":"https:\/\/blog.zeit.de\/stoerungsmelder\/wp-json\/wp\/v2\/media?parent=22486"}],"wp:term":[{"taxonomy":"category","embeddable":true,"href":"https:\/\/blog.zeit.de\/stoerungsmelder\/wp-json\/wp\/v2\/categories?post=22486"},{"taxonomy":"post_tag","embeddable":true,"href":"https:\/\/blog.zeit.de\/stoerungsmelder\/wp-json\/wp\/v2\/tags?post=22486"}],"curies":[{"name":"wp","href":"https:\/\/api.w.org\/{rel}","templated":true}]}}