{"id":225,"date":"2008-02-07T12:47:41","date_gmt":"2008-02-07T11:47:41","guid":{"rendered":"http:\/\/blog.zeit.de\/stoerungsmelder\/2008\/02\/07\/spendenaffare_225"},"modified":"2008-02-07T12:47:41","modified_gmt":"2008-02-07T11:47:41","slug":"spendenaffare","status":"publish","type":"post","link":"https:\/\/blog.zeit.de\/stoerungsmelder\/2008\/02\/07\/spendenaffare_225","title":{"rendered":"Razzia in der Parteizentrale: NPD-Schatzmeister festgenommen"},"content":{"rendered":"<p>Die Polizei hat laut diversen Medienberichten den Schatzmeister der rechtsextremen NPD festgenommen. Zuvor war die Bundeszentrale der Partei im Berliner Stadtteil K\u00f6penick durchsucht worden. M\u00f6glichweise geht es um den Verdacht, die Partei soll sich \u00fcber fingierte Spendenquittungen staatliche Zusch\u00fcsse erschlichen haben \u2013 Schatzmeister Erwin Kemna soll das gewusst und gef\u00f6rdert haben.<!--more--><\/p>\n<p>Das Landeskriminalamt D\u00fcsseldorf sp\u00fcrt laut einem Bericht der Welt m\u00f6glichen Finanz-Vergehen von NPD-Schatzmeister Erwin Kemna nach. Der 1950 geborene Bilanzbuchhalter kommt aus dem nordrhein-westf\u00e4lischen M\u00fcnsterland, genau: aus dem St\u00e4dtchen Ladbergen im Kreis Steinfurt. Darum ist das Landeskriminalamt D\u00fcsseldorf zust\u00e4ndig. Der Verdacht: Die rechtsextreme Partei hat m\u00f6glicherweise systematisch gegen das Parteiengesetz versto\u00dfen. <a href=\"http:\/\/npd-blog.info\/?p=458\">Dies war in Th\u00fcringen bereits nachgewiesen worden. Dort waren gezielt Spendeneinnahmen erfunden worden, um so an staatliche Parteien-Zusch\u00fcsse zu kommen.<\/a><\/p>\n<p>Unter bestimmten Voraussetzungen erhalten Parteien f\u00fcr Spenden noch staatliche Zusch\u00fcsse. Darum sollen bei der NPD so genannte &#8222;Aufwandsspenden&#8220; fingiert worden sein, beispielsweise f\u00fcr Dienstfahrten im Parteiauftrag, die in Wahrheit nie stattgefunden hatten. Der ehemalige Th\u00fcringer NPD-Chef Frank Golkowski hatte ausgesagt, dass er falsche Spendenquittungen ausgestellt habe und dass dies auch in anderen Landesverb\u00e4nden so gehandhabt worden sei. Die NPD-F\u00fchrung habe diese Praxis gef\u00f6rdert, hatte Golkowski dem &#8222;Spiegel\u201c gesagt. Der &#8222;Spiegel&#8220; zitierte unter anderem einen &#8222;Insider&#8220;. Der sagte: &#8222;Uns wurde nahegelegt, jede Autofahrt als Parteifahrt abzurechnen und anschlie\u00dfend zu spenden \u2013 selbst wenn wir blo\u00df Tante Emmi besuchen fahren. Weil wir doch bestimmt auf dem Weg dorthin ein NPD-Plakat geklebt h\u00e4tten.&#8220;<\/p>\n<p>Vor dem Hintergrund der schon im vergangenen Jahr erhobenen Vorw\u00fcrfe hatte die Bundestagsverwaltung von NPD-Bundesschatzmeister Kemna verlangt, detailliert darzulegen, wie bei der NPD Spenden abgerechnet werden \u2013 und bis zum Jahr 1996 zur\u00fcck. In den Jahren 1997 und 98 hatte die Partei in ihrem Rechenschaftsbericht in dem damals vollkommen unbedeutenen Landesverband Th\u00fcringen pl\u00f6tzlich sehr viele Spendeneing\u00e4nge angegeben. Diese waren, wie sich sp\u00e4ter herausstellte, gef\u00e4lscht, so dass die Partei steuerliche Verg\u00fcnstigungen in H\u00f6he von mehreren hunderttausend Euro zur\u00fcckzahlen musste. Auff\u00e4llig ist, dass NPD-Schatzmeister Erwin Kemna sowie der Finanzpr\u00fcfer des Rechenschaftsberichts nicht stutzig wurden. Ob auch gegen den Rechenschaftspr\u00fcfer ermittelt wird, ist bislang unbekannt.<\/p>\n<p><strong>DS-Gesellschafter pr\u00fcft NPD-Finanzen<\/strong><\/p>\n<p>Die NPD-Rechenschaftsberichte in den 1997 bis 2004 &#8211; also auch in dem Zeitraum, in den die Spendenaff\u00e4re f\u00e4llt &#8211; wurden von dem Wirtschaftspr\u00fcfer Eberhard M\u00fcller verfasst. Interessantes Detail: M\u00fcller ist seit 1998 Gesellschafter der \u201eDeutschen Stimme Verlagsgesellschaft\u201c. Laut Auskunft von Creditreform vom April 2005 besteht das Management unter anderem aus Erwin Kemna, bei der NPD wie erw\u00e4hnt f\u00fcr die Finanzen zust\u00e4ndig. Gesellschafter bzw. Eigent\u00fcmer sind demnach neben Wirtschaftspr\u00fcfer M\u00fcller noch Wolfgang Sch\u00fcler (Beisitzer im Vorstand des Landesverbandes Sachsen) sowie wiederrum NPD-Schatzmeister Kemna. Das Unternehmen gibt die Parteizeitung \u201cDeutsche Stimme\u201d heraus, betreibt einen Online-Versandhandel und wird nat\u00fcrlich der NPD zugerechnet. Ein Versto\u00df gegen das Parteiengesetz liegt aber dennoch nicht vor, meint die Bundestagsverwaltung auf Anfrage, da der DS-Verlag rein rechtlich nicht zur Partei geh\u00f6re. Laut Parteiengesetz darf der Wirtschaftspr\u00fcfer keine \u00c4mter in der Partei aus\u00fcben.<\/p>\n<p><strong>Finanzlage desolat<\/strong><\/p>\n<p>Die rechtsextreme NPD ist nach Einsch\u00e4tzung des Verfassungsschutzes in schweren Geldn\u00f6ten. \u201cAlle Vermutungen, sie h\u00e4tten geheime Geldquellen, sind unbegr\u00fcndet\u201d, sagte der Pr\u00e4sident des Bundesamtes f\u00fcr Verfassungsschutz, Heinz Fromm, der Frankfurter Allgemeinen Sonntagszeitung. Die Frage, ob \u201creiche Alt-Nazis\u201d im Exil die Partei finanzierten, habe sich \u201cbiologisch erledigt\u201d, f\u00fcgte Fromm hinzu. Das Aufkommen durch Beitr\u00e4ge der rund 7000 Mitglieder sei nicht so hoch. \u201cDer Einzige, der immer mal aushilft, ist der Anwalt Rieger, der \u00fcber die Mittel einer Stiftung verf\u00fcgt, die in Gro\u00dfbritannien ans\u00e4ssig ist.\u201d Rieger, selbst im Bundesvorstand der NPD sowie <a href=\"http:\/\/npd-blog.info\/index.php?s=hamburg+rieger+zysk\"><font color=\"#d9560f\">seit einer geradezu legend\u00e4ren Schlammschlacht Landeschef in Hamburg<\/font><\/a>, soll der Partei 500.000 Euro als Darlehen gew\u00e4hrt haben, berichtete der Spiegel bezugnehmend auf interne Schreiben.<\/p>\n<p><strong>Kampf gegen das System mit Geld vom System<\/strong><\/p>\n<p>Die rechtsextreme Partei kassierte im Wahljahr 2005 insgesamt rund 1,2 Millionen Euro an staatlichen Geldern. Dies geht aus den von Bundestagspr\u00e4sident Norbert Lammert vorgelegten Rechenschaftsberichten hervor. Die NPD lebt gr\u00f6\u00dftenteils von dem demokratischen System:. Laut Angaben der Innenminister stammen die Einnahmen der rechtsextremen Partei zu 64 Prozent aus \u00f6ffentlichen Geldern.<br \/>\n<img loading=\"lazy\" decoding=\"async\" src=\"http:\/\/vg08.met.vgwort.de\/na\/bde4ae294a5fb892453c37ee0d3869\" height=\"1\" width=\"1\" \/><br \/>\n<a href=\"http:\/\/npd-blog.info\/index.php?s=spendenaff%C3%A4re\"><font color=\"#d9560f\">NPD-BLOG.INFO \u00fcber die Finanzmisere der NPD.<\/font><\/a><\/p>\n","protected":false},"excerpt":{"rendered":"<p>Die Polizei hat laut diversen Medienberichten den Schatzmeister der rechtsextremen NPD festgenommen. Zuvor war die Bundeszentrale der Partei im Berliner Stadtteil K\u00f6penick durchsucht worden. M\u00f6glichweise geht es um den Verdacht, die Partei soll sich \u00fcber fingierte Spendenquittungen staatliche Zusch\u00fcsse erschlichen haben \u2013 Schatzmeister Erwin Kemna soll das gewusst und gef\u00f6rdert haben.<\/p>\n","protected":false},"author":227,"featured_media":0,"comment_status":"open","ping_status":"open","sticky":false,"template":"","format":"standard","meta":{"_jetpack_memberships_contains_paid_content":false,"footnotes":""},"categories":[1515],"tags":[1638,1716],"class_list":["post-225","post","type-post","status-publish","format-standard","hentry","category-bundesweit","tag-justiz","tag-npd"],"yoast_head":"<!-- This site is optimized with the Yoast SEO plugin v21.0 - https:\/\/yoast.com\/wordpress\/plugins\/seo\/ -->\n<title>Razzia in der Parteizentrale: NPD-Schatzmeister festgenommen - St\u00f6rungsmelder<\/title>\n<meta name=\"robots\" content=\"index, follow, max-snippet:-1, max-image-preview:large, max-video-preview:-1\" \/>\n<link rel=\"canonical\" href=\"https:\/\/blog.zeit.de\/stoerungsmelder\/2008\/02\/07\/spendenaffare_225\" \/>\n<meta property=\"og:locale\" content=\"de_DE\" \/>\n<meta property=\"og:type\" content=\"article\" \/>\n<meta property=\"og:title\" content=\"Razzia in der Parteizentrale: NPD-Schatzmeister festgenommen - St\u00f6rungsmelder\" \/>\n<meta property=\"og:description\" content=\"Die Polizei hat laut diversen Medienberichten den Schatzmeister der rechtsextremen NPD festgenommen. Zuvor war die Bundeszentrale der Partei im Berliner Stadtteil K\u00f6penick durchsucht worden. M\u00f6glichweise geht es um den Verdacht, die Partei soll sich \u00fcber fingierte Spendenquittungen staatliche Zusch\u00fcsse erschlichen haben \u2013 Schatzmeister Erwin Kemna soll das gewusst und gef\u00f6rdert haben.\" \/>\n<meta property=\"og:url\" content=\"https:\/\/blog.zeit.de\/stoerungsmelder\/2008\/02\/07\/spendenaffare_225\" \/>\n<meta property=\"og:site_name\" content=\"St\u00f6rungsmelder\" \/>\n<meta property=\"article:published_time\" content=\"2008-02-07T11:47:41+00:00\" \/>\n<meta property=\"og:image\" content=\"http:\/\/vg08.met.vgwort.de\/na\/bde4ae294a5fb892453c37ee0d3869\" \/>\n<meta name=\"author\" content=\"Patrick Gensing\" \/>\n<meta name=\"twitter:card\" content=\"summary_large_image\" \/>\n<meta name=\"twitter:label1\" content=\"Geschrieben von\" \/>\n\t<meta name=\"twitter:data1\" content=\"Patrick Gensing\" \/>\n\t<meta name=\"twitter:label2\" content=\"Gesch\u00e4tzte Lesezeit\" \/>\n\t<meta name=\"twitter:data2\" content=\"4\u00a0Minuten\" \/>\n<script type=\"application\/ld+json\" class=\"yoast-schema-graph\">{\"@context\":\"https:\/\/schema.org\",\"@graph\":[{\"@type\":\"WebPage\",\"@id\":\"https:\/\/blog.zeit.de\/stoerungsmelder\/2008\/02\/07\/spendenaffare_225\",\"url\":\"https:\/\/blog.zeit.de\/stoerungsmelder\/2008\/02\/07\/spendenaffare_225\",\"name\":\"Razzia in der Parteizentrale: NPD-Schatzmeister festgenommen - St\u00f6rungsmelder\",\"isPartOf\":{\"@id\":\"https:\/\/blog.zeit.de\/stoerungsmelder\/#website\"},\"datePublished\":\"2008-02-07T11:47:41+00:00\",\"dateModified\":\"2008-02-07T11:47:41+00:00\",\"author\":{\"@id\":\"https:\/\/blog.zeit.de\/stoerungsmelder\/#\/schema\/person\/1898e9a6d47b4737da2c4fca74a10552\"},\"breadcrumb\":{\"@id\":\"https:\/\/blog.zeit.de\/stoerungsmelder\/2008\/02\/07\/spendenaffare_225#breadcrumb\"},\"inLanguage\":\"de\",\"potentialAction\":[{\"@type\":\"ReadAction\",\"target\":[\"https:\/\/blog.zeit.de\/stoerungsmelder\/2008\/02\/07\/spendenaffare_225\"]}]},{\"@type\":\"BreadcrumbList\",\"@id\":\"https:\/\/blog.zeit.de\/stoerungsmelder\/2008\/02\/07\/spendenaffare_225#breadcrumb\",\"itemListElement\":[{\"@type\":\"ListItem\",\"position\":1,\"name\":\"Startseite\",\"item\":\"https:\/\/blog.zeit.de\/stoerungsmelder\"},{\"@type\":\"ListItem\",\"position\":2,\"name\":\"Razzia in der Parteizentrale: NPD-Schatzmeister festgenommen\"}]},{\"@type\":\"WebSite\",\"@id\":\"https:\/\/blog.zeit.de\/stoerungsmelder\/#website\",\"url\":\"https:\/\/blog.zeit.de\/stoerungsmelder\/\",\"name\":\"St\u00f6rungsmelder\",\"description\":\"Recherchen und Analysen \u00fcber die extreme Rechte\",\"potentialAction\":[{\"@type\":\"SearchAction\",\"target\":{\"@type\":\"EntryPoint\",\"urlTemplate\":\"https:\/\/blog.zeit.de\/stoerungsmelder\/?s={search_term_string}\"},\"query-input\":\"required name=search_term_string\"}],\"inLanguage\":\"de\"},{\"@type\":\"Person\",\"@id\":\"https:\/\/blog.zeit.de\/stoerungsmelder\/#\/schema\/person\/1898e9a6d47b4737da2c4fca74a10552\",\"name\":\"Patrick Gensing\",\"image\":{\"@type\":\"ImageObject\",\"inLanguage\":\"de\",\"@id\":\"https:\/\/blog.zeit.de\/stoerungsmelder\/#\/schema\/person\/image\/\",\"url\":\"https:\/\/secure.gravatar.com\/avatar\/a7a6fc628ed4dd7517525b944e2a8b13f64804f428d399d781f8dd0c4651643a?s=96&d=mm&r=pg\",\"contentUrl\":\"https:\/\/secure.gravatar.com\/avatar\/a7a6fc628ed4dd7517525b944e2a8b13f64804f428d399d781f8dd0c4651643a?s=96&d=mm&r=pg\",\"caption\":\"Patrick Gensing\"},\"description\":\"Journalist, Blogger, Buchautor - Patrick Gensing besch\u00e4ftigt sich seit seiner Jugend Ende der 1980er Jahre mit den Themen Neonazis, Rassismus und Antisemitismus. Seit rund zehn Jahren schreibt er als Journalist \u00fcber diese Themen, unter anderem bei tagesschau.de, bei Zeit-Online, in der taz - oder in dem Buch \\\"Terror von rechts\\\", das am 14. September 2012 erscheint.\",\"sameAs\":[\"http:\/\/publikative.org\"],\"url\":\"https:\/\/blog.zeit.de\/stoerungsmelder\/author\/patrick-gensing\"}]}<\/script>\n<!-- \/ Yoast SEO plugin. -->","yoast_head_json":{"title":"Razzia in der Parteizentrale: NPD-Schatzmeister festgenommen - St\u00f6rungsmelder","robots":{"index":"index","follow":"follow","max-snippet":"max-snippet:-1","max-image-preview":"max-image-preview:large","max-video-preview":"max-video-preview:-1"},"canonical":"https:\/\/blog.zeit.de\/stoerungsmelder\/2008\/02\/07\/spendenaffare_225","og_locale":"de_DE","og_type":"article","og_title":"Razzia in der Parteizentrale: NPD-Schatzmeister festgenommen - St\u00f6rungsmelder","og_description":"Die Polizei hat laut diversen Medienberichten den Schatzmeister der rechtsextremen NPD festgenommen. Zuvor war die Bundeszentrale der Partei im Berliner Stadtteil K\u00f6penick durchsucht worden. M\u00f6glichweise geht es um den Verdacht, die Partei soll sich \u00fcber fingierte Spendenquittungen staatliche Zusch\u00fcsse erschlichen haben \u2013 Schatzmeister Erwin Kemna soll das gewusst und gef\u00f6rdert haben.","og_url":"https:\/\/blog.zeit.de\/stoerungsmelder\/2008\/02\/07\/spendenaffare_225","og_site_name":"St\u00f6rungsmelder","article_published_time":"2008-02-07T11:47:41+00:00","og_image":[{"url":"http:\/\/vg08.met.vgwort.de\/na\/bde4ae294a5fb892453c37ee0d3869"}],"author":"Patrick Gensing","twitter_card":"summary_large_image","twitter_misc":{"Geschrieben von":"Patrick Gensing","Gesch\u00e4tzte Lesezeit":"4\u00a0Minuten"},"schema":{"@context":"https:\/\/schema.org","@graph":[{"@type":"WebPage","@id":"https:\/\/blog.zeit.de\/stoerungsmelder\/2008\/02\/07\/spendenaffare_225","url":"https:\/\/blog.zeit.de\/stoerungsmelder\/2008\/02\/07\/spendenaffare_225","name":"Razzia in der Parteizentrale: NPD-Schatzmeister festgenommen - St\u00f6rungsmelder","isPartOf":{"@id":"https:\/\/blog.zeit.de\/stoerungsmelder\/#website"},"datePublished":"2008-02-07T11:47:41+00:00","dateModified":"2008-02-07T11:47:41+00:00","author":{"@id":"https:\/\/blog.zeit.de\/stoerungsmelder\/#\/schema\/person\/1898e9a6d47b4737da2c4fca74a10552"},"breadcrumb":{"@id":"https:\/\/blog.zeit.de\/stoerungsmelder\/2008\/02\/07\/spendenaffare_225#breadcrumb"},"inLanguage":"de","potentialAction":[{"@type":"ReadAction","target":["https:\/\/blog.zeit.de\/stoerungsmelder\/2008\/02\/07\/spendenaffare_225"]}]},{"@type":"BreadcrumbList","@id":"https:\/\/blog.zeit.de\/stoerungsmelder\/2008\/02\/07\/spendenaffare_225#breadcrumb","itemListElement":[{"@type":"ListItem","position":1,"name":"Startseite","item":"https:\/\/blog.zeit.de\/stoerungsmelder"},{"@type":"ListItem","position":2,"name":"Razzia in der Parteizentrale: NPD-Schatzmeister festgenommen"}]},{"@type":"WebSite","@id":"https:\/\/blog.zeit.de\/stoerungsmelder\/#website","url":"https:\/\/blog.zeit.de\/stoerungsmelder\/","name":"St\u00f6rungsmelder","description":"Recherchen und Analysen \u00fcber die extreme Rechte","potentialAction":[{"@type":"SearchAction","target":{"@type":"EntryPoint","urlTemplate":"https:\/\/blog.zeit.de\/stoerungsmelder\/?s={search_term_string}"},"query-input":"required name=search_term_string"}],"inLanguage":"de"},{"@type":"Person","@id":"https:\/\/blog.zeit.de\/stoerungsmelder\/#\/schema\/person\/1898e9a6d47b4737da2c4fca74a10552","name":"Patrick Gensing","image":{"@type":"ImageObject","inLanguage":"de","@id":"https:\/\/blog.zeit.de\/stoerungsmelder\/#\/schema\/person\/image\/","url":"https:\/\/secure.gravatar.com\/avatar\/a7a6fc628ed4dd7517525b944e2a8b13f64804f428d399d781f8dd0c4651643a?s=96&d=mm&r=pg","contentUrl":"https:\/\/secure.gravatar.com\/avatar\/a7a6fc628ed4dd7517525b944e2a8b13f64804f428d399d781f8dd0c4651643a?s=96&d=mm&r=pg","caption":"Patrick Gensing"},"description":"Journalist, Blogger, Buchautor - Patrick Gensing besch\u00e4ftigt sich seit seiner Jugend Ende der 1980er Jahre mit den Themen Neonazis, Rassismus und Antisemitismus. Seit rund zehn Jahren schreibt er als Journalist \u00fcber diese Themen, unter anderem bei tagesschau.de, bei Zeit-Online, in der taz - oder in dem Buch \"Terror von rechts\", das am 14. September 2012 erscheint.","sameAs":["http:\/\/publikative.org"],"url":"https:\/\/blog.zeit.de\/stoerungsmelder\/author\/patrick-gensing"}]}},"jetpack_featured_media_url":"","jetpack_sharing_enabled":true,"_links":{"self":[{"href":"https:\/\/blog.zeit.de\/stoerungsmelder\/wp-json\/wp\/v2\/posts\/225","targetHints":{"allow":["GET"]}}],"collection":[{"href":"https:\/\/blog.zeit.de\/stoerungsmelder\/wp-json\/wp\/v2\/posts"}],"about":[{"href":"https:\/\/blog.zeit.de\/stoerungsmelder\/wp-json\/wp\/v2\/types\/post"}],"author":[{"embeddable":true,"href":"https:\/\/blog.zeit.de\/stoerungsmelder\/wp-json\/wp\/v2\/users\/227"}],"replies":[{"embeddable":true,"href":"https:\/\/blog.zeit.de\/stoerungsmelder\/wp-json\/wp\/v2\/comments?post=225"}],"version-history":[{"count":0,"href":"https:\/\/blog.zeit.de\/stoerungsmelder\/wp-json\/wp\/v2\/posts\/225\/revisions"}],"wp:attachment":[{"href":"https:\/\/blog.zeit.de\/stoerungsmelder\/wp-json\/wp\/v2\/media?parent=225"}],"wp:term":[{"taxonomy":"category","embeddable":true,"href":"https:\/\/blog.zeit.de\/stoerungsmelder\/wp-json\/wp\/v2\/categories?post=225"},{"taxonomy":"post_tag","embeddable":true,"href":"https:\/\/blog.zeit.de\/stoerungsmelder\/wp-json\/wp\/v2\/tags?post=225"}],"curies":[{"name":"wp","href":"https:\/\/api.w.org\/{rel}","templated":true}]}}