{"id":22572,"date":"2016-10-21T10:46:04","date_gmt":"2016-10-21T08:46:04","guid":{"rendered":"http:\/\/blog.zeit.de\/stoerungsmelder\/?p=22572"},"modified":"2016-10-21T10:46:04","modified_gmt":"2016-10-21T08:46:04","slug":"kindsmorde-in-brandenburg-werden-auf-nsu-bezuege-geprueft","status":"publish","type":"post","link":"https:\/\/blog.zeit.de\/stoerungsmelder\/2016\/10\/21\/kindsmorde-in-brandenburg-werden-auf-nsu-bezuege-geprueft_22572","title":{"rendered":"Kindsmorde in Brandenburg werden auf NSU-Bez\u00fcge gepr\u00fcft"},"content":{"rendered":"<p><figure id=\"attachment_22574\" aria-describedby=\"caption-attachment-22574\" style=\"width: 620px\" class=\"wp-caption aligncenter\"><img loading=\"lazy\" decoding=\"async\" class=\"size-medium wp-image-22574\" src=\"https:\/\/blog.zeit.de\/stoerungsmelder\/files\/2016\/10\/zsch\u00e4pe_b\u00f6hnhardt-620x416.jpg\" alt=\"Hat der NSU also auch Kinder auf dem Gewissen? Uwe B\u00f6hnhardts DNA-Spuren wurden am Fundort der get\u00f6teten Peggy K. entdeckt. Beate Zsch\u00e4pe war fr\u00fcher schon einmal mit Kinderpornografie in Verbindung gebracht worden. Foto: Bundeskriminalamt\/dpa\" width=\"620\" height=\"416\" \/><figcaption id=\"caption-attachment-22574\" class=\"wp-caption-text\">Hat der NSU also auch Kinder auf dem Gewissen? Uwe B\u00f6hnhardts DNA-Spuren wurden am Fundort der get\u00f6teten Peggy K. entdeckt. Beate Zsch\u00e4pe war fr\u00fcher schon einmal mit Kinderpornografie in Verbindung gebracht worden. Foto: Bundeskriminalamt\/dpa<\/figcaption><\/figure><\/p>\n<p>Hat der Nationalsozialistische Untergrund Kinder auf dem Gewissen? Nach Th\u00fcringens Polizei pr\u00fcfen nun auch Brandenburger Beamte, ob es zwischen alten F\u00e4llen und dem NSU einen Zusammenhang gibt.<!--more--><\/p>\n<p><em>Von Alexander Fr\u00f6hlich und Ren\u00e9 Garzke, <a href=\"http:\/\/www.pnn.de\/brandenburg-berlin\/1123697\/\">Potsdamer Neueste Nachrichten<\/a><\/em><\/p>\n<p>Potsdam &#8211; Nach Th\u00fcringen will jetzt auch Brandenburgs Polizei alte F\u00e4lle von Kindsmord und Kindesentf\u00fchrung auf Bez\u00fcge zum rechtsextremen Terror-Trio NSU \u00fcberpr\u00fcfen. Das erkl\u00e4rte eine Sprecherin des Polizeipr\u00e4sidiums in Potsdam am Mittwoch auf PNN-Anfrage. Grund ist der spektakul\u00e4re Fund von DNA-Spuren <a href=\"http:\/\/www.pnn.de\/politik\/1122233\/\">des NSU-Terroristen Uwe B\u00f6hnhardt am Fundort der im Jahr 2001 get\u00f6teten Sch\u00fclerin Peggy K.<\/a> aus Oberfranken.<\/p>\n<p><a href=\"http:\/\/www.pnn.de\/politik\/1122209\/\">Zuvor hatte bereits Th\u00fcringens Ministerpr\u00e4sident Bodo Ramelow (Linke) angek\u00fcndigt<\/a>, die Akten zu dem ungekl\u00e4rten Kindsmord an Bernd B. aus den 1990er-Jahren \u00fcberpr\u00fcfen zu lassen. In dem Fall stand B\u00f6hnhardt, der dem \u201eNationalsozialistischen Untergrund\u201c (NSU) angeh\u00f6rte, schon einmal im Visier der Ermittler \u2013 der Tatverdacht gegen ihn lie\u00df sich damals jedoch nicht erh\u00e4rten. <a href=\"http:\/\/www.zeit.de\/gesellschaft\/zeitgeschehen\/2016-10\/nsu-kindesmissbrauch-paedophilie-morde-dna-uwe-boehnhardt\">Die Th\u00fcringer Polizei hat eine Sonderkommission gebildet.<\/a><\/p>\n<p><strong>Alte F\u00e4lle seit 1990 werden gesichtet<\/strong><\/p>\n<p>Wie viele F\u00e4lle genau in Brandenburg noch einmal von den Experten des Landeskriminalamtes (<a href=\"http:\/\/service.brandenburg.de\/de\/landeskriminalamt___lka\/11137\">LKA<\/a>) untersucht werden m\u00fcssen, ist nach Angaben der Pr\u00e4sidiumssprecherin noch nicht klar. Derzeit verschafften sich die Ermittler noch einen \u00dcberblick, bei welchen Kindesentf\u00fchrungen und Kindsmorden eine Pr\u00fcfung angebracht ist. Es w\u00fcrden alle F\u00e4lle seit 1990 gesichtet. An den Ermittlungen ist auch die 5. Mordkommission des LKA beteiligt, die sich ausschlie\u00dflich um ungekl\u00e4rte, teils Jahrzehnte zur\u00fcckliegende Kriminalf\u00e4lle k\u00fcmmert.<\/p>\n<p>Bereits am vergangenen Freitag hatte die CDU-Landtagsfraktion erkl\u00e4rt, es gebe wegen der neuen Erkenntnisse im Fall Peggy auch hier Aufkl\u00e4rungsbedarf. Jan Redmann, CDU-Obmann im <a href=\"http:\/\/www.pnn.de\/brandenburg-berlin\/1122168\/\">NSU-Untersuchungsausschuss<\/a> und Parlamentarischer Fraktions-Gesch\u00e4ftsf\u00fchrer, hatte gesagt: \u201eDas NSU-Trio hatte sich vor\u00fcbergehend offenbar auch in Brandenburg aufgehalten.\u201c Daher m\u00fcssten auch die hiesigen Beh\u00f6rden im Rahmen der Amtsermittlung die DNA der NSU-T\u00e4ter mit Spuren in ungekl\u00e4rten Kindesmissbrauchsf\u00e4llen in Brandenburg abgleichen.<\/p>\n<p><strong>Peggys Mutter erhielt kurz nach dem Verschwinden einen beleidigenden Brief<\/strong><\/p>\n<p>Dass der oder die M\u00f6rder der neunj\u00e4hrigen Peggy aus dem rechtsextremen Milieu stammen, kann zum jetzigen Zeitpunkt nicht ausgeschlossen werden. Elf Tage nach dem Verschwinden der Sch\u00fclerin 2001 erhielt ihre Mutter Susanne K. einen Brief \u2013 mit einem aus einer Zeitung ausgeschnittenen Bild von Peggy, geschrieben mit einer Schreibmaschine und ohne Absender verschickt. Der Brief sei beleidigend und \u201ein schlimmster Weise geschrieben\u201c, vermerkte die Polizei damals <a href=\"http:\/\/www.bild.de\/bild-plus\/news\/inland\/nsu\/mordfall-peggy-ein-neonazi-verbrechen-48306954,view=conversionToLogin.bild.html\">laut \u201eBild\u201c-Zeitung<\/a>. Sinngem\u00e4\u00df hei\u00dft es in dem Brief, dass die Mutter ein so \u201earisches\u201c Kind wie Peggy nicht verdiene \u2013 Susanne K. war 1998 zum Islam konvertiert, trug gelegentlich ein Kopftuch.<\/p>\n<p>Das DNA-Material Uwe B\u00f6hnhardts hatte die Polizei vor knapp einer Woche an einem wenige Zentimeter gro\u00dfen St\u00fcck Stoff entdeckt, das am Fundort der sterblichen \u00dcberreste von Peggy gefunden worden war. Eine Verunreinigung der DNA-Spur schlie\u00dft das Bundeskriminalamt mittlerweile so gut wie aus.<\/p>\n<p><strong>Zsch\u00e4pe wurde mit Kinderpornografie in Verbindung gebracht<\/strong><\/p>\n<p>Hat der NSU also auch Kinder auf dem Gewissen? Beate Zsch\u00e4pe jedenfalls, die einzige \u00dcberlebende des NSU-Trios, war schon fr\u00fcher mit Kinderpornografie in Verbindung gebracht worden. Die Ermittlungen in den 1990er-Jahren wurden aber eingestellt, nachdem Zsch\u00e4pe mit Mundlos und B\u00f6hnhardt in den Untergrund gegangen war. Ein zweites Ermittlungsverfahren war 2011 eingestellt worden \u2013 allerdings nicht aus Mangel an Beweisen, sondern weil sie gegen\u00fcber den angeklagten Taten des NSU nicht ins Gewicht f\u00e4llt. Zudem waren laut BKA-Pr\u00e4sident Holger M\u00fcnch im Wohnwagen des NSU Kinderspielzeug und eine Sandale mit einer bislang unbekannten weiblichen DNA entdeckt worden.<\/p>\n<blockquote class=\"twitter-tweet\">\n<p dir=\"ltr\" lang=\"de\">Auch Brandenburgs Polizei untersucht nach DNA-Fund bei <a href=\"https:\/\/twitter.com\/hashtag\/Peggy?src=hash\">#Peggy<\/a> jetzt alte Kindsmorde auf Bez\u00fcge zum <a href=\"https:\/\/twitter.com\/hashtag\/NSU?src=hash\">#NSU<\/a>. <a href=\"https:\/\/twitter.com\/PNN_de\">@PNN_de<\/a> <a href=\"https:\/\/t.co\/4sTHed6e3R\">https:\/\/t.co\/4sTHed6e3R<\/a><\/p>\n<p>\u2014 Ren\u00e9 Garzke (@ReneGarzke) <a href=\"https:\/\/twitter.com\/ReneGarzke\/status\/788981995678359552\">20. Oktober 2016<\/a><\/p><\/blockquote>\n<p><script src=\"\/\/platform.twitter.com\/widgets.js\"><\/script><\/p>\n","protected":false},"excerpt":{"rendered":"<p>Hat der Nationalsozialistische Untergrund Kinder auf dem Gewissen? Nach Th\u00fcringens Polizei pr\u00fcfen nun auch Brandenburger Beamte, ob es zwischen alten F\u00e4llen und dem NSU einen Zusammenhang gibt.<\/p>\n","protected":false},"author":534,"featured_media":22574,"comment_status":"open","ping_status":"open","sticky":false,"template":"","format":"standard","meta":{"_jetpack_memberships_contains_paid_content":false,"footnotes":""},"categories":[1451],"tags":[17793,12752,35424,22860],"class_list":["post-22572","post","type-post","status-publish","format-standard","has-post-thumbnail","hentry","category-brandenburg","tag-beate-zschape","tag-nsu","tag-peggy","tag-uwe-bohnhardt"],"yoast_head":"<!-- This site is optimized with the Yoast SEO plugin v21.0 - https:\/\/yoast.com\/wordpress\/plugins\/seo\/ -->\n<title>Kindsmorde in Brandenburg werden auf NSU-Bez\u00fcge gepr\u00fcft - St\u00f6rungsmelder<\/title>\n<meta name=\"robots\" content=\"index, follow, max-snippet:-1, max-image-preview:large, max-video-preview:-1\" \/>\n<link rel=\"canonical\" href=\"https:\/\/blog.zeit.de\/stoerungsmelder\/2016\/10\/21\/kindsmorde-in-brandenburg-werden-auf-nsu-bezuege-geprueft_22572\" \/>\n<meta property=\"og:locale\" content=\"de_DE\" \/>\n<meta property=\"og:type\" content=\"article\" \/>\n<meta property=\"og:title\" content=\"Kindsmorde in Brandenburg werden auf NSU-Bez\u00fcge gepr\u00fcft - St\u00f6rungsmelder\" \/>\n<meta property=\"og:description\" content=\"Hat der Nationalsozialistische Untergrund Kinder auf dem Gewissen? Nach Th\u00fcringens Polizei pr\u00fcfen nun auch Brandenburger Beamte, ob es zwischen alten F\u00e4llen und dem NSU einen Zusammenhang gibt.\" \/>\n<meta property=\"og:url\" content=\"https:\/\/blog.zeit.de\/stoerungsmelder\/2016\/10\/21\/kindsmorde-in-brandenburg-werden-auf-nsu-bezuege-geprueft_22572\" \/>\n<meta property=\"og:site_name\" content=\"St\u00f6rungsmelder\" \/>\n<meta property=\"article:published_time\" content=\"2016-10-21T08:46:04+00:00\" \/>\n<meta property=\"og:image\" content=\"https:\/\/blog.zeit.de\/stoerungsmelder\/files\/2016\/10\/zsch\u00e4pe_b\u00f6hnhardt.jpg\" \/>\n\t<meta property=\"og:image:width\" content=\"620\" \/>\n\t<meta property=\"og:image:height\" content=\"416\" \/>\n\t<meta property=\"og:image:type\" content=\"image\/jpeg\" \/>\n<meta name=\"author\" content=\"Ren\u00e9 Garzke\" \/>\n<meta name=\"twitter:card\" content=\"summary_large_image\" \/>\n<meta name=\"twitter:label1\" content=\"Geschrieben von\" \/>\n\t<meta name=\"twitter:data1\" content=\"Ren\u00e9 Garzke\" \/>\n\t<meta name=\"twitter:label2\" content=\"Gesch\u00e4tzte Lesezeit\" \/>\n\t<meta name=\"twitter:data2\" content=\"3\u00a0Minuten\" \/>\n<script type=\"application\/ld+json\" class=\"yoast-schema-graph\">{\"@context\":\"https:\/\/schema.org\",\"@graph\":[{\"@type\":\"WebPage\",\"@id\":\"https:\/\/blog.zeit.de\/stoerungsmelder\/2016\/10\/21\/kindsmorde-in-brandenburg-werden-auf-nsu-bezuege-geprueft_22572\",\"url\":\"https:\/\/blog.zeit.de\/stoerungsmelder\/2016\/10\/21\/kindsmorde-in-brandenburg-werden-auf-nsu-bezuege-geprueft_22572\",\"name\":\"Kindsmorde in Brandenburg werden auf NSU-Bez\u00fcge gepr\u00fcft - St\u00f6rungsmelder\",\"isPartOf\":{\"@id\":\"https:\/\/blog.zeit.de\/stoerungsmelder\/#website\"},\"datePublished\":\"2016-10-21T08:46:04+00:00\",\"dateModified\":\"2016-10-21T08:46:04+00:00\",\"author\":{\"@id\":\"https:\/\/blog.zeit.de\/stoerungsmelder\/#\/schema\/person\/0bdfaacd75671a9cfc1e99f8b10ba2c9\"},\"breadcrumb\":{\"@id\":\"https:\/\/blog.zeit.de\/stoerungsmelder\/2016\/10\/21\/kindsmorde-in-brandenburg-werden-auf-nsu-bezuege-geprueft_22572#breadcrumb\"},\"inLanguage\":\"de\",\"potentialAction\":[{\"@type\":\"ReadAction\",\"target\":[\"https:\/\/blog.zeit.de\/stoerungsmelder\/2016\/10\/21\/kindsmorde-in-brandenburg-werden-auf-nsu-bezuege-geprueft_22572\"]}]},{\"@type\":\"BreadcrumbList\",\"@id\":\"https:\/\/blog.zeit.de\/stoerungsmelder\/2016\/10\/21\/kindsmorde-in-brandenburg-werden-auf-nsu-bezuege-geprueft_22572#breadcrumb\",\"itemListElement\":[{\"@type\":\"ListItem\",\"position\":1,\"name\":\"Startseite\",\"item\":\"https:\/\/blog.zeit.de\/stoerungsmelder\"},{\"@type\":\"ListItem\",\"position\":2,\"name\":\"Kindsmorde in Brandenburg werden auf NSU-Bez\u00fcge gepr\u00fcft\"}]},{\"@type\":\"WebSite\",\"@id\":\"https:\/\/blog.zeit.de\/stoerungsmelder\/#website\",\"url\":\"https:\/\/blog.zeit.de\/stoerungsmelder\/\",\"name\":\"St\u00f6rungsmelder\",\"description\":\"Recherchen und Analysen \u00fcber die extreme Rechte\",\"potentialAction\":[{\"@type\":\"SearchAction\",\"target\":{\"@type\":\"EntryPoint\",\"urlTemplate\":\"https:\/\/blog.zeit.de\/stoerungsmelder\/?s={search_term_string}\"},\"query-input\":\"required name=search_term_string\"}],\"inLanguage\":\"de\"},{\"@type\":\"Person\",\"@id\":\"https:\/\/blog.zeit.de\/stoerungsmelder\/#\/schema\/person\/0bdfaacd75671a9cfc1e99f8b10ba2c9\",\"name\":\"Ren\u00e9 Garzke\",\"image\":{\"@type\":\"ImageObject\",\"inLanguage\":\"de\",\"@id\":\"https:\/\/blog.zeit.de\/stoerungsmelder\/#\/schema\/person\/image\/\",\"url\":\"https:\/\/secure.gravatar.com\/avatar\/c8018bd28902c637afe3453f89a8a41941f896097cbf605ab61a2aad66597586?s=96&d=mm&r=pg\",\"contentUrl\":\"https:\/\/secure.gravatar.com\/avatar\/c8018bd28902c637afe3453f89a8a41941f896097cbf605ab61a2aad66597586?s=96&d=mm&r=pg\",\"caption\":\"Ren\u00e9 Garzke\"},\"url\":\"https:\/\/blog.zeit.de\/stoerungsmelder\/author\/rene\"}]}<\/script>\n<!-- \/ Yoast SEO plugin. -->","yoast_head_json":{"title":"Kindsmorde in Brandenburg werden auf NSU-Bez\u00fcge gepr\u00fcft - St\u00f6rungsmelder","robots":{"index":"index","follow":"follow","max-snippet":"max-snippet:-1","max-image-preview":"max-image-preview:large","max-video-preview":"max-video-preview:-1"},"canonical":"https:\/\/blog.zeit.de\/stoerungsmelder\/2016\/10\/21\/kindsmorde-in-brandenburg-werden-auf-nsu-bezuege-geprueft_22572","og_locale":"de_DE","og_type":"article","og_title":"Kindsmorde in Brandenburg werden auf NSU-Bez\u00fcge gepr\u00fcft - St\u00f6rungsmelder","og_description":"Hat der Nationalsozialistische Untergrund Kinder auf dem Gewissen? Nach Th\u00fcringens Polizei pr\u00fcfen nun auch Brandenburger Beamte, ob es zwischen alten F\u00e4llen und dem NSU einen Zusammenhang gibt.","og_url":"https:\/\/blog.zeit.de\/stoerungsmelder\/2016\/10\/21\/kindsmorde-in-brandenburg-werden-auf-nsu-bezuege-geprueft_22572","og_site_name":"St\u00f6rungsmelder","article_published_time":"2016-10-21T08:46:04+00:00","og_image":[{"width":620,"height":416,"url":"https:\/\/blog.zeit.de\/stoerungsmelder\/files\/2016\/10\/zsch\u00e4pe_b\u00f6hnhardt.jpg","type":"image\/jpeg"}],"author":"Ren\u00e9 Garzke","twitter_card":"summary_large_image","twitter_misc":{"Geschrieben von":"Ren\u00e9 Garzke","Gesch\u00e4tzte Lesezeit":"3\u00a0Minuten"},"schema":{"@context":"https:\/\/schema.org","@graph":[{"@type":"WebPage","@id":"https:\/\/blog.zeit.de\/stoerungsmelder\/2016\/10\/21\/kindsmorde-in-brandenburg-werden-auf-nsu-bezuege-geprueft_22572","url":"https:\/\/blog.zeit.de\/stoerungsmelder\/2016\/10\/21\/kindsmorde-in-brandenburg-werden-auf-nsu-bezuege-geprueft_22572","name":"Kindsmorde in Brandenburg werden auf NSU-Bez\u00fcge gepr\u00fcft - St\u00f6rungsmelder","isPartOf":{"@id":"https:\/\/blog.zeit.de\/stoerungsmelder\/#website"},"datePublished":"2016-10-21T08:46:04+00:00","dateModified":"2016-10-21T08:46:04+00:00","author":{"@id":"https:\/\/blog.zeit.de\/stoerungsmelder\/#\/schema\/person\/0bdfaacd75671a9cfc1e99f8b10ba2c9"},"breadcrumb":{"@id":"https:\/\/blog.zeit.de\/stoerungsmelder\/2016\/10\/21\/kindsmorde-in-brandenburg-werden-auf-nsu-bezuege-geprueft_22572#breadcrumb"},"inLanguage":"de","potentialAction":[{"@type":"ReadAction","target":["https:\/\/blog.zeit.de\/stoerungsmelder\/2016\/10\/21\/kindsmorde-in-brandenburg-werden-auf-nsu-bezuege-geprueft_22572"]}]},{"@type":"BreadcrumbList","@id":"https:\/\/blog.zeit.de\/stoerungsmelder\/2016\/10\/21\/kindsmorde-in-brandenburg-werden-auf-nsu-bezuege-geprueft_22572#breadcrumb","itemListElement":[{"@type":"ListItem","position":1,"name":"Startseite","item":"https:\/\/blog.zeit.de\/stoerungsmelder"},{"@type":"ListItem","position":2,"name":"Kindsmorde in Brandenburg werden auf NSU-Bez\u00fcge gepr\u00fcft"}]},{"@type":"WebSite","@id":"https:\/\/blog.zeit.de\/stoerungsmelder\/#website","url":"https:\/\/blog.zeit.de\/stoerungsmelder\/","name":"St\u00f6rungsmelder","description":"Recherchen und Analysen \u00fcber die extreme Rechte","potentialAction":[{"@type":"SearchAction","target":{"@type":"EntryPoint","urlTemplate":"https:\/\/blog.zeit.de\/stoerungsmelder\/?s={search_term_string}"},"query-input":"required name=search_term_string"}],"inLanguage":"de"},{"@type":"Person","@id":"https:\/\/blog.zeit.de\/stoerungsmelder\/#\/schema\/person\/0bdfaacd75671a9cfc1e99f8b10ba2c9","name":"Ren\u00e9 Garzke","image":{"@type":"ImageObject","inLanguage":"de","@id":"https:\/\/blog.zeit.de\/stoerungsmelder\/#\/schema\/person\/image\/","url":"https:\/\/secure.gravatar.com\/avatar\/c8018bd28902c637afe3453f89a8a41941f896097cbf605ab61a2aad66597586?s=96&d=mm&r=pg","contentUrl":"https:\/\/secure.gravatar.com\/avatar\/c8018bd28902c637afe3453f89a8a41941f896097cbf605ab61a2aad66597586?s=96&d=mm&r=pg","caption":"Ren\u00e9 Garzke"},"url":"https:\/\/blog.zeit.de\/stoerungsmelder\/author\/rene"}]}},"jetpack_featured_media_url":"https:\/\/blog.zeit.de\/stoerungsmelder\/files\/2016\/10\/zsch\u00e4pe_b\u00f6hnhardt.jpg","jetpack_sharing_enabled":true,"_links":{"self":[{"href":"https:\/\/blog.zeit.de\/stoerungsmelder\/wp-json\/wp\/v2\/posts\/22572","targetHints":{"allow":["GET"]}}],"collection":[{"href":"https:\/\/blog.zeit.de\/stoerungsmelder\/wp-json\/wp\/v2\/posts"}],"about":[{"href":"https:\/\/blog.zeit.de\/stoerungsmelder\/wp-json\/wp\/v2\/types\/post"}],"author":[{"embeddable":true,"href":"https:\/\/blog.zeit.de\/stoerungsmelder\/wp-json\/wp\/v2\/users\/534"}],"replies":[{"embeddable":true,"href":"https:\/\/blog.zeit.de\/stoerungsmelder\/wp-json\/wp\/v2\/comments?post=22572"}],"version-history":[{"count":2,"href":"https:\/\/blog.zeit.de\/stoerungsmelder\/wp-json\/wp\/v2\/posts\/22572\/revisions"}],"predecessor-version":[{"id":22575,"href":"https:\/\/blog.zeit.de\/stoerungsmelder\/wp-json\/wp\/v2\/posts\/22572\/revisions\/22575"}],"wp:featuredmedia":[{"embeddable":true,"href":"https:\/\/blog.zeit.de\/stoerungsmelder\/wp-json\/wp\/v2\/media\/22574"}],"wp:attachment":[{"href":"https:\/\/blog.zeit.de\/stoerungsmelder\/wp-json\/wp\/v2\/media?parent=22572"}],"wp:term":[{"taxonomy":"category","embeddable":true,"href":"https:\/\/blog.zeit.de\/stoerungsmelder\/wp-json\/wp\/v2\/categories?post=22572"},{"taxonomy":"post_tag","embeddable":true,"href":"https:\/\/blog.zeit.de\/stoerungsmelder\/wp-json\/wp\/v2\/tags?post=22572"}],"curies":[{"name":"wp","href":"https:\/\/api.w.org\/{rel}","templated":true}]}}