{"id":226,"date":"2008-02-07T14:43:16","date_gmt":"2008-02-07T13:43:16","guid":{"rendered":"http:\/\/blog.zeit.de\/stoerungsmelder\/2008\/02\/07\/untreue-verdacht-haftbefehl-gegen-npd-schatzmeister_226"},"modified":"2008-02-07T14:43:16","modified_gmt":"2008-02-07T13:43:16","slug":"untreue-verdacht-haftbefehl-gegen-npd-schatzmeister","status":"publish","type":"post","link":"https:\/\/blog.zeit.de\/stoerungsmelder\/2008\/02\/07\/untreue-verdacht-haftbefehl-gegen-npd-schatzmeister_226","title":{"rendered":"Untreue-Verdacht: Haftbefehl gegen NPD-Schatzmeister"},"content":{"rendered":"<p>Gegen den festgenommenen Schatzmeister der rechtextremistischen NPD, Erwin Kemna, ist laut einem AP-Bericht Haftbefehl erlassen worden. Er soll von den Konten der Partei insgesamt 627.000 Euro abgezweigt und selbst verbraucht haben. <!--more-->Die Staatsanwaltschaft M\u00fcnster teilte den Angaben zufolge mit, dem 57-J\u00e4hrigen werde gewerbsm\u00e4\u00dfige Untreue zum Nachteil der NPD zur Last gelegt. Seit Anfang 2004 soll Kemna in mindestens 65 F\u00e4llen Geld von Konten der NPD \u00fcber Umwege in eine von ihm als Gesch\u00e4ftsf\u00fchrer betriebene K\u00fcchen GmbH geleitet und dort verbraucht haben. Ausl\u00f6ser f\u00fcr die bereits seit M\u00e4rz vergangenen Jahres laufenden Ermittlungen sei eine Geldw\u00e4scheverdachtsanzeige eines Geldinstituts gewesen. Das Amtsgericht hat Kemna wegen Flucht- und Verdunkelungsgefahr verhaftete, berichtet ddp. Das Verfahren richtet sich nach Angaben der Staatsanwaltschaft ausschlie\u00dflich gegen den Beschuldigten Kemna. Untreue kann mit Freiheitsstrafen bis zu f\u00fcnf Jahren, in besonders schweren F\u00e4llen mit Haftstrafen von bis zu zehn Jahren bestraft werden.<\/p>\n<p>In der NPD-Zentrale wurden nach Angaben von Parteisprecher Klaus Beier Akten und Computer beschlagnahmt. Beier wollte erst einmal keine Stellungnahme zu den Untreue-Vorw\u00fcrfen gegen den Schatzmeister abgeben, er m\u00fcsse sich erst mit Parteichef Udo Voigt abstimmen. Beier sagte aber, er k\u00f6nne sich nicht vorstellen, dass die Vorw\u00fcrfe zutreffend seien.<\/p>\n<p>Zun\u00e4chst wurde vermutet, es ginge bei der Razzia um die Parteispendenaff\u00e4re in der NPD. Dies ist aber den j\u00fcngsten Informationen zufolge aber nicht der Fall.<\/p>\n","protected":false},"excerpt":{"rendered":"<p>Gegen den festgenommenen Schatzmeister der rechtextremistischen NPD, Erwin Kemna, ist laut einem AP-Bericht Haftbefehl erlassen worden. Er soll von den Konten der Partei insgesamt 627.000 Euro abgezweigt und selbst verbraucht haben.<\/p>\n","protected":false},"author":227,"featured_media":0,"comment_status":"open","ping_status":"open","sticky":false,"template":"","format":"standard","meta":{"_jetpack_memberships_contains_paid_content":false,"footnotes":""},"categories":[1515],"tags":[],"class_list":["post-226","post","type-post","status-publish","format-standard","hentry","category-bundesweit"],"yoast_head":"<!-- This site is optimized with the Yoast SEO plugin v21.0 - https:\/\/yoast.com\/wordpress\/plugins\/seo\/ -->\n<title>Untreue-Verdacht: Haftbefehl gegen NPD-Schatzmeister - St\u00f6rungsmelder<\/title>\n<meta name=\"robots\" content=\"index, follow, max-snippet:-1, max-image-preview:large, max-video-preview:-1\" \/>\n<link rel=\"canonical\" href=\"https:\/\/blog.zeit.de\/stoerungsmelder\/2008\/02\/07\/untreue-verdacht-haftbefehl-gegen-npd-schatzmeister_226\" \/>\n<meta property=\"og:locale\" content=\"de_DE\" \/>\n<meta property=\"og:type\" content=\"article\" \/>\n<meta property=\"og:title\" content=\"Untreue-Verdacht: Haftbefehl gegen NPD-Schatzmeister - St\u00f6rungsmelder\" \/>\n<meta property=\"og:description\" content=\"Gegen den festgenommenen Schatzmeister der rechtextremistischen NPD, Erwin Kemna, ist laut einem AP-Bericht Haftbefehl erlassen worden. Er soll von den Konten der Partei insgesamt 627.000 Euro abgezweigt und selbst verbraucht haben.\" \/>\n<meta property=\"og:url\" content=\"https:\/\/blog.zeit.de\/stoerungsmelder\/2008\/02\/07\/untreue-verdacht-haftbefehl-gegen-npd-schatzmeister_226\" \/>\n<meta property=\"og:site_name\" content=\"St\u00f6rungsmelder\" \/>\n<meta property=\"article:published_time\" content=\"2008-02-07T13:43:16+00:00\" \/>\n<meta name=\"author\" content=\"Patrick Gensing\" \/>\n<meta name=\"twitter:card\" content=\"summary_large_image\" \/>\n<meta name=\"twitter:label1\" content=\"Geschrieben von\" \/>\n\t<meta name=\"twitter:data1\" content=\"Patrick Gensing\" \/>\n\t<meta name=\"twitter:label2\" content=\"Gesch\u00e4tzte Lesezeit\" \/>\n\t<meta name=\"twitter:data2\" content=\"1\u00a0Minute\" \/>\n<script type=\"application\/ld+json\" class=\"yoast-schema-graph\">{\"@context\":\"https:\/\/schema.org\",\"@graph\":[{\"@type\":\"WebPage\",\"@id\":\"https:\/\/blog.zeit.de\/stoerungsmelder\/2008\/02\/07\/untreue-verdacht-haftbefehl-gegen-npd-schatzmeister_226\",\"url\":\"https:\/\/blog.zeit.de\/stoerungsmelder\/2008\/02\/07\/untreue-verdacht-haftbefehl-gegen-npd-schatzmeister_226\",\"name\":\"Untreue-Verdacht: Haftbefehl gegen NPD-Schatzmeister - St\u00f6rungsmelder\",\"isPartOf\":{\"@id\":\"https:\/\/blog.zeit.de\/stoerungsmelder\/#website\"},\"datePublished\":\"2008-02-07T13:43:16+00:00\",\"dateModified\":\"2008-02-07T13:43:16+00:00\",\"author\":{\"@id\":\"https:\/\/blog.zeit.de\/stoerungsmelder\/#\/schema\/person\/1898e9a6d47b4737da2c4fca74a10552\"},\"breadcrumb\":{\"@id\":\"https:\/\/blog.zeit.de\/stoerungsmelder\/2008\/02\/07\/untreue-verdacht-haftbefehl-gegen-npd-schatzmeister_226#breadcrumb\"},\"inLanguage\":\"de\",\"potentialAction\":[{\"@type\":\"ReadAction\",\"target\":[\"https:\/\/blog.zeit.de\/stoerungsmelder\/2008\/02\/07\/untreue-verdacht-haftbefehl-gegen-npd-schatzmeister_226\"]}]},{\"@type\":\"BreadcrumbList\",\"@id\":\"https:\/\/blog.zeit.de\/stoerungsmelder\/2008\/02\/07\/untreue-verdacht-haftbefehl-gegen-npd-schatzmeister_226#breadcrumb\",\"itemListElement\":[{\"@type\":\"ListItem\",\"position\":1,\"name\":\"Startseite\",\"item\":\"https:\/\/blog.zeit.de\/stoerungsmelder\"},{\"@type\":\"ListItem\",\"position\":2,\"name\":\"Untreue-Verdacht: Haftbefehl gegen NPD-Schatzmeister\"}]},{\"@type\":\"WebSite\",\"@id\":\"https:\/\/blog.zeit.de\/stoerungsmelder\/#website\",\"url\":\"https:\/\/blog.zeit.de\/stoerungsmelder\/\",\"name\":\"St\u00f6rungsmelder\",\"description\":\"Recherchen und Analysen \u00fcber die extreme Rechte\",\"potentialAction\":[{\"@type\":\"SearchAction\",\"target\":{\"@type\":\"EntryPoint\",\"urlTemplate\":\"https:\/\/blog.zeit.de\/stoerungsmelder\/?s={search_term_string}\"},\"query-input\":\"required name=search_term_string\"}],\"inLanguage\":\"de\"},{\"@type\":\"Person\",\"@id\":\"https:\/\/blog.zeit.de\/stoerungsmelder\/#\/schema\/person\/1898e9a6d47b4737da2c4fca74a10552\",\"name\":\"Patrick Gensing\",\"image\":{\"@type\":\"ImageObject\",\"inLanguage\":\"de\",\"@id\":\"https:\/\/blog.zeit.de\/stoerungsmelder\/#\/schema\/person\/image\/\",\"url\":\"https:\/\/secure.gravatar.com\/avatar\/a7a6fc628ed4dd7517525b944e2a8b13f64804f428d399d781f8dd0c4651643a?s=96&d=mm&r=pg\",\"contentUrl\":\"https:\/\/secure.gravatar.com\/avatar\/a7a6fc628ed4dd7517525b944e2a8b13f64804f428d399d781f8dd0c4651643a?s=96&d=mm&r=pg\",\"caption\":\"Patrick Gensing\"},\"description\":\"Journalist, Blogger, Buchautor - Patrick Gensing besch\u00e4ftigt sich seit seiner Jugend Ende der 1980er Jahre mit den Themen Neonazis, Rassismus und Antisemitismus. Seit rund zehn Jahren schreibt er als Journalist \u00fcber diese Themen, unter anderem bei tagesschau.de, bei Zeit-Online, in der taz - oder in dem Buch \\\"Terror von rechts\\\", das am 14. September 2012 erscheint.\",\"sameAs\":[\"http:\/\/publikative.org\"],\"url\":\"https:\/\/blog.zeit.de\/stoerungsmelder\/author\/patrick-gensing\"}]}<\/script>\n<!-- \/ Yoast SEO plugin. -->","yoast_head_json":{"title":"Untreue-Verdacht: Haftbefehl gegen NPD-Schatzmeister - St\u00f6rungsmelder","robots":{"index":"index","follow":"follow","max-snippet":"max-snippet:-1","max-image-preview":"max-image-preview:large","max-video-preview":"max-video-preview:-1"},"canonical":"https:\/\/blog.zeit.de\/stoerungsmelder\/2008\/02\/07\/untreue-verdacht-haftbefehl-gegen-npd-schatzmeister_226","og_locale":"de_DE","og_type":"article","og_title":"Untreue-Verdacht: Haftbefehl gegen NPD-Schatzmeister - St\u00f6rungsmelder","og_description":"Gegen den festgenommenen Schatzmeister der rechtextremistischen NPD, Erwin Kemna, ist laut einem AP-Bericht Haftbefehl erlassen worden. Er soll von den Konten der Partei insgesamt 627.000 Euro abgezweigt und selbst verbraucht haben.","og_url":"https:\/\/blog.zeit.de\/stoerungsmelder\/2008\/02\/07\/untreue-verdacht-haftbefehl-gegen-npd-schatzmeister_226","og_site_name":"St\u00f6rungsmelder","article_published_time":"2008-02-07T13:43:16+00:00","author":"Patrick Gensing","twitter_card":"summary_large_image","twitter_misc":{"Geschrieben von":"Patrick Gensing","Gesch\u00e4tzte Lesezeit":"1\u00a0Minute"},"schema":{"@context":"https:\/\/schema.org","@graph":[{"@type":"WebPage","@id":"https:\/\/blog.zeit.de\/stoerungsmelder\/2008\/02\/07\/untreue-verdacht-haftbefehl-gegen-npd-schatzmeister_226","url":"https:\/\/blog.zeit.de\/stoerungsmelder\/2008\/02\/07\/untreue-verdacht-haftbefehl-gegen-npd-schatzmeister_226","name":"Untreue-Verdacht: Haftbefehl gegen NPD-Schatzmeister - St\u00f6rungsmelder","isPartOf":{"@id":"https:\/\/blog.zeit.de\/stoerungsmelder\/#website"},"datePublished":"2008-02-07T13:43:16+00:00","dateModified":"2008-02-07T13:43:16+00:00","author":{"@id":"https:\/\/blog.zeit.de\/stoerungsmelder\/#\/schema\/person\/1898e9a6d47b4737da2c4fca74a10552"},"breadcrumb":{"@id":"https:\/\/blog.zeit.de\/stoerungsmelder\/2008\/02\/07\/untreue-verdacht-haftbefehl-gegen-npd-schatzmeister_226#breadcrumb"},"inLanguage":"de","potentialAction":[{"@type":"ReadAction","target":["https:\/\/blog.zeit.de\/stoerungsmelder\/2008\/02\/07\/untreue-verdacht-haftbefehl-gegen-npd-schatzmeister_226"]}]},{"@type":"BreadcrumbList","@id":"https:\/\/blog.zeit.de\/stoerungsmelder\/2008\/02\/07\/untreue-verdacht-haftbefehl-gegen-npd-schatzmeister_226#breadcrumb","itemListElement":[{"@type":"ListItem","position":1,"name":"Startseite","item":"https:\/\/blog.zeit.de\/stoerungsmelder"},{"@type":"ListItem","position":2,"name":"Untreue-Verdacht: Haftbefehl gegen NPD-Schatzmeister"}]},{"@type":"WebSite","@id":"https:\/\/blog.zeit.de\/stoerungsmelder\/#website","url":"https:\/\/blog.zeit.de\/stoerungsmelder\/","name":"St\u00f6rungsmelder","description":"Recherchen und Analysen \u00fcber die extreme Rechte","potentialAction":[{"@type":"SearchAction","target":{"@type":"EntryPoint","urlTemplate":"https:\/\/blog.zeit.de\/stoerungsmelder\/?s={search_term_string}"},"query-input":"required name=search_term_string"}],"inLanguage":"de"},{"@type":"Person","@id":"https:\/\/blog.zeit.de\/stoerungsmelder\/#\/schema\/person\/1898e9a6d47b4737da2c4fca74a10552","name":"Patrick Gensing","image":{"@type":"ImageObject","inLanguage":"de","@id":"https:\/\/blog.zeit.de\/stoerungsmelder\/#\/schema\/person\/image\/","url":"https:\/\/secure.gravatar.com\/avatar\/a7a6fc628ed4dd7517525b944e2a8b13f64804f428d399d781f8dd0c4651643a?s=96&d=mm&r=pg","contentUrl":"https:\/\/secure.gravatar.com\/avatar\/a7a6fc628ed4dd7517525b944e2a8b13f64804f428d399d781f8dd0c4651643a?s=96&d=mm&r=pg","caption":"Patrick Gensing"},"description":"Journalist, Blogger, Buchautor - Patrick Gensing besch\u00e4ftigt sich seit seiner Jugend Ende der 1980er Jahre mit den Themen Neonazis, Rassismus und Antisemitismus. Seit rund zehn Jahren schreibt er als Journalist \u00fcber diese Themen, unter anderem bei tagesschau.de, bei Zeit-Online, in der taz - oder in dem Buch \"Terror von rechts\", das am 14. September 2012 erscheint.","sameAs":["http:\/\/publikative.org"],"url":"https:\/\/blog.zeit.de\/stoerungsmelder\/author\/patrick-gensing"}]}},"jetpack_featured_media_url":"","jetpack_sharing_enabled":true,"_links":{"self":[{"href":"https:\/\/blog.zeit.de\/stoerungsmelder\/wp-json\/wp\/v2\/posts\/226","targetHints":{"allow":["GET"]}}],"collection":[{"href":"https:\/\/blog.zeit.de\/stoerungsmelder\/wp-json\/wp\/v2\/posts"}],"about":[{"href":"https:\/\/blog.zeit.de\/stoerungsmelder\/wp-json\/wp\/v2\/types\/post"}],"author":[{"embeddable":true,"href":"https:\/\/blog.zeit.de\/stoerungsmelder\/wp-json\/wp\/v2\/users\/227"}],"replies":[{"embeddable":true,"href":"https:\/\/blog.zeit.de\/stoerungsmelder\/wp-json\/wp\/v2\/comments?post=226"}],"version-history":[{"count":0,"href":"https:\/\/blog.zeit.de\/stoerungsmelder\/wp-json\/wp\/v2\/posts\/226\/revisions"}],"wp:attachment":[{"href":"https:\/\/blog.zeit.de\/stoerungsmelder\/wp-json\/wp\/v2\/media?parent=226"}],"wp:term":[{"taxonomy":"category","embeddable":true,"href":"https:\/\/blog.zeit.de\/stoerungsmelder\/wp-json\/wp\/v2\/categories?post=226"},{"taxonomy":"post_tag","embeddable":true,"href":"https:\/\/blog.zeit.de\/stoerungsmelder\/wp-json\/wp\/v2\/tags?post=226"}],"curies":[{"name":"wp","href":"https:\/\/api.w.org\/{rel}","templated":true}]}}