{"id":22647,"date":"2016-11-09T10:15:47","date_gmt":"2016-11-09T09:15:47","guid":{"rendered":"http:\/\/blog.zeit.de\/stoerungsmelder\/?p=22647"},"modified":"2016-11-09T13:45:00","modified_gmt":"2016-11-09T12:45:00","slug":"dorstfelder-neonazis-und-ihr-demonstrationsmarathon","status":"publish","type":"post","link":"https:\/\/blog.zeit.de\/stoerungsmelder\/2016\/11\/09\/dorstfelder-neonazis-und-ihr-demonstrationsmarathon_22647","title":{"rendered":"Rechtsextremer Demonstrationsmarathon in Dortmund"},"content":{"rendered":"<p><figure id=\"attachment_21818\" aria-describedby=\"caption-attachment-21818\" style=\"width: 620px\" class=\"wp-caption aligncenter\"><img loading=\"lazy\" decoding=\"async\" class=\"size-medium wp-image-21818\" src=\"https:\/\/blog.zeit.de\/stoerungsmelder\/files\/2016\/06\/TddZ_Dortmund_20160604_4401-\u00a9-Christian-Martischius-620x414.jpg\" alt=\"Fronttransparent des Naziaufmarsches | \u00a9 Christian Martischius\" width=\"620\" height=\"414\" \/><figcaption id=\"caption-attachment-21818\" class=\"wp-caption-text\">Fronttransparent eines Naziaufmarsches in Dortmund \u00a9 Christian Martischius<\/figcaption><\/figure><\/p>\n<p>Es wird ein anstrengender Winter f\u00fcr Nazigegner und Polizisten in Dortmund. Die Partei &#8222;Die Rechte&#8220; hat vier station\u00e4re Versammlungen mit zehn Teilnehmern und f\u00fcnf Aufz\u00fcge im Bereich Dortmund-Dorstfeld mit jeweils rund 100 Teilnehmern bei der Polizei Dortmund angemeldet. Eine Reaktion auf den zunehmenden Druck von Zivilgesellschaft und Sicherheitsbeh\u00f6rden.<\/p>\n<p><!--more--><\/p>\n<p>An Weihnachten und acht weiteren Tagen wollen die Rechtsextremen in Dortmund-Dorstfeld demonstrieren, um Werbung f\u00fcr &#8222;Die Rechte&#8220; zu machen. &#8222;Jeder hat nach unserem Grundgesetz das Recht, zu demonstrieren, wo und wann er will. Das gilt auch f\u00fcr verfassungsfeindliche Rechtsextremisten, weil wir uns unsere wichtigen Freiheitsrechte auch durch extremistische Provokationen nicht kaputt machen lassen&#8220;, sagte der Dortmunder Polizeipr\u00e4sident Gregor Lange zur Anmeldung des Versammlungsmarathons.<\/p>\n<p>Laut Pressemeldung ist die Massenanmeldung eine Reaktion auf die &#8211; bereits im September eingef\u00fchrte &#8211; dauerhafte Polizeipr\u00e4senz am Dortmund Dorstfelder Wilhelmplatz.<\/p>\n<p>Am vergangenen Donnerstag (3.11.) fand bereits die erste station\u00e4re Versammlung an der Haltestelle &#8222;Wittener Stra\u00dfe&#8220; statt. Vor Ort acht Neonazis welche mit Flyern f\u00fcr die Nazi-Partei reichlich Werbung machten. Neben <a href=\"https:\/\/naziouting.noblogs.org\/?page_id=24\">Michael Br\u00fcck<\/a> war auch der <a href=\"https:\/\/web.facebook.com\/people\/Klaus-Juergen-Schaefer\/100007609246172?fref=nf\">Ex-Feuerwehrchef Klaus Sch\u00e4fer<\/a> mit Alexander Deptolla (u.a. Beteiligung am <a href=\"https:\/\/blog.zeit.de\/stoerungsmelder\/2014\/05\/26\/neonazis-ueberfallen-wahlparty-im-dortmunder-rathaus_16406\">\u00dcberfall der Wahlparty im Dortmunder Rathaus, 2014<\/a>)\u00a0bei der angemeldeten Versammlung.<\/p>\n<p><figure id=\"attachment_21816\" aria-describedby=\"caption-attachment-21816\" style=\"width: 620px\" class=\"wp-caption aligncenter\"><img loading=\"lazy\" decoding=\"async\" class=\"size-medium wp-image-21816\" src=\"https:\/\/blog.zeit.de\/stoerungsmelder\/files\/2016\/06\/TddZ_Dortmund_20160604_4237-\u00a9-Christian-Martischius-620x414.jpg\" alt=\"Fast 5.000 Polizeibeamte aus dem ganzen Bundesgebiet sicherten den Naziaufmarsch und die umliegenden Bahnh\u00f6fe | \u00a9 Christian Martischius\" width=\"620\" height=\"414\" \/><figcaption id=\"caption-attachment-21816\" class=\"wp-caption-text\">Regelm\u00e4\u00dfig gibt es gr\u00f6\u00dfere Aufm\u00e4rsche der Szene in Dortmund \u00a9 Christian Martischius<\/figcaption><\/figure><\/p>\n","protected":false},"excerpt":{"rendered":"<p>Es wird ein anstrengender Winter f\u00fcr Nazigegner und Polizisten in Dortmund. Die Partei &#8222;Die Rechte&#8220; hat vier station\u00e4re Versammlungen mit zehn Teilnehmern und f\u00fcnf Aufz\u00fcge im Bereich Dortmund-Dorstfeld mit jeweils rund 100 Teilnehmern bei der Polizei Dortmund angemeldet. Eine Reaktion auf den zunehmenden Druck von Zivilgesellschaft und Sicherheitsbeh\u00f6rden.<\/p>\n","protected":false},"author":671,"featured_media":22648,"comment_status":"open","ping_status":"open","sticky":false,"template":"","format":"standard","meta":{"_jetpack_memberships_contains_paid_content":false,"footnotes":""},"categories":[1291],"tags":[],"class_list":["post-22647","post","type-post","status-publish","format-standard","has-post-thumbnail","hentry","category-nordrhein-westfalen"],"yoast_head":"<!-- This site is optimized with the Yoast SEO plugin v21.0 - https:\/\/yoast.com\/wordpress\/plugins\/seo\/ -->\n<title>Rechtsextremer Demonstrationsmarathon in Dortmund - St\u00f6rungsmelder<\/title>\n<meta name=\"description\" content=\"Die Dortmunder Neonazis der Partei &quot;DIE RECHTE&quot; mit der Oberhand Michael Br\u00fcck haben bereits am 28.10. neun Versammlungen bei der Polizei Dortmund angemeldet.\" \/>\n<meta name=\"robots\" content=\"index, follow, max-snippet:-1, max-image-preview:large, max-video-preview:-1\" \/>\n<link rel=\"canonical\" href=\"https:\/\/blog.zeit.de\/stoerungsmelder\/2016\/11\/09\/dorstfelder-neonazis-und-ihr-demonstrationsmarathon_22647\" \/>\n<meta property=\"og:locale\" content=\"de_DE\" \/>\n<meta property=\"og:type\" content=\"article\" \/>\n<meta property=\"og:title\" content=\"Rechtsextremer Demonstrationsmarathon in Dortmund - St\u00f6rungsmelder\" \/>\n<meta property=\"og:description\" content=\"Die Dortmunder Neonazis der Partei &quot;DIE RECHTE&quot; mit der Oberhand Michael Br\u00fcck haben bereits am 28.10. neun Versammlungen bei der Polizei Dortmund angemeldet.\" \/>\n<meta property=\"og:url\" content=\"https:\/\/blog.zeit.de\/stoerungsmelder\/2016\/11\/09\/dorstfelder-neonazis-und-ihr-demonstrationsmarathon_22647\" \/>\n<meta property=\"og:site_name\" content=\"St\u00f6rungsmelder\" \/>\n<meta property=\"article:published_time\" content=\"2016-11-09T09:15:47+00:00\" \/>\n<meta property=\"article:modified_time\" content=\"2016-11-09T12:45:00+00:00\" \/>\n<meta property=\"og:image\" content=\"https:\/\/blog.zeit.de\/stoerungsmelder\/files\/2016\/11\/Die-Rechte-Dortmund-03.11.2016.jpg\" \/>\n\t<meta property=\"og:image:width\" content=\"1920\" \/>\n\t<meta property=\"og:image:height\" content=\"1080\" \/>\n\t<meta property=\"og:image:type\" content=\"image\/jpeg\" \/>\n<meta name=\"author\" content=\"Thomas Meyer\" \/>\n<meta name=\"twitter:card\" content=\"summary_large_image\" \/>\n<meta name=\"twitter:creator\" content=\"@stb_meyer\" \/>\n<meta name=\"twitter:label1\" content=\"Geschrieben von\" \/>\n\t<meta name=\"twitter:data1\" content=\"Thomas Meyer\" \/>\n\t<meta name=\"twitter:label2\" content=\"Gesch\u00e4tzte Lesezeit\" \/>\n\t<meta name=\"twitter:data2\" content=\"1\u00a0Minute\" \/>\n<script type=\"application\/ld+json\" class=\"yoast-schema-graph\">{\"@context\":\"https:\/\/schema.org\",\"@graph\":[{\"@type\":\"WebPage\",\"@id\":\"https:\/\/blog.zeit.de\/stoerungsmelder\/2016\/11\/09\/dorstfelder-neonazis-und-ihr-demonstrationsmarathon_22647\",\"url\":\"https:\/\/blog.zeit.de\/stoerungsmelder\/2016\/11\/09\/dorstfelder-neonazis-und-ihr-demonstrationsmarathon_22647\",\"name\":\"Rechtsextremer Demonstrationsmarathon in Dortmund - St\u00f6rungsmelder\",\"isPartOf\":{\"@id\":\"https:\/\/blog.zeit.de\/stoerungsmelder\/#website\"},\"datePublished\":\"2016-11-09T09:15:47+00:00\",\"dateModified\":\"2016-11-09T12:45:00+00:00\",\"author\":{\"@id\":\"https:\/\/blog.zeit.de\/stoerungsmelder\/#\/schema\/person\/520e03c5c219868f7eaa90c030118c84\"},\"description\":\"Die Dortmunder Neonazis der Partei \\\"DIE RECHTE\\\" mit der Oberhand Michael Br\u00fcck haben bereits am 28.10. neun Versammlungen bei der Polizei Dortmund angemeldet.\",\"breadcrumb\":{\"@id\":\"https:\/\/blog.zeit.de\/stoerungsmelder\/2016\/11\/09\/dorstfelder-neonazis-und-ihr-demonstrationsmarathon_22647#breadcrumb\"},\"inLanguage\":\"de\",\"potentialAction\":[{\"@type\":\"ReadAction\",\"target\":[\"https:\/\/blog.zeit.de\/stoerungsmelder\/2016\/11\/09\/dorstfelder-neonazis-und-ihr-demonstrationsmarathon_22647\"]}]},{\"@type\":\"BreadcrumbList\",\"@id\":\"https:\/\/blog.zeit.de\/stoerungsmelder\/2016\/11\/09\/dorstfelder-neonazis-und-ihr-demonstrationsmarathon_22647#breadcrumb\",\"itemListElement\":[{\"@type\":\"ListItem\",\"position\":1,\"name\":\"Startseite\",\"item\":\"https:\/\/blog.zeit.de\/stoerungsmelder\"},{\"@type\":\"ListItem\",\"position\":2,\"name\":\"Rechtsextremer Demonstrationsmarathon in Dortmund\"}]},{\"@type\":\"WebSite\",\"@id\":\"https:\/\/blog.zeit.de\/stoerungsmelder\/#website\",\"url\":\"https:\/\/blog.zeit.de\/stoerungsmelder\/\",\"name\":\"St\u00f6rungsmelder\",\"description\":\"Recherchen und Analysen \u00fcber die extreme Rechte\",\"potentialAction\":[{\"@type\":\"SearchAction\",\"target\":{\"@type\":\"EntryPoint\",\"urlTemplate\":\"https:\/\/blog.zeit.de\/stoerungsmelder\/?s={search_term_string}\"},\"query-input\":\"required name=search_term_string\"}],\"inLanguage\":\"de\"},{\"@type\":\"Person\",\"@id\":\"https:\/\/blog.zeit.de\/stoerungsmelder\/#\/schema\/person\/520e03c5c219868f7eaa90c030118c84\",\"name\":\"Thomas Meyer\",\"image\":{\"@type\":\"ImageObject\",\"inLanguage\":\"de\",\"@id\":\"https:\/\/blog.zeit.de\/stoerungsmelder\/#\/schema\/person\/image\/\",\"url\":\"https:\/\/secure.gravatar.com\/avatar\/6d18ba85d797ee8c6899b1d993b690dc43a7f910d8f6a5d26bfc0d79e42d1698?s=96&d=mm&r=pg\",\"contentUrl\":\"https:\/\/secure.gravatar.com\/avatar\/6d18ba85d797ee8c6899b1d993b690dc43a7f910d8f6a5d26bfc0d79e42d1698?s=96&d=mm&r=pg\",\"caption\":\"Thomas Meyer\"},\"sameAs\":[\"https:\/\/twitter.com\/stb_meyer\"],\"url\":\"https:\/\/blog.zeit.de\/stoerungsmelder\/author\/thomasmeyer\"}]}<\/script>\n<!-- \/ Yoast SEO plugin. -->","yoast_head_json":{"title":"Rechtsextremer Demonstrationsmarathon in Dortmund - St\u00f6rungsmelder","description":"Die Dortmunder Neonazis der Partei \"DIE RECHTE\" mit der Oberhand Michael Br\u00fcck haben bereits am 28.10. neun Versammlungen bei der Polizei Dortmund angemeldet.","robots":{"index":"index","follow":"follow","max-snippet":"max-snippet:-1","max-image-preview":"max-image-preview:large","max-video-preview":"max-video-preview:-1"},"canonical":"https:\/\/blog.zeit.de\/stoerungsmelder\/2016\/11\/09\/dorstfelder-neonazis-und-ihr-demonstrationsmarathon_22647","og_locale":"de_DE","og_type":"article","og_title":"Rechtsextremer Demonstrationsmarathon in Dortmund - St\u00f6rungsmelder","og_description":"Die Dortmunder Neonazis der Partei \"DIE RECHTE\" mit der Oberhand Michael Br\u00fcck haben bereits am 28.10. neun Versammlungen bei der Polizei Dortmund angemeldet.","og_url":"https:\/\/blog.zeit.de\/stoerungsmelder\/2016\/11\/09\/dorstfelder-neonazis-und-ihr-demonstrationsmarathon_22647","og_site_name":"St\u00f6rungsmelder","article_published_time":"2016-11-09T09:15:47+00:00","article_modified_time":"2016-11-09T12:45:00+00:00","og_image":[{"width":1920,"height":1080,"url":"https:\/\/blog.zeit.de\/stoerungsmelder\/files\/2016\/11\/Die-Rechte-Dortmund-03.11.2016.jpg","type":"image\/jpeg"}],"author":"Thomas Meyer","twitter_card":"summary_large_image","twitter_creator":"@stb_meyer","twitter_misc":{"Geschrieben von":"Thomas Meyer","Gesch\u00e4tzte Lesezeit":"1\u00a0Minute"},"schema":{"@context":"https:\/\/schema.org","@graph":[{"@type":"WebPage","@id":"https:\/\/blog.zeit.de\/stoerungsmelder\/2016\/11\/09\/dorstfelder-neonazis-und-ihr-demonstrationsmarathon_22647","url":"https:\/\/blog.zeit.de\/stoerungsmelder\/2016\/11\/09\/dorstfelder-neonazis-und-ihr-demonstrationsmarathon_22647","name":"Rechtsextremer Demonstrationsmarathon in Dortmund - St\u00f6rungsmelder","isPartOf":{"@id":"https:\/\/blog.zeit.de\/stoerungsmelder\/#website"},"datePublished":"2016-11-09T09:15:47+00:00","dateModified":"2016-11-09T12:45:00+00:00","author":{"@id":"https:\/\/blog.zeit.de\/stoerungsmelder\/#\/schema\/person\/520e03c5c219868f7eaa90c030118c84"},"description":"Die Dortmunder Neonazis der Partei \"DIE RECHTE\" mit der Oberhand Michael Br\u00fcck haben bereits am 28.10. neun Versammlungen bei der Polizei Dortmund angemeldet.","breadcrumb":{"@id":"https:\/\/blog.zeit.de\/stoerungsmelder\/2016\/11\/09\/dorstfelder-neonazis-und-ihr-demonstrationsmarathon_22647#breadcrumb"},"inLanguage":"de","potentialAction":[{"@type":"ReadAction","target":["https:\/\/blog.zeit.de\/stoerungsmelder\/2016\/11\/09\/dorstfelder-neonazis-und-ihr-demonstrationsmarathon_22647"]}]},{"@type":"BreadcrumbList","@id":"https:\/\/blog.zeit.de\/stoerungsmelder\/2016\/11\/09\/dorstfelder-neonazis-und-ihr-demonstrationsmarathon_22647#breadcrumb","itemListElement":[{"@type":"ListItem","position":1,"name":"Startseite","item":"https:\/\/blog.zeit.de\/stoerungsmelder"},{"@type":"ListItem","position":2,"name":"Rechtsextremer Demonstrationsmarathon in Dortmund"}]},{"@type":"WebSite","@id":"https:\/\/blog.zeit.de\/stoerungsmelder\/#website","url":"https:\/\/blog.zeit.de\/stoerungsmelder\/","name":"St\u00f6rungsmelder","description":"Recherchen und Analysen \u00fcber die extreme Rechte","potentialAction":[{"@type":"SearchAction","target":{"@type":"EntryPoint","urlTemplate":"https:\/\/blog.zeit.de\/stoerungsmelder\/?s={search_term_string}"},"query-input":"required name=search_term_string"}],"inLanguage":"de"},{"@type":"Person","@id":"https:\/\/blog.zeit.de\/stoerungsmelder\/#\/schema\/person\/520e03c5c219868f7eaa90c030118c84","name":"Thomas Meyer","image":{"@type":"ImageObject","inLanguage":"de","@id":"https:\/\/blog.zeit.de\/stoerungsmelder\/#\/schema\/person\/image\/","url":"https:\/\/secure.gravatar.com\/avatar\/6d18ba85d797ee8c6899b1d993b690dc43a7f910d8f6a5d26bfc0d79e42d1698?s=96&d=mm&r=pg","contentUrl":"https:\/\/secure.gravatar.com\/avatar\/6d18ba85d797ee8c6899b1d993b690dc43a7f910d8f6a5d26bfc0d79e42d1698?s=96&d=mm&r=pg","caption":"Thomas Meyer"},"sameAs":["https:\/\/twitter.com\/stb_meyer"],"url":"https:\/\/blog.zeit.de\/stoerungsmelder\/author\/thomasmeyer"}]}},"jetpack_featured_media_url":"https:\/\/blog.zeit.de\/stoerungsmelder\/files\/2016\/11\/Die-Rechte-Dortmund-03.11.2016.jpg","jetpack_sharing_enabled":true,"_links":{"self":[{"href":"https:\/\/blog.zeit.de\/stoerungsmelder\/wp-json\/wp\/v2\/posts\/22647","targetHints":{"allow":["GET"]}}],"collection":[{"href":"https:\/\/blog.zeit.de\/stoerungsmelder\/wp-json\/wp\/v2\/posts"}],"about":[{"href":"https:\/\/blog.zeit.de\/stoerungsmelder\/wp-json\/wp\/v2\/types\/post"}],"author":[{"embeddable":true,"href":"https:\/\/blog.zeit.de\/stoerungsmelder\/wp-json\/wp\/v2\/users\/671"}],"replies":[{"embeddable":true,"href":"https:\/\/blog.zeit.de\/stoerungsmelder\/wp-json\/wp\/v2\/comments?post=22647"}],"version-history":[{"count":24,"href":"https:\/\/blog.zeit.de\/stoerungsmelder\/wp-json\/wp\/v2\/posts\/22647\/revisions"}],"predecessor-version":[{"id":22673,"href":"https:\/\/blog.zeit.de\/stoerungsmelder\/wp-json\/wp\/v2\/posts\/22647\/revisions\/22673"}],"wp:featuredmedia":[{"embeddable":true,"href":"https:\/\/blog.zeit.de\/stoerungsmelder\/wp-json\/wp\/v2\/media\/22648"}],"wp:attachment":[{"href":"https:\/\/blog.zeit.de\/stoerungsmelder\/wp-json\/wp\/v2\/media?parent=22647"}],"wp:term":[{"taxonomy":"category","embeddable":true,"href":"https:\/\/blog.zeit.de\/stoerungsmelder\/wp-json\/wp\/v2\/categories?post=22647"},{"taxonomy":"post_tag","embeddable":true,"href":"https:\/\/blog.zeit.de\/stoerungsmelder\/wp-json\/wp\/v2\/tags?post=22647"}],"curies":[{"name":"wp","href":"https:\/\/api.w.org\/{rel}","templated":true}]}}