{"id":228,"date":"2008-02-10T20:22:03","date_gmt":"2008-02-10T19:22:03","guid":{"rendered":"http:\/\/blog.zeit.de\/stoerungsmelder\/2008\/02\/10\/npd-chef-voigt-steht-zu-seinem-inhaftierten-schatzmeister_228"},"modified":"2008-02-10T20:22:03","modified_gmt":"2008-02-10T19:22:03","slug":"npd-chef-voigt-steht-zu-seinem-inhaftierten-schatzmeister","status":"publish","type":"post","link":"https:\/\/blog.zeit.de\/stoerungsmelder\/2008\/02\/10\/npd-chef-voigt-steht-zu-seinem-inhaftierten-schatzmeister_228","title":{"rendered":"NPD-Chef Voigt steht zu seinem inhaftierten Schatzmeister"},"content":{"rendered":"<p>NPD-Chef Udo Voigt hat sich in einer Pressemitteilung erneut vor den inhaftierten Parteischatzmeister Erwin Kemna gestellt und die Vorw\u00fcrfe gegen ihn zur\u00fcckgewiesen. &#8222;Erwin Kemna hat Ein- und Auszahlungen eigene und fremde Darlehen bewegt und die Darlehensgeber namentlich vor m\u00f6glichen Verfolgungen sch\u00fctzen wollen. Dies ist sicher nicht ungew\u00f6hnlich, wenn man bedenkt, da\u00df keine Bank der NPD Kredite einr\u00e4umt. Voigt bezeichnete es als v\u00f6llig unverst\u00e4ndlich, warum Kemna nicht umgehend auf freiem Fu\u00df gesetzt wurde [&#8230;].&#8220; Etwas unverst\u00e4ndlich erscheint <!--more-->es, dass Voigt offenbar folgendes ignoriert: Nach Angaben der Ermittler gab es keine entsprechenden Einzahlungen auf die NPD-Konten, nur Auszahlungen. Wurden diese angeblichen Darlehen also m\u00f6glicherweise in schwarzen Kassen verwaltet, von denen neben Kemna auch andere Parteispitzen wussten?<\/p>\n<p>Auch in der Nazi-Szene sorgt die R\u00fcckendeckung f\u00fcr Kemna offenbar f\u00fcr heftiges Kopfsch\u00fctteln, soll dieser doch immerhin 627.000 Euro veruntreut haben. Warum Voigt nicht zumindest die Ergebnisse der Ermittlungen abwarte, fragt ein Schreiber in einem bekannten Nazi-Forum. Tats\u00e4chlich hatte der Parteichef in einer ersten Stellungnahme auch angek\u00fcndigt, der Parteivorstand werde &#8222;sich mit den Vorw\u00fcrfen befassen und die n\u00f6tigen Ma\u00dfnahmen ergreifen, um zu einer umfassenden Aufkl\u00e4rung aller im Raum stehenden Vorw\u00fcrfe zu kommen.\u201c<\/p>\n<p>Christian Worch (zumindest wird unter diesem Namen geschrieben, aber Form und Inhalt lassen vermuten, dass es sich tats\u00e4chlich um den Hamburger Nazi-F\u00fchrer handelt) meint in dem oben bereits erw\u00e4hnten Nazi-Forum zu dem &#8222;Persilschein&#8220;, den Voigt f\u00fcr Kemna nun ausgestellt hat:<\/p>\n<p>&#8222;Erwin Kemna unter diesen Umst\u00e4nden freisprechen zu wollen, ist politisch ein wenig gef\u00e4hrlich, wenn sich sp\u00e4ter &#8211; was sehr wahrscheinlich ist &#8211; seine Schuld beweist. Dann setzt man sich n\u00e4mlich dem Verdacht eingeschr\u00e4nkten Wahrnehmungsverm\u00f6gens aus. Wenn ein anonymer Nutzer das tut, ist es nicht weiter schlimm. Schlimmstenfalls \u00e4ndert er einfach seinen nick-namen und tut so, als h\u00e4tte er vorher nie was zu dem Thema geschrieben. Das geht alles in der Wunderwelt der Virtualit\u00e4t. Die NPD aber ist keine virtuelle, sondern eine reale Erscheinung. Obwohl es nat\u00fcrlich auch ihr freist\u00fcnde, den Namen zu \u00e4ndern, wenn dieser zu sehr belastet ist\u2026&#8220; Und weiter: &#8222;Bei Udo Voigt ist verst\u00e4ndlich, da\u00df er sich gen\u00f6tigt sieht, einen solchen \u201cPersilschein\u201d auszustellen. Denn wenn Kemna schuldig ist, w\u00e4ren wohl personelle Konsequenzen n\u00f6tig. Und das eher auf der Ebene des Vorsitzenden als auf einer niedrigeren Ebene.&#8220;<\/p>\n<p>Generalsekret\u00e4r Peter Marx schr\u00e4nkte im Gegensatz zu dem NPD-Chef gegen\u00fcber der Zeitung &#8222;<a href=\"http:\/\/www.welt.de\/welt_print\/article1651661\/Der_Mann_der_die_NPD_in_den_Abgrund_reisst.html\">Die Welt<\/a>&#8220; denn auch ein: &#8222;Wenn die Staatsanw\u00e4lte so schwere Gesch\u00fctze auffahren, nehme ich an, dass sie irgendwelche Beweise haben.&#8220; Allerdings \u00e4u\u00dferte er sich sonst &#8222;\u00e4hnlich&#8220; wie Voigt, schreibt das Blatt.<\/p>\n<p><strong>Spendenaff\u00e4re noch nicht vorbei<\/strong><br \/>\n<img loading=\"lazy\" decoding=\"async\" src=\"http:\/\/vg09.met.vgwort.de\/na\/d6b5a1ea0f0a4ddc63bb16778a05ba\" height=\"1\" width=\"1\" \/><br \/>\n\u00dcbrigens ist auch die <a href=\"http:\/\/npd-blog.info\/index.php?s=spendenaff%C3%A4re\">Spendenaff\u00e4re der rechtsextremen Partei<\/a> noch nicht ausgestanden. Auf Anfrage teilte die Bundestagsverwaltung mit, Rechenschaftsberichte und Stellungnahmen der NPD w\u00fcrden noch gepr\u00fcft. Und Schatzmeister Kemna &#8211; in dessen Amtszeit auch schon die Spendenaff\u00e4re fiel &#8211; wird durch die aktuellen Anschuldigungen nicht unbedingt glaubw\u00fcrdiger als oberster Finanzverwalter.<\/p>\n","protected":false},"excerpt":{"rendered":"<p>NPD-Chef Udo Voigt hat sich in einer Pressemitteilung erneut vor den inhaftierten Parteischatzmeister Erwin Kemna gestellt und die Vorw\u00fcrfe gegen ihn zur\u00fcckgewiesen. &#8222;Erwin Kemna hat Ein- und Auszahlungen eigene und fremde Darlehen bewegt und die Darlehensgeber namentlich vor m\u00f6glichen Verfolgungen sch\u00fctzen wollen. Dies ist sicher nicht ungew\u00f6hnlich, wenn man bedenkt, da\u00df keine Bank der NPD [&hellip;]<\/p>\n","protected":false},"author":227,"featured_media":0,"comment_status":"open","ping_status":"open","sticky":false,"template":"","format":"standard","meta":{"_jetpack_memberships_contains_paid_content":false,"footnotes":""},"categories":[1515],"tags":[1638,1716],"class_list":["post-228","post","type-post","status-publish","format-standard","hentry","category-bundesweit","tag-justiz","tag-npd"],"yoast_head":"<!-- This site is optimized with the Yoast SEO plugin v21.0 - https:\/\/yoast.com\/wordpress\/plugins\/seo\/ -->\n<title>NPD-Chef Voigt steht zu seinem inhaftierten Schatzmeister - St\u00f6rungsmelder<\/title>\n<meta name=\"robots\" content=\"index, follow, max-snippet:-1, max-image-preview:large, max-video-preview:-1\" \/>\n<link rel=\"canonical\" href=\"https:\/\/blog.zeit.de\/stoerungsmelder\/2008\/02\/10\/npd-chef-voigt-steht-zu-seinem-inhaftierten-schatzmeister_228\" \/>\n<meta property=\"og:locale\" content=\"de_DE\" \/>\n<meta property=\"og:type\" content=\"article\" \/>\n<meta property=\"og:title\" content=\"NPD-Chef Voigt steht zu seinem inhaftierten Schatzmeister - St\u00f6rungsmelder\" \/>\n<meta property=\"og:description\" content=\"NPD-Chef Udo Voigt hat sich in einer Pressemitteilung erneut vor den inhaftierten Parteischatzmeister Erwin Kemna gestellt und die Vorw\u00fcrfe gegen ihn zur\u00fcckgewiesen. &#8222;Erwin Kemna hat Ein- und Auszahlungen eigene und fremde Darlehen bewegt und die Darlehensgeber namentlich vor m\u00f6glichen Verfolgungen sch\u00fctzen wollen. Dies ist sicher nicht ungew\u00f6hnlich, wenn man bedenkt, da\u00df keine Bank der NPD [&hellip;]\" \/>\n<meta property=\"og:url\" content=\"https:\/\/blog.zeit.de\/stoerungsmelder\/2008\/02\/10\/npd-chef-voigt-steht-zu-seinem-inhaftierten-schatzmeister_228\" \/>\n<meta property=\"og:site_name\" content=\"St\u00f6rungsmelder\" \/>\n<meta property=\"article:published_time\" content=\"2008-02-10T19:22:03+00:00\" \/>\n<meta property=\"og:image\" content=\"http:\/\/vg09.met.vgwort.de\/na\/d6b5a1ea0f0a4ddc63bb16778a05ba\" \/>\n<meta name=\"author\" content=\"Patrick Gensing\" \/>\n<meta name=\"twitter:card\" content=\"summary_large_image\" \/>\n<meta name=\"twitter:label1\" content=\"Geschrieben von\" \/>\n\t<meta name=\"twitter:data1\" content=\"Patrick Gensing\" \/>\n\t<meta name=\"twitter:label2\" content=\"Gesch\u00e4tzte Lesezeit\" \/>\n\t<meta name=\"twitter:data2\" content=\"3\u00a0Minuten\" \/>\n<script type=\"application\/ld+json\" class=\"yoast-schema-graph\">{\"@context\":\"https:\/\/schema.org\",\"@graph\":[{\"@type\":\"WebPage\",\"@id\":\"https:\/\/blog.zeit.de\/stoerungsmelder\/2008\/02\/10\/npd-chef-voigt-steht-zu-seinem-inhaftierten-schatzmeister_228\",\"url\":\"https:\/\/blog.zeit.de\/stoerungsmelder\/2008\/02\/10\/npd-chef-voigt-steht-zu-seinem-inhaftierten-schatzmeister_228\",\"name\":\"NPD-Chef Voigt steht zu seinem inhaftierten Schatzmeister - St\u00f6rungsmelder\",\"isPartOf\":{\"@id\":\"https:\/\/blog.zeit.de\/stoerungsmelder\/#website\"},\"datePublished\":\"2008-02-10T19:22:03+00:00\",\"dateModified\":\"2008-02-10T19:22:03+00:00\",\"author\":{\"@id\":\"https:\/\/blog.zeit.de\/stoerungsmelder\/#\/schema\/person\/1898e9a6d47b4737da2c4fca74a10552\"},\"breadcrumb\":{\"@id\":\"https:\/\/blog.zeit.de\/stoerungsmelder\/2008\/02\/10\/npd-chef-voigt-steht-zu-seinem-inhaftierten-schatzmeister_228#breadcrumb\"},\"inLanguage\":\"de\",\"potentialAction\":[{\"@type\":\"ReadAction\",\"target\":[\"https:\/\/blog.zeit.de\/stoerungsmelder\/2008\/02\/10\/npd-chef-voigt-steht-zu-seinem-inhaftierten-schatzmeister_228\"]}]},{\"@type\":\"BreadcrumbList\",\"@id\":\"https:\/\/blog.zeit.de\/stoerungsmelder\/2008\/02\/10\/npd-chef-voigt-steht-zu-seinem-inhaftierten-schatzmeister_228#breadcrumb\",\"itemListElement\":[{\"@type\":\"ListItem\",\"position\":1,\"name\":\"Startseite\",\"item\":\"https:\/\/blog.zeit.de\/stoerungsmelder\"},{\"@type\":\"ListItem\",\"position\":2,\"name\":\"NPD-Chef Voigt steht zu seinem inhaftierten Schatzmeister\"}]},{\"@type\":\"WebSite\",\"@id\":\"https:\/\/blog.zeit.de\/stoerungsmelder\/#website\",\"url\":\"https:\/\/blog.zeit.de\/stoerungsmelder\/\",\"name\":\"St\u00f6rungsmelder\",\"description\":\"Recherchen und Analysen \u00fcber die extreme Rechte\",\"potentialAction\":[{\"@type\":\"SearchAction\",\"target\":{\"@type\":\"EntryPoint\",\"urlTemplate\":\"https:\/\/blog.zeit.de\/stoerungsmelder\/?s={search_term_string}\"},\"query-input\":\"required name=search_term_string\"}],\"inLanguage\":\"de\"},{\"@type\":\"Person\",\"@id\":\"https:\/\/blog.zeit.de\/stoerungsmelder\/#\/schema\/person\/1898e9a6d47b4737da2c4fca74a10552\",\"name\":\"Patrick Gensing\",\"image\":{\"@type\":\"ImageObject\",\"inLanguage\":\"de\",\"@id\":\"https:\/\/blog.zeit.de\/stoerungsmelder\/#\/schema\/person\/image\/\",\"url\":\"https:\/\/secure.gravatar.com\/avatar\/a7a6fc628ed4dd7517525b944e2a8b13f64804f428d399d781f8dd0c4651643a?s=96&d=mm&r=pg\",\"contentUrl\":\"https:\/\/secure.gravatar.com\/avatar\/a7a6fc628ed4dd7517525b944e2a8b13f64804f428d399d781f8dd0c4651643a?s=96&d=mm&r=pg\",\"caption\":\"Patrick Gensing\"},\"description\":\"Journalist, Blogger, Buchautor - Patrick Gensing besch\u00e4ftigt sich seit seiner Jugend Ende der 1980er Jahre mit den Themen Neonazis, Rassismus und Antisemitismus. Seit rund zehn Jahren schreibt er als Journalist \u00fcber diese Themen, unter anderem bei tagesschau.de, bei Zeit-Online, in der taz - oder in dem Buch \\\"Terror von rechts\\\", das am 14. September 2012 erscheint.\",\"sameAs\":[\"http:\/\/publikative.org\"],\"url\":\"https:\/\/blog.zeit.de\/stoerungsmelder\/author\/patrick-gensing\"}]}<\/script>\n<!-- \/ Yoast SEO plugin. -->","yoast_head_json":{"title":"NPD-Chef Voigt steht zu seinem inhaftierten Schatzmeister - St\u00f6rungsmelder","robots":{"index":"index","follow":"follow","max-snippet":"max-snippet:-1","max-image-preview":"max-image-preview:large","max-video-preview":"max-video-preview:-1"},"canonical":"https:\/\/blog.zeit.de\/stoerungsmelder\/2008\/02\/10\/npd-chef-voigt-steht-zu-seinem-inhaftierten-schatzmeister_228","og_locale":"de_DE","og_type":"article","og_title":"NPD-Chef Voigt steht zu seinem inhaftierten Schatzmeister - St\u00f6rungsmelder","og_description":"NPD-Chef Udo Voigt hat sich in einer Pressemitteilung erneut vor den inhaftierten Parteischatzmeister Erwin Kemna gestellt und die Vorw\u00fcrfe gegen ihn zur\u00fcckgewiesen. &#8222;Erwin Kemna hat Ein- und Auszahlungen eigene und fremde Darlehen bewegt und die Darlehensgeber namentlich vor m\u00f6glichen Verfolgungen sch\u00fctzen wollen. Dies ist sicher nicht ungew\u00f6hnlich, wenn man bedenkt, da\u00df keine Bank der NPD [&hellip;]","og_url":"https:\/\/blog.zeit.de\/stoerungsmelder\/2008\/02\/10\/npd-chef-voigt-steht-zu-seinem-inhaftierten-schatzmeister_228","og_site_name":"St\u00f6rungsmelder","article_published_time":"2008-02-10T19:22:03+00:00","og_image":[{"url":"http:\/\/vg09.met.vgwort.de\/na\/d6b5a1ea0f0a4ddc63bb16778a05ba"}],"author":"Patrick Gensing","twitter_card":"summary_large_image","twitter_misc":{"Geschrieben von":"Patrick Gensing","Gesch\u00e4tzte Lesezeit":"3\u00a0Minuten"},"schema":{"@context":"https:\/\/schema.org","@graph":[{"@type":"WebPage","@id":"https:\/\/blog.zeit.de\/stoerungsmelder\/2008\/02\/10\/npd-chef-voigt-steht-zu-seinem-inhaftierten-schatzmeister_228","url":"https:\/\/blog.zeit.de\/stoerungsmelder\/2008\/02\/10\/npd-chef-voigt-steht-zu-seinem-inhaftierten-schatzmeister_228","name":"NPD-Chef Voigt steht zu seinem inhaftierten Schatzmeister - St\u00f6rungsmelder","isPartOf":{"@id":"https:\/\/blog.zeit.de\/stoerungsmelder\/#website"},"datePublished":"2008-02-10T19:22:03+00:00","dateModified":"2008-02-10T19:22:03+00:00","author":{"@id":"https:\/\/blog.zeit.de\/stoerungsmelder\/#\/schema\/person\/1898e9a6d47b4737da2c4fca74a10552"},"breadcrumb":{"@id":"https:\/\/blog.zeit.de\/stoerungsmelder\/2008\/02\/10\/npd-chef-voigt-steht-zu-seinem-inhaftierten-schatzmeister_228#breadcrumb"},"inLanguage":"de","potentialAction":[{"@type":"ReadAction","target":["https:\/\/blog.zeit.de\/stoerungsmelder\/2008\/02\/10\/npd-chef-voigt-steht-zu-seinem-inhaftierten-schatzmeister_228"]}]},{"@type":"BreadcrumbList","@id":"https:\/\/blog.zeit.de\/stoerungsmelder\/2008\/02\/10\/npd-chef-voigt-steht-zu-seinem-inhaftierten-schatzmeister_228#breadcrumb","itemListElement":[{"@type":"ListItem","position":1,"name":"Startseite","item":"https:\/\/blog.zeit.de\/stoerungsmelder"},{"@type":"ListItem","position":2,"name":"NPD-Chef Voigt steht zu seinem inhaftierten Schatzmeister"}]},{"@type":"WebSite","@id":"https:\/\/blog.zeit.de\/stoerungsmelder\/#website","url":"https:\/\/blog.zeit.de\/stoerungsmelder\/","name":"St\u00f6rungsmelder","description":"Recherchen und Analysen \u00fcber die extreme Rechte","potentialAction":[{"@type":"SearchAction","target":{"@type":"EntryPoint","urlTemplate":"https:\/\/blog.zeit.de\/stoerungsmelder\/?s={search_term_string}"},"query-input":"required name=search_term_string"}],"inLanguage":"de"},{"@type":"Person","@id":"https:\/\/blog.zeit.de\/stoerungsmelder\/#\/schema\/person\/1898e9a6d47b4737da2c4fca74a10552","name":"Patrick Gensing","image":{"@type":"ImageObject","inLanguage":"de","@id":"https:\/\/blog.zeit.de\/stoerungsmelder\/#\/schema\/person\/image\/","url":"https:\/\/secure.gravatar.com\/avatar\/a7a6fc628ed4dd7517525b944e2a8b13f64804f428d399d781f8dd0c4651643a?s=96&d=mm&r=pg","contentUrl":"https:\/\/secure.gravatar.com\/avatar\/a7a6fc628ed4dd7517525b944e2a8b13f64804f428d399d781f8dd0c4651643a?s=96&d=mm&r=pg","caption":"Patrick Gensing"},"description":"Journalist, Blogger, Buchautor - Patrick Gensing besch\u00e4ftigt sich seit seiner Jugend Ende der 1980er Jahre mit den Themen Neonazis, Rassismus und Antisemitismus. Seit rund zehn Jahren schreibt er als Journalist \u00fcber diese Themen, unter anderem bei tagesschau.de, bei Zeit-Online, in der taz - oder in dem Buch \"Terror von rechts\", das am 14. September 2012 erscheint.","sameAs":["http:\/\/publikative.org"],"url":"https:\/\/blog.zeit.de\/stoerungsmelder\/author\/patrick-gensing"}]}},"jetpack_featured_media_url":"","jetpack_sharing_enabled":true,"_links":{"self":[{"href":"https:\/\/blog.zeit.de\/stoerungsmelder\/wp-json\/wp\/v2\/posts\/228","targetHints":{"allow":["GET"]}}],"collection":[{"href":"https:\/\/blog.zeit.de\/stoerungsmelder\/wp-json\/wp\/v2\/posts"}],"about":[{"href":"https:\/\/blog.zeit.de\/stoerungsmelder\/wp-json\/wp\/v2\/types\/post"}],"author":[{"embeddable":true,"href":"https:\/\/blog.zeit.de\/stoerungsmelder\/wp-json\/wp\/v2\/users\/227"}],"replies":[{"embeddable":true,"href":"https:\/\/blog.zeit.de\/stoerungsmelder\/wp-json\/wp\/v2\/comments?post=228"}],"version-history":[{"count":0,"href":"https:\/\/blog.zeit.de\/stoerungsmelder\/wp-json\/wp\/v2\/posts\/228\/revisions"}],"wp:attachment":[{"href":"https:\/\/blog.zeit.de\/stoerungsmelder\/wp-json\/wp\/v2\/media?parent=228"}],"wp:term":[{"taxonomy":"category","embeddable":true,"href":"https:\/\/blog.zeit.de\/stoerungsmelder\/wp-json\/wp\/v2\/categories?post=228"},{"taxonomy":"post_tag","embeddable":true,"href":"https:\/\/blog.zeit.de\/stoerungsmelder\/wp-json\/wp\/v2\/tags?post=228"}],"curies":[{"name":"wp","href":"https:\/\/api.w.org\/{rel}","templated":true}]}}