{"id":23072,"date":"2017-02-08T09:55:11","date_gmt":"2017-02-08T08:55:11","guid":{"rendered":"http:\/\/blog.zeit.de\/stoerungsmelder\/?p=23072"},"modified":"2017-02-08T12:31:51","modified_gmt":"2017-02-08T11:31:51","slug":"razzia-gegen-bayerische-reichsbuerger","status":"publish","type":"post","link":"https:\/\/blog.zeit.de\/stoerungsmelder\/2017\/02\/08\/razzia-gegen-bayerische-reichsbuerger_23072","title":{"rendered":"Razzia gegen bayerische Reichsb\u00fcrger"},"content":{"rendered":"<p><figure id=\"attachment_23074\" aria-describedby=\"caption-attachment-23074\" style=\"width: 620px\" class=\"wp-caption alignnone\"><a href=\"https:\/\/blog.zeit.de\/stoerungsmelder\/files\/2017\/02\/deutsches_reich_bundesstaat_bayern_weltnetzseite.jpg\"><img loading=\"lazy\" decoding=\"async\" class=\"size-full wp-image-23074\" src=\"https:\/\/blog.zeit.de\/stoerungsmelder\/files\/2017\/02\/deutsches_reich_bundesstaat_bayern_weltnetzseite.jpg\" alt=\"\u201eWeltnetzseite\u201c des \u201eBundesstaat Bayern\u201c (Screenshot)\" width=\"620\" height=\"300\" \/><\/a><figcaption id=\"caption-attachment-23074\" class=\"wp-caption-text\">\u201eWeltnetzseite\u201c des \u201eBundesstaat Bayern\u201c (Screenshot: S. L.)<\/figcaption><\/figure><\/p>\n<p>In mehreren Bundesl\u00e4ndern f\u00fchrte die Polizei am Dienstag eine Razzia gegen Reichsb\u00fcrger durch und stellte zahlreiche Schusswaffen sicher. Die Anh\u00e4nger eines <i>Bundesstaat Bayern<\/i> sollen banden- und gewerbsm\u00e4\u00dfig \u201eUrkunden\u201c ihres Fantasiestaates ausgestellt haben.<!--more--><\/p>\n<p>Am 7.2.16 durchsuchten rund 300 Polizisten die Wohn- und Gesch\u00e4ftsr\u00e4ume von Anh\u00e4ngern eines <i>Bundesstaat Bayern<\/i>. Sieben der Reichsb\u00fcrger, gegen die die <i>Ermittlungsgruppe Wappen<\/i> der Erdinger Kriminalpolizei vorging, h\u00e4tten als Vertreter dieses selbsternannten Staates banden- und gewerbsm\u00e4\u00dfig Urkundenf\u00e4lschung begangen. Bei den restlichen Zielpersonen handele es sich um Sympathisanten und Erwerber der \u201eUrkunden\u201c ihres Fantasiestaates.<\/p>\n<p><figure id=\"attachment_23075\" aria-describedby=\"caption-attachment-23075\" style=\"width: 220px\" class=\"wp-caption alignright\"><a href=\"https:\/\/blog.zeit.de\/stoerungsmelder\/files\/2017\/02\/urkunde_bundesstaat_bayern_an_mehreren_objekten_auffindbar_TSSwg.jpg\"><img loading=\"lazy\" decoding=\"async\" class=\"wp-image-23075 size-thumbnail\" src=\"https:\/\/blog.zeit.de\/stoerungsmelder\/files\/2017\/02\/urkunde_bundesstaat_bayern_an_mehreren_objekten_auffindbar_TSSwg-220x220.jpg\" alt=\"An mehreren Objekten aufgefundenens Dokument (Polizei Bayern)\" width=\"220\" height=\"220\" \/><\/a><figcaption id=\"caption-attachment-23075\" class=\"wp-caption-text\">An mehreren Objekten aufgefundenes Dokument (Polizei Bayern)<\/figcaption><\/figure><\/p>\n<p>Ziel der Gruppierung sei die \u201eSchaffung eines \u201aDeutschen Reichs\u2018, wobei die Existenz der Bundesrepublik Deutschland nicht anerkannt wird\u201c, hei\u00dft es in einer Meldung der Polizei, die den Reichsb\u00fcrgern gestern die Existenz des echten Staates handfest demonstrierte. Der Schwerpunkt der Durchsuchungen gegen die 16 Beschuldigten im Alter von 40 bis 62 Jahren lag in Oberbayern, wo der vermeintliche Staat seine Verwaltung sieht. <a href=\"http:\/\/www.br.de\/nachrichten\/reichsbuerger-razzia-muenchen-100.html\">Laut dem Bayerischen Rundfunk<\/a> (BR) wurden neben dem Einfamilienhaus in Landsham-Pliening und zwei nahen Objekten im Landkreis Ebersberg eine Adresse in Tuntenhausen im Landkreis Rosenheim durchsucht. Zudem lagen zwei Adressen in der Oberpfalz, f\u00fcnf in Mittelfranken, je eine in Unterfranken und Schwaben. Zwei Objekte seien in Rheinland-Pfalz und schlie\u00dflich eines in Baden-W\u00fcrttemberg durchsucht worden.<\/p>\n<p><strong>Erpressung, N\u00f6tigung und Amtsanma\u00dfung<\/strong><\/p>\n<p>Die Beschuldigten besch\u00e4ftigen, so die Polizei, bereits seit geraumer Zeit \u00c4mter und \u00f6ffentliche Stellen etwa mit Widerspr\u00fcchen zu Pf\u00e4ndungs- oder Bu\u00dfgeldbescheiden sowie Schreiben, in denen sie ihrer kruden Rechtsansicht Ausdruck verleihen und selbst Forderungen gegen die betroffenen Beh\u00f6rden erheben. Der Inhalt entspr\u00e4che vielfach dem Tatbestand der versuchten Erpressung, versuchten N\u00f6tigung und Amtsanma\u00dfung. Die bisherigen Erkenntnisse der Ermittler h\u00e4tten zudem Anhaltspunkte f\u00fcr den Aufbau einer \u201eFinanzverwaltung\u201c und eines \u201eGewerbeamtes\u201c ergeben. Es wurden \u201eStaatsangeh\u00f6rigkeitsausweise\u201c, \u201eF\u00fchrerscheine\u201c, \u201eGewerbescheine\u201c und \u201eAmtliche Lichtbildausweise\u201c ausgestellt und gegen Geb\u00fchr vertrieben. Im ersten Stock des Anwesens in Landsham-Pliening stellten die Einsatzkr\u00e4fte zahlreiche Dokumente, Urkunden-Formulare und Speichermedien sicher. Zudem wurden mehrere tausend Euro Bargeld aufgefunden, die mutma\u00dflich aus Geb\u00fchren und \u201eSteuereinnahmen\u201c stammen.<\/p>\n<p><strong>Spinnert&#8230;<\/strong><\/p>\n<p>Auf der \u201eoffiziellen Weltnetzseite des Bundesstaats Bayern\u201c, der zum l\u00e4sst sich die krude, v\u00f6lkische und geschichtsrevisionistische Auffassung der extrem Rechten Gruppierung im Original nachlesen:<\/p>\n<blockquote><p>\u201eWir, die indigenen deutschen V\u00f6lker, sind eigenst\u00e4ndige Menschengruppen gem\u00e4\u00df \u00a7 6 V\u00f6lkerstrafgesetzbuch (VStGB) und legitimieren uns aus den germanischen V\u00f6lkern, die autochthonen Angeh\u00f6rigen der indigenen V\u00f6lker des Staatenbundes Deutsches Reich, im Verfassungsstand 1871 und im Rechtsstand zwei Tage vor Ausbruch des 1. Weltkrieges (2. Deutsches Reich). Wir sind die Ureinwohner der angestammten (ab 1945 besetzten, sp\u00e4ter mit dem Grundgesetz f\u00fcr die Bundesrepublik Deutschland verwalteten) Territorien\/Gebiete und wir erkl\u00e4ren aus Gr\u00fcnden VN [\u2026] keinen Verzicht auf unsere indigenen, ureinwohnerrechtlichen, humanit\u00e4ren Rechte und wir sind nicht dem Artikel 116 GG zuzuordnen. Die Verwaltung BRD\/Deutschland befindet sich auf dem angestammten ureinwohnerrechtlichen Boden der Gebiete der souver\u00e4nen Staaten des 2. Deutschen Reichs, welche [\u2026] die Gebiets- und Territorialit\u00e4tshoheit f\u00fcr ihre V\u00f6lker haben. Wir, die Volkssouver\u00e4ne der indigenen deutschen V\u00f6lker, erkl\u00e4ren hiermit ausdr\u00fccklich keinen Verzicht auf unsere Bodenrechte! [\u2026] Als Reisedokument bekommen wir den Heimatschein ausgestellt. [\u2026] Wir, die Volkssouver\u00e4ne der indigenen deutschen V\u00f6lker, \u00fcbernehmen die Funktion des persistent objector\u201c<\/p><\/blockquote>\n<p><strong>&#8230; aber gef\u00e4hrlich<\/strong><\/p>\n<p><figure id=\"attachment_23076\" aria-describedby=\"caption-attachment-23076\" style=\"width: 220px\" class=\"wp-caption alignleft\"><a href=\"https:\/\/blog.zeit.de\/stoerungsmelder\/files\/2017\/02\/objekt_lkr._ha__berge_manipulierte_waffe_TScyg.jpg\"><img loading=\"lazy\" decoding=\"async\" class=\"size-thumbnail wp-image-23076\" src=\"https:\/\/blog.zeit.de\/stoerungsmelder\/files\/2017\/02\/objekt_lkr._ha__berge_manipulierte_waffe_TScyg-220x220.jpg\" alt=\"Eine der aufgefundenen Waffen (Polizei Bayern)\" width=\"220\" height=\"220\" \/><\/a><figcaption id=\"caption-attachment-23076\" class=\"wp-caption-text\">Eine der aufgefundenen Waffen (Polizei Bayern)<\/figcaption><\/figure><\/p>\n<p>Klingt spinnert &#8211; und ist es sicher auch. Aber ungef\u00e4hrlich sind die sogenannten Reichsb\u00fcrger nicht. Vor einer Verharmlosung warnt etwa die Amadeu Antonio Stiftung. Viel zu lange sei das \u201ereichsideologische Milieu\u201c verharmlost worden. In Oberbayern gibt es nach einem Bericht des BR mit Bezug auf Angaben aus dem Innenministerium rund 700 Reichsb\u00fcrger, davon besitzen etwa 110 eine waffenrechtliche Erlaubnis. In ganz Bayern leben etwa 1.700 Reichsb\u00fcrger, von denen etwa 340 Waffen besitzen. Als Beamte eines Spezialeinsazkommandos (SEK) am 19. Oktober im fr\u00e4nkischen Georgensgm\u00fcnd das Haus eines solchen durchsuchten, um ihm seine rund 30 Lang- und Kurzwaffen zu entziehen, <a href=\"https:\/\/blog.zeit.de\/stoerungsmelder\/2016\/10\/20\/moerderischer-reichsbuerger_22563\">er\u00f6ffnete der Reichsb\u00fcrger das Feuer, t\u00f6tete einen der Polizisten und verletzte drei weitere<\/a>. Bereits Ende August soll der Gr\u00fcnder eines fiktiven Ministaat namens \u201eUr\u201c in Sachsen-Anhalt w\u00e4hrend der Zwangsr\u00e4umung seines Grundst\u00fcckes das Feuer er\u00f6ffnet haben. Auf Grund dieser \u201eaktuellen Gef\u00e4hrdungseinsch\u00e4tzung der Reichsb\u00fcrgerbewegung\u201c musste die Polizei dann auch davon ausgehen, \u201edass Anh\u00e4nger ihre Ideologie auch mit Nachdruck unter Gewaltanwendung verteidigen.\u201c Deshalb habe man Spezialeiniheiten wie das SEK hinzugezogen. \u201eAu\u00dferdem hat die Polizei einem \u201aReichsb\u00fcrger\u2018 seine legal besessenen Waffen abgenommen, da ihm die Waffenerlaubnis wegen Unzuverl\u00e4ssigkeit entzogen wurde&#8220;, erkl\u00e4rte der Bayerische Innenminister Joachim Herrmann zu der Razzia gestern. Zus\u00e4tzlich wurden bei anderen Reichsb\u00fcrgern einige Schreckschusswaffen, eine zur scharfen Schusswaffe umgebaute Schreckschusswaffe, Munition sowie ein Schlagstock sichergestellt. <img loading=\"lazy\" decoding=\"async\" src=\"http:\/\/vg04.met.vgwort.de\/na\/3e5296e0d527489e925c8df5741ede85\" alt=\"\" width=\"1\" height=\"1\" \/><\/p>\n","protected":false},"excerpt":{"rendered":"<p>In mehreren Bundesl\u00e4ndern f\u00fchrte die Polizei am Dienstag eine Razzia gegen Reichsb\u00fcrger durch und stellte zahlreiche Schusswaffen sicher. Die Anh\u00e4nger eines Bundesstaat Bayern sollen banden- und gewerbsm\u00e4\u00dfig \u201eUrkunden\u201c ihres Fantasiestaates ausgestellt haben.<\/p>\n","protected":false},"author":518,"featured_media":23074,"comment_status":"open","ping_status":"open","sticky":false,"template":"","format":"standard","meta":{"_jetpack_memberships_contains_paid_content":false,"footnotes":""},"categories":[59],"tags":[39516,39517,17840],"class_list":["post-23072","post","type-post","status-publish","format-standard","has-post-thumbnail","hentry","category-bayern","tag-bundesstaat-bayern","tag-deutsches-reich","tag-reichsburger"],"yoast_head":"<!-- This site is optimized with the Yoast SEO plugin v21.0 - https:\/\/yoast.com\/wordpress\/plugins\/seo\/ -->\n<title>Razzia gegen bayerische Reichsb\u00fcrger - St\u00f6rungsmelder<\/title>\n<meta name=\"robots\" content=\"index, follow, max-snippet:-1, max-image-preview:large, max-video-preview:-1\" \/>\n<link rel=\"canonical\" href=\"https:\/\/blog.zeit.de\/stoerungsmelder\/2017\/02\/08\/razzia-gegen-bayerische-reichsbuerger_23072\" \/>\n<meta property=\"og:locale\" content=\"de_DE\" \/>\n<meta property=\"og:type\" content=\"article\" \/>\n<meta property=\"og:title\" content=\"Razzia gegen bayerische Reichsb\u00fcrger - St\u00f6rungsmelder\" \/>\n<meta property=\"og:description\" content=\"In mehreren Bundesl\u00e4ndern f\u00fchrte die Polizei am Dienstag eine Razzia gegen Reichsb\u00fcrger durch und stellte zahlreiche Schusswaffen sicher. Die Anh\u00e4nger eines Bundesstaat Bayern sollen banden- und gewerbsm\u00e4\u00dfig \u201eUrkunden\u201c ihres Fantasiestaates ausgestellt haben.\" \/>\n<meta property=\"og:url\" content=\"https:\/\/blog.zeit.de\/stoerungsmelder\/2017\/02\/08\/razzia-gegen-bayerische-reichsbuerger_23072\" \/>\n<meta property=\"og:site_name\" content=\"St\u00f6rungsmelder\" \/>\n<meta property=\"article:published_time\" content=\"2017-02-08T08:55:11+00:00\" \/>\n<meta property=\"article:modified_time\" content=\"2017-02-08T11:31:51+00:00\" \/>\n<meta property=\"og:image\" content=\"https:\/\/blog.zeit.de\/stoerungsmelder\/files\/2017\/02\/deutsches_reich_bundesstaat_bayern_weltnetzseite.jpg\" \/>\n\t<meta property=\"og:image:width\" content=\"620\" \/>\n\t<meta property=\"og:image:height\" content=\"300\" \/>\n\t<meta property=\"og:image:type\" content=\"image\/jpeg\" \/>\n<meta name=\"author\" content=\"Sebastian Lipp\" \/>\n<meta name=\"twitter:card\" content=\"summary_large_image\" \/>\n<meta name=\"twitter:creator\" content=\"@SebastianLipp\" \/>\n<meta name=\"twitter:label1\" content=\"Geschrieben von\" \/>\n\t<meta name=\"twitter:data1\" content=\"Sebastian Lipp\" \/>\n\t<meta name=\"twitter:label2\" content=\"Gesch\u00e4tzte Lesezeit\" \/>\n\t<meta name=\"twitter:data2\" content=\"4\u00a0Minuten\" \/>\n<script type=\"application\/ld+json\" class=\"yoast-schema-graph\">{\"@context\":\"https:\/\/schema.org\",\"@graph\":[{\"@type\":\"WebPage\",\"@id\":\"https:\/\/blog.zeit.de\/stoerungsmelder\/2017\/02\/08\/razzia-gegen-bayerische-reichsbuerger_23072\",\"url\":\"https:\/\/blog.zeit.de\/stoerungsmelder\/2017\/02\/08\/razzia-gegen-bayerische-reichsbuerger_23072\",\"name\":\"Razzia gegen bayerische Reichsb\u00fcrger - St\u00f6rungsmelder\",\"isPartOf\":{\"@id\":\"https:\/\/blog.zeit.de\/stoerungsmelder\/#website\"},\"datePublished\":\"2017-02-08T08:55:11+00:00\",\"dateModified\":\"2017-02-08T11:31:51+00:00\",\"author\":{\"@id\":\"https:\/\/blog.zeit.de\/stoerungsmelder\/#\/schema\/person\/abf36269039573fecb7c7f814e987c29\"},\"breadcrumb\":{\"@id\":\"https:\/\/blog.zeit.de\/stoerungsmelder\/2017\/02\/08\/razzia-gegen-bayerische-reichsbuerger_23072#breadcrumb\"},\"inLanguage\":\"de\",\"potentialAction\":[{\"@type\":\"ReadAction\",\"target\":[\"https:\/\/blog.zeit.de\/stoerungsmelder\/2017\/02\/08\/razzia-gegen-bayerische-reichsbuerger_23072\"]}]},{\"@type\":\"BreadcrumbList\",\"@id\":\"https:\/\/blog.zeit.de\/stoerungsmelder\/2017\/02\/08\/razzia-gegen-bayerische-reichsbuerger_23072#breadcrumb\",\"itemListElement\":[{\"@type\":\"ListItem\",\"position\":1,\"name\":\"Startseite\",\"item\":\"https:\/\/blog.zeit.de\/stoerungsmelder\"},{\"@type\":\"ListItem\",\"position\":2,\"name\":\"Razzia gegen bayerische Reichsb\u00fcrger\"}]},{\"@type\":\"WebSite\",\"@id\":\"https:\/\/blog.zeit.de\/stoerungsmelder\/#website\",\"url\":\"https:\/\/blog.zeit.de\/stoerungsmelder\/\",\"name\":\"St\u00f6rungsmelder\",\"description\":\"Recherchen und Analysen \u00fcber die extreme Rechte\",\"potentialAction\":[{\"@type\":\"SearchAction\",\"target\":{\"@type\":\"EntryPoint\",\"urlTemplate\":\"https:\/\/blog.zeit.de\/stoerungsmelder\/?s={search_term_string}\"},\"query-input\":\"required name=search_term_string\"}],\"inLanguage\":\"de\"},{\"@type\":\"Person\",\"@id\":\"https:\/\/blog.zeit.de\/stoerungsmelder\/#\/schema\/person\/abf36269039573fecb7c7f814e987c29\",\"name\":\"Sebastian Lipp\",\"image\":{\"@type\":\"ImageObject\",\"inLanguage\":\"de\",\"@id\":\"https:\/\/blog.zeit.de\/stoerungsmelder\/#\/schema\/person\/image\/\",\"url\":\"https:\/\/secure.gravatar.com\/avatar\/88a90014e1f1a5d93b03b4fd9a7643da248cc2335f5433c5b6e8ead7c24de4b8?s=96&d=mm&r=pg\",\"contentUrl\":\"https:\/\/secure.gravatar.com\/avatar\/88a90014e1f1a5d93b03b4fd9a7643da248cc2335f5433c5b6e8ead7c24de4b8?s=96&d=mm&r=pg\",\"caption\":\"Sebastian Lipp\"},\"sameAs\":[\"http:\/\/twitter.com\/SebastianLipp\",\"https:\/\/twitter.com\/SebastianLipp\"],\"url\":\"https:\/\/blog.zeit.de\/stoerungsmelder\/author\/sebastianl\"}]}<\/script>\n<!-- \/ Yoast SEO plugin. -->","yoast_head_json":{"title":"Razzia gegen bayerische Reichsb\u00fcrger - St\u00f6rungsmelder","robots":{"index":"index","follow":"follow","max-snippet":"max-snippet:-1","max-image-preview":"max-image-preview:large","max-video-preview":"max-video-preview:-1"},"canonical":"https:\/\/blog.zeit.de\/stoerungsmelder\/2017\/02\/08\/razzia-gegen-bayerische-reichsbuerger_23072","og_locale":"de_DE","og_type":"article","og_title":"Razzia gegen bayerische Reichsb\u00fcrger - St\u00f6rungsmelder","og_description":"In mehreren Bundesl\u00e4ndern f\u00fchrte die Polizei am Dienstag eine Razzia gegen Reichsb\u00fcrger durch und stellte zahlreiche Schusswaffen sicher. Die Anh\u00e4nger eines Bundesstaat Bayern sollen banden- und gewerbsm\u00e4\u00dfig \u201eUrkunden\u201c ihres Fantasiestaates ausgestellt haben.","og_url":"https:\/\/blog.zeit.de\/stoerungsmelder\/2017\/02\/08\/razzia-gegen-bayerische-reichsbuerger_23072","og_site_name":"St\u00f6rungsmelder","article_published_time":"2017-02-08T08:55:11+00:00","article_modified_time":"2017-02-08T11:31:51+00:00","og_image":[{"width":620,"height":300,"url":"https:\/\/blog.zeit.de\/stoerungsmelder\/files\/2017\/02\/deutsches_reich_bundesstaat_bayern_weltnetzseite.jpg","type":"image\/jpeg"}],"author":"Sebastian Lipp","twitter_card":"summary_large_image","twitter_creator":"@SebastianLipp","twitter_misc":{"Geschrieben von":"Sebastian Lipp","Gesch\u00e4tzte Lesezeit":"4\u00a0Minuten"},"schema":{"@context":"https:\/\/schema.org","@graph":[{"@type":"WebPage","@id":"https:\/\/blog.zeit.de\/stoerungsmelder\/2017\/02\/08\/razzia-gegen-bayerische-reichsbuerger_23072","url":"https:\/\/blog.zeit.de\/stoerungsmelder\/2017\/02\/08\/razzia-gegen-bayerische-reichsbuerger_23072","name":"Razzia gegen bayerische Reichsb\u00fcrger - St\u00f6rungsmelder","isPartOf":{"@id":"https:\/\/blog.zeit.de\/stoerungsmelder\/#website"},"datePublished":"2017-02-08T08:55:11+00:00","dateModified":"2017-02-08T11:31:51+00:00","author":{"@id":"https:\/\/blog.zeit.de\/stoerungsmelder\/#\/schema\/person\/abf36269039573fecb7c7f814e987c29"},"breadcrumb":{"@id":"https:\/\/blog.zeit.de\/stoerungsmelder\/2017\/02\/08\/razzia-gegen-bayerische-reichsbuerger_23072#breadcrumb"},"inLanguage":"de","potentialAction":[{"@type":"ReadAction","target":["https:\/\/blog.zeit.de\/stoerungsmelder\/2017\/02\/08\/razzia-gegen-bayerische-reichsbuerger_23072"]}]},{"@type":"BreadcrumbList","@id":"https:\/\/blog.zeit.de\/stoerungsmelder\/2017\/02\/08\/razzia-gegen-bayerische-reichsbuerger_23072#breadcrumb","itemListElement":[{"@type":"ListItem","position":1,"name":"Startseite","item":"https:\/\/blog.zeit.de\/stoerungsmelder"},{"@type":"ListItem","position":2,"name":"Razzia gegen bayerische Reichsb\u00fcrger"}]},{"@type":"WebSite","@id":"https:\/\/blog.zeit.de\/stoerungsmelder\/#website","url":"https:\/\/blog.zeit.de\/stoerungsmelder\/","name":"St\u00f6rungsmelder","description":"Recherchen und Analysen \u00fcber die extreme Rechte","potentialAction":[{"@type":"SearchAction","target":{"@type":"EntryPoint","urlTemplate":"https:\/\/blog.zeit.de\/stoerungsmelder\/?s={search_term_string}"},"query-input":"required name=search_term_string"}],"inLanguage":"de"},{"@type":"Person","@id":"https:\/\/blog.zeit.de\/stoerungsmelder\/#\/schema\/person\/abf36269039573fecb7c7f814e987c29","name":"Sebastian Lipp","image":{"@type":"ImageObject","inLanguage":"de","@id":"https:\/\/blog.zeit.de\/stoerungsmelder\/#\/schema\/person\/image\/","url":"https:\/\/secure.gravatar.com\/avatar\/88a90014e1f1a5d93b03b4fd9a7643da248cc2335f5433c5b6e8ead7c24de4b8?s=96&d=mm&r=pg","contentUrl":"https:\/\/secure.gravatar.com\/avatar\/88a90014e1f1a5d93b03b4fd9a7643da248cc2335f5433c5b6e8ead7c24de4b8?s=96&d=mm&r=pg","caption":"Sebastian Lipp"},"sameAs":["http:\/\/twitter.com\/SebastianLipp","https:\/\/twitter.com\/SebastianLipp"],"url":"https:\/\/blog.zeit.de\/stoerungsmelder\/author\/sebastianl"}]}},"jetpack_featured_media_url":"https:\/\/blog.zeit.de\/stoerungsmelder\/files\/2017\/02\/deutsches_reich_bundesstaat_bayern_weltnetzseite.jpg","jetpack_sharing_enabled":true,"_links":{"self":[{"href":"https:\/\/blog.zeit.de\/stoerungsmelder\/wp-json\/wp\/v2\/posts\/23072","targetHints":{"allow":["GET"]}}],"collection":[{"href":"https:\/\/blog.zeit.de\/stoerungsmelder\/wp-json\/wp\/v2\/posts"}],"about":[{"href":"https:\/\/blog.zeit.de\/stoerungsmelder\/wp-json\/wp\/v2\/types\/post"}],"author":[{"embeddable":true,"href":"https:\/\/blog.zeit.de\/stoerungsmelder\/wp-json\/wp\/v2\/users\/518"}],"replies":[{"embeddable":true,"href":"https:\/\/blog.zeit.de\/stoerungsmelder\/wp-json\/wp\/v2\/comments?post=23072"}],"version-history":[{"count":9,"href":"https:\/\/blog.zeit.de\/stoerungsmelder\/wp-json\/wp\/v2\/posts\/23072\/revisions"}],"predecessor-version":[{"id":23088,"href":"https:\/\/blog.zeit.de\/stoerungsmelder\/wp-json\/wp\/v2\/posts\/23072\/revisions\/23088"}],"wp:featuredmedia":[{"embeddable":true,"href":"https:\/\/blog.zeit.de\/stoerungsmelder\/wp-json\/wp\/v2\/media\/23074"}],"wp:attachment":[{"href":"https:\/\/blog.zeit.de\/stoerungsmelder\/wp-json\/wp\/v2\/media?parent=23072"}],"wp:term":[{"taxonomy":"category","embeddable":true,"href":"https:\/\/blog.zeit.de\/stoerungsmelder\/wp-json\/wp\/v2\/categories?post=23072"},{"taxonomy":"post_tag","embeddable":true,"href":"https:\/\/blog.zeit.de\/stoerungsmelder\/wp-json\/wp\/v2\/tags?post=23072"}],"curies":[{"name":"wp","href":"https:\/\/api.w.org\/{rel}","templated":true}]}}