{"id":231,"date":"2008-02-11T11:44:07","date_gmt":"2008-02-11T10:44:07","guid":{"rendered":"http:\/\/blog.zeit.de\/stoerungsmelder\/2008\/02\/12\/innenministerium-zahl-der-rechten-straftaten-2007-gesunken_231"},"modified":"2008-02-11T11:44:07","modified_gmt":"2008-02-11T10:44:07","slug":"innenministerium-zahl-der-rechten-straftaten-2007-gesunken","status":"publish","type":"post","link":"https:\/\/blog.zeit.de\/stoerungsmelder\/2008\/02\/11\/innenministerium-zahl-der-rechten-straftaten-2007-gesunken_231","title":{"rendered":"Innenministerium: Zahl der rechten Straftaten 2007 gesunken"},"content":{"rendered":"<p>Nach einem H\u00f6chststand 2006 hat die Zahl rechtsextremistischer Straftaten 2007 laut offiziellen Angaben wieder abgenommen. Nach vorl\u00e4ufigen Angaben des Bundesinnenministeriums auf Anfrage der Linksfraktion wurden von den Landeskriminal\u00e4mtern 10.935 F\u00e4lle registriert und damit 10,7 Prozent weniger als im Vorjahr. Die Zahl der Gewalttaten ging im selben Zeitraum sogar um 11,6 Prozent auf 642 zur\u00fcck. Allerdings werden diese Angaben <!--more-->erfahrungsgem\u00e4\u00df noch deutlich steigen, denn viele Straftaten werden noch nachgemeldet.<\/p>\n<p><strong>Statistiken gesch\u00f6nt<\/strong><\/p>\n<p>Damit gab es &#8211; den vorl\u00e4ufigen Angaben zufolge &#8211; t\u00e4glich fast zwei rechtsextreme Gewalttaten. Und die realen Zahlen liegen wahrscheinlich weit h\u00f6her. <a href=\"http:\/\/npd-blog.info\/?p=1381\">Denn in Th\u00fcringen<\/a> und Sachsen-Anhalt &#8211; durchaus &#8222;Hochburgen&#8220; der rechtsextremen Schl\u00e4ger &#8211; wurden die Statistiken offenbar gesch\u00f6nt, <a href=\"http:\/\/npd-blog.info\/?p=1341\">in Sachsen-Anhalt musste deswegen der LKA-Chef seinen Hut nehmen.<\/a><\/p>\n<p>Kein Wunder, dass selbst das Bundesinnenministerium bezweifelt, dass die im Vergleich der vorl\u00e4ufigen Zahlen zu vermutende Abnahme um elf Prozent der Realit\u00e4t entspricht. Leider k\u00f6nne aus den Antworten f\u00fcr das Jahr 2007 \u201enoch nicht auf einen tats\u00e4chlichen R\u00fcckgang der politisch rechts motivierten Kriminalit\u00e4t geschlossen werden\u201c, teilte das Ministerium dem <a href=\"http:\/\/www.tagesspiegel.de\/politik\/deutschland\/rechtsextremismus\/Rechtsextremismus;art2647,2472401\">Tagesspiegel<\/a> mit. In Sicherheitskreisen werde erwartet, dass die Gesamtzahl der rechten Straftaten \u00e4hnlich hoch sein wird wie 2006. Damals war die Summe angesichts vieler Nachmeldungen der Polizei vom vorl\u00e4ufigen Stand mit 12.240 rechten Delikten auf 18.142 Straftaten gestiegen.<\/p>\n<p><strong>Mehr Opfer von Gewalttaten<\/strong><\/p>\n<p>Bei den Zahlen f\u00fcr 2007 f\u00e4llt auf, dass die Zahl der Opfer rechter Gewalt im Unterschied zu den anderen Daten gestiegen ist: von 599 Verletzten wird berichtet, das sind 77 mehr als die vorl\u00e4ufige Bilanz 2006 ergab. Das Innenministerium \u00e4u\u00dfert sich gegen\u00fcber dem Tagesspiegel jedoch zur\u00fcckhaltend: Selbst wenn die endg\u00fcltigen Werte einen Anstieg der Opferzahlen ausweisen sollten, \u201ek\u00f6nnte daraus nicht ohne Weiteres auf eine zunehmende Brutalit\u00e4t der gewaltbereiten rechten Szene geschlossen werden\u201c, hei\u00dft es. Die Linke hatte im Bundestag immer wieder angefragt, ob nicht die Schwere der Verletzungen spzifiziert werden k\u00f6nnte. Nun endlich wurde das Bundeskriminalamt offenbar beauftragt, die Entwicklung der Opferzahlen zu analysieren, so wiederrum der Tagesspiegel.<\/p>\n<p align=\"left\"><strong>2006 mehr als 1000 Gewalttaten<\/strong><\/p>\n<p>2006 hatte die rechtsextreme Kriminalit\u00e4t einen H\u00f6chststand seit 2001 erreicht, als allerdings ein neues Z\u00e4hlsystem eingef\u00fchrt worden war: <a href=\"http:\/\/npd-blog.info\/?p=820\"><font color=\"#d9560f\">Im vergangenen Jahr waren offiziell insgesamt 18.100 Delikte registriert worden.<\/font><\/a> Darunter mehr als 1000 Gewalttaten. <a href=\"http:\/\/npd-blog.info\/?p=888\"><font color=\"#d9560f\">In den vergangenen 17 Jahren haben Neonazis und rassistische Schl\u00e4ger in Deutschland weit mehr als 100 Menschen get\u00f6tet.<\/font><\/a><br \/>\n<img loading=\"lazy\" decoding=\"async\" src=\"http:\/\/vg03.met.vgwort.de\/na\/89a1b999aadc8c58ab5ca4405e9663\" height=\"1\" width=\"1\" \/><br \/>\n<a href=\"http:\/\/www.opfer-rechter-gewalt.de\/www\/service\/down\/chronologie.pdf\"><font color=\"#d9560f\">Statistik \u00fcber Todesopfer rechter Gewalt von 1990 bis 2004.<\/font><\/a><\/p>\n<p><a href=\"http:\/\/www.opfer-rechter-gewalt.de\/\"><font color=\"#d9560f\">Ausstellung Opfer rechter Gewalt.<\/font><\/a><\/p>\n","protected":false},"excerpt":{"rendered":"<p>Nach einem H\u00f6chststand 2006 hat die Zahl rechtsextremistischer Straftaten 2007 laut offiziellen Angaben wieder abgenommen. Nach vorl\u00e4ufigen Angaben des Bundesinnenministeriums auf Anfrage der Linksfraktion wurden von den Landeskriminal\u00e4mtern 10.935 F\u00e4lle registriert und damit 10,7 Prozent weniger als im Vorjahr. Die Zahl der Gewalttaten ging im selben Zeitraum sogar um 11,6 Prozent auf 642 zur\u00fcck. Allerdings [&hellip;]<\/p>\n","protected":false},"author":227,"featured_media":0,"comment_status":"open","ping_status":"open","sticky":false,"template":"","format":"standard","meta":{"_jetpack_memberships_contains_paid_content":false,"footnotes":""},"categories":[1515],"tags":[1587,1638],"class_list":["post-231","post","type-post","status-publish","format-standard","hentry","category-bundesweit","tag-gewalt","tag-justiz"],"yoast_head":"<!-- This site is optimized with the Yoast SEO plugin v21.0 - https:\/\/yoast.com\/wordpress\/plugins\/seo\/ -->\n<title>Innenministerium: Zahl der rechten Straftaten 2007 gesunken - St\u00f6rungsmelder<\/title>\n<meta name=\"robots\" content=\"index, follow, max-snippet:-1, max-image-preview:large, max-video-preview:-1\" \/>\n<link rel=\"canonical\" href=\"https:\/\/blog.zeit.de\/stoerungsmelder\/2008\/02\/11\/innenministerium-zahl-der-rechten-straftaten-2007-gesunken_231\" \/>\n<meta property=\"og:locale\" content=\"de_DE\" \/>\n<meta property=\"og:type\" content=\"article\" \/>\n<meta property=\"og:title\" content=\"Innenministerium: Zahl der rechten Straftaten 2007 gesunken - St\u00f6rungsmelder\" \/>\n<meta property=\"og:description\" content=\"Nach einem H\u00f6chststand 2006 hat die Zahl rechtsextremistischer Straftaten 2007 laut offiziellen Angaben wieder abgenommen. Nach vorl\u00e4ufigen Angaben des Bundesinnenministeriums auf Anfrage der Linksfraktion wurden von den Landeskriminal\u00e4mtern 10.935 F\u00e4lle registriert und damit 10,7 Prozent weniger als im Vorjahr. Die Zahl der Gewalttaten ging im selben Zeitraum sogar um 11,6 Prozent auf 642 zur\u00fcck. Allerdings [&hellip;]\" \/>\n<meta property=\"og:url\" content=\"https:\/\/blog.zeit.de\/stoerungsmelder\/2008\/02\/11\/innenministerium-zahl-der-rechten-straftaten-2007-gesunken_231\" \/>\n<meta property=\"og:site_name\" content=\"St\u00f6rungsmelder\" \/>\n<meta property=\"article:published_time\" content=\"2008-02-11T10:44:07+00:00\" \/>\n<meta property=\"og:image\" content=\"http:\/\/vg03.met.vgwort.de\/na\/89a1b999aadc8c58ab5ca4405e9663\" \/>\n<meta name=\"author\" content=\"Patrick Gensing\" \/>\n<meta name=\"twitter:card\" content=\"summary_large_image\" \/>\n<meta name=\"twitter:label1\" content=\"Geschrieben von\" \/>\n\t<meta name=\"twitter:data1\" content=\"Patrick Gensing\" \/>\n\t<meta name=\"twitter:label2\" content=\"Gesch\u00e4tzte Lesezeit\" \/>\n\t<meta name=\"twitter:data2\" content=\"2\u00a0Minuten\" \/>\n<script type=\"application\/ld+json\" class=\"yoast-schema-graph\">{\"@context\":\"https:\/\/schema.org\",\"@graph\":[{\"@type\":\"WebPage\",\"@id\":\"https:\/\/blog.zeit.de\/stoerungsmelder\/2008\/02\/11\/innenministerium-zahl-der-rechten-straftaten-2007-gesunken_231\",\"url\":\"https:\/\/blog.zeit.de\/stoerungsmelder\/2008\/02\/11\/innenministerium-zahl-der-rechten-straftaten-2007-gesunken_231\",\"name\":\"Innenministerium: Zahl der rechten Straftaten 2007 gesunken - St\u00f6rungsmelder\",\"isPartOf\":{\"@id\":\"https:\/\/blog.zeit.de\/stoerungsmelder\/#website\"},\"datePublished\":\"2008-02-11T10:44:07+00:00\",\"dateModified\":\"2008-02-11T10:44:07+00:00\",\"author\":{\"@id\":\"https:\/\/blog.zeit.de\/stoerungsmelder\/#\/schema\/person\/1898e9a6d47b4737da2c4fca74a10552\"},\"breadcrumb\":{\"@id\":\"https:\/\/blog.zeit.de\/stoerungsmelder\/2008\/02\/11\/innenministerium-zahl-der-rechten-straftaten-2007-gesunken_231#breadcrumb\"},\"inLanguage\":\"de\",\"potentialAction\":[{\"@type\":\"ReadAction\",\"target\":[\"https:\/\/blog.zeit.de\/stoerungsmelder\/2008\/02\/11\/innenministerium-zahl-der-rechten-straftaten-2007-gesunken_231\"]}]},{\"@type\":\"BreadcrumbList\",\"@id\":\"https:\/\/blog.zeit.de\/stoerungsmelder\/2008\/02\/11\/innenministerium-zahl-der-rechten-straftaten-2007-gesunken_231#breadcrumb\",\"itemListElement\":[{\"@type\":\"ListItem\",\"position\":1,\"name\":\"Startseite\",\"item\":\"https:\/\/blog.zeit.de\/stoerungsmelder\"},{\"@type\":\"ListItem\",\"position\":2,\"name\":\"Innenministerium: Zahl der rechten Straftaten 2007 gesunken\"}]},{\"@type\":\"WebSite\",\"@id\":\"https:\/\/blog.zeit.de\/stoerungsmelder\/#website\",\"url\":\"https:\/\/blog.zeit.de\/stoerungsmelder\/\",\"name\":\"St\u00f6rungsmelder\",\"description\":\"Recherchen und Analysen \u00fcber die extreme Rechte\",\"potentialAction\":[{\"@type\":\"SearchAction\",\"target\":{\"@type\":\"EntryPoint\",\"urlTemplate\":\"https:\/\/blog.zeit.de\/stoerungsmelder\/?s={search_term_string}\"},\"query-input\":\"required name=search_term_string\"}],\"inLanguage\":\"de\"},{\"@type\":\"Person\",\"@id\":\"https:\/\/blog.zeit.de\/stoerungsmelder\/#\/schema\/person\/1898e9a6d47b4737da2c4fca74a10552\",\"name\":\"Patrick Gensing\",\"image\":{\"@type\":\"ImageObject\",\"inLanguage\":\"de\",\"@id\":\"https:\/\/blog.zeit.de\/stoerungsmelder\/#\/schema\/person\/image\/\",\"url\":\"https:\/\/secure.gravatar.com\/avatar\/a7a6fc628ed4dd7517525b944e2a8b13f64804f428d399d781f8dd0c4651643a?s=96&d=mm&r=pg\",\"contentUrl\":\"https:\/\/secure.gravatar.com\/avatar\/a7a6fc628ed4dd7517525b944e2a8b13f64804f428d399d781f8dd0c4651643a?s=96&d=mm&r=pg\",\"caption\":\"Patrick Gensing\"},\"description\":\"Journalist, Blogger, Buchautor - Patrick Gensing besch\u00e4ftigt sich seit seiner Jugend Ende der 1980er Jahre mit den Themen Neonazis, Rassismus und Antisemitismus. Seit rund zehn Jahren schreibt er als Journalist \u00fcber diese Themen, unter anderem bei tagesschau.de, bei Zeit-Online, in der taz - oder in dem Buch \\\"Terror von rechts\\\", das am 14. September 2012 erscheint.\",\"sameAs\":[\"http:\/\/publikative.org\"],\"url\":\"https:\/\/blog.zeit.de\/stoerungsmelder\/author\/patrick-gensing\"}]}<\/script>\n<!-- \/ Yoast SEO plugin. -->","yoast_head_json":{"title":"Innenministerium: Zahl der rechten Straftaten 2007 gesunken - St\u00f6rungsmelder","robots":{"index":"index","follow":"follow","max-snippet":"max-snippet:-1","max-image-preview":"max-image-preview:large","max-video-preview":"max-video-preview:-1"},"canonical":"https:\/\/blog.zeit.de\/stoerungsmelder\/2008\/02\/11\/innenministerium-zahl-der-rechten-straftaten-2007-gesunken_231","og_locale":"de_DE","og_type":"article","og_title":"Innenministerium: Zahl der rechten Straftaten 2007 gesunken - St\u00f6rungsmelder","og_description":"Nach einem H\u00f6chststand 2006 hat die Zahl rechtsextremistischer Straftaten 2007 laut offiziellen Angaben wieder abgenommen. Nach vorl\u00e4ufigen Angaben des Bundesinnenministeriums auf Anfrage der Linksfraktion wurden von den Landeskriminal\u00e4mtern 10.935 F\u00e4lle registriert und damit 10,7 Prozent weniger als im Vorjahr. Die Zahl der Gewalttaten ging im selben Zeitraum sogar um 11,6 Prozent auf 642 zur\u00fcck. Allerdings [&hellip;]","og_url":"https:\/\/blog.zeit.de\/stoerungsmelder\/2008\/02\/11\/innenministerium-zahl-der-rechten-straftaten-2007-gesunken_231","og_site_name":"St\u00f6rungsmelder","article_published_time":"2008-02-11T10:44:07+00:00","og_image":[{"url":"http:\/\/vg03.met.vgwort.de\/na\/89a1b999aadc8c58ab5ca4405e9663"}],"author":"Patrick Gensing","twitter_card":"summary_large_image","twitter_misc":{"Geschrieben von":"Patrick Gensing","Gesch\u00e4tzte Lesezeit":"2\u00a0Minuten"},"schema":{"@context":"https:\/\/schema.org","@graph":[{"@type":"WebPage","@id":"https:\/\/blog.zeit.de\/stoerungsmelder\/2008\/02\/11\/innenministerium-zahl-der-rechten-straftaten-2007-gesunken_231","url":"https:\/\/blog.zeit.de\/stoerungsmelder\/2008\/02\/11\/innenministerium-zahl-der-rechten-straftaten-2007-gesunken_231","name":"Innenministerium: Zahl der rechten Straftaten 2007 gesunken - St\u00f6rungsmelder","isPartOf":{"@id":"https:\/\/blog.zeit.de\/stoerungsmelder\/#website"},"datePublished":"2008-02-11T10:44:07+00:00","dateModified":"2008-02-11T10:44:07+00:00","author":{"@id":"https:\/\/blog.zeit.de\/stoerungsmelder\/#\/schema\/person\/1898e9a6d47b4737da2c4fca74a10552"},"breadcrumb":{"@id":"https:\/\/blog.zeit.de\/stoerungsmelder\/2008\/02\/11\/innenministerium-zahl-der-rechten-straftaten-2007-gesunken_231#breadcrumb"},"inLanguage":"de","potentialAction":[{"@type":"ReadAction","target":["https:\/\/blog.zeit.de\/stoerungsmelder\/2008\/02\/11\/innenministerium-zahl-der-rechten-straftaten-2007-gesunken_231"]}]},{"@type":"BreadcrumbList","@id":"https:\/\/blog.zeit.de\/stoerungsmelder\/2008\/02\/11\/innenministerium-zahl-der-rechten-straftaten-2007-gesunken_231#breadcrumb","itemListElement":[{"@type":"ListItem","position":1,"name":"Startseite","item":"https:\/\/blog.zeit.de\/stoerungsmelder"},{"@type":"ListItem","position":2,"name":"Innenministerium: Zahl der rechten Straftaten 2007 gesunken"}]},{"@type":"WebSite","@id":"https:\/\/blog.zeit.de\/stoerungsmelder\/#website","url":"https:\/\/blog.zeit.de\/stoerungsmelder\/","name":"St\u00f6rungsmelder","description":"Recherchen und Analysen \u00fcber die extreme Rechte","potentialAction":[{"@type":"SearchAction","target":{"@type":"EntryPoint","urlTemplate":"https:\/\/blog.zeit.de\/stoerungsmelder\/?s={search_term_string}"},"query-input":"required name=search_term_string"}],"inLanguage":"de"},{"@type":"Person","@id":"https:\/\/blog.zeit.de\/stoerungsmelder\/#\/schema\/person\/1898e9a6d47b4737da2c4fca74a10552","name":"Patrick Gensing","image":{"@type":"ImageObject","inLanguage":"de","@id":"https:\/\/blog.zeit.de\/stoerungsmelder\/#\/schema\/person\/image\/","url":"https:\/\/secure.gravatar.com\/avatar\/a7a6fc628ed4dd7517525b944e2a8b13f64804f428d399d781f8dd0c4651643a?s=96&d=mm&r=pg","contentUrl":"https:\/\/secure.gravatar.com\/avatar\/a7a6fc628ed4dd7517525b944e2a8b13f64804f428d399d781f8dd0c4651643a?s=96&d=mm&r=pg","caption":"Patrick Gensing"},"description":"Journalist, Blogger, Buchautor - Patrick Gensing besch\u00e4ftigt sich seit seiner Jugend Ende der 1980er Jahre mit den Themen Neonazis, Rassismus und Antisemitismus. Seit rund zehn Jahren schreibt er als Journalist \u00fcber diese Themen, unter anderem bei tagesschau.de, bei Zeit-Online, in der taz - oder in dem Buch \"Terror von rechts\", das am 14. September 2012 erscheint.","sameAs":["http:\/\/publikative.org"],"url":"https:\/\/blog.zeit.de\/stoerungsmelder\/author\/patrick-gensing"}]}},"jetpack_featured_media_url":"","jetpack_sharing_enabled":true,"_links":{"self":[{"href":"https:\/\/blog.zeit.de\/stoerungsmelder\/wp-json\/wp\/v2\/posts\/231","targetHints":{"allow":["GET"]}}],"collection":[{"href":"https:\/\/blog.zeit.de\/stoerungsmelder\/wp-json\/wp\/v2\/posts"}],"about":[{"href":"https:\/\/blog.zeit.de\/stoerungsmelder\/wp-json\/wp\/v2\/types\/post"}],"author":[{"embeddable":true,"href":"https:\/\/blog.zeit.de\/stoerungsmelder\/wp-json\/wp\/v2\/users\/227"}],"replies":[{"embeddable":true,"href":"https:\/\/blog.zeit.de\/stoerungsmelder\/wp-json\/wp\/v2\/comments?post=231"}],"version-history":[{"count":0,"href":"https:\/\/blog.zeit.de\/stoerungsmelder\/wp-json\/wp\/v2\/posts\/231\/revisions"}],"wp:attachment":[{"href":"https:\/\/blog.zeit.de\/stoerungsmelder\/wp-json\/wp\/v2\/media?parent=231"}],"wp:term":[{"taxonomy":"category","embeddable":true,"href":"https:\/\/blog.zeit.de\/stoerungsmelder\/wp-json\/wp\/v2\/categories?post=231"},{"taxonomy":"post_tag","embeddable":true,"href":"https:\/\/blog.zeit.de\/stoerungsmelder\/wp-json\/wp\/v2\/tags?post=231"}],"curies":[{"name":"wp","href":"https:\/\/api.w.org\/{rel}","templated":true}]}}