{"id":23400,"date":"2017-03-30T17:53:35","date_gmt":"2017-03-30T15:53:35","guid":{"rendered":"http:\/\/blog.zeit.de\/stoerungsmelder\/?p=23400"},"modified":"2017-03-30T17:53:35","modified_gmt":"2017-03-30T15:53:35","slug":"streit-um-compact-auf-der-leipziger-buchmesse","status":"publish","type":"post","link":"https:\/\/blog.zeit.de\/stoerungsmelder\/2017\/03\/30\/streit-um-compact-auf-der-leipziger-buchmesse_23400","title":{"rendered":"Streit um Compact auf der Leipziger Buchmesse"},"content":{"rendered":"<p><figure id=\"attachment_23420\" aria-describedby=\"caption-attachment-23420\" style=\"width: 640px\" class=\"wp-caption aligncenter\"><img loading=\"lazy\" decoding=\"async\" class=\"size-large wp-image-23420\" src=\"https:\/\/blog.zeit.de\/stoerungsmelder\/files\/2017\/03\/Beitragsbild-kleiner1-1024x683.jpg\" alt=\"\" width=\"640\" height=\"427\" srcset=\"https:\/\/blog.zeit.de\/stoerungsmelder\/files\/2017\/03\/Beitragsbild-kleiner1-1024x683.jpg 1024w, https:\/\/blog.zeit.de\/stoerungsmelder\/files\/2017\/03\/Beitragsbild-kleiner1-620x413.jpg 620w, https:\/\/blog.zeit.de\/stoerungsmelder\/files\/2017\/03\/Beitragsbild-kleiner1-768x512.jpg 768w\" sizes=\"auto, (max-width: 640px) 100vw, 640px\" \/><figcaption id=\"caption-attachment-23420\" class=\"wp-caption-text\">Martin M\u00fcller-Mertens (links), Chef vom Dienst bei Compact und Peter Feist (rechts), Reisef\u00fchrerautor und Philosoph aus dem Umfeld des Magazins w\u00e4hrend der Diskussion am Samstag \u00a9 Paul Hildebrand<\/figcaption><\/figure><\/p>\n<p>Die Leipziger Buchmesse begr\u00fc\u00dfte ihre Besucher mit einer klaren Botschaft: \u201eF\u00fcr das Wort und die Freiheit &#8211; #FreeTheWords\u201c, hie\u00df es auf meterlangen Transparenten und unz\u00e4hligen Plakaten. In Halle f\u00fcnf galt dieser Grundsatz jedoch nicht \u2013 hier legte das Sicherheitspersonal des <em>Compact<\/em>-Magazins die Grenzen der Berichterstattung fest. Immer wieder wurden Journalisten eingesch\u00fcchtert, bedroht und rabiat der Halle verwiesen.\u00a0<!--more--><\/p>\n<p>Samstag, 17 Uhr, im Sachbuchforum, Halle f\u00fcnf der Leipziger Buchmesse: Martin M\u00fcller-Mertens, Chef vom Dienst bei <em>Compact<\/em>, und Peter Feist, Reisef\u00fchrerautor und Philosoph aus dem Umfeld des Magazins, pr\u00e4sentieren eine Sonderausgabe. Bevor das erste Wort zum Heft f\u00e4llt, beginnt Feist mit der obligatorischen Medienschelte: Entgegen vieler Berichte frage man lediglich nach den Ursachen der Fl\u00fcchtlingskrise und wolle der Opfer gedenken, die sie hervorgebracht habe. Nicht einmal der Titel des Heftes \u2013 \u201eGibt es eine L\u00f6sung?\u201c &#8211; sei richtig zitiert worden. Feist erntet zustimmendes Nicken von den etwa 25 Zuh\u00f6rern. Dass Compact die Lesung unter dem Titel \u201eAsyl. Die Toten\u201c in das Programmheft der Buchmesse eintragen lie\u00df, verschweigt er.<\/p>\n<p>In der anschlie\u00dfenden Diskussion wird die Heftpremiere zur Nebensache. Vielmehr breiten die Autoren im Zwiegespr\u00e4ch ihre Lesart der gegenw\u00e4rtigen politischen Diskussionen aus: Demokratie in Deutschland? Nicht mit der Autokratin Angela Merkel. Die Grenz\u00f6ffnung f\u00fcr Gefl\u00fcchtete 2015? Millionenfacher Rechtsbruch und Hochverrat. Deniz Y\u00fccel? Keine Solidarit\u00e4t mit ehemaligen Jungle World- und taz-Autoren. Dass Compact-Chefredakteur <a href=\"http:\/\/www.zeit.de\/2016\/25\/afd-compact-juergen-elsaesser\/seite-3\" target=\"_blank\">J\u00fcrgen Els\u00e4sser<\/a> vor seiner politischen 180-Grad-Wende ebenfalls f\u00fcr die <em><a href=\"http:\/\/jungle-world.com\/\" target=\"_blank\">Jungle World<\/a><\/em> schrieb und auch f\u00fcr den <em><a href=\"https:\/\/www.freitag.de\/\" target=\"_blank\">Freitag<\/a><\/em> und das <em><a href=\"https:\/\/www.neues-deutschland.de\/\" target=\"_blank\">Neue Deutschland<\/a><\/em> arbeitete, enth\u00e4lt Martin M\u00fcller-Mertens seinem Publikum vor.<br \/>\n<strong><br \/>\nAbseits der B\u00fchne: Einsch\u00fcchterungen und Schl\u00e4ge<\/strong><\/p>\n<p>Wie es die thematische\u00a0Blaupause f\u00fcr <em>Pegida<\/em> und <em>AfD<\/em> selbst mit der Pressefreiheit h\u00e4lt, zeigt sich am Rande der Lesung. Ein Journalist fotografiert die beiden Autoren auf der B\u00fchne, ausliegende Compact-Exemplare und den Stand des Magazins. Zwei schwarz gekleidete M\u00e4nner im T\u00fcrsteherformat bedr\u00e4ngen ihn und fordern das L\u00f6schen der Bilder. Als der Journalist auf die Pressezugeh\u00f6rigkeit verweist, seine Kamera sch\u00fctzt und weinige Schritte zur\u00fccktreten will, werden die nicht als Sicherheitspersonal gekennzeichneten M\u00e4nner \u00fcbergriffig: Sie nehmen den Fotografen in den Schwitzkasten, schlagen auf seine Kamera ein und zerren ihn aus einem Seiteneingang der Halle. Am Vortag spielten sich \u00e4hnliche Szenen ab: Am Rande einer anderen Diskussionsrunde des Magazins wurden zwei Journalisten vom Sicherheitspersonal des Standes bedr\u00e4ngt. Einer der Fotografen brach die Arbeit eingesch\u00fcchtert ab, ein anderer wurde minutenlang durch die Halle verfolgt. Letztlich erkl\u00e4rte er sich bereit, dass Material zu l\u00f6schen. Nach eigenen Angaben des erfahrenen, offiziell akkreditierten Journalisten hatte auch er lediglich die Personen auf der B\u00fchne und den Compact-Stand abgelichtet.<\/p>\n\n<div class=\"embed-wrapper embed-wrapper--blocked js-embed-consent\" data-method=\"embed\">\n<script class=\"raw__source\" type=\"text\/template\"><div class=\"embed-twitter\"><blockquote class=\"twitter-tweet\" data-width=\"550\" data-dnt=\"true\"><p data-replace lang=\"de\" dir=\"ltr\">2\/2 Compact unterbindet mit eigenen Sicherheitskr\u00e4ften Berichterstattung durch Medien. Journalisten z.T. physisch angegangen. <a href=\"https:\/\/twitter.com\/hashtag\/LBM17?src=hash&amp;ref_src=twsrc%5Etfw\">#LBM17<\/a><\/p>&mdash; Stra\u00dfengezwitscherLE (@coverage_LE) <a href=\"https:\/\/twitter.com\/coverage_LE\/status\/845694344145317888?ref_src=twsrc%5Etfw\">March 25, 2017<\/a><\/blockquote><scr+ipt async src=\"https:\/\/platform.twitter.com\/widgets.js\" charset=\"utf-8\"><\/scr+ipt><\/div><\/script>\n<div class=\"embed-wrapper__inner\">\n<div class=\"embed-wrapper__text\">\n<h3>Empfohlener redaktioneller Inhalt<\/h3>\n<p data-replace=\"no\">An dieser Stelle finden Sie externen Inhalt, der den Artikel erg\u00e4nzt. Sie k\u00f6nnen sich externe Inhalte mit einem Klick anzeigen lassen und wieder ausblenden.<noscript>Bitte aktivieren Sie JavaScript damit Sie diesen Inhalt anzeigen k\u00f6nnen.<\/noscript><\/p>\n<\/div>\n<div class=\"embed-consent\">\n<label class=\"embed-consent__toggle\">\n<input class=\"js-embed-consent__toggle\" type=\"checkbox\" autocomplete=\"off\">\n<span><\/span>\nExterner Inhalt\n<\/label>\n<a href=\"https:\/\/www.zeit.de\/hilfe\/datenschutz\" target=\"_blank\" class=\"embed-consent__datalink-when-active\">Datenschutzerkl\u00e4rung<\/a>\n<\/div>\n<div class=\"embed-wrapper__footer\">\n<p data-replace=\"no\">\nIch bin damit einverstanden, dass mir externe Inhalte angezeigt werden. Damit k\u00f6nnen personenbezogene Daten an Drittplattformen \u00fcbermittelt werden. <a href=\"https:\/\/www.zeit.de\/hilfe\/datenschutz\" target=\"_blank\">Mehr dazu in unserer Datenschutzerkl\u00e4rung.<\/a>\n<\/p>\n<\/div>\n<\/div>\n<\/div>\n<p>Eine Stellungnahme zu den Vorf\u00e4llen lehnte die <em>Compact<\/em>-Gesch\u00e4ftsleitung ab. Anders die <em>Leipziger Messe GmbH<\/em>. Auf Anfrage wird erkl\u00e4rt,\u00a0dass von Standbetreibern engagiertes Sicherheitspersonal au\u00dferhalb der eigenen Ausstellungsfl\u00e4che &#8222;keine Weisungsbefugnisse&#8220; hat. Verst\u00f6\u00dfe gegen die Hausordnung k\u00f6nnten durchaus mit Hausverboten geahndet werden, jedoch nur nach einer Bewertung des hauseigenen Sicherheitsbeauftragten. Auf die Frage nach den Grenzen der Berichterstattung offiziell akkreditierter Journalisten, erkl\u00e4rt die Messe weiter: &#8222;Journalisten haben alle M\u00f6glichkeiten der Berichterstattungen. Dem Pers\u00f6nlichkeitsrecht entsprechend, haben wir das Recht am eigenen Bild in der Hausordnung der <em>Leipziger Messe GmbH<\/em> ber\u00fccksichtigt&#8220;. Man nehme die Vorf\u00e4lle sehr ernst und rate den Betroffenen, Anzeige bei der Polizei zu erstatten.<\/p>\n<p>Genau das kam f\u00fcr den aus der Halle geworfenen freien Journalisten jedoch nicht in Frage. Als er nach einem Gespr\u00e4ch mit der von umstehenden Messebesuchern alarmierten Polizei den Heimweg antrat, erkl\u00e4rte er auf Nachfrage: &#8222;Anzeige? Nein. Ich m\u00f6chte nicht, dass er an meine Daten kommt&#8220;. Gemeint ist Sven Liebich, fremdenfeindlicher Aktivist aus Halle mit neonazistischer Vergangenheit. Er konnte w\u00e4hrend der Buchmesse umf\u00e4nglich und ungest\u00f6rt \u00fcber die Veranstaltungen des Compact-Magazins berichten. So streamte er beispielsweise per Facebook und Laptop Liveaufnahmen einer <a href=\"http:\/\/www.lvz.de\/Specials\/Themenspecials\/Leipziger-Buchmesse\/Buchmesse-News\/Lautstarker-Protest-gegen-Compact-Verlag-auf-der-Leipziger-Buchmesse\" target=\"_blank\">Protestaktion<\/a> des B\u00fcndnisses Verlage gegen Rechts \u2013 w\u00e4hrend er auf dem Stand stehend immer wieder &#8222;Heil Merkel&#8220; br\u00fcllte. Auch die letzten Szenen des \u00dcbergriffs auf den Journalisten, den er im Video als &#8222;Schabe&#8220; und &#8222;Drecklaus&#8220; beschimpft, konnte auf seiner Facebookseite verfolgt werden. Die Bedenken des Fotografen gegen eine Anzeige bei der Polizei wegen m\u00f6glicher anschlie\u00dfender Ver\u00f6ffentlichung pers\u00f6nlicher Daten durch Liebich scheinen nicht unbegr\u00fcndet: Nach <a href=\"http:\/\/www.mdr.de\/exakt\/liebich-100.html\" target=\"_blank\">MDR-Recherchen<\/a> ver\u00f6ffentlichte er die Anschrift eines Studenten, der sich beim B\u00fcndniss<em> <a href=\"http:\/\/www.halle-gegen-rechts.de\/\" target=\"_blank\">Halle gegen Rechts<\/a><\/em> engagiert. Im Anschluss beklebten Unbekannte dessen Briefkasten mit rechtsextremistischen Drohbotschaften.<\/p>\n","protected":false},"excerpt":{"rendered":"<p>Die Leipziger Buchmesse begr\u00fc\u00dfte ihre Besucher mit einer klaren Botschaft: \u201eF\u00fcr das Wort und die Freiheit &#8211; #FreeTheWords\u201c, hie\u00df es auf meterlangen Transparenten und unz\u00e4hligen Plakaten. In Halle f\u00fcnf galt dieser Grundsatz jedoch nicht \u2013 hier legte das Sicherheitspersonal des Compact-Magazins die Grenzen der Berichterstattung fest. Immer wieder wurden Journalisten eingesch\u00fcchtert, bedroht und rabiat der [&hellip;]<\/p>\n","protected":false},"author":691,"featured_media":23420,"comment_status":"open","ping_status":"open","sticky":false,"template":"","format":"standard","meta":{"_jetpack_memberships_contains_paid_content":false,"footnotes":""},"categories":[1456],"tags":[22911,22910,39536,39538,39537],"class_list":["post-23400","post","type-post","status-publish","format-standard","has-post-thumbnail","hentry","category-sachsen","tag-compact","tag-jurgen-elsasser","tag-leipziger-buchmesse","tag-martin-mueller-mertens","tag-peter-feist"],"yoast_head":"<!-- This site is optimized with the Yoast SEO plugin v21.0 - https:\/\/yoast.com\/wordpress\/plugins\/seo\/ -->\n<title>Streit um Compact auf der Leipziger Buchmesse<\/title>\n<meta name=\"description\" content=\"Auf der Leipziger Buchmesse wurden bei einer Pr\u00e4sentation des rechtspopulistischen Magazins &quot;Compact&quot; Journalisten bedr\u00e4ngt und eingesch\u00fcchtert.\" \/>\n<meta name=\"robots\" content=\"index, follow, max-snippet:-1, max-image-preview:large, max-video-preview:-1\" \/>\n<link rel=\"canonical\" href=\"https:\/\/blog.zeit.de\/stoerungsmelder\/2017\/03\/30\/streit-um-compact-auf-der-leipziger-buchmesse_23400\" \/>\n<meta property=\"og:locale\" content=\"de_DE\" \/>\n<meta property=\"og:type\" content=\"article\" \/>\n<meta property=\"og:title\" content=\"Streit um Compact auf der Leipziger Buchmesse\" \/>\n<meta property=\"og:description\" content=\"Auf der Leipziger Buchmesse wurden bei einer Pr\u00e4sentation des rechtspopulistischen Magazins &quot;Compact&quot; Journalisten bedr\u00e4ngt und eingesch\u00fcchtert.\" \/>\n<meta property=\"og:url\" content=\"https:\/\/blog.zeit.de\/stoerungsmelder\/2017\/03\/30\/streit-um-compact-auf-der-leipziger-buchmesse_23400\" \/>\n<meta property=\"og:site_name\" content=\"St\u00f6rungsmelder\" \/>\n<meta property=\"article:published_time\" content=\"2017-03-30T15:53:35+00:00\" \/>\n<meta property=\"og:image\" content=\"https:\/\/blog.zeit.de\/stoerungsmelder\/files\/2017\/03\/Beitragsbild-kleiner1.jpg\" \/>\n\t<meta property=\"og:image:width\" content=\"5616\" \/>\n\t<meta property=\"og:image:height\" content=\"3744\" \/>\n\t<meta property=\"og:image:type\" content=\"image\/jpeg\" \/>\n<meta name=\"author\" content=\"Paul Hildebrand\" \/>\n<meta name=\"twitter:card\" content=\"summary_large_image\" \/>\n<meta name=\"twitter:creator\" content=\"@coverage_LE\" \/>\n<meta name=\"twitter:label1\" content=\"Geschrieben von\" \/>\n\t<meta name=\"twitter:data1\" content=\"Paul Hildebrand\" \/>\n\t<meta name=\"twitter:label2\" content=\"Gesch\u00e4tzte Lesezeit\" \/>\n\t<meta name=\"twitter:data2\" content=\"4\u00a0Minuten\" \/>\n<script type=\"application\/ld+json\" class=\"yoast-schema-graph\">{\"@context\":\"https:\/\/schema.org\",\"@graph\":[{\"@type\":\"WebPage\",\"@id\":\"https:\/\/blog.zeit.de\/stoerungsmelder\/2017\/03\/30\/streit-um-compact-auf-der-leipziger-buchmesse_23400\",\"url\":\"https:\/\/blog.zeit.de\/stoerungsmelder\/2017\/03\/30\/streit-um-compact-auf-der-leipziger-buchmesse_23400\",\"name\":\"Streit um Compact auf der Leipziger Buchmesse\",\"isPartOf\":{\"@id\":\"https:\/\/blog.zeit.de\/stoerungsmelder\/#website\"},\"datePublished\":\"2017-03-30T15:53:35+00:00\",\"dateModified\":\"2017-03-30T15:53:35+00:00\",\"author\":{\"@id\":\"https:\/\/blog.zeit.de\/stoerungsmelder\/#\/schema\/person\/36616d3c6078e9f43521af1c23441ed5\"},\"description\":\"Auf der Leipziger Buchmesse wurden bei einer Pr\u00e4sentation des rechtspopulistischen Magazins \\\"Compact\\\" Journalisten bedr\u00e4ngt und eingesch\u00fcchtert.\",\"breadcrumb\":{\"@id\":\"https:\/\/blog.zeit.de\/stoerungsmelder\/2017\/03\/30\/streit-um-compact-auf-der-leipziger-buchmesse_23400#breadcrumb\"},\"inLanguage\":\"de\",\"potentialAction\":[{\"@type\":\"ReadAction\",\"target\":[\"https:\/\/blog.zeit.de\/stoerungsmelder\/2017\/03\/30\/streit-um-compact-auf-der-leipziger-buchmesse_23400\"]}]},{\"@type\":\"BreadcrumbList\",\"@id\":\"https:\/\/blog.zeit.de\/stoerungsmelder\/2017\/03\/30\/streit-um-compact-auf-der-leipziger-buchmesse_23400#breadcrumb\",\"itemListElement\":[{\"@type\":\"ListItem\",\"position\":1,\"name\":\"Startseite\",\"item\":\"https:\/\/blog.zeit.de\/stoerungsmelder\"},{\"@type\":\"ListItem\",\"position\":2,\"name\":\"Streit um Compact auf der Leipziger Buchmesse\"}]},{\"@type\":\"WebSite\",\"@id\":\"https:\/\/blog.zeit.de\/stoerungsmelder\/#website\",\"url\":\"https:\/\/blog.zeit.de\/stoerungsmelder\/\",\"name\":\"St\u00f6rungsmelder\",\"description\":\"Recherchen und Analysen \u00fcber die extreme Rechte\",\"potentialAction\":[{\"@type\":\"SearchAction\",\"target\":{\"@type\":\"EntryPoint\",\"urlTemplate\":\"https:\/\/blog.zeit.de\/stoerungsmelder\/?s={search_term_string}\"},\"query-input\":\"required name=search_term_string\"}],\"inLanguage\":\"de\"},{\"@type\":\"Person\",\"@id\":\"https:\/\/blog.zeit.de\/stoerungsmelder\/#\/schema\/person\/36616d3c6078e9f43521af1c23441ed5\",\"name\":\"Paul Hildebrand\",\"image\":{\"@type\":\"ImageObject\",\"inLanguage\":\"de\",\"@id\":\"https:\/\/blog.zeit.de\/stoerungsmelder\/#\/schema\/person\/image\/\",\"url\":\"https:\/\/secure.gravatar.com\/avatar\/5ae9aa9cd961b26706ce5db30b8b7b6944cc7d2a9c2d6e150fc7cf5556d6d422?s=96&d=mm&r=pg\",\"contentUrl\":\"https:\/\/secure.gravatar.com\/avatar\/5ae9aa9cd961b26706ce5db30b8b7b6944cc7d2a9c2d6e150fc7cf5556d6d422?s=96&d=mm&r=pg\",\"caption\":\"Paul Hildebrand\"},\"description\":\"folgt Rechtsextremisten und selbsternannten Patrioten durch Sachsen und berichtet f\u00fcr Stra\u00dfengezwitscher von Demonstrationen. Er studierte Geschichts- und Politikwissenschaften in Erfurt und Leipzig. Seit 2015 arbeitet er als freier Journalist in der heimlichen Hauptstadt Sachsens.\",\"sameAs\":[\"https:\/\/crowdgezwitscher.de\/map\",\"https:\/\/twitter.com\/coverage_LE\"],\"url\":\"https:\/\/blog.zeit.de\/stoerungsmelder\/author\/paulhildebrand\"}]}<\/script>\n<!-- \/ Yoast SEO plugin. -->","yoast_head_json":{"title":"Streit um Compact auf der Leipziger Buchmesse","description":"Auf der Leipziger Buchmesse wurden bei einer Pr\u00e4sentation des rechtspopulistischen Magazins \"Compact\" Journalisten bedr\u00e4ngt und eingesch\u00fcchtert.","robots":{"index":"index","follow":"follow","max-snippet":"max-snippet:-1","max-image-preview":"max-image-preview:large","max-video-preview":"max-video-preview:-1"},"canonical":"https:\/\/blog.zeit.de\/stoerungsmelder\/2017\/03\/30\/streit-um-compact-auf-der-leipziger-buchmesse_23400","og_locale":"de_DE","og_type":"article","og_title":"Streit um Compact auf der Leipziger Buchmesse","og_description":"Auf der Leipziger Buchmesse wurden bei einer Pr\u00e4sentation des rechtspopulistischen Magazins \"Compact\" Journalisten bedr\u00e4ngt und eingesch\u00fcchtert.","og_url":"https:\/\/blog.zeit.de\/stoerungsmelder\/2017\/03\/30\/streit-um-compact-auf-der-leipziger-buchmesse_23400","og_site_name":"St\u00f6rungsmelder","article_published_time":"2017-03-30T15:53:35+00:00","og_image":[{"width":5616,"height":3744,"url":"https:\/\/blog.zeit.de\/stoerungsmelder\/files\/2017\/03\/Beitragsbild-kleiner1.jpg","type":"image\/jpeg"}],"author":"Paul Hildebrand","twitter_card":"summary_large_image","twitter_creator":"@coverage_LE","twitter_misc":{"Geschrieben von":"Paul Hildebrand","Gesch\u00e4tzte Lesezeit":"4\u00a0Minuten"},"schema":{"@context":"https:\/\/schema.org","@graph":[{"@type":"WebPage","@id":"https:\/\/blog.zeit.de\/stoerungsmelder\/2017\/03\/30\/streit-um-compact-auf-der-leipziger-buchmesse_23400","url":"https:\/\/blog.zeit.de\/stoerungsmelder\/2017\/03\/30\/streit-um-compact-auf-der-leipziger-buchmesse_23400","name":"Streit um Compact auf der Leipziger Buchmesse","isPartOf":{"@id":"https:\/\/blog.zeit.de\/stoerungsmelder\/#website"},"datePublished":"2017-03-30T15:53:35+00:00","dateModified":"2017-03-30T15:53:35+00:00","author":{"@id":"https:\/\/blog.zeit.de\/stoerungsmelder\/#\/schema\/person\/36616d3c6078e9f43521af1c23441ed5"},"description":"Auf der Leipziger Buchmesse wurden bei einer Pr\u00e4sentation des rechtspopulistischen Magazins \"Compact\" Journalisten bedr\u00e4ngt und eingesch\u00fcchtert.","breadcrumb":{"@id":"https:\/\/blog.zeit.de\/stoerungsmelder\/2017\/03\/30\/streit-um-compact-auf-der-leipziger-buchmesse_23400#breadcrumb"},"inLanguage":"de","potentialAction":[{"@type":"ReadAction","target":["https:\/\/blog.zeit.de\/stoerungsmelder\/2017\/03\/30\/streit-um-compact-auf-der-leipziger-buchmesse_23400"]}]},{"@type":"BreadcrumbList","@id":"https:\/\/blog.zeit.de\/stoerungsmelder\/2017\/03\/30\/streit-um-compact-auf-der-leipziger-buchmesse_23400#breadcrumb","itemListElement":[{"@type":"ListItem","position":1,"name":"Startseite","item":"https:\/\/blog.zeit.de\/stoerungsmelder"},{"@type":"ListItem","position":2,"name":"Streit um Compact auf der Leipziger Buchmesse"}]},{"@type":"WebSite","@id":"https:\/\/blog.zeit.de\/stoerungsmelder\/#website","url":"https:\/\/blog.zeit.de\/stoerungsmelder\/","name":"St\u00f6rungsmelder","description":"Recherchen und Analysen \u00fcber die extreme Rechte","potentialAction":[{"@type":"SearchAction","target":{"@type":"EntryPoint","urlTemplate":"https:\/\/blog.zeit.de\/stoerungsmelder\/?s={search_term_string}"},"query-input":"required name=search_term_string"}],"inLanguage":"de"},{"@type":"Person","@id":"https:\/\/blog.zeit.de\/stoerungsmelder\/#\/schema\/person\/36616d3c6078e9f43521af1c23441ed5","name":"Paul Hildebrand","image":{"@type":"ImageObject","inLanguage":"de","@id":"https:\/\/blog.zeit.de\/stoerungsmelder\/#\/schema\/person\/image\/","url":"https:\/\/secure.gravatar.com\/avatar\/5ae9aa9cd961b26706ce5db30b8b7b6944cc7d2a9c2d6e150fc7cf5556d6d422?s=96&d=mm&r=pg","contentUrl":"https:\/\/secure.gravatar.com\/avatar\/5ae9aa9cd961b26706ce5db30b8b7b6944cc7d2a9c2d6e150fc7cf5556d6d422?s=96&d=mm&r=pg","caption":"Paul Hildebrand"},"description":"folgt Rechtsextremisten und selbsternannten Patrioten durch Sachsen und berichtet f\u00fcr Stra\u00dfengezwitscher von Demonstrationen. Er studierte Geschichts- und Politikwissenschaften in Erfurt und Leipzig. Seit 2015 arbeitet er als freier Journalist in der heimlichen Hauptstadt Sachsens.","sameAs":["https:\/\/crowdgezwitscher.de\/map","https:\/\/twitter.com\/coverage_LE"],"url":"https:\/\/blog.zeit.de\/stoerungsmelder\/author\/paulhildebrand"}]}},"jetpack_featured_media_url":"https:\/\/blog.zeit.de\/stoerungsmelder\/files\/2017\/03\/Beitragsbild-kleiner1.jpg","jetpack_sharing_enabled":true,"_links":{"self":[{"href":"https:\/\/blog.zeit.de\/stoerungsmelder\/wp-json\/wp\/v2\/posts\/23400","targetHints":{"allow":["GET"]}}],"collection":[{"href":"https:\/\/blog.zeit.de\/stoerungsmelder\/wp-json\/wp\/v2\/posts"}],"about":[{"href":"https:\/\/blog.zeit.de\/stoerungsmelder\/wp-json\/wp\/v2\/types\/post"}],"author":[{"embeddable":true,"href":"https:\/\/blog.zeit.de\/stoerungsmelder\/wp-json\/wp\/v2\/users\/691"}],"replies":[{"embeddable":true,"href":"https:\/\/blog.zeit.de\/stoerungsmelder\/wp-json\/wp\/v2\/comments?post=23400"}],"version-history":[{"count":8,"href":"https:\/\/blog.zeit.de\/stoerungsmelder\/wp-json\/wp\/v2\/posts\/23400\/revisions"}],"predecessor-version":[{"id":23430,"href":"https:\/\/blog.zeit.de\/stoerungsmelder\/wp-json\/wp\/v2\/posts\/23400\/revisions\/23430"}],"wp:featuredmedia":[{"embeddable":true,"href":"https:\/\/blog.zeit.de\/stoerungsmelder\/wp-json\/wp\/v2\/media\/23420"}],"wp:attachment":[{"href":"https:\/\/blog.zeit.de\/stoerungsmelder\/wp-json\/wp\/v2\/media?parent=23400"}],"wp:term":[{"taxonomy":"category","embeddable":true,"href":"https:\/\/blog.zeit.de\/stoerungsmelder\/wp-json\/wp\/v2\/categories?post=23400"},{"taxonomy":"post_tag","embeddable":true,"href":"https:\/\/blog.zeit.de\/stoerungsmelder\/wp-json\/wp\/v2\/tags?post=23400"}],"curies":[{"name":"wp","href":"https:\/\/api.w.org\/{rel}","templated":true}]}}