{"id":23407,"date":"2017-03-29T22:00:45","date_gmt":"2017-03-29T20:00:45","guid":{"rendered":"http:\/\/blog.zeit.de\/stoerungsmelder\/?p=23407"},"modified":"2017-05-11T14:37:56","modified_gmt":"2017-05-11T12:37:56","slug":"horst-mahler","status":"publish","type":"post","link":"https:\/\/blog.zeit.de\/stoerungsmelder\/2017\/03\/29\/horst-mahler_23407","title":{"rendered":"Trotz Haftstrafe: Horst Mahler bleibt auf freiem Fu\u00df"},"content":{"rendered":"<p><figure id=\"attachment_23412\" aria-describedby=\"caption-attachment-23412\" style=\"width: 610px\" class=\"wp-caption aligncenter\"><img loading=\"lazy\" decoding=\"async\" class=\"wp-image-23412 size-full\" src=\"https:\/\/blog.zeit.de\/stoerungsmelder\/files\/2017\/03\/65243267.jpg.7214496.jpg\" alt=\"\" width=\"610\" height=\"473\" \/><figcaption id=\"caption-attachment-23412\" class=\"wp-caption-text\">Der RAF-Mitbegr\u00fcnder und ehemalige NPD-Anwalt Horst Mahler zum Beginn des Prozess wegen Volksverhetzung im Landgericht Potsdam 2008. Foto: B. Settnik\/dpa (Archiv)<\/figcaption><\/figure><\/p>\n<p>Horst Mahler soll seine Haftstrafe wegen Volksverhetzung eigentlich noch bis 2018 in der JVA Brandenburg\/Havel absitzen. Der Holocaust-Leugner kann die Haft aus gesundheitlichen Gr\u00fcnden jedoch nicht antreten &#8211; h\u00e4lt aber wieder Vortr\u00e4ge bei Neonazis.<!--more--><\/p>\n<p><em>Von Ren\u00e9 Garzke, <a href=\"http:\/\/www.pnn.de\/brandenburg-berlin\/1170376\/\">Potsdamer Neueste Nachrichten<\/a><\/em><\/p>\n<p>JJahrelang sa\u00df er hinter Gittern, jetzt ist er auf freiem Fu\u00df und tourt durch die Bundesrepublik: der verurteilte Holocaust-Leugner und fr\u00fchere RAF-Anwalt Horst Mahler. Zehn Jahre sollte der 81-J\u00e4hrige urspr\u00fcnglich wegen Volksverhetzung in Dutzenden F\u00e4llen in der JVA Brandenburg\/Havel absitzen. Aus dem Gef\u00e4ngnis w\u00e4re er dann erst 2018 wieder freigekommen. Davor aber rettete ihn jetzt sein gesundheitlicher Zustand, er leidet an Diabetes, <a href=\"http:\/\/www.pnn.de\/brandenburg-berlin\/989415\/\">der linke Unterschenkel wurde ihm amputiert<\/a>.<\/p>\n<p>Seither ist er faktisch auf freiem Fu\u00df. Danach folgte eine lange juristische Auseinandersetzung: Im September 2015 hatte die Potsdamer Strafvollstreckungskammer am Landgericht auf Mahlers Antrag entschieden, dass der Neonazi nach Verb\u00fc\u00dfung von zwei Dritteln seiner zehnj\u00e4hrigen Haft auf eine vierj\u00e4hrige Bew\u00e4hrung freikommen soll \u2013 wegen seines \u201eschwerst desolaten Zustandes\u201c. Die zust\u00e4ndige Staatsanwaltschaft M\u00fcnchen II legte Beschwerde beim Oberlandesgericht Brandenburg (OLG) ein. Das wiederum <a href=\"http:\/\/www.pnn.de\/brandenburg-berlin\/1042822\/\">entschied im Dezember 2015<\/a>: Mahler muss die Haft vollst\u00e4ndig bis 2018 absitzen. Doch auf freiem Fu\u00df ist er offenbar wegen eines sogenannten Strafausstandes, hie\u00df es aus Justizkreisen \u2013 also weil er die Haft wegen seines Gesundheitszustandes nicht wieder antreten kann. Offiziell best\u00e4tigen wollte dies die Staatsanwaltschaft M\u00fcnchen II jedoch nicht. Vollstreckungsverfahren seien grunds\u00e4tzlich nicht \u00f6ffentlich.<\/p>\n<p>https:\/\/twitter.com\/ReneGarzke\/status\/847176553494663168<\/p>\n<p><strong>Mahler h\u00e4lt antisemitische Vortr\u00e4ge: &#8222;Die Judenheit ist der Feind&#8220;<br \/>\n<\/strong><br \/>\nResozialisierend haben die Jahre hinter Gittern bei Mahler offenbar aber nicht gewirkt. Auf rechtsextremen YouTube-Accounts wurde ein Mitschnitt eines Vortrages vom 9. Januar dieses Jahres hochgeladen, gehalten von Mahler in der N\u00e4he von Mannheim. Der Inhalt: Antisemitismus und Volksverhetzung. Etwa: \u201eDie Judenheit ist in der Tat der Feind.\u201c Oder: \u201eDas ist der Auftrag an die Judenheit, der bis heute von ihr erf\u00fcllt wird. Sie sind darauf aus, die V\u00f6lker regelrecht zu vernichten.\u201c Unter Vernichtung sei dabei \u201eauch ihre Versklavung\u201c zu verstehen. \u201eDas ist das Ziel dieses Volkes von Anfang an und er ist nie aufgegeben worden\u201c, hetzte Mahler.<\/p>\n<p>Vor dem OLG hatten schon die JVA Brandenburg\/Havel und die M\u00fcnchener Staatsanwaltschaft erkl\u00e4rt, dass weitere Straftaten Mahlers zu erwarten seien. Er weise eine \u201everfestigte kriminelle Pers\u00f6nlichkeitsstruktur\u201c auf. Auch das OLG entschied dann: Eine positive Sozialprognose f\u00fcr ein straffreies Leben sei nicht zu erwarten. <a href=\"http:\/\/www.pnn.de\/brandenburg-berlin\/797264\/\">Auch aus dem Gef\u00e4ngnis heraus verbreite Mahler antisemitische Pamphlete<\/a>. Am Landgericht Potsdam sind nach Auskunft der Staatsanwaltschaft Cottbus deshalb zwei weitere Verfahren wegen Volksverhetzung anh\u00e4ngig.<\/p>\n<p><strong>Mahler tritt im April wieder auf<br \/>\n<\/strong><br \/>\nIn der Neonazi-Szene ist Mahler offenbar wieder ein beliebter Referent. Schon in anderthalb Wochen, am Samstag, dem 8. April, wird wieder ein Vortrag mit Mahler beworben. Diesmal im th\u00fcringischen Eisenach, in der dortigen NPD-Zentrale. Den Beh\u00f6rden ist die Veranstaltung bereits bekannt, wie ein Sprecher der Landespolizeidirektion den PNN sagte. Ein Polizei-Einsatz werde vorbereitet. Angek\u00fcndigt sind auch Gegenproteste. Dass solche Veranstaltungen in der NPD-Zentrale stattfinden, best\u00e4tige \u201edas verfassungsfeindliche, rechtsextreme\u201c Wesen der Partei, so das B\u00fcndnis gegen Rechtsextremismus Eisenach.<\/p>\n","protected":false},"excerpt":{"rendered":"<p>Horst Mahler soll seine Haftstrafe wegen Volksverhetzung eigentlich noch bis 2018 in der JVA Brandenburg\/Havel absitzen. Der Holocaust-Leugner kann die Haft aus gesundheitlichen Gr\u00fcnden jedoch nicht antreten &#8211; h\u00e4lt aber wieder Vortr\u00e4ge bei Neonazis.<\/p>\n","protected":false},"author":534,"featured_media":23412,"comment_status":"open","ping_status":"open","sticky":false,"template":"","format":"standard","meta":{"_jetpack_memberships_contains_paid_content":false,"footnotes":""},"categories":[1515],"tags":[1611],"class_list":["post-23407","post","type-post","status-publish","format-standard","has-post-thumbnail","hentry","category-bundesweit","tag-horst-mahler"],"yoast_head":"<!-- This site is optimized with the Yoast SEO plugin v21.0 - https:\/\/yoast.com\/wordpress\/plugins\/seo\/ -->\n<title>Trotz Haftstrafe: Horst Mahler bleibt auf freiem Fu\u00df - St\u00f6rungsmelder<\/title>\n<meta name=\"robots\" content=\"index, follow, max-snippet:-1, max-image-preview:large, max-video-preview:-1\" \/>\n<link rel=\"canonical\" href=\"https:\/\/blog.zeit.de\/stoerungsmelder\/2017\/03\/29\/horst-mahler_23407\" \/>\n<meta property=\"og:locale\" content=\"de_DE\" \/>\n<meta property=\"og:type\" content=\"article\" \/>\n<meta property=\"og:title\" content=\"Trotz Haftstrafe: Horst Mahler bleibt auf freiem Fu\u00df - St\u00f6rungsmelder\" \/>\n<meta property=\"og:description\" content=\"Horst Mahler soll seine Haftstrafe wegen Volksverhetzung eigentlich noch bis 2018 in der JVA Brandenburg\/Havel absitzen. Der Holocaust-Leugner kann die Haft aus gesundheitlichen Gr\u00fcnden jedoch nicht antreten &#8211; h\u00e4lt aber wieder Vortr\u00e4ge bei Neonazis.\" \/>\n<meta property=\"og:url\" content=\"https:\/\/blog.zeit.de\/stoerungsmelder\/2017\/03\/29\/horst-mahler_23407\" \/>\n<meta property=\"og:site_name\" content=\"St\u00f6rungsmelder\" \/>\n<meta property=\"article:published_time\" content=\"2017-03-29T20:00:45+00:00\" \/>\n<meta property=\"article:modified_time\" content=\"2017-05-11T12:37:56+00:00\" \/>\n<meta property=\"og:image\" content=\"https:\/\/blog.zeit.de\/stoerungsmelder\/files\/2017\/03\/65243267.jpg.7214496.jpg\" \/>\n\t<meta property=\"og:image:width\" content=\"610\" \/>\n\t<meta property=\"og:image:height\" content=\"473\" \/>\n\t<meta property=\"og:image:type\" content=\"image\/jpeg\" \/>\n<meta name=\"author\" content=\"Ren\u00e9 Garzke\" \/>\n<meta name=\"twitter:card\" content=\"summary_large_image\" \/>\n<meta name=\"twitter:label1\" content=\"Geschrieben von\" \/>\n\t<meta name=\"twitter:data1\" content=\"Ren\u00e9 Garzke\" \/>\n\t<meta name=\"twitter:label2\" content=\"Gesch\u00e4tzte Lesezeit\" \/>\n\t<meta name=\"twitter:data2\" content=\"3\u00a0Minuten\" \/>\n<script type=\"application\/ld+json\" class=\"yoast-schema-graph\">{\"@context\":\"https:\/\/schema.org\",\"@graph\":[{\"@type\":\"WebPage\",\"@id\":\"https:\/\/blog.zeit.de\/stoerungsmelder\/2017\/03\/29\/horst-mahler_23407\",\"url\":\"https:\/\/blog.zeit.de\/stoerungsmelder\/2017\/03\/29\/horst-mahler_23407\",\"name\":\"Trotz Haftstrafe: Horst Mahler bleibt auf freiem Fu\u00df - St\u00f6rungsmelder\",\"isPartOf\":{\"@id\":\"https:\/\/blog.zeit.de\/stoerungsmelder\/#website\"},\"datePublished\":\"2017-03-29T20:00:45+00:00\",\"dateModified\":\"2017-05-11T12:37:56+00:00\",\"author\":{\"@id\":\"https:\/\/blog.zeit.de\/stoerungsmelder\/#\/schema\/person\/0bdfaacd75671a9cfc1e99f8b10ba2c9\"},\"breadcrumb\":{\"@id\":\"https:\/\/blog.zeit.de\/stoerungsmelder\/2017\/03\/29\/horst-mahler_23407#breadcrumb\"},\"inLanguage\":\"de\",\"potentialAction\":[{\"@type\":\"ReadAction\",\"target\":[\"https:\/\/blog.zeit.de\/stoerungsmelder\/2017\/03\/29\/horst-mahler_23407\"]}]},{\"@type\":\"BreadcrumbList\",\"@id\":\"https:\/\/blog.zeit.de\/stoerungsmelder\/2017\/03\/29\/horst-mahler_23407#breadcrumb\",\"itemListElement\":[{\"@type\":\"ListItem\",\"position\":1,\"name\":\"Startseite\",\"item\":\"https:\/\/blog.zeit.de\/stoerungsmelder\"},{\"@type\":\"ListItem\",\"position\":2,\"name\":\"Trotz Haftstrafe: Horst Mahler bleibt auf freiem Fu\u00df\"}]},{\"@type\":\"WebSite\",\"@id\":\"https:\/\/blog.zeit.de\/stoerungsmelder\/#website\",\"url\":\"https:\/\/blog.zeit.de\/stoerungsmelder\/\",\"name\":\"St\u00f6rungsmelder\",\"description\":\"Recherchen und Analysen \u00fcber die extreme Rechte\",\"potentialAction\":[{\"@type\":\"SearchAction\",\"target\":{\"@type\":\"EntryPoint\",\"urlTemplate\":\"https:\/\/blog.zeit.de\/stoerungsmelder\/?s={search_term_string}\"},\"query-input\":\"required name=search_term_string\"}],\"inLanguage\":\"de\"},{\"@type\":\"Person\",\"@id\":\"https:\/\/blog.zeit.de\/stoerungsmelder\/#\/schema\/person\/0bdfaacd75671a9cfc1e99f8b10ba2c9\",\"name\":\"Ren\u00e9 Garzke\",\"image\":{\"@type\":\"ImageObject\",\"inLanguage\":\"de\",\"@id\":\"https:\/\/blog.zeit.de\/stoerungsmelder\/#\/schema\/person\/image\/\",\"url\":\"https:\/\/secure.gravatar.com\/avatar\/c8018bd28902c637afe3453f89a8a41941f896097cbf605ab61a2aad66597586?s=96&d=mm&r=pg\",\"contentUrl\":\"https:\/\/secure.gravatar.com\/avatar\/c8018bd28902c637afe3453f89a8a41941f896097cbf605ab61a2aad66597586?s=96&d=mm&r=pg\",\"caption\":\"Ren\u00e9 Garzke\"},\"url\":\"https:\/\/blog.zeit.de\/stoerungsmelder\/author\/rene\"}]}<\/script>\n<!-- \/ Yoast SEO plugin. -->","yoast_head_json":{"title":"Trotz Haftstrafe: Horst Mahler bleibt auf freiem Fu\u00df - St\u00f6rungsmelder","robots":{"index":"index","follow":"follow","max-snippet":"max-snippet:-1","max-image-preview":"max-image-preview:large","max-video-preview":"max-video-preview:-1"},"canonical":"https:\/\/blog.zeit.de\/stoerungsmelder\/2017\/03\/29\/horst-mahler_23407","og_locale":"de_DE","og_type":"article","og_title":"Trotz Haftstrafe: Horst Mahler bleibt auf freiem Fu\u00df - St\u00f6rungsmelder","og_description":"Horst Mahler soll seine Haftstrafe wegen Volksverhetzung eigentlich noch bis 2018 in der JVA Brandenburg\/Havel absitzen. Der Holocaust-Leugner kann die Haft aus gesundheitlichen Gr\u00fcnden jedoch nicht antreten &#8211; h\u00e4lt aber wieder Vortr\u00e4ge bei Neonazis.","og_url":"https:\/\/blog.zeit.de\/stoerungsmelder\/2017\/03\/29\/horst-mahler_23407","og_site_name":"St\u00f6rungsmelder","article_published_time":"2017-03-29T20:00:45+00:00","article_modified_time":"2017-05-11T12:37:56+00:00","og_image":[{"width":610,"height":473,"url":"https:\/\/blog.zeit.de\/stoerungsmelder\/files\/2017\/03\/65243267.jpg.7214496.jpg","type":"image\/jpeg"}],"author":"Ren\u00e9 Garzke","twitter_card":"summary_large_image","twitter_misc":{"Geschrieben von":"Ren\u00e9 Garzke","Gesch\u00e4tzte Lesezeit":"3\u00a0Minuten"},"schema":{"@context":"https:\/\/schema.org","@graph":[{"@type":"WebPage","@id":"https:\/\/blog.zeit.de\/stoerungsmelder\/2017\/03\/29\/horst-mahler_23407","url":"https:\/\/blog.zeit.de\/stoerungsmelder\/2017\/03\/29\/horst-mahler_23407","name":"Trotz Haftstrafe: Horst Mahler bleibt auf freiem Fu\u00df - St\u00f6rungsmelder","isPartOf":{"@id":"https:\/\/blog.zeit.de\/stoerungsmelder\/#website"},"datePublished":"2017-03-29T20:00:45+00:00","dateModified":"2017-05-11T12:37:56+00:00","author":{"@id":"https:\/\/blog.zeit.de\/stoerungsmelder\/#\/schema\/person\/0bdfaacd75671a9cfc1e99f8b10ba2c9"},"breadcrumb":{"@id":"https:\/\/blog.zeit.de\/stoerungsmelder\/2017\/03\/29\/horst-mahler_23407#breadcrumb"},"inLanguage":"de","potentialAction":[{"@type":"ReadAction","target":["https:\/\/blog.zeit.de\/stoerungsmelder\/2017\/03\/29\/horst-mahler_23407"]}]},{"@type":"BreadcrumbList","@id":"https:\/\/blog.zeit.de\/stoerungsmelder\/2017\/03\/29\/horst-mahler_23407#breadcrumb","itemListElement":[{"@type":"ListItem","position":1,"name":"Startseite","item":"https:\/\/blog.zeit.de\/stoerungsmelder"},{"@type":"ListItem","position":2,"name":"Trotz Haftstrafe: Horst Mahler bleibt auf freiem Fu\u00df"}]},{"@type":"WebSite","@id":"https:\/\/blog.zeit.de\/stoerungsmelder\/#website","url":"https:\/\/blog.zeit.de\/stoerungsmelder\/","name":"St\u00f6rungsmelder","description":"Recherchen und Analysen \u00fcber die extreme Rechte","potentialAction":[{"@type":"SearchAction","target":{"@type":"EntryPoint","urlTemplate":"https:\/\/blog.zeit.de\/stoerungsmelder\/?s={search_term_string}"},"query-input":"required name=search_term_string"}],"inLanguage":"de"},{"@type":"Person","@id":"https:\/\/blog.zeit.de\/stoerungsmelder\/#\/schema\/person\/0bdfaacd75671a9cfc1e99f8b10ba2c9","name":"Ren\u00e9 Garzke","image":{"@type":"ImageObject","inLanguage":"de","@id":"https:\/\/blog.zeit.de\/stoerungsmelder\/#\/schema\/person\/image\/","url":"https:\/\/secure.gravatar.com\/avatar\/c8018bd28902c637afe3453f89a8a41941f896097cbf605ab61a2aad66597586?s=96&d=mm&r=pg","contentUrl":"https:\/\/secure.gravatar.com\/avatar\/c8018bd28902c637afe3453f89a8a41941f896097cbf605ab61a2aad66597586?s=96&d=mm&r=pg","caption":"Ren\u00e9 Garzke"},"url":"https:\/\/blog.zeit.de\/stoerungsmelder\/author\/rene"}]}},"jetpack_featured_media_url":"https:\/\/blog.zeit.de\/stoerungsmelder\/files\/2017\/03\/65243267.jpg.7214496.jpg","jetpack_sharing_enabled":true,"_links":{"self":[{"href":"https:\/\/blog.zeit.de\/stoerungsmelder\/wp-json\/wp\/v2\/posts\/23407","targetHints":{"allow":["GET"]}}],"collection":[{"href":"https:\/\/blog.zeit.de\/stoerungsmelder\/wp-json\/wp\/v2\/posts"}],"about":[{"href":"https:\/\/blog.zeit.de\/stoerungsmelder\/wp-json\/wp\/v2\/types\/post"}],"author":[{"embeddable":true,"href":"https:\/\/blog.zeit.de\/stoerungsmelder\/wp-json\/wp\/v2\/users\/534"}],"replies":[{"embeddable":true,"href":"https:\/\/blog.zeit.de\/stoerungsmelder\/wp-json\/wp\/v2\/comments?post=23407"}],"version-history":[{"count":12,"href":"https:\/\/blog.zeit.de\/stoerungsmelder\/wp-json\/wp\/v2\/posts\/23407\/revisions"}],"predecessor-version":[{"id":23764,"href":"https:\/\/blog.zeit.de\/stoerungsmelder\/wp-json\/wp\/v2\/posts\/23407\/revisions\/23764"}],"wp:featuredmedia":[{"embeddable":true,"href":"https:\/\/blog.zeit.de\/stoerungsmelder\/wp-json\/wp\/v2\/media\/23412"}],"wp:attachment":[{"href":"https:\/\/blog.zeit.de\/stoerungsmelder\/wp-json\/wp\/v2\/media?parent=23407"}],"wp:term":[{"taxonomy":"category","embeddable":true,"href":"https:\/\/blog.zeit.de\/stoerungsmelder\/wp-json\/wp\/v2\/categories?post=23407"},{"taxonomy":"post_tag","embeddable":true,"href":"https:\/\/blog.zeit.de\/stoerungsmelder\/wp-json\/wp\/v2\/tags?post=23407"}],"curies":[{"name":"wp","href":"https:\/\/api.w.org\/{rel}","templated":true}]}}