{"id":235,"date":"2008-02-14T15:44:24","date_gmt":"2008-02-14T14:44:24","guid":{"rendered":"http:\/\/blog.zeit.de\/stoerungsmelder\/2008\/02\/14\/aktiv-gegen-rechts-werden-aber-wie_235"},"modified":"2008-02-14T15:44:24","modified_gmt":"2008-02-14T14:44:24","slug":"aktiv-gegen-rechts-werden-aber-wie","status":"publish","type":"post","link":"https:\/\/blog.zeit.de\/stoerungsmelder\/2008\/02\/14\/aktiv-gegen-rechts-werden-aber-wie_235","title":{"rendered":"Aktiv gegen rechts werden! Aber wie?"},"content":{"rendered":"<p>Im St\u00f6rungsmelder diskutieren wir viel \u00fcber verschiedenste Erscheinungsformen der extremen Rechten. Ziel ist es, den Nazis inhaltlich das Wasser abzugraben. Doch wie k\u00f6nnen Aktionen gegen Rechts im Alltag konkret aussehen? Was f\u00fcr erfolgreiche Initiativen gibt es? Welche Beispiele gelungenger Gegenwehr gegen Rechts sind Euch bekannt? Es wird Zeit, gelungene Strategien gegen Rechts zu sammeln und zu diskutieren.<!--more--><\/p>\n<p>Einige Beispiele:<\/p>\n<p>&#8211; Ich organisiere in Hamburg  zusammen mit vielen Jugendlichen und jungen Erwachsenen immer im November die Aktionstage &#8222;<a href=\"http:\/\/www.agfj.org\/cms\/html\/modules.php?op=modload&amp;name=PagEd&amp;file=index&amp;page_id=7\" title=\"respekt-Programme\">respekt<\/a> &#8211; gegen allt\u00e4gliche gleichg\u00fcltigkeit&#8220;. Bei respekt werden kostenlos verschiedene Workshops zumThema Rechtsextremismus, Rassismus und Antisemitismus angeboten, Zeitzeugen erz\u00e4hlen ihre Geschichte der Verfolgung durch die Nazis oder die Geschichte ihres antifaschistischen Widerstandes und zudem werden Vortr\u00e4ge gehalten, Filme gezeigt und Aktionen durchgef\u00fchrt. Jedes Jahr kommen 300 &#8211; 400 Leute zu dieser &#8211; wie ich finde &#8211; erfolgreichen antifaschistischen Veranstaltung.<\/p>\n<p>&#8211; Die Hamburger Initiative &#8222;Keine Stimme den Nazis&#8220; berichtet von einer erfolgreichen <a href=\"http:\/\/www.keine-stimme-den-nazis.org\/index.php?option=com_content&amp;task=view&amp;id=234&amp;Itemid=34\" title=\"Blockade Infotisch\">Isolierungsaktion<\/a> gegen einen Info-Tisch der rechstextremen Deutschen Volksunion (DVU) im Stadtteil Harburg: durch einen eigenen Infotisch der Initiative und durch massive Absperrungen der Polizei fanden nur sehr wenig Passanten den Weg zu der rechtsextremen Hetze. F\u00fcr kommenden Sonntag ruft die Initative zu einer <a href=\"http:\/\/www.keine-stimme-den-nazis.org\/index.php?option=com_content&amp;task=view&amp;id=233&amp;Itemid=34\" title=\"Protestkundgebung gegen DVU\">Protestkundgebung<\/a> gegen eine Gro\u00dfveranstaltung der DVU auf.<\/p>\n<p>&#8211; Der FC St. Pauli war der erste Fussballclub, der u.a. das Rufen rechtsradikaler, rassistischer, antisemitischer und sexistischer Parolen durch die <a href=\"http:\/\/www.fcstpauli.com\/pics\/medien\/1_1186072804\/_tadionordnung.pdf\" title=\"Stadionordnung FC St. Pauli\">Stadionordnung<\/a> verboten hat.  Verst\u00f6\u00dfe gegen diese Verbote f\u00fchren zum Stadionverbot. Erfreulicherweise folgen mehr und mehr Fu\u00dfballclubs diesem Beispiel.<\/p>\n<p>&#8211; Wie auch schon im St\u00f6rungsmelder <a href=\"https:\/\/blog.zeit.de\/stoerungsmelder\/2008\/02\/12\/zivilcourage-was-ist-das-eigentlich_230\" title=\"St\u00f6rungsmelder-Posting\">beschrieben<\/a>, bewerben sich immer mehr Schulen f\u00fcr den Titel &#8222;<a href=\"http:\/\/www.schule-ohne-rassismus.org\/\" title=\"Homepage Schule ohne Rassismus\">Schule ohne Rassimus<\/a>&#8220; und dokumentieren so mit einer Vielzahl von Aktionen ihr Engagement gegen Rechts. Schule ohne Rassismus ist ein Projekt von und f\u00fcr Sch\u00fclerInnen, die gegen alle Formen von Diskriminierung, insbesondere Rassismus, aktiv vorgehen und einen Beitrag zu einer gewaltfreien, demokratischen Gesellschaft leisten wollen.<\/p>\n<p>&#8211; Gemeinsam k\u00f6nnen Nazischmierereien \u00fcbergemalt, Aufkleber gegen Rechts produziert und <a href=\"http:\/\/www.apabiz.de\/publikation\/kban.pdf\" title=\"Sch\u00fclerzeitung gegen Rechts\">antifaschistische Zeitungen<\/a> verteilt werden.<\/p>\n<p>&#8211; Sinnvoll ist es, z.B. im Unterricht die menschenverachtende Schulhof-CD der NPD inhaltlich auseinanderzunehmen. Hierzu gibt es eine sehr gute <a href=\"http:\/\/www.arbeitsstelle-neonazismus.de\/news_more.php?ind=36\" title=\"Argumente gegen Schulhof-CD\">Argumentationshilfe .<\/a><\/p>\n<p>&#8211; Es gibt mittlerweile eine Vielzahl interessanter Links im Internet gegen Rechtsextremismus. Hier findet ihr viele hilfreiche Tips zum Aktivwerden gegen Rechts: bei der <a href=\"http:\/\/www.uni-kassel.de\/fb5\/politikwissenschaft\/Didaktik\/rechtslinks.html\" title=\"Linkliste gegen rechtsextremismus\">Linkliste<\/a> gegen Rechtsextremismus, beim antifaschistischen Pressearchiv und Bildungszentrum Berlin <a href=\"http:\/\/www.apabiz.de\/netz\/InfosAktionen.htm\" title=\"apabiz.de\">www.apabiz.de<\/a> oder auf der Seite <a href=\"http:\/\/www.hagalil.de\/\" title=\"www.hagalil.de\">www.hagalil.de<\/a> die \u00fcber j\u00fcdisches Leben und die Gefahr des Antisemitismus informiert.<\/p>\n<p>Was f\u00fcr Aktionen sind Euch bekannt? Welche Initiativen und Strategien versprechen Erfolg? Wie k\u00f6nnen wir die Nazis am Besten zur\u00fcckdr\u00e4ngen?  Was f\u00e4llt Euch ein?<\/p>\n","protected":false},"excerpt":{"rendered":"<p>Im St\u00f6rungsmelder diskutieren wir viel \u00fcber verschiedenste Erscheinungsformen der extremen Rechten. Ziel ist es, den Nazis inhaltlich das Wasser abzugraben. Doch wie k\u00f6nnen Aktionen gegen Rechts im Alltag konkret aussehen? Was f\u00fcr erfolgreiche Initiativen gibt es? Welche Beispiele gelungenger Gegenwehr gegen Rechts sind Euch bekannt? Es wird Zeit, gelungene Strategien gegen Rechts zu sammeln und [&hellip;]<\/p>\n","protected":false},"author":222,"featured_media":0,"comment_status":"open","ping_status":"open","sticky":false,"template":"","format":"standard","meta":{"_jetpack_memberships_contains_paid_content":false,"footnotes":""},"categories":[1515],"tags":[1578],"class_list":["post-235","post","type-post","status-publish","format-standard","hentry","category-bundesweit","tag-gegenstrategien"],"yoast_head":"<!-- This site is optimized with the Yoast SEO plugin v21.0 - https:\/\/yoast.com\/wordpress\/plugins\/seo\/ -->\n<title>Aktiv gegen rechts werden! Aber wie? - St\u00f6rungsmelder<\/title>\n<meta name=\"robots\" content=\"index, follow, max-snippet:-1, max-image-preview:large, max-video-preview:-1\" \/>\n<link rel=\"canonical\" href=\"https:\/\/blog.zeit.de\/stoerungsmelder\/2008\/02\/14\/aktiv-gegen-rechts-werden-aber-wie_235\" \/>\n<meta property=\"og:locale\" content=\"de_DE\" \/>\n<meta property=\"og:type\" content=\"article\" \/>\n<meta property=\"og:title\" content=\"Aktiv gegen rechts werden! Aber wie? - St\u00f6rungsmelder\" \/>\n<meta property=\"og:description\" content=\"Im St\u00f6rungsmelder diskutieren wir viel \u00fcber verschiedenste Erscheinungsformen der extremen Rechten. Ziel ist es, den Nazis inhaltlich das Wasser abzugraben. Doch wie k\u00f6nnen Aktionen gegen Rechts im Alltag konkret aussehen? Was f\u00fcr erfolgreiche Initiativen gibt es? Welche Beispiele gelungenger Gegenwehr gegen Rechts sind Euch bekannt? Es wird Zeit, gelungene Strategien gegen Rechts zu sammeln und [&hellip;]\" \/>\n<meta property=\"og:url\" content=\"https:\/\/blog.zeit.de\/stoerungsmelder\/2008\/02\/14\/aktiv-gegen-rechts-werden-aber-wie_235\" \/>\n<meta property=\"og:site_name\" content=\"St\u00f6rungsmelder\" \/>\n<meta property=\"article:published_time\" content=\"2008-02-14T14:44:24+00:00\" \/>\n<meta name=\"author\" content=\"Jan Jetter\" \/>\n<meta name=\"twitter:card\" content=\"summary_large_image\" \/>\n<meta name=\"twitter:label1\" content=\"Geschrieben von\" \/>\n\t<meta name=\"twitter:data1\" content=\"Jan Jetter\" \/>\n\t<meta name=\"twitter:label2\" content=\"Gesch\u00e4tzte Lesezeit\" \/>\n\t<meta name=\"twitter:data2\" content=\"2\u00a0Minuten\" \/>\n<script type=\"application\/ld+json\" class=\"yoast-schema-graph\">{\"@context\":\"https:\/\/schema.org\",\"@graph\":[{\"@type\":\"WebPage\",\"@id\":\"https:\/\/blog.zeit.de\/stoerungsmelder\/2008\/02\/14\/aktiv-gegen-rechts-werden-aber-wie_235\",\"url\":\"https:\/\/blog.zeit.de\/stoerungsmelder\/2008\/02\/14\/aktiv-gegen-rechts-werden-aber-wie_235\",\"name\":\"Aktiv gegen rechts werden! Aber wie? - St\u00f6rungsmelder\",\"isPartOf\":{\"@id\":\"https:\/\/blog.zeit.de\/stoerungsmelder\/#website\"},\"datePublished\":\"2008-02-14T14:44:24+00:00\",\"dateModified\":\"2008-02-14T14:44:24+00:00\",\"author\":{\"@id\":\"https:\/\/blog.zeit.de\/stoerungsmelder\/#\/schema\/person\/a7da6ffb04f4cd2c86b3e3ef179aa17a\"},\"breadcrumb\":{\"@id\":\"https:\/\/blog.zeit.de\/stoerungsmelder\/2008\/02\/14\/aktiv-gegen-rechts-werden-aber-wie_235#breadcrumb\"},\"inLanguage\":\"de\",\"potentialAction\":[{\"@type\":\"ReadAction\",\"target\":[\"https:\/\/blog.zeit.de\/stoerungsmelder\/2008\/02\/14\/aktiv-gegen-rechts-werden-aber-wie_235\"]}]},{\"@type\":\"BreadcrumbList\",\"@id\":\"https:\/\/blog.zeit.de\/stoerungsmelder\/2008\/02\/14\/aktiv-gegen-rechts-werden-aber-wie_235#breadcrumb\",\"itemListElement\":[{\"@type\":\"ListItem\",\"position\":1,\"name\":\"Startseite\",\"item\":\"https:\/\/blog.zeit.de\/stoerungsmelder\"},{\"@type\":\"ListItem\",\"position\":2,\"name\":\"Aktiv gegen rechts werden! Aber wie?\"}]},{\"@type\":\"WebSite\",\"@id\":\"https:\/\/blog.zeit.de\/stoerungsmelder\/#website\",\"url\":\"https:\/\/blog.zeit.de\/stoerungsmelder\/\",\"name\":\"St\u00f6rungsmelder\",\"description\":\"Recherchen und Analysen \u00fcber die extreme Rechte\",\"potentialAction\":[{\"@type\":\"SearchAction\",\"target\":{\"@type\":\"EntryPoint\",\"urlTemplate\":\"https:\/\/blog.zeit.de\/stoerungsmelder\/?s={search_term_string}\"},\"query-input\":\"required name=search_term_string\"}],\"inLanguage\":\"de\"},{\"@type\":\"Person\",\"@id\":\"https:\/\/blog.zeit.de\/stoerungsmelder\/#\/schema\/person\/a7da6ffb04f4cd2c86b3e3ef179aa17a\",\"name\":\"Jan Jetter\",\"image\":{\"@type\":\"ImageObject\",\"inLanguage\":\"de\",\"@id\":\"https:\/\/blog.zeit.de\/stoerungsmelder\/#\/schema\/person\/image\/\",\"url\":\"https:\/\/secure.gravatar.com\/avatar\/e0e4e181dfdaf618bd1e60990afe2a233c3d74deccf13e756c794ec8311b50a5?s=96&d=mm&r=pg\",\"contentUrl\":\"https:\/\/secure.gravatar.com\/avatar\/e0e4e181dfdaf618bd1e60990afe2a233c3d74deccf13e756c794ec8311b50a5?s=96&d=mm&r=pg\",\"caption\":\"Jan Jetter\"},\"url\":\"https:\/\/blog.zeit.de\/stoerungsmelder\/author\/jan-jetter\"}]}<\/script>\n<!-- \/ Yoast SEO plugin. -->","yoast_head_json":{"title":"Aktiv gegen rechts werden! Aber wie? - St\u00f6rungsmelder","robots":{"index":"index","follow":"follow","max-snippet":"max-snippet:-1","max-image-preview":"max-image-preview:large","max-video-preview":"max-video-preview:-1"},"canonical":"https:\/\/blog.zeit.de\/stoerungsmelder\/2008\/02\/14\/aktiv-gegen-rechts-werden-aber-wie_235","og_locale":"de_DE","og_type":"article","og_title":"Aktiv gegen rechts werden! Aber wie? - St\u00f6rungsmelder","og_description":"Im St\u00f6rungsmelder diskutieren wir viel \u00fcber verschiedenste Erscheinungsformen der extremen Rechten. Ziel ist es, den Nazis inhaltlich das Wasser abzugraben. Doch wie k\u00f6nnen Aktionen gegen Rechts im Alltag konkret aussehen? Was f\u00fcr erfolgreiche Initiativen gibt es? Welche Beispiele gelungenger Gegenwehr gegen Rechts sind Euch bekannt? Es wird Zeit, gelungene Strategien gegen Rechts zu sammeln und [&hellip;]","og_url":"https:\/\/blog.zeit.de\/stoerungsmelder\/2008\/02\/14\/aktiv-gegen-rechts-werden-aber-wie_235","og_site_name":"St\u00f6rungsmelder","article_published_time":"2008-02-14T14:44:24+00:00","author":"Jan Jetter","twitter_card":"summary_large_image","twitter_misc":{"Geschrieben von":"Jan Jetter","Gesch\u00e4tzte Lesezeit":"2\u00a0Minuten"},"schema":{"@context":"https:\/\/schema.org","@graph":[{"@type":"WebPage","@id":"https:\/\/blog.zeit.de\/stoerungsmelder\/2008\/02\/14\/aktiv-gegen-rechts-werden-aber-wie_235","url":"https:\/\/blog.zeit.de\/stoerungsmelder\/2008\/02\/14\/aktiv-gegen-rechts-werden-aber-wie_235","name":"Aktiv gegen rechts werden! Aber wie? - St\u00f6rungsmelder","isPartOf":{"@id":"https:\/\/blog.zeit.de\/stoerungsmelder\/#website"},"datePublished":"2008-02-14T14:44:24+00:00","dateModified":"2008-02-14T14:44:24+00:00","author":{"@id":"https:\/\/blog.zeit.de\/stoerungsmelder\/#\/schema\/person\/a7da6ffb04f4cd2c86b3e3ef179aa17a"},"breadcrumb":{"@id":"https:\/\/blog.zeit.de\/stoerungsmelder\/2008\/02\/14\/aktiv-gegen-rechts-werden-aber-wie_235#breadcrumb"},"inLanguage":"de","potentialAction":[{"@type":"ReadAction","target":["https:\/\/blog.zeit.de\/stoerungsmelder\/2008\/02\/14\/aktiv-gegen-rechts-werden-aber-wie_235"]}]},{"@type":"BreadcrumbList","@id":"https:\/\/blog.zeit.de\/stoerungsmelder\/2008\/02\/14\/aktiv-gegen-rechts-werden-aber-wie_235#breadcrumb","itemListElement":[{"@type":"ListItem","position":1,"name":"Startseite","item":"https:\/\/blog.zeit.de\/stoerungsmelder"},{"@type":"ListItem","position":2,"name":"Aktiv gegen rechts werden! Aber wie?"}]},{"@type":"WebSite","@id":"https:\/\/blog.zeit.de\/stoerungsmelder\/#website","url":"https:\/\/blog.zeit.de\/stoerungsmelder\/","name":"St\u00f6rungsmelder","description":"Recherchen und Analysen \u00fcber die extreme Rechte","potentialAction":[{"@type":"SearchAction","target":{"@type":"EntryPoint","urlTemplate":"https:\/\/blog.zeit.de\/stoerungsmelder\/?s={search_term_string}"},"query-input":"required name=search_term_string"}],"inLanguage":"de"},{"@type":"Person","@id":"https:\/\/blog.zeit.de\/stoerungsmelder\/#\/schema\/person\/a7da6ffb04f4cd2c86b3e3ef179aa17a","name":"Jan Jetter","image":{"@type":"ImageObject","inLanguage":"de","@id":"https:\/\/blog.zeit.de\/stoerungsmelder\/#\/schema\/person\/image\/","url":"https:\/\/secure.gravatar.com\/avatar\/e0e4e181dfdaf618bd1e60990afe2a233c3d74deccf13e756c794ec8311b50a5?s=96&d=mm&r=pg","contentUrl":"https:\/\/secure.gravatar.com\/avatar\/e0e4e181dfdaf618bd1e60990afe2a233c3d74deccf13e756c794ec8311b50a5?s=96&d=mm&r=pg","caption":"Jan Jetter"},"url":"https:\/\/blog.zeit.de\/stoerungsmelder\/author\/jan-jetter"}]}},"jetpack_featured_media_url":"","jetpack_sharing_enabled":true,"_links":{"self":[{"href":"https:\/\/blog.zeit.de\/stoerungsmelder\/wp-json\/wp\/v2\/posts\/235","targetHints":{"allow":["GET"]}}],"collection":[{"href":"https:\/\/blog.zeit.de\/stoerungsmelder\/wp-json\/wp\/v2\/posts"}],"about":[{"href":"https:\/\/blog.zeit.de\/stoerungsmelder\/wp-json\/wp\/v2\/types\/post"}],"author":[{"embeddable":true,"href":"https:\/\/blog.zeit.de\/stoerungsmelder\/wp-json\/wp\/v2\/users\/222"}],"replies":[{"embeddable":true,"href":"https:\/\/blog.zeit.de\/stoerungsmelder\/wp-json\/wp\/v2\/comments?post=235"}],"version-history":[{"count":0,"href":"https:\/\/blog.zeit.de\/stoerungsmelder\/wp-json\/wp\/v2\/posts\/235\/revisions"}],"wp:attachment":[{"href":"https:\/\/blog.zeit.de\/stoerungsmelder\/wp-json\/wp\/v2\/media?parent=235"}],"wp:term":[{"taxonomy":"category","embeddable":true,"href":"https:\/\/blog.zeit.de\/stoerungsmelder\/wp-json\/wp\/v2\/categories?post=235"},{"taxonomy":"post_tag","embeddable":true,"href":"https:\/\/blog.zeit.de\/stoerungsmelder\/wp-json\/wp\/v2\/tags?post=235"}],"curies":[{"name":"wp","href":"https:\/\/api.w.org\/{rel}","templated":true}]}}