{"id":239,"date":"2008-02-18T21:27:50","date_gmt":"2008-02-18T20:27:50","guid":{"rendered":"http:\/\/blog.zeit.de\/stoerungsmelder\/2008\/02\/18\/pobeleien-an-der-eckfahne_239"},"modified":"2008-02-18T21:27:50","modified_gmt":"2008-02-18T20:27:50","slug":"pobeleien-an-der-eckfahne","status":"publish","type":"post","link":"https:\/\/blog.zeit.de\/stoerungsmelder\/2008\/02\/18\/pobeleien-an-der-eckfahne_239","title":{"rendered":"P\u00f6beleien an der Eckfahne"},"content":{"rendered":"<p><!--StartFragment--><\/p>\n<p class=\"MsoNormal\">Am vergangen Spieltag kam es in der ersten franz\u00f6sischen Liga <a href=\"http:\/\/www.spiegel.de\/sport\/fussball\/0,1518,535816,00.html\" target=\"_blank\">zu einem Zwischenfall mit rassistischem Hintergrund<\/a>. Solche Beleidigungen sind etwas anderes als die normalen Beschimpfungen, die jeder Fu\u00dfballer ertragen muss.<\/p>\n<p><!--more--><\/p>\n<p class=\"MsoNormal\">&nbsp;<\/p>\n<p class=\"MsoNormal\">F\u00fcr Aufsehen sorgte der betroffene Spieler selbst. Der Kapit\u00e4n des FC Valenciennes, Abdeslam Ouaddou, wurde in der ersten Halbzeit permanent mit rassistischem Gegr\u00f6le beleidigt. Als der Schiedsrichter zur Halbzeit pfiff, w\u00e4hlte Ouaddou den direkten Weg auf die Trib\u00fcne, um den Anh\u00e4nger des FC Metz zur Rede zur stellen. Ouaddou wurde vom Schiedsrichter mit einer gelben Karte bedacht und die Sicherheitskr\u00e4fte f\u00fchrten Ouaddou zur\u00fcck aufs Feld. Der Zuschauer wurde den Sicherheitsbeh\u00f6rden \u00fcbergeben. W\u00e4hrend des Spiels machte Ouaddou den Schiedsrichter auf die Beschimpfungen aufmerksam und bat ihn um die Unterst\u00fctzung des vierten Offiziellen. Der Schiedsrichter forderte aber stattdessen den Spieler auf, sich auf das Spiel zu konzentrieren.<\/p>\n<p class=\"MsoNormal\">Laut FIFA-Statuten hat der Schiedsrichter die M\u00f6glichkeit, bei rassistischem Verhalten des Publikums, ein Spiel abzubrechen. Mir ist ein solcher Fall nicht bekannt, ich kann aber sagen, dass es von Seiten der Zuschauer in fast jedem Spiel zu Beschimpfungen kommt, die deutlich h\u00f6rbar sind. Deutlich wahrnehmbar ist es bei Eckb\u00e4llen, wo der Spieler in unmittelbarer N\u00e4he der Fans ist.<span>  <\/span>Ich habe mir \u00f6fters die Frage gestellt, wie ich reagieren soll, aber bisher habe ich mich auf<span>  <\/span>das Ignorieren beschr\u00e4nkt.<span>  <\/span>Ein Dialog mit den Fans scheint mir nicht m\u00f6glich, da die Ausraster nur von einer Minderheit ausgehen, die zu einem Dialog nicht bereit sind.<\/p>\n<p class=\"MsoNormal\"><o:p><\/o:p><\/p>\n<p class=\"MsoNormal\">Das Auftreten von Abdeslam Ouaddou ist aber durchaus nachvollziehbar und macht auf das Fehlverhalten weniger sog. Fu\u00dfballfans aufmerksam. Schlie\u00dflich muss man unterscheiden, zwischen Fans, die einen Spieler in wenigen Situation als \u201eArschloch\u201c oder \u201eDrecksau\u201c beschimpfen, oder solche, die dauerhaft mit rassistischem Gebr\u00fcll auffallen. Die Menschen in unmittelbarer Umgebung k\u00f6nnen und<span>  <\/span>m\u00fcssen auch mithelfen, dies zu unterbinden. Jedoch<span>  <\/span>unterscheiden viele Anh\u00e4nger zwischen Heim- und Ausw\u00e4rtsmannschaft und da ist im Zweifelsfall jedes Mittel recht, die Spieler der gegnerischen Mannschaft einzusch\u00fcchtern.<\/p>\n<p class=\"MsoNormal\"><o:p><\/o:p><\/p>\n<p class=\"MsoNormal\">Bei einem Zweitligaspiel in Frankreich kam es im letzten Jahr zu einem Punktabzug wegen rassistischem Verhalten des Publikums. Im Spiel Libourne\/Saint-Seurin gegen SC Bastia beleidigten die Anh\u00e4nger Bastia\u00b4s den aus Burkina Faso stammenden Boubacar Kebe, der daraufhin den Fans den Stinkefinger zeigte. Zwar sah Kebe anschlie\u00dfend die Rote Karte, aber die Disziplinarkommission glaubte dem Spieler und bestrafte Bastia mit dem Punktabzug.<\/p>\n<p><!--EndFragment--><\/p>\n","protected":false},"excerpt":{"rendered":"<p>Am vergangen Spieltag kam es in der ersten franz\u00f6sischen Liga zu einem Zwischenfall mit rassistischem Hintergrund. Solche Beleidigungen sind etwas anderes als die normalen Beschimpfungen, die jeder Fu\u00dfballer ertragen muss.<\/p>\n","protected":false},"author":235,"featured_media":0,"comment_status":"open","ping_status":"open","sticky":false,"template":"","format":"standard","meta":{"_jetpack_memberships_contains_paid_content":false,"footnotes":""},"categories":[1515],"tags":[666,97],"class_list":["post-239","post","type-post","status-publish","format-standard","hentry","category-bundesweit","tag-fusball","tag-rassismus"],"yoast_head":"<!-- This site is optimized with the Yoast SEO plugin v21.0 - https:\/\/yoast.com\/wordpress\/plugins\/seo\/ -->\n<title>P\u00f6beleien an der Eckfahne - St\u00f6rungsmelder<\/title>\n<meta name=\"robots\" content=\"index, follow, max-snippet:-1, max-image-preview:large, max-video-preview:-1\" \/>\n<link rel=\"canonical\" href=\"https:\/\/blog.zeit.de\/stoerungsmelder\/2008\/02\/18\/pobeleien-an-der-eckfahne_239\" \/>\n<meta property=\"og:locale\" content=\"de_DE\" \/>\n<meta property=\"og:type\" content=\"article\" \/>\n<meta property=\"og:title\" content=\"P\u00f6beleien an der Eckfahne - St\u00f6rungsmelder\" \/>\n<meta property=\"og:description\" content=\"Am vergangen Spieltag kam es in der ersten franz\u00f6sischen Liga zu einem Zwischenfall mit rassistischem Hintergrund. Solche Beleidigungen sind etwas anderes als die normalen Beschimpfungen, die jeder Fu\u00dfballer ertragen muss.\" \/>\n<meta property=\"og:url\" content=\"https:\/\/blog.zeit.de\/stoerungsmelder\/2008\/02\/18\/pobeleien-an-der-eckfahne_239\" \/>\n<meta property=\"og:site_name\" content=\"St\u00f6rungsmelder\" \/>\n<meta property=\"article:published_time\" content=\"2008-02-18T20:27:50+00:00\" \/>\n<meta name=\"author\" content=\"Thomas Hitzlsperger\" \/>\n<meta name=\"twitter:card\" content=\"summary_large_image\" \/>\n<meta name=\"twitter:label1\" content=\"Geschrieben von\" \/>\n\t<meta name=\"twitter:data1\" content=\"Thomas Hitzlsperger\" \/>\n\t<meta name=\"twitter:label2\" content=\"Gesch\u00e4tzte Lesezeit\" \/>\n\t<meta name=\"twitter:data2\" content=\"2\u00a0Minuten\" \/>\n<script type=\"application\/ld+json\" class=\"yoast-schema-graph\">{\"@context\":\"https:\/\/schema.org\",\"@graph\":[{\"@type\":\"WebPage\",\"@id\":\"https:\/\/blog.zeit.de\/stoerungsmelder\/2008\/02\/18\/pobeleien-an-der-eckfahne_239\",\"url\":\"https:\/\/blog.zeit.de\/stoerungsmelder\/2008\/02\/18\/pobeleien-an-der-eckfahne_239\",\"name\":\"P\u00f6beleien an der Eckfahne - St\u00f6rungsmelder\",\"isPartOf\":{\"@id\":\"https:\/\/blog.zeit.de\/stoerungsmelder\/#website\"},\"datePublished\":\"2008-02-18T20:27:50+00:00\",\"dateModified\":\"2008-02-18T20:27:50+00:00\",\"author\":{\"@id\":\"https:\/\/blog.zeit.de\/stoerungsmelder\/#\/schema\/person\/f00edd5a787a17b766716b34b3fb6d56\"},\"breadcrumb\":{\"@id\":\"https:\/\/blog.zeit.de\/stoerungsmelder\/2008\/02\/18\/pobeleien-an-der-eckfahne_239#breadcrumb\"},\"inLanguage\":\"de\",\"potentialAction\":[{\"@type\":\"ReadAction\",\"target\":[\"https:\/\/blog.zeit.de\/stoerungsmelder\/2008\/02\/18\/pobeleien-an-der-eckfahne_239\"]}]},{\"@type\":\"BreadcrumbList\",\"@id\":\"https:\/\/blog.zeit.de\/stoerungsmelder\/2008\/02\/18\/pobeleien-an-der-eckfahne_239#breadcrumb\",\"itemListElement\":[{\"@type\":\"ListItem\",\"position\":1,\"name\":\"Startseite\",\"item\":\"https:\/\/blog.zeit.de\/stoerungsmelder\"},{\"@type\":\"ListItem\",\"position\":2,\"name\":\"P\u00f6beleien an der Eckfahne\"}]},{\"@type\":\"WebSite\",\"@id\":\"https:\/\/blog.zeit.de\/stoerungsmelder\/#website\",\"url\":\"https:\/\/blog.zeit.de\/stoerungsmelder\/\",\"name\":\"St\u00f6rungsmelder\",\"description\":\"Recherchen und Analysen \u00fcber die extreme Rechte\",\"potentialAction\":[{\"@type\":\"SearchAction\",\"target\":{\"@type\":\"EntryPoint\",\"urlTemplate\":\"https:\/\/blog.zeit.de\/stoerungsmelder\/?s={search_term_string}\"},\"query-input\":\"required name=search_term_string\"}],\"inLanguage\":\"de\"},{\"@type\":\"Person\",\"@id\":\"https:\/\/blog.zeit.de\/stoerungsmelder\/#\/schema\/person\/f00edd5a787a17b766716b34b3fb6d56\",\"name\":\"Thomas Hitzlsperger\",\"image\":{\"@type\":\"ImageObject\",\"inLanguage\":\"de\",\"@id\":\"https:\/\/blog.zeit.de\/stoerungsmelder\/#\/schema\/person\/image\/\",\"url\":\"https:\/\/secure.gravatar.com\/avatar\/302e97e92e7af782a610726384aeae742b0e168e418426880e2c48145c25f113?s=96&d=mm&r=pg\",\"contentUrl\":\"https:\/\/secure.gravatar.com\/avatar\/302e97e92e7af782a610726384aeae742b0e168e418426880e2c48145c25f113?s=96&d=mm&r=pg\",\"caption\":\"Thomas Hitzlsperger\"},\"url\":\"https:\/\/blog.zeit.de\/stoerungsmelder\/author\/thomas-hitzlsperger\"}]}<\/script>\n<!-- \/ Yoast SEO plugin. -->","yoast_head_json":{"title":"P\u00f6beleien an der Eckfahne - St\u00f6rungsmelder","robots":{"index":"index","follow":"follow","max-snippet":"max-snippet:-1","max-image-preview":"max-image-preview:large","max-video-preview":"max-video-preview:-1"},"canonical":"https:\/\/blog.zeit.de\/stoerungsmelder\/2008\/02\/18\/pobeleien-an-der-eckfahne_239","og_locale":"de_DE","og_type":"article","og_title":"P\u00f6beleien an der Eckfahne - St\u00f6rungsmelder","og_description":"Am vergangen Spieltag kam es in der ersten franz\u00f6sischen Liga zu einem Zwischenfall mit rassistischem Hintergrund. Solche Beleidigungen sind etwas anderes als die normalen Beschimpfungen, die jeder Fu\u00dfballer ertragen muss.","og_url":"https:\/\/blog.zeit.de\/stoerungsmelder\/2008\/02\/18\/pobeleien-an-der-eckfahne_239","og_site_name":"St\u00f6rungsmelder","article_published_time":"2008-02-18T20:27:50+00:00","author":"Thomas Hitzlsperger","twitter_card":"summary_large_image","twitter_misc":{"Geschrieben von":"Thomas Hitzlsperger","Gesch\u00e4tzte Lesezeit":"2\u00a0Minuten"},"schema":{"@context":"https:\/\/schema.org","@graph":[{"@type":"WebPage","@id":"https:\/\/blog.zeit.de\/stoerungsmelder\/2008\/02\/18\/pobeleien-an-der-eckfahne_239","url":"https:\/\/blog.zeit.de\/stoerungsmelder\/2008\/02\/18\/pobeleien-an-der-eckfahne_239","name":"P\u00f6beleien an der Eckfahne - St\u00f6rungsmelder","isPartOf":{"@id":"https:\/\/blog.zeit.de\/stoerungsmelder\/#website"},"datePublished":"2008-02-18T20:27:50+00:00","dateModified":"2008-02-18T20:27:50+00:00","author":{"@id":"https:\/\/blog.zeit.de\/stoerungsmelder\/#\/schema\/person\/f00edd5a787a17b766716b34b3fb6d56"},"breadcrumb":{"@id":"https:\/\/blog.zeit.de\/stoerungsmelder\/2008\/02\/18\/pobeleien-an-der-eckfahne_239#breadcrumb"},"inLanguage":"de","potentialAction":[{"@type":"ReadAction","target":["https:\/\/blog.zeit.de\/stoerungsmelder\/2008\/02\/18\/pobeleien-an-der-eckfahne_239"]}]},{"@type":"BreadcrumbList","@id":"https:\/\/blog.zeit.de\/stoerungsmelder\/2008\/02\/18\/pobeleien-an-der-eckfahne_239#breadcrumb","itemListElement":[{"@type":"ListItem","position":1,"name":"Startseite","item":"https:\/\/blog.zeit.de\/stoerungsmelder"},{"@type":"ListItem","position":2,"name":"P\u00f6beleien an der Eckfahne"}]},{"@type":"WebSite","@id":"https:\/\/blog.zeit.de\/stoerungsmelder\/#website","url":"https:\/\/blog.zeit.de\/stoerungsmelder\/","name":"St\u00f6rungsmelder","description":"Recherchen und Analysen \u00fcber die extreme Rechte","potentialAction":[{"@type":"SearchAction","target":{"@type":"EntryPoint","urlTemplate":"https:\/\/blog.zeit.de\/stoerungsmelder\/?s={search_term_string}"},"query-input":"required name=search_term_string"}],"inLanguage":"de"},{"@type":"Person","@id":"https:\/\/blog.zeit.de\/stoerungsmelder\/#\/schema\/person\/f00edd5a787a17b766716b34b3fb6d56","name":"Thomas Hitzlsperger","image":{"@type":"ImageObject","inLanguage":"de","@id":"https:\/\/blog.zeit.de\/stoerungsmelder\/#\/schema\/person\/image\/","url":"https:\/\/secure.gravatar.com\/avatar\/302e97e92e7af782a610726384aeae742b0e168e418426880e2c48145c25f113?s=96&d=mm&r=pg","contentUrl":"https:\/\/secure.gravatar.com\/avatar\/302e97e92e7af782a610726384aeae742b0e168e418426880e2c48145c25f113?s=96&d=mm&r=pg","caption":"Thomas Hitzlsperger"},"url":"https:\/\/blog.zeit.de\/stoerungsmelder\/author\/thomas-hitzlsperger"}]}},"jetpack_featured_media_url":"","jetpack_sharing_enabled":true,"_links":{"self":[{"href":"https:\/\/blog.zeit.de\/stoerungsmelder\/wp-json\/wp\/v2\/posts\/239","targetHints":{"allow":["GET"]}}],"collection":[{"href":"https:\/\/blog.zeit.de\/stoerungsmelder\/wp-json\/wp\/v2\/posts"}],"about":[{"href":"https:\/\/blog.zeit.de\/stoerungsmelder\/wp-json\/wp\/v2\/types\/post"}],"author":[{"embeddable":true,"href":"https:\/\/blog.zeit.de\/stoerungsmelder\/wp-json\/wp\/v2\/users\/235"}],"replies":[{"embeddable":true,"href":"https:\/\/blog.zeit.de\/stoerungsmelder\/wp-json\/wp\/v2\/comments?post=239"}],"version-history":[{"count":0,"href":"https:\/\/blog.zeit.de\/stoerungsmelder\/wp-json\/wp\/v2\/posts\/239\/revisions"}],"wp:attachment":[{"href":"https:\/\/blog.zeit.de\/stoerungsmelder\/wp-json\/wp\/v2\/media?parent=239"}],"wp:term":[{"taxonomy":"category","embeddable":true,"href":"https:\/\/blog.zeit.de\/stoerungsmelder\/wp-json\/wp\/v2\/categories?post=239"},{"taxonomy":"post_tag","embeddable":true,"href":"https:\/\/blog.zeit.de\/stoerungsmelder\/wp-json\/wp\/v2\/tags?post=239"}],"curies":[{"name":"wp","href":"https:\/\/api.w.org\/{rel}","templated":true}]}}