{"id":23951,"date":"2017-06-15T12:46:54","date_gmt":"2017-06-15T10:46:54","guid":{"rendered":"http:\/\/blog.zeit.de\/stoerungsmelder\/?p=23951"},"modified":"2017-06-16T18:17:24","modified_gmt":"2017-06-16T16:17:24","slug":"keine-ueberraschung-sondern-in-der-tradition-des-faschismus","status":"publish","type":"post","link":"https:\/\/blog.zeit.de\/stoerungsmelder\/2017\/06\/15\/keine-ueberraschung-sondern-in-der-tradition-des-faschismus_23951","title":{"rendered":"Keine \u00dcberraschung, sondern in der Tradition des Faschismus"},"content":{"rendered":"<p><figure id=\"attachment_23727\" aria-describedby=\"caption-attachment-23727\" style=\"width: 580px\" class=\"wp-caption aligncenter\"><img loading=\"lazy\" decoding=\"async\" class=\"size-full wp-image-23727\" src=\"https:\/\/blog.zeit.de\/stoerungsmelder\/files\/2017\/05\/IB_1706.jpg\" alt=\"&quot;Identit\u00e4re&quot; am 17. Juni 2016 in Berlin\" width=\"580\" height=\"300\" \/><figcaption id=\"caption-attachment-23727\" class=\"wp-caption-text\">&#8222;Identit\u00e4re&#8220; am 17. Juni 2016 in Berlin<\/figcaption><\/figure><\/p>\n<p>Die Identit\u00e4ren sind weder neu noch ungew\u00f6hnlich. Ideologie und Auftreten stehen in der Tradition des Faschismus. Eine Analyse.<!--more--><\/p>\n<p>Die Strategie der Rechten geht auf: Etwas Planung, ein wenig Gesp\u00fcr f\u00fcr Orte und Daten aber vor allem das mediale Interesse sorgen daf\u00fcr, dass ihre Aktionen &#8211; auch wenn sie misslingen \u2013 Reichweite entfalten. Aus der N\u00e4he betrachtet steckt ein im Verh\u00e4ltnis \u00fcbergro\u00dfer Aufwand hinter den Auftritten: F\u00fcr ihre Aktionen brauchen die Identit\u00e4ren Unterst\u00fctzung aus dem gesamten Bundesgebiet, so schlecht ist es um den personellen Zulauf bestellt. Der Erfolg besteht in der medialen Inszenierung und die gelingt, weil ein Gro\u00dfteil der Medien ihr auf den Leim geht.<\/p>\n<p>So <a href=\"http:\/\/www.spiegel.de\/spiegel\/melanie-schmitz-der-star-der-ultrarechten-identitaeren-bewegung-a-1149449.html\" target=\"_blank\" rel=\"noopener noreferrer\">schreibt Der Spiegel<\/a> \u00fcber die Aktion am Brandenburger Tor: \u201eEs sah f\u00fcr einen Moment so aus, als h\u00e4tten sie Deutschland \u00fcbernommen.\u201c<br \/>\nDer Aufh\u00e4nger des Artikels ist Melanie Schmitz, Funktion\u00e4rin der rassistischen \u201eIdentit\u00e4ren\u201c \u2013 Der Spiegel nennt sie jedoch \u201ePostergirl\u201c und \u201eStar\u2018\u201c. \u201eSie ist schlank, hat hohe Wangenknochen und herbstrot gef\u00e4rbte Haare. Man schaut sie an und ist hypnotisiert von der Inszenierung dieser Frau.\u201c<\/p>\n<p>\u00c4hnlich hypnotisiert scheint auch <a href=\"http:\/\/www.jetzt.de\/mischen\/die-identitaere-bewegung-hetzt-im-hipstergewand\">jetzt.de<\/a>. Hier hei\u00dft es \u00fcber eine andere Aktivistin der Identit\u00e4ren: \u201eGro\u00dfe Augen, rote Backen, Z\u00f6pfe. Sie k\u00fcmmert sich um ihr Baby und pocht auf ihr Recht, auch einfach Hausfrau sein zu d\u00fcrfen. Auf den Bildern: weiche Farben, Schmollmund, Natur.\u201c Auch sie ist \u2013 na klar \u2013 ein \u201ePostergirl\u201c.<\/p>\n<p>Die immer wieder zu lesende Feststellung, dass die \u00f6ffentlichen Kader der Identit\u00e4ren dem g\u00e4ngigen Sch\u00f6nheitsideal entsprechen ist nicht nur das Vers\u00e4umnis, faschistische \u00c4sthetisierung zu erkennen, sie ist Teil der rechten Propagandastrategie. Ein Blick auf Leni Riefenstahls \u201eOlympia\u201c oder die Skulpturen Arno Brekers zeigt: Es geh\u00f6rte schon damals zu nationalsozialistischer Propaganda, \u201emakellose\u201c K\u00f6rper zu inszenieren \u2013 es ist die Inszenierung physischer Vollkommenheit und wei\u00dfer \u00dcberlegenheit.<\/p>\n<p>Doch immer wieder die gro\u00dfe \u00dcberraschung \u00fcber den Stil der Identit\u00e4ren:<\/p>\n<p>\u201eDie Gruppe benimmt sich anders als alles, was Deutschland an rechtsextremen Gruppen kannte. Schmitz und ihre Freunde tragen keine Springerstiefel, sie distanzieren sich vom Nationalsozialismus, sie sind keine Antisemiten, sie sprechen sich gegen Gewalt aus, viele haben studiert\u201c, so der Spiegel. <a href=\"http:\/\/www.deutschlandfunk.de\/rechtsextreme-identitaere-bewegung-hip-internetaffin-und.724.de.html?dram:article_id=369227\">Im Deutschlandfunk<\/a> hei\u00dft es: \u201eGlatze, Bomberjacke, Springerstiefel: Mit diesen abgegriffenen Neonazi-Klischees hat der neuste Trend am rechten Rand nichts zu tun.\u201c \u00c4hnlich auch jetzt.de: \u201eDie Kombination aus b\u00fcrgerlicher Hipness und v\u00f6lkischer Ideologie \u00fcberrascht und alarmiert nat\u00fcrliche Feinde von links, die gr\u00f6lende Skinheads gew\u00f6hnt sind. Und so unterf\u00fcttert die IB ihre Schock-Aktionen auch nicht mit Nazi-Spr\u00fcchen, sondern mit einer akademischen Sprache.\u201c<\/p>\n<p>Abgesehen von der ebenso grundfalschen wie \u00fcberheblichen Annahme, dass rechte Ideologie an Bildungs- und Klassenhintergrund gebunden sei (und zwar an den der anderen) geht dieses Staunen daran vorbei, dass faschistische Propaganda immer schon eine bedeutende kulturelle und \u00e4sthetische Dimension hatte. Die Nazis der 30er Jahre bedienten sich in der Popul\u00e4rkultur ebenso wie im Repertoire der sozialistischen Arbeiterbewegung; sie \u00fcbernahmen Elemente germanischer und r\u00f6mischer Kultur. Das Ziel war eine nationalsozialistische Traditionsstiftung, die der Bewegung historische Dimension geben und im Verbund mit dem Terror gegen Gegner Hegemonie herstellen sollte.<\/p>\n<p>Es ist also kein Widerspruch, wenn auch heutige Neonazis sich Ausdrucksformen anderer (Sub)kulturen zu eigen machen und sie mit NS-Ideologie und einer traditionell rechten \u00c4sthetik verbinden. Walter Benjamin schrieb schon 1936 \u00fcber die \u201e\u00c4sthetisierung der Politik\u201c als rechte Strategie, um die Massen zu organisieren ohne dabei die Eigentumsverh\u00e4ltnisse anzutasten. Er hielt auch fest, dass diese Strategie Gewalt bedeutet und im Krieg gipfelt. Der italienische Faschist Marinetti schrieb selbst: \u201eDer Krieg ist sch\u00f6n, weil er neue Architekturen, wie die der gro\u00dfen Tanks, der geometrischen Flieger-geschwader, der Rauchspiralen aus brennenden D\u00f6rfern und vieles andere schafft.\u201c<\/p>\n<p>Die Identit\u00e4ren unterscheiden sich nicht von anderen V\u00f6lkischen in der Geschichte. Sie sind bem\u00fcht, Tradition und Kultur des deutschen Volkes zu stiften, die es so nicht gibt. Sie entwenden dabei kulturelle Elemente aus anderen Epochen und Szenen und bedienen sich der gegenw\u00e4rtig verf\u00fcgbaren Medien. Sie inszenieren darin wei\u00dfe \u00dcberlegenheit und meinen Gewalt wenn sie von Verteidigung sprechen.<\/p>\n","protected":false},"excerpt":{"rendered":"<p>Die Identit\u00e4ren sind weder neu noch ungew\u00f6hnlich. Ideologie und Auftreten stehen in der Tradition des Faschismus. Eine Analyse.<\/p>\n","protected":false},"author":649,"featured_media":23707,"comment_status":"open","ping_status":"open","sticky":false,"template":"","format":"standard","meta":{"_jetpack_memberships_contains_paid_content":false,"footnotes":""},"categories":[1515],"tags":[],"class_list":["post-23951","post","type-post","status-publish","format-standard","has-post-thumbnail","hentry","category-bundesweit"],"yoast_head":"<!-- This site is optimized with the Yoast SEO plugin v21.0 - https:\/\/yoast.com\/wordpress\/plugins\/seo\/ -->\n<title>Keine \u00dcberraschung, sondern in der Tradition des Faschismus - St\u00f6rungsmelder<\/title>\n<meta name=\"robots\" content=\"index, follow, max-snippet:-1, max-image-preview:large, max-video-preview:-1\" \/>\n<link rel=\"canonical\" href=\"https:\/\/blog.zeit.de\/stoerungsmelder\/2017\/06\/15\/keine-ueberraschung-sondern-in-der-tradition-des-faschismus_23951\" \/>\n<meta property=\"og:locale\" content=\"de_DE\" \/>\n<meta property=\"og:type\" content=\"article\" \/>\n<meta property=\"og:title\" content=\"Keine \u00dcberraschung, sondern in der Tradition des Faschismus - St\u00f6rungsmelder\" \/>\n<meta property=\"og:description\" content=\"Die Identit\u00e4ren sind weder neu noch ungew\u00f6hnlich. Ideologie und Auftreten stehen in der Tradition des Faschismus. Eine Analyse.\" \/>\n<meta property=\"og:url\" content=\"https:\/\/blog.zeit.de\/stoerungsmelder\/2017\/06\/15\/keine-ueberraschung-sondern-in-der-tradition-des-faschismus_23951\" \/>\n<meta property=\"og:site_name\" content=\"St\u00f6rungsmelder\" \/>\n<meta property=\"article:published_time\" content=\"2017-06-15T10:46:54+00:00\" \/>\n<meta property=\"article:modified_time\" content=\"2017-06-16T16:17:24+00:00\" \/>\n<meta property=\"og:image\" content=\"https:\/\/blog.zeit.de\/stoerungsmelder\/files\/2017\/05\/20160731-M\u00fcnchen_Staatsanzlei-Identitaere-S.Lipp_.jpg\" \/>\n\t<meta property=\"og:image:width\" content=\"620\" \/>\n\t<meta property=\"og:image:height\" content=\"411\" \/>\n\t<meta property=\"og:image:type\" content=\"image\/jpeg\" \/>\n<meta name=\"author\" content=\"Sebastian Wehrhahn\" \/>\n<meta name=\"twitter:card\" content=\"summary_large_image\" \/>\n<meta name=\"twitter:label1\" content=\"Geschrieben von\" \/>\n\t<meta name=\"twitter:data1\" content=\"Sebastian Wehrhahn\" \/>\n\t<meta name=\"twitter:label2\" content=\"Gesch\u00e4tzte Lesezeit\" \/>\n\t<meta name=\"twitter:data2\" content=\"3\u00a0Minuten\" \/>\n<script type=\"application\/ld+json\" class=\"yoast-schema-graph\">{\"@context\":\"https:\/\/schema.org\",\"@graph\":[{\"@type\":\"WebPage\",\"@id\":\"https:\/\/blog.zeit.de\/stoerungsmelder\/2017\/06\/15\/keine-ueberraschung-sondern-in-der-tradition-des-faschismus_23951\",\"url\":\"https:\/\/blog.zeit.de\/stoerungsmelder\/2017\/06\/15\/keine-ueberraschung-sondern-in-der-tradition-des-faschismus_23951\",\"name\":\"Keine \u00dcberraschung, sondern in der Tradition des Faschismus - St\u00f6rungsmelder\",\"isPartOf\":{\"@id\":\"https:\/\/blog.zeit.de\/stoerungsmelder\/#website\"},\"datePublished\":\"2017-06-15T10:46:54+00:00\",\"dateModified\":\"2017-06-16T16:17:24+00:00\",\"author\":{\"@id\":\"https:\/\/blog.zeit.de\/stoerungsmelder\/#\/schema\/person\/b0191a267bf6511dd049d849f77ce3b5\"},\"breadcrumb\":{\"@id\":\"https:\/\/blog.zeit.de\/stoerungsmelder\/2017\/06\/15\/keine-ueberraschung-sondern-in-der-tradition-des-faschismus_23951#breadcrumb\"},\"inLanguage\":\"de\",\"potentialAction\":[{\"@type\":\"ReadAction\",\"target\":[\"https:\/\/blog.zeit.de\/stoerungsmelder\/2017\/06\/15\/keine-ueberraschung-sondern-in-der-tradition-des-faschismus_23951\"]}]},{\"@type\":\"BreadcrumbList\",\"@id\":\"https:\/\/blog.zeit.de\/stoerungsmelder\/2017\/06\/15\/keine-ueberraschung-sondern-in-der-tradition-des-faschismus_23951#breadcrumb\",\"itemListElement\":[{\"@type\":\"ListItem\",\"position\":1,\"name\":\"Startseite\",\"item\":\"https:\/\/blog.zeit.de\/stoerungsmelder\"},{\"@type\":\"ListItem\",\"position\":2,\"name\":\"Keine \u00dcberraschung, sondern in der Tradition des Faschismus\"}]},{\"@type\":\"WebSite\",\"@id\":\"https:\/\/blog.zeit.de\/stoerungsmelder\/#website\",\"url\":\"https:\/\/blog.zeit.de\/stoerungsmelder\/\",\"name\":\"St\u00f6rungsmelder\",\"description\":\"Recherchen und Analysen \u00fcber die extreme Rechte\",\"potentialAction\":[{\"@type\":\"SearchAction\",\"target\":{\"@type\":\"EntryPoint\",\"urlTemplate\":\"https:\/\/blog.zeit.de\/stoerungsmelder\/?s={search_term_string}\"},\"query-input\":\"required name=search_term_string\"}],\"inLanguage\":\"de\"},{\"@type\":\"Person\",\"@id\":\"https:\/\/blog.zeit.de\/stoerungsmelder\/#\/schema\/person\/b0191a267bf6511dd049d849f77ce3b5\",\"name\":\"Sebastian Wehrhahn\",\"image\":{\"@type\":\"ImageObject\",\"inLanguage\":\"de\",\"@id\":\"https:\/\/blog.zeit.de\/stoerungsmelder\/#\/schema\/person\/image\/\",\"url\":\"https:\/\/secure.gravatar.com\/avatar\/c016d21324a0b410f49f02e32b6728b795a704184ec03806675f614996f98ba9?s=96&d=mm&r=pg\",\"contentUrl\":\"https:\/\/secure.gravatar.com\/avatar\/c016d21324a0b410f49f02e32b6728b795a704184ec03806675f614996f98ba9?s=96&d=mm&r=pg\",\"caption\":\"Sebastian Wehrhahn\"},\"url\":\"https:\/\/blog.zeit.de\/stoerungsmelder\/author\/sebastianwehrhahn\"}]}<\/script>\n<!-- \/ Yoast SEO plugin. -->","yoast_head_json":{"title":"Keine \u00dcberraschung, sondern in der Tradition des Faschismus - St\u00f6rungsmelder","robots":{"index":"index","follow":"follow","max-snippet":"max-snippet:-1","max-image-preview":"max-image-preview:large","max-video-preview":"max-video-preview:-1"},"canonical":"https:\/\/blog.zeit.de\/stoerungsmelder\/2017\/06\/15\/keine-ueberraschung-sondern-in-der-tradition-des-faschismus_23951","og_locale":"de_DE","og_type":"article","og_title":"Keine \u00dcberraschung, sondern in der Tradition des Faschismus - St\u00f6rungsmelder","og_description":"Die Identit\u00e4ren sind weder neu noch ungew\u00f6hnlich. Ideologie und Auftreten stehen in der Tradition des Faschismus. Eine Analyse.","og_url":"https:\/\/blog.zeit.de\/stoerungsmelder\/2017\/06\/15\/keine-ueberraschung-sondern-in-der-tradition-des-faschismus_23951","og_site_name":"St\u00f6rungsmelder","article_published_time":"2017-06-15T10:46:54+00:00","article_modified_time":"2017-06-16T16:17:24+00:00","og_image":[{"width":620,"height":411,"url":"https:\/\/blog.zeit.de\/stoerungsmelder\/files\/2017\/05\/20160731-M\u00fcnchen_Staatsanzlei-Identitaere-S.Lipp_.jpg","type":"image\/jpeg"}],"author":"Sebastian Wehrhahn","twitter_card":"summary_large_image","twitter_misc":{"Geschrieben von":"Sebastian Wehrhahn","Gesch\u00e4tzte Lesezeit":"3\u00a0Minuten"},"schema":{"@context":"https:\/\/schema.org","@graph":[{"@type":"WebPage","@id":"https:\/\/blog.zeit.de\/stoerungsmelder\/2017\/06\/15\/keine-ueberraschung-sondern-in-der-tradition-des-faschismus_23951","url":"https:\/\/blog.zeit.de\/stoerungsmelder\/2017\/06\/15\/keine-ueberraschung-sondern-in-der-tradition-des-faschismus_23951","name":"Keine \u00dcberraschung, sondern in der Tradition des Faschismus - St\u00f6rungsmelder","isPartOf":{"@id":"https:\/\/blog.zeit.de\/stoerungsmelder\/#website"},"datePublished":"2017-06-15T10:46:54+00:00","dateModified":"2017-06-16T16:17:24+00:00","author":{"@id":"https:\/\/blog.zeit.de\/stoerungsmelder\/#\/schema\/person\/b0191a267bf6511dd049d849f77ce3b5"},"breadcrumb":{"@id":"https:\/\/blog.zeit.de\/stoerungsmelder\/2017\/06\/15\/keine-ueberraschung-sondern-in-der-tradition-des-faschismus_23951#breadcrumb"},"inLanguage":"de","potentialAction":[{"@type":"ReadAction","target":["https:\/\/blog.zeit.de\/stoerungsmelder\/2017\/06\/15\/keine-ueberraschung-sondern-in-der-tradition-des-faschismus_23951"]}]},{"@type":"BreadcrumbList","@id":"https:\/\/blog.zeit.de\/stoerungsmelder\/2017\/06\/15\/keine-ueberraschung-sondern-in-der-tradition-des-faschismus_23951#breadcrumb","itemListElement":[{"@type":"ListItem","position":1,"name":"Startseite","item":"https:\/\/blog.zeit.de\/stoerungsmelder"},{"@type":"ListItem","position":2,"name":"Keine \u00dcberraschung, sondern in der Tradition des Faschismus"}]},{"@type":"WebSite","@id":"https:\/\/blog.zeit.de\/stoerungsmelder\/#website","url":"https:\/\/blog.zeit.de\/stoerungsmelder\/","name":"St\u00f6rungsmelder","description":"Recherchen und Analysen \u00fcber die extreme Rechte","potentialAction":[{"@type":"SearchAction","target":{"@type":"EntryPoint","urlTemplate":"https:\/\/blog.zeit.de\/stoerungsmelder\/?s={search_term_string}"},"query-input":"required name=search_term_string"}],"inLanguage":"de"},{"@type":"Person","@id":"https:\/\/blog.zeit.de\/stoerungsmelder\/#\/schema\/person\/b0191a267bf6511dd049d849f77ce3b5","name":"Sebastian Wehrhahn","image":{"@type":"ImageObject","inLanguage":"de","@id":"https:\/\/blog.zeit.de\/stoerungsmelder\/#\/schema\/person\/image\/","url":"https:\/\/secure.gravatar.com\/avatar\/c016d21324a0b410f49f02e32b6728b795a704184ec03806675f614996f98ba9?s=96&d=mm&r=pg","contentUrl":"https:\/\/secure.gravatar.com\/avatar\/c016d21324a0b410f49f02e32b6728b795a704184ec03806675f614996f98ba9?s=96&d=mm&r=pg","caption":"Sebastian Wehrhahn"},"url":"https:\/\/blog.zeit.de\/stoerungsmelder\/author\/sebastianwehrhahn"}]}},"jetpack_featured_media_url":"https:\/\/blog.zeit.de\/stoerungsmelder\/files\/2017\/05\/20160731-M\u00fcnchen_Staatsanzlei-Identitaere-S.Lipp_.jpg","jetpack_sharing_enabled":true,"_links":{"self":[{"href":"https:\/\/blog.zeit.de\/stoerungsmelder\/wp-json\/wp\/v2\/posts\/23951","targetHints":{"allow":["GET"]}}],"collection":[{"href":"https:\/\/blog.zeit.de\/stoerungsmelder\/wp-json\/wp\/v2\/posts"}],"about":[{"href":"https:\/\/blog.zeit.de\/stoerungsmelder\/wp-json\/wp\/v2\/types\/post"}],"author":[{"embeddable":true,"href":"https:\/\/blog.zeit.de\/stoerungsmelder\/wp-json\/wp\/v2\/users\/649"}],"replies":[{"embeddable":true,"href":"https:\/\/blog.zeit.de\/stoerungsmelder\/wp-json\/wp\/v2\/comments?post=23951"}],"version-history":[{"count":2,"href":"https:\/\/blog.zeit.de\/stoerungsmelder\/wp-json\/wp\/v2\/posts\/23951\/revisions"}],"predecessor-version":[{"id":23953,"href":"https:\/\/blog.zeit.de\/stoerungsmelder\/wp-json\/wp\/v2\/posts\/23951\/revisions\/23953"}],"wp:featuredmedia":[{"embeddable":true,"href":"https:\/\/blog.zeit.de\/stoerungsmelder\/wp-json\/wp\/v2\/media\/23707"}],"wp:attachment":[{"href":"https:\/\/blog.zeit.de\/stoerungsmelder\/wp-json\/wp\/v2\/media?parent=23951"}],"wp:term":[{"taxonomy":"category","embeddable":true,"href":"https:\/\/blog.zeit.de\/stoerungsmelder\/wp-json\/wp\/v2\/categories?post=23951"},{"taxonomy":"post_tag","embeddable":true,"href":"https:\/\/blog.zeit.de\/stoerungsmelder\/wp-json\/wp\/v2\/tags?post=23951"}],"curies":[{"name":"wp","href":"https:\/\/api.w.org\/{rel}","templated":true}]}}