{"id":24066,"date":"2017-07-08T12:10:48","date_gmt":"2017-07-08T10:10:48","guid":{"rendered":"http:\/\/blog.zeit.de\/stoerungsmelder\/?p=24066"},"modified":"2017-07-10T15:39:45","modified_gmt":"2017-07-10T13:39:45","slug":"in-eigener-sache","status":"publish","type":"post","link":"https:\/\/blog.zeit.de\/stoerungsmelder\/2017\/07\/08\/in-eigener-sache_24066","title":{"rendered":"In eigener Sache \/ A Note to Our Readers"},"content":{"rendered":"<p>(English version below)<\/p>\n<p>F\u00fcr das Blog St\u00f6rungsmelder arbeiten mehr als 50 ehrenamtliche, freie Autoren, die wir sorgf\u00e4ltig ausw\u00e4hlen und deren Beitr\u00e4ge im St\u00f6rungsmelder-Blog wir vor Ver\u00f6ffentlichung \u00fcberpr\u00fcfen.<\/p>\n<p>Wir wurden darauf hingewiesen, dass zwei dieser ehrenamtlichen Autoren, die in der Vergangenheit f\u00fcr den St\u00f6rungsmelder berichtet haben, im Rahmen von #g20 unethisches Verhalten auf ihren privaten Social-Media-Accounts vorgeworfen wird. Sollten sich diese Vorw\u00fcrfe bewahrheiten, verurteilen wir dieses Verhalten scharf und distanzieren uns davon. Es l\u00e4sst sich mit einer weiteren Mitarbeit beim St\u00f6rungsmelder nicht vereinbaren.<\/p>\n<p>Was der St\u00f6rungsmelder ist und wie wir arbeiten, steht <a href=\"https:\/\/blog.zeit.de\/stoerungsmelder\/about\" target=\"_blank\" rel=\"noopener noreferrer\">hier<\/a>.<\/p>\n<p><strong>Nachtrag vom 10. Juli: <\/strong>Beide ehrenamtlichen Autoren waren w\u00e4hrend G20 nicht im Auftrag des St\u00f6rungsmelders aktiv. Wir haben aber versucht, die Vorf\u00e4lle gemeinsam mit ihnen zu rekonstruieren. Die Verharmlosung oder Rechtfertigung von Gewalt ist nicht mit einer Mitarbeit beim St\u00f6rungsmelder vereinbar. Wir werden daher mit beiden Autoren in Zukunft nicht mehr zusammenarbeiten.<\/p>\n<p><strong>A Note to Our Readers<\/strong><\/p>\n<p>For our blog St\u00f6rungsmelder (\u201cMalfunction Indicator\u201d), we work together with more than 50 volunteers who are carefully chosen by us and whose posts in the St\u00f6rungsmelder blog are reviewed prior to publication.<\/p>\n<p>We have been informed that two of these volunteer writers, who have written entries for St\u00f6rungsmelder in the past, have been accused of unethical behavior on their private social media accounts in the context of the #g20 summit. If these accusations are confirmed, then we will sharply condemn and dissociate ourselves from such behavior and no longer work together with these writers on the St\u00f6rungsmelder blog.<\/p>\n<p>You can read more about St\u00f6rungsmelder and our working procedures <a href=\"https:\/\/blog.zeit.de\/stoerungsmelder\/about\" target=\"_blank\" rel=\"noopener noreferrer\">here<\/a>.<\/p>\n<p><strong>Follow-Up July 10:<\/strong> The two volunteer writers in question were not assigned to contribute to the St\u00f6rungsmelder blog during the G-20 summit. We have nevertheless attempted to retrace and reconstruct events together with them. The trivialization and justification of violence is incompatible with contributing to the St\u00f6rungsmelder blog. We will no longer work with the two writers in the future.<\/p>\n","protected":false},"excerpt":{"rendered":"<p>(English version below) F\u00fcr das Blog St\u00f6rungsmelder arbeiten mehr als 50 ehrenamtliche, freie Autoren, die wir sorgf\u00e4ltig ausw\u00e4hlen und deren Beitr\u00e4ge im St\u00f6rungsmelder-Blog wir vor Ver\u00f6ffentlichung \u00fcberpr\u00fcfen. Wir wurden darauf hingewiesen, dass zwei dieser ehrenamtlichen Autoren, die in der Vergangenheit f\u00fcr den St\u00f6rungsmelder berichtet haben, im Rahmen von #g20 unethisches Verhalten auf ihren privaten Social-Media-Accounts [&hellip;]<\/p>\n","protected":false},"author":229,"featured_media":0,"comment_status":"closed","ping_status":"closed","sticky":false,"template":"","format":"standard","meta":{"_jetpack_memberships_contains_paid_content":false,"footnotes":""},"categories":[1515],"tags":[],"class_list":["post-24066","post","type-post","status-publish","format-standard","hentry","category-bundesweit"],"yoast_head":"<!-- This site is optimized with the Yoast SEO plugin v21.0 - https:\/\/yoast.com\/wordpress\/plugins\/seo\/ -->\n<title>In eigener Sache \/ A Note to Our Readers - St\u00f6rungsmelder<\/title>\n<meta name=\"robots\" content=\"index, follow, max-snippet:-1, max-image-preview:large, max-video-preview:-1\" \/>\n<link rel=\"canonical\" href=\"https:\/\/blog.zeit.de\/stoerungsmelder\/2017\/07\/08\/in-eigener-sache_24066\" \/>\n<meta property=\"og:locale\" content=\"de_DE\" \/>\n<meta property=\"og:type\" content=\"article\" \/>\n<meta property=\"og:title\" content=\"In eigener Sache \/ A Note to Our Readers - St\u00f6rungsmelder\" \/>\n<meta property=\"og:description\" content=\"(English version below) F\u00fcr das Blog St\u00f6rungsmelder arbeiten mehr als 50 ehrenamtliche, freie Autoren, die wir sorgf\u00e4ltig ausw\u00e4hlen und deren Beitr\u00e4ge im St\u00f6rungsmelder-Blog wir vor Ver\u00f6ffentlichung \u00fcberpr\u00fcfen. Wir wurden darauf hingewiesen, dass zwei dieser ehrenamtlichen Autoren, die in der Vergangenheit f\u00fcr den St\u00f6rungsmelder berichtet haben, im Rahmen von #g20 unethisches Verhalten auf ihren privaten Social-Media-Accounts [&hellip;]\" \/>\n<meta property=\"og:url\" content=\"https:\/\/blog.zeit.de\/stoerungsmelder\/2017\/07\/08\/in-eigener-sache_24066\" \/>\n<meta property=\"og:site_name\" content=\"St\u00f6rungsmelder\" \/>\n<meta property=\"article:published_time\" content=\"2017-07-08T10:10:48+00:00\" \/>\n<meta property=\"article:modified_time\" content=\"2017-07-10T13:39:45+00:00\" \/>\n<meta name=\"author\" content=\"St\u00f6rungsmelder\" \/>\n<meta name=\"twitter:card\" content=\"summary_large_image\" \/>\n<meta name=\"twitter:label1\" content=\"Geschrieben von\" \/>\n\t<meta name=\"twitter:data1\" content=\"St\u00f6rungsmelder\" \/>\n\t<meta name=\"twitter:label2\" content=\"Gesch\u00e4tzte Lesezeit\" \/>\n\t<meta name=\"twitter:data2\" content=\"2\u00a0Minuten\" \/>\n<script type=\"application\/ld+json\" class=\"yoast-schema-graph\">{\"@context\":\"https:\/\/schema.org\",\"@graph\":[{\"@type\":\"WebPage\",\"@id\":\"https:\/\/blog.zeit.de\/stoerungsmelder\/2017\/07\/08\/in-eigener-sache_24066\",\"url\":\"https:\/\/blog.zeit.de\/stoerungsmelder\/2017\/07\/08\/in-eigener-sache_24066\",\"name\":\"In eigener Sache \/ A Note to Our Readers - St\u00f6rungsmelder\",\"isPartOf\":{\"@id\":\"https:\/\/blog.zeit.de\/stoerungsmelder\/#website\"},\"datePublished\":\"2017-07-08T10:10:48+00:00\",\"dateModified\":\"2017-07-10T13:39:45+00:00\",\"author\":{\"@id\":\"https:\/\/blog.zeit.de\/stoerungsmelder\/#\/schema\/person\/fdd0b9818f65738672810b6d6f037f71\"},\"breadcrumb\":{\"@id\":\"https:\/\/blog.zeit.de\/stoerungsmelder\/2017\/07\/08\/in-eigener-sache_24066#breadcrumb\"},\"inLanguage\":\"de\",\"potentialAction\":[{\"@type\":\"ReadAction\",\"target\":[\"https:\/\/blog.zeit.de\/stoerungsmelder\/2017\/07\/08\/in-eigener-sache_24066\"]}]},{\"@type\":\"BreadcrumbList\",\"@id\":\"https:\/\/blog.zeit.de\/stoerungsmelder\/2017\/07\/08\/in-eigener-sache_24066#breadcrumb\",\"itemListElement\":[{\"@type\":\"ListItem\",\"position\":1,\"name\":\"Startseite\",\"item\":\"https:\/\/blog.zeit.de\/stoerungsmelder\"},{\"@type\":\"ListItem\",\"position\":2,\"name\":\"In eigener Sache \/ A Note to Our Readers\"}]},{\"@type\":\"WebSite\",\"@id\":\"https:\/\/blog.zeit.de\/stoerungsmelder\/#website\",\"url\":\"https:\/\/blog.zeit.de\/stoerungsmelder\/\",\"name\":\"St\u00f6rungsmelder\",\"description\":\"Recherchen und Analysen \u00fcber die extreme Rechte\",\"potentialAction\":[{\"@type\":\"SearchAction\",\"target\":{\"@type\":\"EntryPoint\",\"urlTemplate\":\"https:\/\/blog.zeit.de\/stoerungsmelder\/?s={search_term_string}\"},\"query-input\":\"required name=search_term_string\"}],\"inLanguage\":\"de\"},{\"@type\":\"Person\",\"@id\":\"https:\/\/blog.zeit.de\/stoerungsmelder\/#\/schema\/person\/fdd0b9818f65738672810b6d6f037f71\",\"name\":\"St\u00f6rungsmelder\",\"image\":{\"@type\":\"ImageObject\",\"inLanguage\":\"de\",\"@id\":\"https:\/\/blog.zeit.de\/stoerungsmelder\/#\/schema\/person\/image\/\",\"url\":\"https:\/\/secure.gravatar.com\/avatar\/dfa4be514c3e82a71e4f9a0020035d38192d080ccaa5e4e6d7a1472c763535c5?s=96&d=mm&r=pg\",\"contentUrl\":\"https:\/\/secure.gravatar.com\/avatar\/dfa4be514c3e82a71e4f9a0020035d38192d080ccaa5e4e6d7a1472c763535c5?s=96&d=mm&r=pg\",\"caption\":\"St\u00f6rungsmelder\"},\"url\":\"https:\/\/blog.zeit.de\/stoerungsmelder\/author\/stoerungsmelder\"}]}<\/script>\n<!-- \/ Yoast SEO plugin. -->","yoast_head_json":{"title":"In eigener Sache \/ A Note to Our Readers - St\u00f6rungsmelder","robots":{"index":"index","follow":"follow","max-snippet":"max-snippet:-1","max-image-preview":"max-image-preview:large","max-video-preview":"max-video-preview:-1"},"canonical":"https:\/\/blog.zeit.de\/stoerungsmelder\/2017\/07\/08\/in-eigener-sache_24066","og_locale":"de_DE","og_type":"article","og_title":"In eigener Sache \/ A Note to Our Readers - St\u00f6rungsmelder","og_description":"(English version below) F\u00fcr das Blog St\u00f6rungsmelder arbeiten mehr als 50 ehrenamtliche, freie Autoren, die wir sorgf\u00e4ltig ausw\u00e4hlen und deren Beitr\u00e4ge im St\u00f6rungsmelder-Blog wir vor Ver\u00f6ffentlichung \u00fcberpr\u00fcfen. Wir wurden darauf hingewiesen, dass zwei dieser ehrenamtlichen Autoren, die in der Vergangenheit f\u00fcr den St\u00f6rungsmelder berichtet haben, im Rahmen von #g20 unethisches Verhalten auf ihren privaten Social-Media-Accounts [&hellip;]","og_url":"https:\/\/blog.zeit.de\/stoerungsmelder\/2017\/07\/08\/in-eigener-sache_24066","og_site_name":"St\u00f6rungsmelder","article_published_time":"2017-07-08T10:10:48+00:00","article_modified_time":"2017-07-10T13:39:45+00:00","author":"St\u00f6rungsmelder","twitter_card":"summary_large_image","twitter_misc":{"Geschrieben von":"St\u00f6rungsmelder","Gesch\u00e4tzte Lesezeit":"2\u00a0Minuten"},"schema":{"@context":"https:\/\/schema.org","@graph":[{"@type":"WebPage","@id":"https:\/\/blog.zeit.de\/stoerungsmelder\/2017\/07\/08\/in-eigener-sache_24066","url":"https:\/\/blog.zeit.de\/stoerungsmelder\/2017\/07\/08\/in-eigener-sache_24066","name":"In eigener Sache \/ A Note to Our Readers - St\u00f6rungsmelder","isPartOf":{"@id":"https:\/\/blog.zeit.de\/stoerungsmelder\/#website"},"datePublished":"2017-07-08T10:10:48+00:00","dateModified":"2017-07-10T13:39:45+00:00","author":{"@id":"https:\/\/blog.zeit.de\/stoerungsmelder\/#\/schema\/person\/fdd0b9818f65738672810b6d6f037f71"},"breadcrumb":{"@id":"https:\/\/blog.zeit.de\/stoerungsmelder\/2017\/07\/08\/in-eigener-sache_24066#breadcrumb"},"inLanguage":"de","potentialAction":[{"@type":"ReadAction","target":["https:\/\/blog.zeit.de\/stoerungsmelder\/2017\/07\/08\/in-eigener-sache_24066"]}]},{"@type":"BreadcrumbList","@id":"https:\/\/blog.zeit.de\/stoerungsmelder\/2017\/07\/08\/in-eigener-sache_24066#breadcrumb","itemListElement":[{"@type":"ListItem","position":1,"name":"Startseite","item":"https:\/\/blog.zeit.de\/stoerungsmelder"},{"@type":"ListItem","position":2,"name":"In eigener Sache \/ A Note to Our Readers"}]},{"@type":"WebSite","@id":"https:\/\/blog.zeit.de\/stoerungsmelder\/#website","url":"https:\/\/blog.zeit.de\/stoerungsmelder\/","name":"St\u00f6rungsmelder","description":"Recherchen und Analysen \u00fcber die extreme Rechte","potentialAction":[{"@type":"SearchAction","target":{"@type":"EntryPoint","urlTemplate":"https:\/\/blog.zeit.de\/stoerungsmelder\/?s={search_term_string}"},"query-input":"required name=search_term_string"}],"inLanguage":"de"},{"@type":"Person","@id":"https:\/\/blog.zeit.de\/stoerungsmelder\/#\/schema\/person\/fdd0b9818f65738672810b6d6f037f71","name":"St\u00f6rungsmelder","image":{"@type":"ImageObject","inLanguage":"de","@id":"https:\/\/blog.zeit.de\/stoerungsmelder\/#\/schema\/person\/image\/","url":"https:\/\/secure.gravatar.com\/avatar\/dfa4be514c3e82a71e4f9a0020035d38192d080ccaa5e4e6d7a1472c763535c5?s=96&d=mm&r=pg","contentUrl":"https:\/\/secure.gravatar.com\/avatar\/dfa4be514c3e82a71e4f9a0020035d38192d080ccaa5e4e6d7a1472c763535c5?s=96&d=mm&r=pg","caption":"St\u00f6rungsmelder"},"url":"https:\/\/blog.zeit.de\/stoerungsmelder\/author\/stoerungsmelder"}]}},"jetpack_featured_media_url":"","jetpack_sharing_enabled":true,"_links":{"self":[{"href":"https:\/\/blog.zeit.de\/stoerungsmelder\/wp-json\/wp\/v2\/posts\/24066","targetHints":{"allow":["GET"]}}],"collection":[{"href":"https:\/\/blog.zeit.de\/stoerungsmelder\/wp-json\/wp\/v2\/posts"}],"about":[{"href":"https:\/\/blog.zeit.de\/stoerungsmelder\/wp-json\/wp\/v2\/types\/post"}],"author":[{"embeddable":true,"href":"https:\/\/blog.zeit.de\/stoerungsmelder\/wp-json\/wp\/v2\/users\/229"}],"replies":[{"embeddable":true,"href":"https:\/\/blog.zeit.de\/stoerungsmelder\/wp-json\/wp\/v2\/comments?post=24066"}],"version-history":[{"count":5,"href":"https:\/\/blog.zeit.de\/stoerungsmelder\/wp-json\/wp\/v2\/posts\/24066\/revisions"}],"predecessor-version":[{"id":24301,"href":"https:\/\/blog.zeit.de\/stoerungsmelder\/wp-json\/wp\/v2\/posts\/24066\/revisions\/24301"}],"wp:attachment":[{"href":"https:\/\/blog.zeit.de\/stoerungsmelder\/wp-json\/wp\/v2\/media?parent=24066"}],"wp:term":[{"taxonomy":"category","embeddable":true,"href":"https:\/\/blog.zeit.de\/stoerungsmelder\/wp-json\/wp\/v2\/categories?post=24066"},{"taxonomy":"post_tag","embeddable":true,"href":"https:\/\/blog.zeit.de\/stoerungsmelder\/wp-json\/wp\/v2\/tags?post=24066"}],"curies":[{"name":"wp","href":"https:\/\/api.w.org\/{rel}","templated":true}]}}