{"id":2412,"date":"2010-01-21T10:11:25","date_gmt":"2010-01-21T08:11:25","guid":{"rendered":"http:\/\/blog.zeit.de\/stoerungsmelder\/?p=2412"},"modified":"2010-01-21T10:11:25","modified_gmt":"2010-01-21T08:11:25","slug":"streit-innerhalb-der-npd-verscharft-sich","status":"publish","type":"post","link":"https:\/\/blog.zeit.de\/stoerungsmelder\/2010\/01\/21\/streit-innerhalb-der-npd-verscharft-sich_2412","title":{"rendered":"Streit innerhalb der NPD versch\u00e4rft sich"},"content":{"rendered":"<p>Es sollte ein Befreiungsschlag werden, doch nun hat sich die Krise der NPD noch versch\u00e4rft. Am Wochenende traf sich in der Bundeszentrale in Berlin erstmals die Ende 2009 gebildete \u201eStrategiekommission\u201c, um nach den Misserfolgen im Superwahljahr einen Weg aus der Misere zu suchen.<!--more--><em><br \/>\n<\/em><\/p>\n<p><em>Von <a href=\"http:\/\/www.tagesspiegel.de\/politik\/deutschland\/rechtsextremismus\/Rechtsextremismus-NPD;art2647,3005845\">Tagesspiegel<\/a>-Redakteur Frank Jansen<\/em><\/p>\n<p>Das auff\u00e4lligste Ergebnis ist jedoch der vertiefte Riss in der rechtsextremen Partei. An der Tagung nahm kein einziger Funktion\u00e4r aus Mecklenburg-Vorpommern teil, obwohl die NPD dort mit einer Fraktion im Landtag sitzt.<\/p>\n<p>Parteichef Udo Voigt hatte weder seinen Rivalen, den Fraktionsvorsitzenden Udo Past\u00f6rs, noch einen anderen Abgeordneten eingeladen. Zwei Funktion\u00e4re aus Mecklenburg-Vorpommern, die nach Berlin h\u00e4tten kommen d\u00fcrfen, blieben weg. Voigt laviere und versuche einen Keil in die Front seiner Kritiker zu treiben, hie\u00df es in Sicherheitskreisen.<\/p>\n<p>Eingeladen war hingegen der Chef der s\u00e4chsischen Landtagsfraktion, Holger Apfel. Er hatte Voigt im vergangenen Jahr ebenfalls heftig attackiert, lie\u00df sich jetzt aber einbinden. Apfel votierte in Berlin f\u00fcr eine \u00c4nderung im Namen der Partei. Statt \u201eNPD \u2013 die Nationalen\u201c soll es k\u00fcnftig \u201eNPD \u2013 die soziale Heimatpartei\u201c hei\u00dfen. Denselben Zusatz f\u00fchrt auch die wesentlich erfolgreichere, rechtspopulistisch agierende Freiheitliche Partei \u00d6sterreichs (FP\u00d6). Die Reaktion dort war frostig: \u201eVon der NPD halten wir uns fern\u201c, sagte am Montag ein FP\u00d6-Sprecher.<\/p>\n<p>Mit kosmetischen Korrekturen will die NPD offenbar die von Voigt beklagten Defizite in der \u201eVerpackung\u201c ihrer Botschaften beseitigen \u2013 ohne rechtsextreme Inhalte aufzugeben. Vor allem Apfel dr\u00e4ngt mit Blick auf das Schweizer Votum gegen den Bau von Minaretten, st\u00e4rker die \u201eIslamisierung Deutschlands\u201c zu thematisieren. Denn die NPD sieht sich bei der Landtagswahl in Nordrhein-Westfalen mit der gegen den Islam agitierenden rechtspopulistischen Konkurrenz von \u201ePro NRW\u201c konfrontiert. Und Pro NRW verzeichnet potenten Zuwachs. Als neues Mitglied wurde jetzt der schwedische Million\u00e4r Patrik Brinkmann pr\u00e4sentiert, der auch schon mit DVU und NPD angeb\u00e4ndelt hatte.<\/p>\n","protected":false},"excerpt":{"rendered":"<p>Es sollte ein Befreiungsschlag werden, doch nun hat sich die Krise der NPD noch versch\u00e4rft. Am Wochenende traf sich in der Bundeszentrale in Berlin erstmals die Ende 2009 gebildete \u201eStrategiekommission\u201c, um nach den Misserfolgen im Superwahljahr einen Weg aus der Misere zu suchen.<\/p>\n","protected":false},"author":229,"featured_media":0,"comment_status":"open","ping_status":"open","sticky":false,"template":"","format":"standard","meta":{"_jetpack_memberships_contains_paid_content":false,"footnotes":""},"categories":[1515],"tags":[1605,1716,1827,1830],"class_list":["post-2412","post","type-post","status-publish","format-standard","hentry","category-bundesweit","tag-holger-apfel","tag-npd","tag-udo-pastors","tag-udo-voigt"],"yoast_head":"<!-- This site is optimized with the Yoast SEO plugin v21.0 - https:\/\/yoast.com\/wordpress\/plugins\/seo\/ -->\n<title>Streit innerhalb der NPD versch\u00e4rft sich - St\u00f6rungsmelder<\/title>\n<meta name=\"robots\" content=\"index, follow, max-snippet:-1, max-image-preview:large, max-video-preview:-1\" \/>\n<link rel=\"canonical\" href=\"https:\/\/blog.zeit.de\/stoerungsmelder\/2010\/01\/21\/streit-innerhalb-der-npd-verscharft-sich_2412\" \/>\n<meta property=\"og:locale\" content=\"de_DE\" \/>\n<meta property=\"og:type\" content=\"article\" \/>\n<meta property=\"og:title\" content=\"Streit innerhalb der NPD versch\u00e4rft sich - St\u00f6rungsmelder\" \/>\n<meta property=\"og:description\" content=\"Es sollte ein Befreiungsschlag werden, doch nun hat sich die Krise der NPD noch versch\u00e4rft. Am Wochenende traf sich in der Bundeszentrale in Berlin erstmals die Ende 2009 gebildete \u201eStrategiekommission\u201c, um nach den Misserfolgen im Superwahljahr einen Weg aus der Misere zu suchen.\" \/>\n<meta property=\"og:url\" content=\"https:\/\/blog.zeit.de\/stoerungsmelder\/2010\/01\/21\/streit-innerhalb-der-npd-verscharft-sich_2412\" \/>\n<meta property=\"og:site_name\" content=\"St\u00f6rungsmelder\" \/>\n<meta property=\"article:published_time\" content=\"2010-01-21T08:11:25+00:00\" \/>\n<meta name=\"author\" content=\"St\u00f6rungsmelder\" \/>\n<meta name=\"twitter:card\" content=\"summary_large_image\" \/>\n<meta name=\"twitter:label1\" content=\"Geschrieben von\" \/>\n\t<meta name=\"twitter:data1\" content=\"St\u00f6rungsmelder\" \/>\n\t<meta name=\"twitter:label2\" content=\"Gesch\u00e4tzte Lesezeit\" \/>\n\t<meta name=\"twitter:data2\" content=\"2\u00a0Minuten\" \/>\n<script type=\"application\/ld+json\" class=\"yoast-schema-graph\">{\"@context\":\"https:\/\/schema.org\",\"@graph\":[{\"@type\":\"WebPage\",\"@id\":\"https:\/\/blog.zeit.de\/stoerungsmelder\/2010\/01\/21\/streit-innerhalb-der-npd-verscharft-sich_2412\",\"url\":\"https:\/\/blog.zeit.de\/stoerungsmelder\/2010\/01\/21\/streit-innerhalb-der-npd-verscharft-sich_2412\",\"name\":\"Streit innerhalb der NPD versch\u00e4rft sich - St\u00f6rungsmelder\",\"isPartOf\":{\"@id\":\"https:\/\/blog.zeit.de\/stoerungsmelder\/#website\"},\"datePublished\":\"2010-01-21T08:11:25+00:00\",\"dateModified\":\"2010-01-21T08:11:25+00:00\",\"author\":{\"@id\":\"https:\/\/blog.zeit.de\/stoerungsmelder\/#\/schema\/person\/fdd0b9818f65738672810b6d6f037f71\"},\"breadcrumb\":{\"@id\":\"https:\/\/blog.zeit.de\/stoerungsmelder\/2010\/01\/21\/streit-innerhalb-der-npd-verscharft-sich_2412#breadcrumb\"},\"inLanguage\":\"de\",\"potentialAction\":[{\"@type\":\"ReadAction\",\"target\":[\"https:\/\/blog.zeit.de\/stoerungsmelder\/2010\/01\/21\/streit-innerhalb-der-npd-verscharft-sich_2412\"]}]},{\"@type\":\"BreadcrumbList\",\"@id\":\"https:\/\/blog.zeit.de\/stoerungsmelder\/2010\/01\/21\/streit-innerhalb-der-npd-verscharft-sich_2412#breadcrumb\",\"itemListElement\":[{\"@type\":\"ListItem\",\"position\":1,\"name\":\"Startseite\",\"item\":\"https:\/\/blog.zeit.de\/stoerungsmelder\"},{\"@type\":\"ListItem\",\"position\":2,\"name\":\"Streit innerhalb der NPD versch\u00e4rft sich\"}]},{\"@type\":\"WebSite\",\"@id\":\"https:\/\/blog.zeit.de\/stoerungsmelder\/#website\",\"url\":\"https:\/\/blog.zeit.de\/stoerungsmelder\/\",\"name\":\"St\u00f6rungsmelder\",\"description\":\"Recherchen und Analysen \u00fcber die extreme Rechte\",\"potentialAction\":[{\"@type\":\"SearchAction\",\"target\":{\"@type\":\"EntryPoint\",\"urlTemplate\":\"https:\/\/blog.zeit.de\/stoerungsmelder\/?s={search_term_string}\"},\"query-input\":\"required name=search_term_string\"}],\"inLanguage\":\"de\"},{\"@type\":\"Person\",\"@id\":\"https:\/\/blog.zeit.de\/stoerungsmelder\/#\/schema\/person\/fdd0b9818f65738672810b6d6f037f71\",\"name\":\"St\u00f6rungsmelder\",\"image\":{\"@type\":\"ImageObject\",\"inLanguage\":\"de\",\"@id\":\"https:\/\/blog.zeit.de\/stoerungsmelder\/#\/schema\/person\/image\/\",\"url\":\"https:\/\/secure.gravatar.com\/avatar\/dfa4be514c3e82a71e4f9a0020035d38192d080ccaa5e4e6d7a1472c763535c5?s=96&d=mm&r=pg\",\"contentUrl\":\"https:\/\/secure.gravatar.com\/avatar\/dfa4be514c3e82a71e4f9a0020035d38192d080ccaa5e4e6d7a1472c763535c5?s=96&d=mm&r=pg\",\"caption\":\"St\u00f6rungsmelder\"},\"url\":\"https:\/\/blog.zeit.de\/stoerungsmelder\/author\/stoerungsmelder\"}]}<\/script>\n<!-- \/ Yoast SEO plugin. -->","yoast_head_json":{"title":"Streit innerhalb der NPD versch\u00e4rft sich - St\u00f6rungsmelder","robots":{"index":"index","follow":"follow","max-snippet":"max-snippet:-1","max-image-preview":"max-image-preview:large","max-video-preview":"max-video-preview:-1"},"canonical":"https:\/\/blog.zeit.de\/stoerungsmelder\/2010\/01\/21\/streit-innerhalb-der-npd-verscharft-sich_2412","og_locale":"de_DE","og_type":"article","og_title":"Streit innerhalb der NPD versch\u00e4rft sich - St\u00f6rungsmelder","og_description":"Es sollte ein Befreiungsschlag werden, doch nun hat sich die Krise der NPD noch versch\u00e4rft. Am Wochenende traf sich in der Bundeszentrale in Berlin erstmals die Ende 2009 gebildete \u201eStrategiekommission\u201c, um nach den Misserfolgen im Superwahljahr einen Weg aus der Misere zu suchen.","og_url":"https:\/\/blog.zeit.de\/stoerungsmelder\/2010\/01\/21\/streit-innerhalb-der-npd-verscharft-sich_2412","og_site_name":"St\u00f6rungsmelder","article_published_time":"2010-01-21T08:11:25+00:00","author":"St\u00f6rungsmelder","twitter_card":"summary_large_image","twitter_misc":{"Geschrieben von":"St\u00f6rungsmelder","Gesch\u00e4tzte Lesezeit":"2\u00a0Minuten"},"schema":{"@context":"https:\/\/schema.org","@graph":[{"@type":"WebPage","@id":"https:\/\/blog.zeit.de\/stoerungsmelder\/2010\/01\/21\/streit-innerhalb-der-npd-verscharft-sich_2412","url":"https:\/\/blog.zeit.de\/stoerungsmelder\/2010\/01\/21\/streit-innerhalb-der-npd-verscharft-sich_2412","name":"Streit innerhalb der NPD versch\u00e4rft sich - St\u00f6rungsmelder","isPartOf":{"@id":"https:\/\/blog.zeit.de\/stoerungsmelder\/#website"},"datePublished":"2010-01-21T08:11:25+00:00","dateModified":"2010-01-21T08:11:25+00:00","author":{"@id":"https:\/\/blog.zeit.de\/stoerungsmelder\/#\/schema\/person\/fdd0b9818f65738672810b6d6f037f71"},"breadcrumb":{"@id":"https:\/\/blog.zeit.de\/stoerungsmelder\/2010\/01\/21\/streit-innerhalb-der-npd-verscharft-sich_2412#breadcrumb"},"inLanguage":"de","potentialAction":[{"@type":"ReadAction","target":["https:\/\/blog.zeit.de\/stoerungsmelder\/2010\/01\/21\/streit-innerhalb-der-npd-verscharft-sich_2412"]}]},{"@type":"BreadcrumbList","@id":"https:\/\/blog.zeit.de\/stoerungsmelder\/2010\/01\/21\/streit-innerhalb-der-npd-verscharft-sich_2412#breadcrumb","itemListElement":[{"@type":"ListItem","position":1,"name":"Startseite","item":"https:\/\/blog.zeit.de\/stoerungsmelder"},{"@type":"ListItem","position":2,"name":"Streit innerhalb der NPD versch\u00e4rft sich"}]},{"@type":"WebSite","@id":"https:\/\/blog.zeit.de\/stoerungsmelder\/#website","url":"https:\/\/blog.zeit.de\/stoerungsmelder\/","name":"St\u00f6rungsmelder","description":"Recherchen und Analysen \u00fcber die extreme Rechte","potentialAction":[{"@type":"SearchAction","target":{"@type":"EntryPoint","urlTemplate":"https:\/\/blog.zeit.de\/stoerungsmelder\/?s={search_term_string}"},"query-input":"required name=search_term_string"}],"inLanguage":"de"},{"@type":"Person","@id":"https:\/\/blog.zeit.de\/stoerungsmelder\/#\/schema\/person\/fdd0b9818f65738672810b6d6f037f71","name":"St\u00f6rungsmelder","image":{"@type":"ImageObject","inLanguage":"de","@id":"https:\/\/blog.zeit.de\/stoerungsmelder\/#\/schema\/person\/image\/","url":"https:\/\/secure.gravatar.com\/avatar\/dfa4be514c3e82a71e4f9a0020035d38192d080ccaa5e4e6d7a1472c763535c5?s=96&d=mm&r=pg","contentUrl":"https:\/\/secure.gravatar.com\/avatar\/dfa4be514c3e82a71e4f9a0020035d38192d080ccaa5e4e6d7a1472c763535c5?s=96&d=mm&r=pg","caption":"St\u00f6rungsmelder"},"url":"https:\/\/blog.zeit.de\/stoerungsmelder\/author\/stoerungsmelder"}]}},"jetpack_featured_media_url":"","jetpack_sharing_enabled":true,"_links":{"self":[{"href":"https:\/\/blog.zeit.de\/stoerungsmelder\/wp-json\/wp\/v2\/posts\/2412","targetHints":{"allow":["GET"]}}],"collection":[{"href":"https:\/\/blog.zeit.de\/stoerungsmelder\/wp-json\/wp\/v2\/posts"}],"about":[{"href":"https:\/\/blog.zeit.de\/stoerungsmelder\/wp-json\/wp\/v2\/types\/post"}],"author":[{"embeddable":true,"href":"https:\/\/blog.zeit.de\/stoerungsmelder\/wp-json\/wp\/v2\/users\/229"}],"replies":[{"embeddable":true,"href":"https:\/\/blog.zeit.de\/stoerungsmelder\/wp-json\/wp\/v2\/comments?post=2412"}],"version-history":[{"count":0,"href":"https:\/\/blog.zeit.de\/stoerungsmelder\/wp-json\/wp\/v2\/posts\/2412\/revisions"}],"wp:attachment":[{"href":"https:\/\/blog.zeit.de\/stoerungsmelder\/wp-json\/wp\/v2\/media?parent=2412"}],"wp:term":[{"taxonomy":"category","embeddable":true,"href":"https:\/\/blog.zeit.de\/stoerungsmelder\/wp-json\/wp\/v2\/categories?post=2412"},{"taxonomy":"post_tag","embeddable":true,"href":"https:\/\/blog.zeit.de\/stoerungsmelder\/wp-json\/wp\/v2\/tags?post=2412"}],"curies":[{"name":"wp","href":"https:\/\/api.w.org\/{rel}","templated":true}]}}