{"id":2426,"date":"2010-01-22T21:44:55","date_gmt":"2010-01-22T19:44:55","guid":{"rendered":"http:\/\/blog.zeit.de\/stoerungsmelder\/?p=2426"},"modified":"2010-01-22T21:44:55","modified_gmt":"2010-01-22T19:44:55","slug":"holocaust-leugner-williamson-spricht-israel-das-existenzrecht-ab","status":"publish","type":"post","link":"https:\/\/blog.zeit.de\/stoerungsmelder\/2010\/01\/22\/holocaust-leugner-williamson-spricht-israel-das-existenzrecht-ab_2426","title":{"rendered":"Holocaust-Leugner Williamson spricht Israel das Existenzrecht ab"},"content":{"rendered":"<p><figure style=\"width: 409px\" class=\"wp-caption aligncenter\"><img loading=\"lazy\" decoding=\"async\" src=\"https:\/\/img.zeit.de\/gesellschaft\/zeitgeschehen\/2010-01\/williamson\/williamson-540x304.jpg\" alt=\"Der katholische Bischof Richard Williamson am Londoner Flughafen Heathrow  \u00a9 Leon Neal\/AFP\/Getty Images\" width=\"409\" height=\"230\" \/><figcaption class=\"wp-caption-text\">Der katholische Bischof Richard Williamson am Londoner Flughafen Heathrow  \u00a9 Leon Neal\/AFP\/Getty Images<\/figcaption><\/figure><\/p>\n<p>Pius-Bischof Richard Williamson meldet sich erneut zu Wort: In einem Interview mit einem Israel-feindlichen Politiker zweifelt der Geistliche die Legitimit\u00e4t Israels an.<!--more--><\/p>\n<p>Lange hat man nichts mehr von ihm geh\u00f6rt. Nun hat sich der Holocaust-Leugner Richard Williamson von der Piusbruderschaft wieder zu Wort gemeldet. In einem im Internet ver\u00f6ffentlichten Video-Interview mit einem Kandidaten einer Israel-feindlichen Partei aus Frankreich erl\u00e4uterte der Bischof, dass er in Deutschland wegen &#8222;Volksverhetzung&#8220; verfolgt werde. Er habe &#8222;die sechs Millionen vergasten Juden infrage gestellt&#8220;. Da dies in Deutschland ein Verbrechen sei, greife ihn dort jetzt die Justiz an.<br \/>\nWilliamson zog in dem auf der Video-Website &#8222;dailymotion&#8220; ver\u00f6ffentlichten Gespr\u00e4ch erneut die Rechtm\u00e4\u00dfigkeit der Gr\u00fcndung Israels in Zweifel. &#8222;Jedermann glaubt, dass dieser Staat legitim ist&#8220;, sagte der neben einem Weihnachtsbaum sitzende Brite auf Franz\u00f6sisch. &#8222;Aber das f\u00fchrt nicht notwendigerweise dazu, dass er es ist.&#8220; In fr\u00fcheren \u00c4u\u00dferungen hatte er behauptet, der Holocaust sei &#8222;von den Juden erfunden&#8220; worden, &#8222;damit ihr neuer Staat Israel akzeptiert wird&#8220;.<\/p>\n<p>Williamson geh\u00f6rt zur erzkonservativen katholischen Piusbruderschaft. Der Brite war weltweit in die Schlagzeilen geraten, nachdem er im Januar 2009 in einem Fernsehinterview den Holocaust geleugnet hatte. Er denke, dass &#8222;200.000 bis 300.000 Juden in den Konzentrationslagern gestorben seien&#8220;, aber &#8222;nicht ein einziger von ihnen in Gaskammern&#8220;, hatte er im schwedischen Fernsehen gesagt. Dies sorgte auch deshalb f\u00fcr Emp\u00f6rung, weil Papst Benedikt XVI. kurz danach die Exkommunikation von Williamson und drei weiteren Pius-Bisch\u00f6fen aufhob. Die Staatsanwaltschaft Regensburg hat wegen der Holocaust-Leugnung Strafbefehl gegen Williamson erlassen.<\/p>\n<p>Auf die Frage, wie er sein Amt derzeit aus\u00fcbe, sagte Williamson nun: &#8222;Indem ich schlafe und esse, und ich mache jede Woche auch einen Blog.&#8220; Ansonsten tue er aber &#8222;nicht viel im Moment, ich erhole mich.&#8220; Williamson f\u00fchrte das 13-min\u00fctige Interview mit dem Franzosen Pierre Panet. Dieser hatte bei den Europawahlen f\u00fcr eine antizionistische Liste des franz\u00f6sischen Komikers Dieudonn\u00e9 kandidiert.<\/p>\n","protected":false},"excerpt":{"rendered":"<p>Pius-Bischof Richard Williamson meldet sich erneut zu Wort: In einem Interview mit einem Israel-feindlichen Politiker zweifelt der Geistliche die Legitimit\u00e4t Israels an.<\/p>\n","protected":false},"author":229,"featured_media":0,"comment_status":"open","ping_status":"open","sticky":false,"template":"","format":"standard","meta":{"_jetpack_memberships_contains_paid_content":false,"footnotes":""},"categories":[1515],"tags":[1607],"class_list":["post-2426","post","type-post","status-publish","format-standard","hentry","category-bundesweit","tag-holocaust-leugnung"],"yoast_head":"<!-- This site is optimized with the Yoast SEO plugin v21.0 - https:\/\/yoast.com\/wordpress\/plugins\/seo\/ -->\n<title>Holocaust-Leugner Williamson spricht Israel das Existenzrecht ab - St\u00f6rungsmelder<\/title>\n<meta name=\"robots\" content=\"index, follow, max-snippet:-1, max-image-preview:large, max-video-preview:-1\" \/>\n<link rel=\"canonical\" href=\"https:\/\/blog.zeit.de\/stoerungsmelder\/2010\/01\/22\/holocaust-leugner-williamson-spricht-israel-das-existenzrecht-ab_2426\" \/>\n<meta property=\"og:locale\" content=\"de_DE\" \/>\n<meta property=\"og:type\" content=\"article\" \/>\n<meta property=\"og:title\" content=\"Holocaust-Leugner Williamson spricht Israel das Existenzrecht ab - St\u00f6rungsmelder\" \/>\n<meta property=\"og:description\" content=\"Pius-Bischof Richard Williamson meldet sich erneut zu Wort: In einem Interview mit einem Israel-feindlichen Politiker zweifelt der Geistliche die Legitimit\u00e4t Israels an.\" \/>\n<meta property=\"og:url\" content=\"https:\/\/blog.zeit.de\/stoerungsmelder\/2010\/01\/22\/holocaust-leugner-williamson-spricht-israel-das-existenzrecht-ab_2426\" \/>\n<meta property=\"og:site_name\" content=\"St\u00f6rungsmelder\" \/>\n<meta property=\"article:published_time\" content=\"2010-01-22T19:44:55+00:00\" \/>\n<meta property=\"og:image\" content=\"https:\/\/img.zeit.de\/gesellschaft\/zeitgeschehen\/2010-01\/williamson\/williamson-540x304.jpg\" \/>\n<meta name=\"author\" content=\"St\u00f6rungsmelder\" \/>\n<meta name=\"twitter:card\" content=\"summary_large_image\" \/>\n<meta name=\"twitter:label1\" content=\"Geschrieben von\" \/>\n\t<meta name=\"twitter:data1\" content=\"St\u00f6rungsmelder\" \/>\n\t<meta name=\"twitter:label2\" content=\"Gesch\u00e4tzte Lesezeit\" \/>\n\t<meta name=\"twitter:data2\" content=\"2\u00a0Minuten\" \/>\n<script type=\"application\/ld+json\" class=\"yoast-schema-graph\">{\"@context\":\"https:\/\/schema.org\",\"@graph\":[{\"@type\":\"WebPage\",\"@id\":\"https:\/\/blog.zeit.de\/stoerungsmelder\/2010\/01\/22\/holocaust-leugner-williamson-spricht-israel-das-existenzrecht-ab_2426\",\"url\":\"https:\/\/blog.zeit.de\/stoerungsmelder\/2010\/01\/22\/holocaust-leugner-williamson-spricht-israel-das-existenzrecht-ab_2426\",\"name\":\"Holocaust-Leugner Williamson spricht Israel das Existenzrecht ab - St\u00f6rungsmelder\",\"isPartOf\":{\"@id\":\"https:\/\/blog.zeit.de\/stoerungsmelder\/#website\"},\"datePublished\":\"2010-01-22T19:44:55+00:00\",\"dateModified\":\"2010-01-22T19:44:55+00:00\",\"author\":{\"@id\":\"https:\/\/blog.zeit.de\/stoerungsmelder\/#\/schema\/person\/fdd0b9818f65738672810b6d6f037f71\"},\"breadcrumb\":{\"@id\":\"https:\/\/blog.zeit.de\/stoerungsmelder\/2010\/01\/22\/holocaust-leugner-williamson-spricht-israel-das-existenzrecht-ab_2426#breadcrumb\"},\"inLanguage\":\"de\",\"potentialAction\":[{\"@type\":\"ReadAction\",\"target\":[\"https:\/\/blog.zeit.de\/stoerungsmelder\/2010\/01\/22\/holocaust-leugner-williamson-spricht-israel-das-existenzrecht-ab_2426\"]}]},{\"@type\":\"BreadcrumbList\",\"@id\":\"https:\/\/blog.zeit.de\/stoerungsmelder\/2010\/01\/22\/holocaust-leugner-williamson-spricht-israel-das-existenzrecht-ab_2426#breadcrumb\",\"itemListElement\":[{\"@type\":\"ListItem\",\"position\":1,\"name\":\"Startseite\",\"item\":\"https:\/\/blog.zeit.de\/stoerungsmelder\"},{\"@type\":\"ListItem\",\"position\":2,\"name\":\"Holocaust-Leugner Williamson spricht Israel das Existenzrecht ab\"}]},{\"@type\":\"WebSite\",\"@id\":\"https:\/\/blog.zeit.de\/stoerungsmelder\/#website\",\"url\":\"https:\/\/blog.zeit.de\/stoerungsmelder\/\",\"name\":\"St\u00f6rungsmelder\",\"description\":\"Recherchen und Analysen \u00fcber die extreme Rechte\",\"potentialAction\":[{\"@type\":\"SearchAction\",\"target\":{\"@type\":\"EntryPoint\",\"urlTemplate\":\"https:\/\/blog.zeit.de\/stoerungsmelder\/?s={search_term_string}\"},\"query-input\":\"required name=search_term_string\"}],\"inLanguage\":\"de\"},{\"@type\":\"Person\",\"@id\":\"https:\/\/blog.zeit.de\/stoerungsmelder\/#\/schema\/person\/fdd0b9818f65738672810b6d6f037f71\",\"name\":\"St\u00f6rungsmelder\",\"image\":{\"@type\":\"ImageObject\",\"inLanguage\":\"de\",\"@id\":\"https:\/\/blog.zeit.de\/stoerungsmelder\/#\/schema\/person\/image\/\",\"url\":\"https:\/\/secure.gravatar.com\/avatar\/dfa4be514c3e82a71e4f9a0020035d38192d080ccaa5e4e6d7a1472c763535c5?s=96&d=mm&r=pg\",\"contentUrl\":\"https:\/\/secure.gravatar.com\/avatar\/dfa4be514c3e82a71e4f9a0020035d38192d080ccaa5e4e6d7a1472c763535c5?s=96&d=mm&r=pg\",\"caption\":\"St\u00f6rungsmelder\"},\"url\":\"https:\/\/blog.zeit.de\/stoerungsmelder\/author\/stoerungsmelder\"}]}<\/script>\n<!-- \/ Yoast SEO plugin. -->","yoast_head_json":{"title":"Holocaust-Leugner Williamson spricht Israel das Existenzrecht ab - St\u00f6rungsmelder","robots":{"index":"index","follow":"follow","max-snippet":"max-snippet:-1","max-image-preview":"max-image-preview:large","max-video-preview":"max-video-preview:-1"},"canonical":"https:\/\/blog.zeit.de\/stoerungsmelder\/2010\/01\/22\/holocaust-leugner-williamson-spricht-israel-das-existenzrecht-ab_2426","og_locale":"de_DE","og_type":"article","og_title":"Holocaust-Leugner Williamson spricht Israel das Existenzrecht ab - St\u00f6rungsmelder","og_description":"Pius-Bischof Richard Williamson meldet sich erneut zu Wort: In einem Interview mit einem Israel-feindlichen Politiker zweifelt der Geistliche die Legitimit\u00e4t Israels an.","og_url":"https:\/\/blog.zeit.de\/stoerungsmelder\/2010\/01\/22\/holocaust-leugner-williamson-spricht-israel-das-existenzrecht-ab_2426","og_site_name":"St\u00f6rungsmelder","article_published_time":"2010-01-22T19:44:55+00:00","og_image":[{"url":"https:\/\/img.zeit.de\/gesellschaft\/zeitgeschehen\/2010-01\/williamson\/williamson-540x304.jpg"}],"author":"St\u00f6rungsmelder","twitter_card":"summary_large_image","twitter_misc":{"Geschrieben von":"St\u00f6rungsmelder","Gesch\u00e4tzte Lesezeit":"2\u00a0Minuten"},"schema":{"@context":"https:\/\/schema.org","@graph":[{"@type":"WebPage","@id":"https:\/\/blog.zeit.de\/stoerungsmelder\/2010\/01\/22\/holocaust-leugner-williamson-spricht-israel-das-existenzrecht-ab_2426","url":"https:\/\/blog.zeit.de\/stoerungsmelder\/2010\/01\/22\/holocaust-leugner-williamson-spricht-israel-das-existenzrecht-ab_2426","name":"Holocaust-Leugner Williamson spricht Israel das Existenzrecht ab - St\u00f6rungsmelder","isPartOf":{"@id":"https:\/\/blog.zeit.de\/stoerungsmelder\/#website"},"datePublished":"2010-01-22T19:44:55+00:00","dateModified":"2010-01-22T19:44:55+00:00","author":{"@id":"https:\/\/blog.zeit.de\/stoerungsmelder\/#\/schema\/person\/fdd0b9818f65738672810b6d6f037f71"},"breadcrumb":{"@id":"https:\/\/blog.zeit.de\/stoerungsmelder\/2010\/01\/22\/holocaust-leugner-williamson-spricht-israel-das-existenzrecht-ab_2426#breadcrumb"},"inLanguage":"de","potentialAction":[{"@type":"ReadAction","target":["https:\/\/blog.zeit.de\/stoerungsmelder\/2010\/01\/22\/holocaust-leugner-williamson-spricht-israel-das-existenzrecht-ab_2426"]}]},{"@type":"BreadcrumbList","@id":"https:\/\/blog.zeit.de\/stoerungsmelder\/2010\/01\/22\/holocaust-leugner-williamson-spricht-israel-das-existenzrecht-ab_2426#breadcrumb","itemListElement":[{"@type":"ListItem","position":1,"name":"Startseite","item":"https:\/\/blog.zeit.de\/stoerungsmelder"},{"@type":"ListItem","position":2,"name":"Holocaust-Leugner Williamson spricht Israel das Existenzrecht ab"}]},{"@type":"WebSite","@id":"https:\/\/blog.zeit.de\/stoerungsmelder\/#website","url":"https:\/\/blog.zeit.de\/stoerungsmelder\/","name":"St\u00f6rungsmelder","description":"Recherchen und Analysen \u00fcber die extreme Rechte","potentialAction":[{"@type":"SearchAction","target":{"@type":"EntryPoint","urlTemplate":"https:\/\/blog.zeit.de\/stoerungsmelder\/?s={search_term_string}"},"query-input":"required name=search_term_string"}],"inLanguage":"de"},{"@type":"Person","@id":"https:\/\/blog.zeit.de\/stoerungsmelder\/#\/schema\/person\/fdd0b9818f65738672810b6d6f037f71","name":"St\u00f6rungsmelder","image":{"@type":"ImageObject","inLanguage":"de","@id":"https:\/\/blog.zeit.de\/stoerungsmelder\/#\/schema\/person\/image\/","url":"https:\/\/secure.gravatar.com\/avatar\/dfa4be514c3e82a71e4f9a0020035d38192d080ccaa5e4e6d7a1472c763535c5?s=96&d=mm&r=pg","contentUrl":"https:\/\/secure.gravatar.com\/avatar\/dfa4be514c3e82a71e4f9a0020035d38192d080ccaa5e4e6d7a1472c763535c5?s=96&d=mm&r=pg","caption":"St\u00f6rungsmelder"},"url":"https:\/\/blog.zeit.de\/stoerungsmelder\/author\/stoerungsmelder"}]}},"jetpack_featured_media_url":"","jetpack_sharing_enabled":true,"_links":{"self":[{"href":"https:\/\/blog.zeit.de\/stoerungsmelder\/wp-json\/wp\/v2\/posts\/2426","targetHints":{"allow":["GET"]}}],"collection":[{"href":"https:\/\/blog.zeit.de\/stoerungsmelder\/wp-json\/wp\/v2\/posts"}],"about":[{"href":"https:\/\/blog.zeit.de\/stoerungsmelder\/wp-json\/wp\/v2\/types\/post"}],"author":[{"embeddable":true,"href":"https:\/\/blog.zeit.de\/stoerungsmelder\/wp-json\/wp\/v2\/users\/229"}],"replies":[{"embeddable":true,"href":"https:\/\/blog.zeit.de\/stoerungsmelder\/wp-json\/wp\/v2\/comments?post=2426"}],"version-history":[{"count":0,"href":"https:\/\/blog.zeit.de\/stoerungsmelder\/wp-json\/wp\/v2\/posts\/2426\/revisions"}],"wp:attachment":[{"href":"https:\/\/blog.zeit.de\/stoerungsmelder\/wp-json\/wp\/v2\/media?parent=2426"}],"wp:term":[{"taxonomy":"category","embeddable":true,"href":"https:\/\/blog.zeit.de\/stoerungsmelder\/wp-json\/wp\/v2\/categories?post=2426"},{"taxonomy":"post_tag","embeddable":true,"href":"https:\/\/blog.zeit.de\/stoerungsmelder\/wp-json\/wp\/v2\/tags?post=2426"}],"curies":[{"name":"wp","href":"https:\/\/api.w.org\/{rel}","templated":true}]}}